{"id":9308,"date":"2014-06-05T14:46:41","date_gmt":"2014-06-05T17:46:41","guid":{"rendered":"https:\/\/www.cnpem.staging.wpengine.com\/?p=8091"},"modified":"2026-03-02T16:31:00","modified_gmt":"2026-03-02T19:31:00","slug":"dissertacao-avalia-impactos-da-cana-em-cursos-de-agua","status":"publish","type":"post","link":"https:\/\/cnpem.br\/en\/dissertacao-avalia-impactos-da-cana-em-cursos-de-agua\/","title":{"rendered":"Disserta\u00e7\u00e3o avalia impactos da cana em cursos de \u00e1gua"},"content":{"rendered":"<p style=\"text-align: justify;\"><em>Jornal da Unicamp edi\u00e7\u00e3o 2-8\/06\/2014<\/em><\/p>\n<p style=\"text-align: justify;\"><em><strong>An\u00e1lise conclui que planta\u00e7\u00f5es n\u00e3o afetam a qualidade e n\u00e3o reduzem a vaz\u00e3o<\/strong><\/em><\/p>\n<p style=\"text-align: justify;\">A engenheira mec\u00e2nica Marjorie Mendes Guarenghi avaliou, em sua disserta\u00e7\u00e3o de mestrado conduzida na Unicamp, os impactos do crescimento da atividade canavieira sobre a vaz\u00e3o e a qualidade das \u00e1guas em tr\u00eas regi\u00f5es produtoras do Estado de S\u00e3o Paulo: Ja\u00fa, Pontal e Ribeir\u00e3o Preto. A principal conclus\u00e3o do estudo, segundo a pesquisadora da Faculdade de Engenharia Mec\u00e2nica (FEM), \u00e9 que, baseado nos dados dispon\u00edveis, n\u00e3o se pode afirmar rigorosamente que a produ\u00e7\u00e3o em larga escala da cana-de-a\u00e7\u00facar tem sido respons\u00e1vel pela redu\u00e7\u00e3o do fluxo dos rios e pela deteriora\u00e7\u00e3o da qualidade das \u00e1guas.<\/p>\n<p style=\"text-align: justify;\">\u201cNas tr\u00eas regi\u00f5es avaliadas, n\u00e3o foram observadas altera\u00e7\u00f5es nas vaz\u00f5es dos rios que pudessem ser atribu\u00eddas ao crescimento da cana-de-a\u00e7\u00facar, mas sim \u00e0 varia\u00e7\u00e3o das chuvas. A an\u00e1lise dos par\u00e2metros de qualidade das \u00e1guas indicou tend\u00eancias crescentes, principalmente para as s\u00e9ries de nitrog\u00eanio, como nitrato e nitrito. No entanto, o aumento da concentra\u00e7\u00e3o desses par\u00e2metros pode estar tanto relacionado \u00e0 aplica\u00e7\u00e3o de fertilizantes, como tamb\u00e9m ao tratamento inadequado de esgotos sanit\u00e1rios e efluentes industriais lan\u00e7ados nos cursos d\u2019\u00e1gua\u201d, explica Marjorie Guarenghi.<\/p>\n<p style=\"text-align: justify;\">O seu estudo foi conduzido no \u00e2mbito do Programa de Sustentabilidade do Laborat\u00f3rio Nacional de Ci\u00eancia e Tecnologia do Bioetanol (CTBE) e do Programa de P\u00f3s-Gradua\u00e7\u00e3o em Planejamento de Sistemas Energ\u00e9ticos da FEM. A pesquisadora utilizou as bases de dados de esta\u00e7\u00f5es pluviom\u00e9tricas, fluviom\u00e9tricas e de qualidade disponibilizadas pela Ag\u00eancia Nacional das \u00c1guas (ANA), pelo Departamento de \u00c1guas e Energia El\u00e9trica (DAEE) do Estado de S\u00e3o Paulo e pela Companhia Ambiental do Estado de S\u00e3o Paulo (Cetesb). A falta de esta\u00e7\u00f5es de qualidade em Ja\u00fa impossibilitou a avalia\u00e7\u00e3o qualitativa nesta regi\u00e3o.<\/p>\n<p style=\"text-align: justify;\">A disserta\u00e7\u00e3o de Marjorie Guarenghi foi orientada pelo docente Arnaldo Cesar da Silva Walter, que atua no Departamento de Energia da FEM. O trabalho contou com financiamento, na forma de bolsa \u00e0 pesquisadora, do Conselho Nacional de Desenvolvimento Cient\u00edfico e Tecnol\u00f3gico (CNPq). No momento, a engenheira mec\u00e2nica d\u00e1 sequ\u00eancia aos estudos, com um doutorado que avaliar\u00e1 os impactos da atividade canavieira sobre a biodiversidade. O seu mestrado foi defendido em fevereiro \u00faltimo.<\/p>\n<p><img data-recalc-dims=\"1\" loading=\"lazy\" decoding=\"async\" class=\"size-full wp-image-8092 alignleft\" title=\"Reprodu\u00e7\u00e3o: Jornal da Unicamp\" src=\"https:\/\/i0.wp.com\/www.cnpem.staging.wpengine.com\/wp-content\/uploads\/2014\/06\/marjorie-jornalUnicamp.jpg?resize=600%2C443&#038;ssl=1\" alt=\"\" width=\"600\" height=\"443\" \/><\/p>\n<p style=\"text-align: justify;\"><strong>Nitrog\u00eanio e f\u00f3sforo<\/strong><\/p>\n<p style=\"text-align: justify;\">As concentra\u00e7\u00f5es dos par\u00e2metros de nitrog\u00eanio, embora tenham apresentado tend\u00eancias crescentes, n\u00e3o est\u00e3o acima dos valores estipulados pelo Conama (Conselho Nacional do Meio Ambiente) nas regi\u00f5es de Pontal e Ribeir\u00e3o Preto, as duas em que a qualidade das \u00e1guas foi analisada.<\/p>\n<p style=\"text-align: justify;\">\u201cApesar da expans\u00e3o da lavoura canavieira nestas regi\u00f5es, acompanhada da aplica\u00e7\u00e3o da vinha\u00e7a e utiliza\u00e7\u00e3o de fertilizantes a base de pot\u00e1ssio e f\u00f3sforo, n\u00e3o foram detectadas varia\u00e7\u00f5es significativas associadas \u00e0 atividade canavieira. Tend\u00eancia crescente para o f\u00f3sforo foi observada na esta\u00e7\u00e3o de qualidade de Ribeir\u00e3o Preto, correlacionada com o crescimento populacional e, provavelmente, influenciada pelo lan\u00e7amento de efluentes sem tratamento adequado. Isso tamb\u00e9m foi verificado com rela\u00e7\u00e3o ao nitrog\u00eanio, mas mesmo assim, estas concentra\u00e7\u00f5es de nitrog\u00eanio n\u00e3o excederam os limites estipulados pelo Conama\u201d, detalha Marjorie Guarenghi.<\/p>\n<p style=\"text-align: justify;\">A pesquisadora da Unicamp ressalva que a baixa disponibilidade de dados, em termos de extens\u00e3o das s\u00e9ries hist\u00f3ricas e frequ\u00eancia de monitoramento em locais com intenso crescimento da cana, restringiu a sele\u00e7\u00e3o de \u00e1reas de estudo. Para desenvolver a pesquisa, foram adotados procedimentos metodol\u00f3gicos de an\u00e1lise estat\u00edstica sobre s\u00e9ries hist\u00f3ricas de chuva, vaz\u00e3o e qualidade das \u00e1guas baseados em testes n\u00e3o param\u00e9tricos de detec\u00e7\u00e3o de tend\u00eancia (Mann-Kendall, Mann-Kendall sequencial, e Mann-Kendall Sazonal), magnitude de tend\u00eancia (estimador Sen\u2019s Slope), de mudan\u00e7as bruscas das s\u00e9ries (Pettitt), e de correla\u00e7\u00e3o de Kendall (\u03c4).<\/p>\n<p style=\"text-align: justify;\"><strong style=\"font-size: 13px;\">Regi\u00f5es<\/strong><\/p>\n<p style=\"text-align: justify;\">A sub-bacia do Rio Ja\u00fa \u00e9 a que possui a menor \u00e1rea de drenagem entre as avaliadas. A regi\u00e3o, analisada com base em uma s\u00e9rie hist\u00f3rica que cobre o per\u00edodo de 1982 a 1999, engloba os munic\u00edpios de Dois C\u00f3rregos, Ja\u00fa e Mineiros do Tiet\u00ea. A \u00e1rea drenada pela esta\u00e7\u00e3o de monitoramento da vaz\u00e3o do Rio Ja\u00fa \u00e9 de 417 km\u00b2 e abrange uma parcela de cada um destes munic\u00edpios. Apesar do crescimento de 20% da \u00e1rea colhida de cana-de-a\u00e7\u00facar em Dois C\u00f3rregos, Ja\u00fa e Mineiros do Tiet\u00ea durante os 17 anos de an\u00e1lise, n\u00e3o foram verificadas mudan\u00e7as no comportamento do regime hidrol\u00f3gico da sub-bacia que pudessem ser atribu\u00eddas \u00e0 expans\u00e3o canavieira.<\/p>\n<p style=\"text-align: justify;\">As regi\u00f5es de Pontal e Ribeir\u00e3o Preto est\u00e3o inseridas na Unidade de Gerenciamento de Recursos H\u00eddricos (UGRHI) do Rio Pardo. A \u00e1rea drenada corresponde a 8.818 km\u00b2. A regi\u00e3o de Pontal que foi analisada envolve cinco munic\u00edpios: Sert\u00e3ozinho, Batatais, Sales Oliveira, Jardin\u00f3polis e Pontal. E a de Ribeir\u00e3o Preto, seis cidades: Brodowski, Serrana, Serra Azul, Altin\u00f3polis, Cravinhos e Ribeir\u00e3o Preto.<\/p>\n<p style=\"text-align: justify;\">\u201cNestas duas regi\u00f5es, nas quais o crescimento da cana-de-a\u00e7\u00facar foi de 40% ao longo dos 36 anos de an\u00e1lise, tamb\u00e9m n\u00e3o foram observadas correla\u00e7\u00f5es significativas entre as vaz\u00f5es m\u00e9dias anuais e a \u00e1rea colhida de cana-de-a\u00e7\u00facar. Tend\u00eancias e mudan\u00e7as bruscas nas s\u00e9ries de vaz\u00e3o m\u00e9dia anual entre 1974 e 2011 tamb\u00e9m n\u00e3o foram detectadas. Em todas as regi\u00f5es analisadas, as altera\u00e7\u00f5es do comportamento das vaz\u00f5es foram semelhantes \u00e0s varia\u00e7\u00f5es das precipita\u00e7\u00f5es\u201d, complementa.<\/p>\n<p style=\"text-align: justify;\"><strong style=\"font-size: 13px;\">Publica\u00e7\u00e3o<\/strong><\/p>\n<p style=\"text-align: justify;\"><strong>Disserta\u00e7\u00e3o:<\/strong>\u00a0\u201cAvalia\u00e7\u00e3o dos impactos sobre a quantidade e qualidade das \u00e1guas devido ao crescimento da atividade canavieira\u201d<br \/>\n<strong>Autora:<\/strong>\u00a0Marjorie Mendes Guarenghi<br \/>\n<strong>Orientador:<\/strong>\u00a0Arnaldo Cesar da Silva Walter<br \/>\n<strong>Unidade:<\/strong>\u00a0Faculdade de Engenharia Mec\u00e2nica (FEM)<br \/>\n<strong>Financiamento:<\/strong>\u00a0CNPq<\/p>\n","protected":false},"excerpt":{"rendered":"<p>Jornal da Unicamp edi\u00e7\u00e3o 2-8\/06\/2014 An\u00e1lise conclui que planta\u00e7\u00f5es n\u00e3o afetam a qualidade e n\u00e3o reduzem a vaz\u00e3o A engenheira mec\u00e2nica Marjorie Mendes Guarenghi avaliou, em sua disserta\u00e7\u00e3o de mestrado&hellip;<\/p>\n","protected":false},"author":17,"featured_media":0,"comment_status":"closed","ping_status":"closed","sticky":false,"template":"","format":"standard","meta":{"_acf_changed":false,"_jetpack_newsletter_access":"","_jetpack_dont_email_post_to_subs":false,"_jetpack_newsletter_tier_id":0,"_jetpack_memberships_contains_paywalled_content":false,"_jetpack_memberships_contains_paid_content":false,"footnotes":"","_links_to":"","_links_to_target":""},"categories":[1163,1224],"tags":[],"class_list":["post-9308","post","type-post","status-publish","format-standard","hentry","category-clipping-cnpem","category-clipping-lnbr","category-1163","category-1224","description-off"],"acf":[],"yoast_head":"<!-- This site is optimized with the Yoast SEO plugin v27.5 - https:\/\/yoast.com\/product\/yoast-seo-wordpress\/ -->\n<title>Disserta\u00e7\u00e3o avalia impactos da cana em cursos de \u00e1gua - CNPEM<\/title>\n<meta name=\"robots\" content=\"index, follow, max-snippet:-1, max-image-preview:large, max-video-preview:-1\" \/>\n<link rel=\"canonical\" href=\"https:\/\/cnpem.br\/dissertacao-avalia-impactos-da-cana-em-cursos-de-agua\/\" \/>\n<meta property=\"og:locale\" content=\"en_US\" \/>\n<meta property=\"og:type\" content=\"article\" \/>\n<meta property=\"og:title\" content=\"Disserta\u00e7\u00e3o avalia impactos da cana em cursos de \u00e1gua - CNPEM\" \/>\n<meta property=\"og:description\" content=\"Jornal da Unicamp edi\u00e7\u00e3o 2-8\/06\/2014 An\u00e1lise conclui que planta\u00e7\u00f5es n\u00e3o afetam a qualidade e n\u00e3o reduzem a vaz\u00e3o A engenheira mec\u00e2nica Marjorie Mendes Guarenghi avaliou, em sua disserta\u00e7\u00e3o de mestrado&hellip;\" \/>\n<meta property=\"og:url\" content=\"https:\/\/cnpem.br\/dissertacao-avalia-impactos-da-cana-em-cursos-de-agua\/\" \/>\n<meta property=\"og:site_name\" content=\"CNPEM\" \/>\n<meta property=\"article:published_time\" content=\"2014-06-05T17:46:41+00:00\" \/>\n<meta property=\"article:modified_time\" content=\"2026-03-02T19:31:00+00:00\" \/>\n<meta property=\"og:image\" content=\"https:\/\/www.cnpem.staging.wpengine.com\/wp-content\/uploads\/2014\/06\/marjorie-jornalUnicamp.jpg\" \/>\n<meta name=\"author\" content=\"Erik Medina\" \/>\n<meta name=\"twitter:card\" content=\"summary_large_image\" \/>\n<meta name=\"twitter:label1\" content=\"Written by\" \/>\n\t<meta name=\"twitter:data1\" content=\"Erik Medina\" \/>\n\t<meta name=\"twitter:label2\" content=\"Est. reading time\" \/>\n\t<meta name=\"twitter:data2\" content=\"5 minutes\" \/>\n<script type=\"application\/ld+json\" class=\"yoast-schema-graph\">{\"@context\":\"https:\\\/\\\/schema.org\",\"@graph\":[{\"@type\":\"Article\",\"@id\":\"https:\\\/\\\/cnpem.br\\\/dissertacao-avalia-impactos-da-cana-em-cursos-de-agua\\\/#article\",\"isPartOf\":{\"@id\":\"https:\\\/\\\/cnpem.br\\\/dissertacao-avalia-impactos-da-cana-em-cursos-de-agua\\\/\"},\"author\":{\"name\":\"Erik Medina\",\"@id\":\"https:\\\/\\\/cnpem.br\\\/#\\\/schema\\\/person\\\/b957a8048be4b70d687484cae6b978ef\"},\"headline\":\"Disserta\u00e7\u00e3o avalia impactos da cana em cursos de \u00e1gua\",\"datePublished\":\"2014-06-05T17:46:41+00:00\",\"dateModified\":\"2026-03-02T19:31:00+00:00\",\"mainEntityOfPage\":{\"@id\":\"https:\\\/\\\/cnpem.br\\\/dissertacao-avalia-impactos-da-cana-em-cursos-de-agua\\\/\"},\"wordCount\":1013,\"image\":{\"@id\":\"https:\\\/\\\/cnpem.br\\\/dissertacao-avalia-impactos-da-cana-em-cursos-de-agua\\\/#primaryimage\"},\"thumbnailUrl\":\"https:\\\/\\\/www.cnpem.staging.wpengine.com\\\/wp-content\\\/uploads\\\/2014\\\/06\\\/marjorie-jornalUnicamp.jpg\",\"articleSection\":[\"CNPEM na M\u00eddia\",\"LNBR na M\u00eddia\"],\"inLanguage\":\"en-US\"},{\"@type\":\"WebPage\",\"@id\":\"https:\\\/\\\/cnpem.br\\\/dissertacao-avalia-impactos-da-cana-em-cursos-de-agua\\\/\",\"url\":\"https:\\\/\\\/cnpem.br\\\/dissertacao-avalia-impactos-da-cana-em-cursos-de-agua\\\/\",\"name\":\"Disserta\u00e7\u00e3o avalia impactos da cana em cursos de \u00e1gua - CNPEM\",\"isPartOf\":{\"@id\":\"https:\\\/\\\/cnpem.br\\\/#website\"},\"primaryImageOfPage\":{\"@id\":\"https:\\\/\\\/cnpem.br\\\/dissertacao-avalia-impactos-da-cana-em-cursos-de-agua\\\/#primaryimage\"},\"image\":{\"@id\":\"https:\\\/\\\/cnpem.br\\\/dissertacao-avalia-impactos-da-cana-em-cursos-de-agua\\\/#primaryimage\"},\"thumbnailUrl\":\"https:\\\/\\\/www.cnpem.staging.wpengine.com\\\/wp-content\\\/uploads\\\/2014\\\/06\\\/marjorie-jornalUnicamp.jpg\",\"datePublished\":\"2014-06-05T17:46:41+00:00\",\"dateModified\":\"2026-03-02T19:31:00+00:00\",\"author\":{\"@id\":\"https:\\\/\\\/cnpem.br\\\/#\\\/schema\\\/person\\\/b957a8048be4b70d687484cae6b978ef\"},\"breadcrumb\":{\"@id\":\"https:\\\/\\\/cnpem.br\\\/dissertacao-avalia-impactos-da-cana-em-cursos-de-agua\\\/#breadcrumb\"},\"inLanguage\":\"en-US\",\"potentialAction\":[{\"@type\":\"ReadAction\",\"target\":[\"https:\\\/\\\/cnpem.br\\\/dissertacao-avalia-impactos-da-cana-em-cursos-de-agua\\\/\"]}]},{\"@type\":\"ImageObject\",\"inLanguage\":\"en-US\",\"@id\":\"https:\\\/\\\/cnpem.br\\\/dissertacao-avalia-impactos-da-cana-em-cursos-de-agua\\\/#primaryimage\",\"url\":\"https:\\\/\\\/www.cnpem.staging.wpengine.com\\\/wp-content\\\/uploads\\\/2014\\\/06\\\/marjorie-jornalUnicamp.jpg\",\"contentUrl\":\"https:\\\/\\\/www.cnpem.staging.wpengine.com\\\/wp-content\\\/uploads\\\/2014\\\/06\\\/marjorie-jornalUnicamp.jpg\"},{\"@type\":\"BreadcrumbList\",\"@id\":\"https:\\\/\\\/cnpem.br\\\/dissertacao-avalia-impactos-da-cana-em-cursos-de-agua\\\/#breadcrumb\",\"itemListElement\":[{\"@type\":\"ListItem\",\"position\":1,\"name\":\"In\u00edcio\",\"item\":\"https:\\\/\\\/cnpem.br\\\/en\\\/\"},{\"@type\":\"ListItem\",\"position\":2,\"name\":\"Disserta\u00e7\u00e3o avalia impactos da cana em cursos de \u00e1gua\"}]},{\"@type\":\"WebSite\",\"@id\":\"https:\\\/\\\/cnpem.br\\\/#website\",\"url\":\"https:\\\/\\\/cnpem.br\\\/\",\"name\":\"Centro Nacional de Pesquisa em Energia e Materiais\",\"description\":\"Centro Nacional de Pesquisa em Energia e Materiais\",\"alternateName\":\"CNPEM\",\"potentialAction\":[{\"@type\":\"SearchAction\",\"target\":{\"@type\":\"EntryPoint\",\"urlTemplate\":\"https:\\\/\\\/cnpem.br\\\/?s={search_term_string}\"},\"query-input\":{\"@type\":\"PropertyValueSpecification\",\"valueRequired\":true,\"valueName\":\"search_term_string\"}}],\"inLanguage\":\"en-US\"},{\"@type\":\"Person\",\"@id\":\"https:\\\/\\\/cnpem.br\\\/#\\\/schema\\\/person\\\/b957a8048be4b70d687484cae6b978ef\",\"name\":\"Erik Medina\",\"url\":\"\"}]}<\/script>\n<!-- \/ Yoast SEO plugin. -->","yoast_head_json":{"title":"Disserta\u00e7\u00e3o avalia impactos da cana em cursos de \u00e1gua - CNPEM","robots":{"index":"index","follow":"follow","max-snippet":"max-snippet:-1","max-image-preview":"max-image-preview:large","max-video-preview":"max-video-preview:-1"},"canonical":"https:\/\/cnpem.br\/dissertacao-avalia-impactos-da-cana-em-cursos-de-agua\/","og_locale":"en_US","og_type":"article","og_title":"Disserta\u00e7\u00e3o avalia impactos da cana em cursos de \u00e1gua - CNPEM","og_description":"Jornal da Unicamp edi\u00e7\u00e3o 2-8\/06\/2014 An\u00e1lise conclui que planta\u00e7\u00f5es n\u00e3o afetam a qualidade e n\u00e3o reduzem a vaz\u00e3o A engenheira mec\u00e2nica Marjorie Mendes Guarenghi avaliou, em sua disserta\u00e7\u00e3o de mestrado&hellip;","og_url":"https:\/\/cnpem.br\/dissertacao-avalia-impactos-da-cana-em-cursos-de-agua\/","og_site_name":"CNPEM","article_published_time":"2014-06-05T17:46:41+00:00","article_modified_time":"2026-03-02T19:31:00+00:00","og_image":[{"url":"https:\/\/www.cnpem.staging.wpengine.com\/wp-content\/uploads\/2014\/06\/marjorie-jornalUnicamp.jpg","type":"","width":"","height":""}],"author":"Erik Medina","twitter_card":"summary_large_image","twitter_misc":{"Written by":"Erik Medina","Est. reading time":"5 minutes"},"schema":{"@context":"https:\/\/schema.org","@graph":[{"@type":"Article","@id":"https:\/\/cnpem.br\/dissertacao-avalia-impactos-da-cana-em-cursos-de-agua\/#article","isPartOf":{"@id":"https:\/\/cnpem.br\/dissertacao-avalia-impactos-da-cana-em-cursos-de-agua\/"},"author":{"name":"Erik Medina","@id":"https:\/\/cnpem.br\/#\/schema\/person\/b957a8048be4b70d687484cae6b978ef"},"headline":"Disserta\u00e7\u00e3o avalia impactos da cana em cursos de \u00e1gua","datePublished":"2014-06-05T17:46:41+00:00","dateModified":"2026-03-02T19:31:00+00:00","mainEntityOfPage":{"@id":"https:\/\/cnpem.br\/dissertacao-avalia-impactos-da-cana-em-cursos-de-agua\/"},"wordCount":1013,"image":{"@id":"https:\/\/cnpem.br\/dissertacao-avalia-impactos-da-cana-em-cursos-de-agua\/#primaryimage"},"thumbnailUrl":"https:\/\/www.cnpem.staging.wpengine.com\/wp-content\/uploads\/2014\/06\/marjorie-jornalUnicamp.jpg","articleSection":["CNPEM na M\u00eddia","LNBR na M\u00eddia"],"inLanguage":"en-US"},{"@type":"WebPage","@id":"https:\/\/cnpem.br\/dissertacao-avalia-impactos-da-cana-em-cursos-de-agua\/","url":"https:\/\/cnpem.br\/dissertacao-avalia-impactos-da-cana-em-cursos-de-agua\/","name":"Disserta\u00e7\u00e3o avalia impactos da cana em cursos de \u00e1gua - CNPEM","isPartOf":{"@id":"https:\/\/cnpem.br\/#website"},"primaryImageOfPage":{"@id":"https:\/\/cnpem.br\/dissertacao-avalia-impactos-da-cana-em-cursos-de-agua\/#primaryimage"},"image":{"@id":"https:\/\/cnpem.br\/dissertacao-avalia-impactos-da-cana-em-cursos-de-agua\/#primaryimage"},"thumbnailUrl":"https:\/\/www.cnpem.staging.wpengine.com\/wp-content\/uploads\/2014\/06\/marjorie-jornalUnicamp.jpg","datePublished":"2014-06-05T17:46:41+00:00","dateModified":"2026-03-02T19:31:00+00:00","author":{"@id":"https:\/\/cnpem.br\/#\/schema\/person\/b957a8048be4b70d687484cae6b978ef"},"breadcrumb":{"@id":"https:\/\/cnpem.br\/dissertacao-avalia-impactos-da-cana-em-cursos-de-agua\/#breadcrumb"},"inLanguage":"en-US","potentialAction":[{"@type":"ReadAction","target":["https:\/\/cnpem.br\/dissertacao-avalia-impactos-da-cana-em-cursos-de-agua\/"]}]},{"@type":"ImageObject","inLanguage":"en-US","@id":"https:\/\/cnpem.br\/dissertacao-avalia-impactos-da-cana-em-cursos-de-agua\/#primaryimage","url":"https:\/\/www.cnpem.staging.wpengine.com\/wp-content\/uploads\/2014\/06\/marjorie-jornalUnicamp.jpg","contentUrl":"https:\/\/www.cnpem.staging.wpengine.com\/wp-content\/uploads\/2014\/06\/marjorie-jornalUnicamp.jpg"},{"@type":"BreadcrumbList","@id":"https:\/\/cnpem.br\/dissertacao-avalia-impactos-da-cana-em-cursos-de-agua\/#breadcrumb","itemListElement":[{"@type":"ListItem","position":1,"name":"In\u00edcio","item":"https:\/\/cnpem.br\/en\/"},{"@type":"ListItem","position":2,"name":"Disserta\u00e7\u00e3o avalia impactos da cana em cursos de \u00e1gua"}]},{"@type":"WebSite","@id":"https:\/\/cnpem.br\/#website","url":"https:\/\/cnpem.br\/","name":"Centro Nacional de Pesquisa em Energia e Materiais","description":"Centro Nacional de Pesquisa em Energia e Materiais","alternateName":"CNPEM","potentialAction":[{"@type":"SearchAction","target":{"@type":"EntryPoint","urlTemplate":"https:\/\/cnpem.br\/?s={search_term_string}"},"query-input":{"@type":"PropertyValueSpecification","valueRequired":true,"valueName":"search_term_string"}}],"inLanguage":"en-US"},{"@type":"Person","@id":"https:\/\/cnpem.br\/#\/schema\/person\/b957a8048be4b70d687484cae6b978ef","name":"Erik Medina","url":""}]}},"jetpack_featured_media_url":"","jetpack_sharing_enabled":true,"jetpack_shortlink":"https:\/\/wp.me\/per0Mi-2q8","_links":{"self":[{"href":"https:\/\/cnpem.br\/en\/wp-json\/wp\/v2\/posts\/9308","targetHints":{"allow":["GET"]}}],"collection":[{"href":"https:\/\/cnpem.br\/en\/wp-json\/wp\/v2\/posts"}],"about":[{"href":"https:\/\/cnpem.br\/en\/wp-json\/wp\/v2\/types\/post"}],"author":[{"embeddable":true,"href":"https:\/\/cnpem.br\/en\/wp-json\/wp\/v2\/users\/17"}],"replies":[{"embeddable":true,"href":"https:\/\/cnpem.br\/en\/wp-json\/wp\/v2\/comments?post=9308"}],"version-history":[{"count":0,"href":"https:\/\/cnpem.br\/en\/wp-json\/wp\/v2\/posts\/9308\/revisions"}],"wp:attachment":[{"href":"https:\/\/cnpem.br\/en\/wp-json\/wp\/v2\/media?parent=9308"}],"wp:term":[{"taxonomy":"category","embeddable":true,"href":"https:\/\/cnpem.br\/en\/wp-json\/wp\/v2\/categories?post=9308"},{"taxonomy":"post_tag","embeddable":true,"href":"https:\/\/cnpem.br\/en\/wp-json\/wp\/v2\/tags?post=9308"}],"curies":[{"name":"wp","href":"https:\/\/api.w.org\/{rel}","templated":true}]}}