{"id":9082,"date":"2014-11-05T11:28:12","date_gmt":"2014-11-05T13:28:12","guid":{"rendered":"https:\/\/www.cnpem.staging.wpengine.com\/?p=9082"},"modified":"2022-01-21T17:03:53","modified_gmt":"2022-01-21T20:03:53","slug":"reuniao-de-cupula-latino-americana-de-cristalografia-sugere-criacao-de-fundo-de-cooperacao-2","status":"publish","type":"post","link":"https:\/\/cnpem.br\/en\/reuniao-de-cupula-latino-americana-de-cristalografia-sugere-criacao-de-fundo-de-cooperacao-2\/","title":{"rendered":"Reuni\u00e3o de c\u00fapula latino-americana de cristalografia sugere cria\u00e7\u00e3o de Fundo de Coopera\u00e7\u00e3o"},"content":{"rendered":"<p align=\"center\"><em>Pesquisadores unem esfor\u00e7os para a <\/em><em>promo\u00e7\u00e3o da cristalografia nos pa\u00edses da regi\u00e3o<\/em><\/p>\n<p>Mais de 100 pesquisadores latino-americanos, cientistas de destaque no cen\u00e1rio mundial e tomadores de decis\u00e3o da \u00e1rea de C&amp;T estiveram reunidos, entre 22 e 24 de setembro, no campus do Centro Nacional de Pesquisa em Energia e Materiais (CNPEM) em Campinas \u2013 SP. Eles participaram do\u00a0<strong><em>Latin American Summit Meeting on Biological Crystallography and Complementary Methods<\/em><\/strong>\u00a0&#8211; maior evento latino-americano da programa\u00e7\u00e3o oficial do Ano Internacional da Cristalografia (IYCr2014), promovido pela Organiza\u00e7\u00e3o das Na\u00e7\u00f5es Unidas para a Educa\u00e7\u00e3o, a Ci\u00eancia e a Cultura (Unesco) e pela Uni\u00e3o Internacional de Cristalografia (IUCr).<\/p>\n<p>A cristalografia analisa cristais de subst\u00e2ncias, como minerais, metais e prote\u00ednas, para determinar suas estruturas moleculares. O encontro em Campinas focou a\u00a0cristalografia biol\u00f3gica, \u00e1rea que investiga cristais de prote\u00ednas para compreender processos biol\u00f3gicos,\u00a0desvendar o surgimento e a progress\u00e3o de doen\u00e7as, tendo em vista o desenvolvimento de novas terapias e f\u00e1rmacos.<\/p>\n<p>\u201cA cristalografia \u00e9 o tema deste ano em comemora\u00e7\u00e3o aos 100 anos da descoberta de difra\u00e7\u00e3o de raios X por cristais e tamb\u00e9m porque \u00e9 uma \u00e1rea fundamental para o desenvolvimento cient\u00edfico e tecnol\u00f3gico. Trata-se de uma ci\u00eancia que est\u00e1 no n\u00facleo da solu\u00e7\u00e3o de problemas globais\u201d afirmou L\u00eddia Brito, Diretora Regional da UNESCO.<\/p>\n<p>De forma direta e indireta, a cristalografia est\u00e1 presente no trabalho de 45 cientistas vencedores do Nobel de diferentes \u00e1reas. Ada Yonah, laureada com o Pr\u00eamio Nobel de Qu\u00edmica em 2009, esteve em Campinas e falou sobre a descoberta da estrutura e fun\u00e7\u00e3o dos ribossomos \u2013 conhecimento chave para o desenvolvimento de novos antibi\u00f3ticos. \u201cMuitas pessoas disseram que era imposs\u00edvel cristalizar os ribossomos. Achavam que eu era uma sonhadora, mas eu acreditei nas raz\u00f5es que motivavam meu trabalho\u201d, lembrou a pesquisadora israelense, incentivando os participantes do evento.<\/p>\n<p>A reuni\u00e3o de c\u00fapula culminou com a produ\u00e7\u00e3o de uma <a href=\"https:\/\/www.iycr2014.org\/summits\/campinas\/appeal\" target=\"_blank\" rel=\"noopener\">carta<\/a>, na qual os pesquisadores presentes solicitam \u00e0 IUCr e \u00e0 Unesco o estabelecimento de um Fundo de Coopera\u00e7\u00e3o para a promo\u00e7\u00e3o da cristalografia na Am\u00e9rica Latina. A inten\u00e7\u00e3o \u00e9 arrecadar, junto aos governos, ag\u00eancias de fomento, institutos de pesquisa e empresas, cerca de 100.000 d\u00f3lares, valor destinado \u00e0 promo\u00e7\u00e3o de interc\u00e2mbios de jovens pesquisadores, eventos de treinamento, compartilhamento de instala\u00e7\u00f5es e outras atividades de promo\u00e7\u00e3o desta ci\u00eancia fundamental para o desenvolvimento tecnol\u00f3gico.<\/p>\n<p>\u201c\u00c9 fundamental que as pol\u00edticas cient\u00edficas da Am\u00e9rica Latina n\u00e3o estejam voltadas somente para as ci\u00eancias que geram resultados r\u00e1pidos. Precisamos reconhecer que inova\u00e7\u00f5es s\u00e3o derivadas de conhecimentos da ci\u00eancia b\u00e1sica \u2013 como a cristalografia\u201d, disse Ada Yonah, ao final da leitura da carta.<\/p>\n<p>&nbsp;<\/p>\n<p><iframe loading=\"lazy\" src=\"\/\/www.youtube.com\/embed\/ETc4DaARjpI\" frameborder=\"0\" width=\"853\" height=\"480\"><\/iframe><\/p>\n<p>&nbsp;<\/p>\n<p><strong>25 anos de cristalografia no Brasil<\/strong><\/p>\n<p>Al\u00e9m do ano internacional da cristalografia, a reuni\u00e3o de c\u00fapula no CNPEM tamb\u00e9m celebrou os 25 anos de cristalografia no Brasil. Glaucius Oliva, Presidente do Conselho Nacional de Desenvolvimento Cient\u00edfico e Tecnol\u00f3gico (CNPq) e um dos primeiros cristal\u00f3grafos do Pa\u00eds, lembrou que, desde a d\u00e9cada de 50, centenas de estruturas de prote\u00ednas foram reveladas no Brasil e hoje cerca de 3000 p\u00f3s-docs atuam na \u00e1rea. \u201cAcredito que \u00e9 o momento de promovermos coopera\u00e7\u00f5es cient\u00edficas regionais, voltadas para a solu\u00e7\u00e3o de desafios espec\u00edficos da Am\u00e9rica Latina. A cristalografia certamente pode estar na rota de solu\u00e7\u00f5es para problemas que enfretamos relacionados \u00e0 \u00e1gua, solo, agricultura, clima tropical e \u00e0 sa\u00fade\u201d, analisou Glaucius Oliva.<\/p>\n<p><strong>Mais competitividade para as pesquisas latino-americanas<\/strong><\/p>\n<p>Um marco para a cristalografia em todo o mundo foi o estabelecimento de fontes de luz s\u00edncrotrons, grandes m\u00e1quinas geradoras de feixes de luz voltados a diferentes aplica\u00e7\u00f5es, inclusive raios X para an\u00e1lise de cristais. O Brasil \u00e9 o \u00fanico pa\u00eds da Am\u00e9rica Latina que possui uma fonte de luz s\u00edncrotron. Operado pelo Laborat\u00f3rio Nacional de Luz S\u00edncrotron (LNLS), o equipamento \u00e9 aberto ao uso acad\u00eamico e empresarial e beneficia milhares de pesquisadores, principalmente latino-americanos.<\/p>\n<p>O LNLS est\u00e1 neste momento construindo o Sirius, uma fonte de luz s\u00edncrotron de quarta gera\u00e7\u00e3o, planejada para ser uma das mais avan\u00e7adas do mundo. \u201cO Brasil j\u00e1 \u00e9 l\u00edder das pesquisas em cristalografia na Am\u00e9rica Latina. Sirius abrir\u00e1 novas perspectivas cient\u00edficas e garantir\u00e1 competitividade mundial \u00e0s pesquisas desta regi\u00e3o\u201d afirmou Marvin Hackert, Presidente da IUCr.<\/p>\n<p><strong><em>Latin American Summit Meeting on Biological Crystallography and Complementary Methods<\/em><\/strong>\u00a0<strong><\/strong><\/p>\n<p>O evento \u00e9 uma realiza\u00e7\u00e3o do CNPEM &#8211; por meio de dois de seus Laborat\u00f3rios Nacionais: o Laborat\u00f3rio Nacional de Luz S\u00edncrotron (LNLS) e o Laborat\u00f3rio Nacional de Bioci\u00eancias (LNBio) &#8211; Instituto de F\u00edsica de S\u00e3o Carlos (IFSC-USP) e Associa\u00e7\u00e3o Brasileira de Cristalografia (ABCr), com apoio da IUCr e da Unesco. CNPq, CAPES e FAPESP financiam a iniciativa e as seguintes empresas patrocinam o evento: Bruker; Molecular Dimensions; NanoTemper; Agilent Technologies; GE Healthcare; Rigaku Dairix; Formulatrix; Astex; TTPLabtech; Incoatech; Sigma-Aldrich<\/p>\n<p>&nbsp;<\/p>\n<p><a href=\"https:\/\/www.facebook.com\/media\/set\/?set=a.977889735570516.1073741842.196176423741855&amp;type=1\" target=\"_blank\" rel=\"noopener\">Confira as fotos do evento<\/a><\/p>\n","protected":false},"excerpt":{"rendered":"<p>Pesquisadores unem esfor\u00e7os para a promo\u00e7\u00e3o da cristalografia nos pa\u00edses da regi\u00e3o Mais de 100 pesquisadores latino-americanos, cientistas de destaque no cen\u00e1rio mundial e tomadores de decis\u00e3o da \u00e1rea de&hellip;<\/p>\n","protected":false},"author":17,"featured_media":0,"comment_status":"closed","ping_status":"closed","sticky":false,"template":"","format":"standard","meta":{"_acf_changed":false,"_jetpack_newsletter_access":"","_jetpack_dont_email_post_to_subs":false,"_jetpack_newsletter_tier_id":0,"_jetpack_memberships_contains_paywalled_content":false,"_jetpack_memberships_contains_paid_content":false,"footnotes":"","_links_to":"","_links_to_target":""},"categories":[1208],"tags":[],"class_list":["post-9082","post","type-post","status-publish","format-standard","hentry","category-releases-cnpem","category-1208","description-off"],"acf":[],"yoast_head":"<!-- This site is optimized with the Yoast SEO plugin v27.5 - https:\/\/yoast.com\/product\/yoast-seo-wordpress\/ -->\n<title>Reuni\u00e3o de c\u00fapula latino-americana de cristalografia sugere cria\u00e7\u00e3o de Fundo de Coopera\u00e7\u00e3o - CNPEM<\/title>\n<meta name=\"robots\" content=\"index, follow, max-snippet:-1, max-image-preview:large, max-video-preview:-1\" \/>\n<link rel=\"canonical\" href=\"https:\/\/cnpem.br\/reuniao-de-cupula-latino-americana-de-cristalografia-sugere-criacao-de-fundo-de-cooperacao-2\/\" \/>\n<meta property=\"og:locale\" content=\"en_US\" \/>\n<meta property=\"og:type\" content=\"article\" \/>\n<meta property=\"og:title\" content=\"Reuni\u00e3o de c\u00fapula latino-americana de cristalografia sugere cria\u00e7\u00e3o de Fundo de Coopera\u00e7\u00e3o - CNPEM\" \/>\n<meta property=\"og:description\" content=\"Pesquisadores unem esfor\u00e7os para a promo\u00e7\u00e3o da cristalografia nos pa\u00edses da regi\u00e3o Mais de 100 pesquisadores latino-americanos, cientistas de destaque no cen\u00e1rio mundial e tomadores de decis\u00e3o da \u00e1rea de&hellip;\" \/>\n<meta property=\"og:url\" content=\"https:\/\/cnpem.br\/reuniao-de-cupula-latino-americana-de-cristalografia-sugere-criacao-de-fundo-de-cooperacao-2\/\" \/>\n<meta property=\"og:site_name\" content=\"CNPEM\" \/>\n<meta property=\"article:published_time\" content=\"2014-11-05T13:28:12+00:00\" \/>\n<meta property=\"article:modified_time\" content=\"2022-01-21T20:03:53+00:00\" \/>\n<meta name=\"author\" content=\"Erik Medina\" \/>\n<meta name=\"twitter:card\" content=\"summary_large_image\" \/>\n<meta name=\"twitter:label1\" content=\"Written by\" \/>\n\t<meta name=\"twitter:data1\" content=\"Erik Medina\" \/>\n\t<meta name=\"twitter:label2\" content=\"Est. reading time\" \/>\n\t<meta name=\"twitter:data2\" content=\"4 minutes\" \/>\n<script type=\"application\/ld+json\" class=\"yoast-schema-graph\">{\"@context\":\"https:\\\/\\\/schema.org\",\"@graph\":[{\"@type\":\"Article\",\"@id\":\"https:\\\/\\\/cnpem.br\\\/reuniao-de-cupula-latino-americana-de-cristalografia-sugere-criacao-de-fundo-de-cooperacao-2\\\/#article\",\"isPartOf\":{\"@id\":\"https:\\\/\\\/cnpem.br\\\/reuniao-de-cupula-latino-americana-de-cristalografia-sugere-criacao-de-fundo-de-cooperacao-2\\\/\"},\"author\":{\"name\":\"Erik Medina\",\"@id\":\"https:\\\/\\\/cnpem.br\\\/#\\\/schema\\\/person\\\/b957a8048be4b70d687484cae6b978ef\"},\"headline\":\"Reuni\u00e3o de c\u00fapula latino-americana de cristalografia sugere cria\u00e7\u00e3o de Fundo de Coopera\u00e7\u00e3o\",\"datePublished\":\"2014-11-05T13:28:12+00:00\",\"dateModified\":\"2022-01-21T20:03:53+00:00\",\"mainEntityOfPage\":{\"@id\":\"https:\\\/\\\/cnpem.br\\\/reuniao-de-cupula-latino-americana-de-cristalografia-sugere-criacao-de-fundo-de-cooperacao-2\\\/\"},\"wordCount\":869,\"articleSection\":[\"Comunica\u00e7\u00e3o CNPEM\"],\"inLanguage\":\"en-US\"},{\"@type\":\"WebPage\",\"@id\":\"https:\\\/\\\/cnpem.br\\\/reuniao-de-cupula-latino-americana-de-cristalografia-sugere-criacao-de-fundo-de-cooperacao-2\\\/\",\"url\":\"https:\\\/\\\/cnpem.br\\\/reuniao-de-cupula-latino-americana-de-cristalografia-sugere-criacao-de-fundo-de-cooperacao-2\\\/\",\"name\":\"Reuni\u00e3o de c\u00fapula latino-americana de cristalografia sugere cria\u00e7\u00e3o de Fundo de Coopera\u00e7\u00e3o - CNPEM\",\"isPartOf\":{\"@id\":\"https:\\\/\\\/cnpem.br\\\/#website\"},\"datePublished\":\"2014-11-05T13:28:12+00:00\",\"dateModified\":\"2022-01-21T20:03:53+00:00\",\"author\":{\"@id\":\"https:\\\/\\\/cnpem.br\\\/#\\\/schema\\\/person\\\/b957a8048be4b70d687484cae6b978ef\"},\"breadcrumb\":{\"@id\":\"https:\\\/\\\/cnpem.br\\\/reuniao-de-cupula-latino-americana-de-cristalografia-sugere-criacao-de-fundo-de-cooperacao-2\\\/#breadcrumb\"},\"inLanguage\":\"en-US\",\"potentialAction\":[{\"@type\":\"ReadAction\",\"target\":[\"https:\\\/\\\/cnpem.br\\\/reuniao-de-cupula-latino-americana-de-cristalografia-sugere-criacao-de-fundo-de-cooperacao-2\\\/\"]}]},{\"@type\":\"BreadcrumbList\",\"@id\":\"https:\\\/\\\/cnpem.br\\\/reuniao-de-cupula-latino-americana-de-cristalografia-sugere-criacao-de-fundo-de-cooperacao-2\\\/#breadcrumb\",\"itemListElement\":[{\"@type\":\"ListItem\",\"position\":1,\"name\":\"In\u00edcio\",\"item\":\"https:\\\/\\\/cnpem.br\\\/en\\\/\"},{\"@type\":\"ListItem\",\"position\":2,\"name\":\"Reuni\u00e3o de c\u00fapula latino-americana de cristalografia sugere cria\u00e7\u00e3o de Fundo de Coopera\u00e7\u00e3o\"}]},{\"@type\":\"WebSite\",\"@id\":\"https:\\\/\\\/cnpem.br\\\/#website\",\"url\":\"https:\\\/\\\/cnpem.br\\\/\",\"name\":\"Centro Nacional de Pesquisa em Energia e Materiais\",\"description\":\"Centro Nacional de Pesquisa em Energia e Materiais\",\"alternateName\":\"CNPEM\",\"potentialAction\":[{\"@type\":\"SearchAction\",\"target\":{\"@type\":\"EntryPoint\",\"urlTemplate\":\"https:\\\/\\\/cnpem.br\\\/?s={search_term_string}\"},\"query-input\":{\"@type\":\"PropertyValueSpecification\",\"valueRequired\":true,\"valueName\":\"search_term_string\"}}],\"inLanguage\":\"en-US\"},{\"@type\":\"Person\",\"@id\":\"https:\\\/\\\/cnpem.br\\\/#\\\/schema\\\/person\\\/b957a8048be4b70d687484cae6b978ef\",\"name\":\"Erik Medina\",\"url\":\"\"}]}<\/script>\n<!-- \/ Yoast SEO plugin. -->","yoast_head_json":{"title":"Reuni\u00e3o de c\u00fapula latino-americana de cristalografia sugere cria\u00e7\u00e3o de Fundo de Coopera\u00e7\u00e3o - CNPEM","robots":{"index":"index","follow":"follow","max-snippet":"max-snippet:-1","max-image-preview":"max-image-preview:large","max-video-preview":"max-video-preview:-1"},"canonical":"https:\/\/cnpem.br\/reuniao-de-cupula-latino-americana-de-cristalografia-sugere-criacao-de-fundo-de-cooperacao-2\/","og_locale":"en_US","og_type":"article","og_title":"Reuni\u00e3o de c\u00fapula latino-americana de cristalografia sugere cria\u00e7\u00e3o de Fundo de Coopera\u00e7\u00e3o - CNPEM","og_description":"Pesquisadores unem esfor\u00e7os para a promo\u00e7\u00e3o da cristalografia nos pa\u00edses da regi\u00e3o Mais de 100 pesquisadores latino-americanos, cientistas de destaque no cen\u00e1rio mundial e tomadores de decis\u00e3o da \u00e1rea de&hellip;","og_url":"https:\/\/cnpem.br\/reuniao-de-cupula-latino-americana-de-cristalografia-sugere-criacao-de-fundo-de-cooperacao-2\/","og_site_name":"CNPEM","article_published_time":"2014-11-05T13:28:12+00:00","article_modified_time":"2022-01-21T20:03:53+00:00","author":"Erik Medina","twitter_card":"summary_large_image","twitter_misc":{"Written by":"Erik Medina","Est. reading time":"4 minutes"},"schema":{"@context":"https:\/\/schema.org","@graph":[{"@type":"Article","@id":"https:\/\/cnpem.br\/reuniao-de-cupula-latino-americana-de-cristalografia-sugere-criacao-de-fundo-de-cooperacao-2\/#article","isPartOf":{"@id":"https:\/\/cnpem.br\/reuniao-de-cupula-latino-americana-de-cristalografia-sugere-criacao-de-fundo-de-cooperacao-2\/"},"author":{"name":"Erik Medina","@id":"https:\/\/cnpem.br\/#\/schema\/person\/b957a8048be4b70d687484cae6b978ef"},"headline":"Reuni\u00e3o de c\u00fapula latino-americana de cristalografia sugere cria\u00e7\u00e3o de Fundo de Coopera\u00e7\u00e3o","datePublished":"2014-11-05T13:28:12+00:00","dateModified":"2022-01-21T20:03:53+00:00","mainEntityOfPage":{"@id":"https:\/\/cnpem.br\/reuniao-de-cupula-latino-americana-de-cristalografia-sugere-criacao-de-fundo-de-cooperacao-2\/"},"wordCount":869,"articleSection":["Comunica\u00e7\u00e3o CNPEM"],"inLanguage":"en-US"},{"@type":"WebPage","@id":"https:\/\/cnpem.br\/reuniao-de-cupula-latino-americana-de-cristalografia-sugere-criacao-de-fundo-de-cooperacao-2\/","url":"https:\/\/cnpem.br\/reuniao-de-cupula-latino-americana-de-cristalografia-sugere-criacao-de-fundo-de-cooperacao-2\/","name":"Reuni\u00e3o de c\u00fapula latino-americana de cristalografia sugere cria\u00e7\u00e3o de Fundo de Coopera\u00e7\u00e3o - CNPEM","isPartOf":{"@id":"https:\/\/cnpem.br\/#website"},"datePublished":"2014-11-05T13:28:12+00:00","dateModified":"2022-01-21T20:03:53+00:00","author":{"@id":"https:\/\/cnpem.br\/#\/schema\/person\/b957a8048be4b70d687484cae6b978ef"},"breadcrumb":{"@id":"https:\/\/cnpem.br\/reuniao-de-cupula-latino-americana-de-cristalografia-sugere-criacao-de-fundo-de-cooperacao-2\/#breadcrumb"},"inLanguage":"en-US","potentialAction":[{"@type":"ReadAction","target":["https:\/\/cnpem.br\/reuniao-de-cupula-latino-americana-de-cristalografia-sugere-criacao-de-fundo-de-cooperacao-2\/"]}]},{"@type":"BreadcrumbList","@id":"https:\/\/cnpem.br\/reuniao-de-cupula-latino-americana-de-cristalografia-sugere-criacao-de-fundo-de-cooperacao-2\/#breadcrumb","itemListElement":[{"@type":"ListItem","position":1,"name":"In\u00edcio","item":"https:\/\/cnpem.br\/en\/"},{"@type":"ListItem","position":2,"name":"Reuni\u00e3o de c\u00fapula latino-americana de cristalografia sugere cria\u00e7\u00e3o de Fundo de Coopera\u00e7\u00e3o"}]},{"@type":"WebSite","@id":"https:\/\/cnpem.br\/#website","url":"https:\/\/cnpem.br\/","name":"Centro Nacional de Pesquisa em Energia e Materiais","description":"Centro Nacional de Pesquisa em Energia e Materiais","alternateName":"CNPEM","potentialAction":[{"@type":"SearchAction","target":{"@type":"EntryPoint","urlTemplate":"https:\/\/cnpem.br\/?s={search_term_string}"},"query-input":{"@type":"PropertyValueSpecification","valueRequired":true,"valueName":"search_term_string"}}],"inLanguage":"en-US"},{"@type":"Person","@id":"https:\/\/cnpem.br\/#\/schema\/person\/b957a8048be4b70d687484cae6b978ef","name":"Erik Medina","url":""}]}},"jetpack_featured_media_url":"","jetpack_sharing_enabled":true,"jetpack_shortlink":"https:\/\/wp.me\/per0Mi-2mu","_links":{"self":[{"href":"https:\/\/cnpem.br\/en\/wp-json\/wp\/v2\/posts\/9082","targetHints":{"allow":["GET"]}}],"collection":[{"href":"https:\/\/cnpem.br\/en\/wp-json\/wp\/v2\/posts"}],"about":[{"href":"https:\/\/cnpem.br\/en\/wp-json\/wp\/v2\/types\/post"}],"author":[{"embeddable":true,"href":"https:\/\/cnpem.br\/en\/wp-json\/wp\/v2\/users\/17"}],"replies":[{"embeddable":true,"href":"https:\/\/cnpem.br\/en\/wp-json\/wp\/v2\/comments?post=9082"}],"version-history":[{"count":0,"href":"https:\/\/cnpem.br\/en\/wp-json\/wp\/v2\/posts\/9082\/revisions"}],"wp:attachment":[{"href":"https:\/\/cnpem.br\/en\/wp-json\/wp\/v2\/media?parent=9082"}],"wp:term":[{"taxonomy":"category","embeddable":true,"href":"https:\/\/cnpem.br\/en\/wp-json\/wp\/v2\/categories?post=9082"},{"taxonomy":"post_tag","embeddable":true,"href":"https:\/\/cnpem.br\/en\/wp-json\/wp\/v2\/tags?post=9082"}],"curies":[{"name":"wp","href":"https:\/\/api.w.org\/{rel}","templated":true}]}}