{"id":8899,"date":"2014-10-08T11:29:39","date_gmt":"2014-10-08T14:29:39","guid":{"rendered":"https:\/\/www.cnpem.staging.wpengine.com\/?p=8899"},"modified":"2026-03-02T16:30:44","modified_gmt":"2026-03-02T19:30:44","slug":"campinas-realiza-em-conjunto-semana-nacional-e-municipal-de-ciencia","status":"publish","type":"post","link":"https:\/\/cnpem.br\/en\/campinas-realiza-em-conjunto-semana-nacional-e-municipal-de-ciencia\/","title":{"rendered":"Campinas realiza em conjunto Semana Nacional e Municipal de Ci\u00eancia"},"content":{"rendered":"<p style=\"text-align: justify;\"><em>Prefeitura de Campinas em 06\/10\/2014<\/em><\/p>\n<p style=\"text-align: justify;\">A Prefeitura de Campinas, a Unicamp e o Conselho Municipal de Ci\u00eancia, Tecnologia e Inova\u00e7\u00e3o (CMCTI), que re\u00fane as principais entidades do setor, est\u00e3o \u00e0 frente da organiza\u00e7\u00e3o da 2\u00aa Semana Municipal de Ci\u00eancia e Tecnologia, que ir\u00e1 ocorrer de 13 a 19 de outubro, como parte das a\u00e7\u00f5es da 11\u00aa Edi\u00e7\u00e3o da Semana Nacional de Ci\u00eancia e Tecnologia (SNCT 2014). Neste ano, a Unicamp \u00e9 sede do evento em Campinas.<\/p>\n<p style=\"text-align: justify;\">Com o tema &#8220;Ci\u00eancia e Tecnologia para o Desenvolvimento Social&#8221;, a coordena\u00e7\u00e3o nacional da Semana \u00e9 de responsabilidade do Minist\u00e9rio da Ci\u00eancia, Tecnologia e Inova\u00e7\u00e3o (MCTI) e no \u00e2mbito municipal, \u00e9 coordenada pela Prefeitura de Campinas. A proposta \u00e9 estimular a abordagem da ci\u00eancia e tecnologia na dimens\u00e3o social, como instrumento de inclus\u00e3o, transforma\u00e7\u00e3o social e desenvolvimento humano.<\/p>\n<p style=\"text-align: justify;\">O secret\u00e1rio municipal de Desenvolvimento Econ\u00f4mico, Social e de Turismo, Samuel Rossilho, destaca que o objetivo principal da Semana Nacional e Municipal de Ci\u00eancia e Tecnologia \u00e9 a populariza\u00e7\u00e3o da ci\u00eancia, envolvendo estudantes, professores e a sociedade em geral. Rossilho, que tamb\u00e9m \u00e9 presidente do Conselho Municipal de Ci\u00eancia e Tecnologia, enfatiza que o munic\u00edpio tem atuado firmemente para estimular os segmentos produtivos e as institui\u00e7\u00f5es de ci\u00eancia e tecnologia da cidade para que trabalhem juntas em a\u00e7\u00f5es integrados no Munic\u00edpio. \u201cA cria\u00e7\u00e3o do Conselho Municipal de C&amp;T, que est\u00e1 \u00e0 frente da organiza\u00e7\u00e3o da Semana, bem como a realizado do Planejamento Estrat\u00e9gico de Ci\u00eancia, Tecnologia e Inova\u00e7\u00e3o de Campinas para o per\u00edodo 2014-2025 revelam que tais a\u00e7\u00f5es devem ser cont\u00ednuas e de longo prazo\u201d, diz.<\/p>\n<p style=\"text-align: justify;\"><strong>Atividades<\/strong><\/p>\n<p style=\"text-align: justify;\">Em Campinas, as institui\u00e7\u00f5es e empresas envolvidas participar\u00e3o de atividades centralizadas em uma mostra, a ser realizada no Museu Explorat\u00f3rio de Ci\u00eancias da Unicamp. Ao todo, o evento contar\u00e1 com 5 tendas instaladas ao redor do Museu, com atividades simult\u00e2neas, que ir\u00e3o ocorrer de segunda a sexta, de 13 a 17 de outubro, das 8h30 \u00e0s 17h.<\/p>\n<p style=\"text-align: justify;\">Uma tenda abrigar\u00e1 a 1\u00aa ExpoCiatec, com o intuito de apresentar o trabalho das empresas incubadas no CIATEC \u2013 Companhia de Desenvolvimento do Polo de Alta Tecnologia de Campinas. Um outro espa\u00e7o, localizado junto aos demais expositores, ser\u00e1 destinado \u00e0s institui\u00e7\u00f5es tradicionais de Ci\u00eancia e Tecnologia, como forma de criar nichos de articula\u00e7\u00e3o entre iniciativa privada, pol\u00edticas p\u00fablicas, institutos, a\u00e7\u00f5es e os visitantes.<\/p>\n<p style=\"text-align: justify;\">Tamb\u00e9m est\u00e3o confirmadas a Exposi\u00e7\u00e3o sobre \u00c1gua de Re\u00faso, da Sanasa, e atividades l\u00fadicas, promovidas pelo CI&amp;T e Clickideia, que t\u00eam como foco o p\u00fablico infanto-juvenil, com objetivo de despertar o interesse pela \u00e1rea de tecnologia.<\/p>\n<p style=\"text-align: justify;\">Durante a semana, haver\u00e1 uma programa\u00e7\u00e3o complementar em outros locais da cidade, com workshops, palestras e visitas de escolas em alguns institutos (IMA, CTI, CPqD e CNPEM). No dia 18 de outubro, s\u00e1bado, ser\u00e1 realizado tamb\u00e9m na Unicamp, o 12\u00ba Encontro da Cidadania, promovido pelo CDI Campinas, no Ciclo B\u00e1sico II, das 8h \u00e0s 15h30.<\/p>\n<p style=\"text-align: justify;\">J\u00e1 no final de semana, nos dias 18 e 19, o caminh\u00e3o do Museu Explorat\u00f3rio de Ci\u00eancias, uma atividade que \u00e9 itinerante, ser\u00e1 levado para o Largo do Ros\u00e1rio, no centro da cidade.<\/p>\n<p style=\"text-align: justify;\">Em 2013, a 1\u00aa Semana Municipal de Ci\u00eancia e Tecnologia contou com atividades realizadas em uma tenda instalada na Lagoa do Taquaral e com a participa\u00e7\u00e3o de mais cinco mil crian\u00e7as e adolescentes.<\/p>\n<p style=\"text-align: justify;\">\n<p style=\"text-align: justify;\">\n<p style=\"text-align: justify;\">\n<p style=\"text-align: justify;\">Para divulgar a programa\u00e7\u00e3o completa da Semana Nacional e Municipal de Ci\u00eancia e Tecnologia (SNMCT) foi criado um site, que est\u00e1 dispon\u00edvel no endere\u00e7o https:\/\/www.semanact.mc.unicamp.br\/, detalhando a programa\u00e7\u00e3o di\u00e1ria do Museu Explorat\u00f3rio de Ci\u00eancias e as atividades paralelas promovidas pela IMA, CTI, CPqD, CNPEM, ITAL e CDI Campinas.<\/p>\n<p style=\"text-align: justify;\">\n<p style=\"text-align: justify;\">\n<p style=\"text-align: justify;\">\n<p style=\"text-align: justify;\">Al\u00e9m de not\u00edcias e orienta\u00e7\u00f5es sobre as a\u00e7\u00f5es da SNMCT de Campinas, o site tamb\u00e9m traz informa\u00e7\u00f5es sobre os institutos que fazem parte do evento. O objetivo \u00e9 envolver a popula\u00e7\u00e3o em torno de temas e atividades de ci\u00eancia e tecnologia que s\u00e3o realizadas no munic\u00edpio.<\/p>\n<p style=\"text-align: justify;\">\n<p style=\"text-align: justify;\">\n<p style=\"text-align: justify;\">\n<p style=\"text-align: justify;\">Sobre a SNMCT<\/p>\n<p style=\"text-align: justify;\">\n<p style=\"text-align: justify;\">\n<p style=\"text-align: justify;\">\n<p style=\"text-align: justify;\">A Semana Nacional de Ci\u00eancia e Tecnologia (SNCT) \u00e9 realizada em todo o pa\u00eds no m\u00eas de outubro, desde 2004, sob a coordena\u00e7\u00e3o da Secretaria de Ci\u00eancia e Tecnologia para Inclus\u00e3o Social do Minist\u00e9rio da Ci\u00eancia, Tecnologia e Inova\u00e7\u00e3o (Secis\/MCTI) juntamente com a colabora\u00e7\u00e3o de entidades e institui\u00e7\u00f5es de ensino, divulga\u00e7\u00e3o e pesquisa. Sua finalidade principal \u00e9 mobilizar a popula\u00e7\u00e3o, em especial crian\u00e7as e jovens, em torno de temas e atividades de ci\u00eancia e tecnologia (C&amp;T).<\/p>\n<p style=\"text-align: justify;\">\n<p style=\"text-align: justify;\">\n<p style=\"text-align: justify;\">\n<p style=\"text-align: justify;\">Em Campinas, desde o ano passado, o evento conta com a parceria e coordena\u00e7\u00e3o municipal da Prefeitura de Campinas, j\u00e1 que o munic\u00edpio aprovou em 2.013, a Lei 14.655, instituindo a Semana Municipal de Ci\u00eancia e Tecnologia na cidade, que deve ser realizada concomitantemente \u00e0 SNCT. Em 2014, a organiza\u00e7\u00e3o da semana ganhou o apoio do Conselho Municipal de Ci\u00eancia, Tecnologia e Inova\u00e7\u00e3o, instalado neste ano no munic\u00edpio.<\/p>\n","protected":false},"excerpt":{"rendered":"<p>Prefeitura de Campinas em 06\/10\/2014 A Prefeitura de Campinas, a Unicamp e o Conselho Municipal de Ci\u00eancia, Tecnologia e Inova\u00e7\u00e3o (CMCTI), que re\u00fane as principais entidades do setor, est\u00e3o \u00e0&hellip;<\/p>\n","protected":false},"author":17,"featured_media":0,"comment_status":"closed","ping_status":"closed","sticky":false,"template":"","format":"standard","meta":{"_acf_changed":false,"_jetpack_newsletter_access":"","_jetpack_dont_email_post_to_subs":false,"_jetpack_newsletter_tier_id":0,"_jetpack_memberships_contains_paywalled_content":false,"_jetpack_memberships_contains_paid_content":false,"footnotes":"","_links_to":"","_links_to_target":""},"categories":[1163],"tags":[],"class_list":["post-8899","post","type-post","status-publish","format-standard","hentry","category-clipping-cnpem","category-1163","description-off"],"acf":[],"yoast_head":"<!-- This site is optimized with the Yoast SEO plugin v27.4 - https:\/\/yoast.com\/product\/yoast-seo-wordpress\/ -->\n<title>Campinas realiza em conjunto Semana Nacional e Municipal de Ci\u00eancia - CNPEM<\/title>\n<meta name=\"robots\" content=\"index, follow, max-snippet:-1, max-image-preview:large, max-video-preview:-1\" \/>\n<link rel=\"canonical\" href=\"https:\/\/cnpem.br\/campinas-realiza-em-conjunto-semana-nacional-e-municipal-de-ciencia\/\" \/>\n<meta property=\"og:locale\" content=\"en_US\" \/>\n<meta property=\"og:type\" content=\"article\" \/>\n<meta property=\"og:title\" content=\"Campinas realiza em conjunto Semana Nacional e Municipal de Ci\u00eancia - CNPEM\" \/>\n<meta property=\"og:description\" content=\"Prefeitura de Campinas em 06\/10\/2014 A Prefeitura de Campinas, a Unicamp e o Conselho Municipal de Ci\u00eancia, Tecnologia e Inova\u00e7\u00e3o (CMCTI), que re\u00fane as principais entidades do setor, est\u00e3o \u00e0&hellip;\" \/>\n<meta property=\"og:url\" content=\"https:\/\/cnpem.br\/campinas-realiza-em-conjunto-semana-nacional-e-municipal-de-ciencia\/\" \/>\n<meta property=\"og:site_name\" content=\"CNPEM\" \/>\n<meta property=\"article:published_time\" content=\"2014-10-08T14:29:39+00:00\" \/>\n<meta property=\"article:modified_time\" content=\"2026-03-02T19:30:44+00:00\" \/>\n<meta name=\"author\" content=\"Erik Medina\" \/>\n<meta name=\"twitter:card\" content=\"summary_large_image\" \/>\n<meta name=\"twitter:label1\" content=\"Written by\" \/>\n\t<meta name=\"twitter:data1\" content=\"Erik Medina\" \/>\n\t<meta name=\"twitter:label2\" content=\"Est. reading time\" \/>\n\t<meta name=\"twitter:data2\" content=\"4 minutes\" \/>\n<script type=\"application\/ld+json\" class=\"yoast-schema-graph\">{\"@context\":\"https:\\\/\\\/schema.org\",\"@graph\":[{\"@type\":\"Article\",\"@id\":\"https:\\\/\\\/cnpem.br\\\/campinas-realiza-em-conjunto-semana-nacional-e-municipal-de-ciencia\\\/#article\",\"isPartOf\":{\"@id\":\"https:\\\/\\\/cnpem.br\\\/campinas-realiza-em-conjunto-semana-nacional-e-municipal-de-ciencia\\\/\"},\"author\":{\"name\":\"Erik Medina\",\"@id\":\"https:\\\/\\\/cnpem.br\\\/#\\\/schema\\\/person\\\/b957a8048be4b70d687484cae6b978ef\"},\"headline\":\"Campinas realiza em conjunto Semana Nacional e Municipal de Ci\u00eancia\",\"datePublished\":\"2014-10-08T14:29:39+00:00\",\"dateModified\":\"2026-03-02T19:30:44+00:00\",\"mainEntityOfPage\":{\"@id\":\"https:\\\/\\\/cnpem.br\\\/campinas-realiza-em-conjunto-semana-nacional-e-municipal-de-ciencia\\\/\"},\"wordCount\":877,\"articleSection\":[\"CNPEM na M\u00eddia\"],\"inLanguage\":\"en-US\"},{\"@type\":\"WebPage\",\"@id\":\"https:\\\/\\\/cnpem.br\\\/campinas-realiza-em-conjunto-semana-nacional-e-municipal-de-ciencia\\\/\",\"url\":\"https:\\\/\\\/cnpem.br\\\/campinas-realiza-em-conjunto-semana-nacional-e-municipal-de-ciencia\\\/\",\"name\":\"Campinas realiza em conjunto Semana Nacional e Municipal de Ci\u00eancia - CNPEM\",\"isPartOf\":{\"@id\":\"https:\\\/\\\/cnpem.br\\\/#website\"},\"datePublished\":\"2014-10-08T14:29:39+00:00\",\"dateModified\":\"2026-03-02T19:30:44+00:00\",\"author\":{\"@id\":\"https:\\\/\\\/cnpem.br\\\/#\\\/schema\\\/person\\\/b957a8048be4b70d687484cae6b978ef\"},\"breadcrumb\":{\"@id\":\"https:\\\/\\\/cnpem.br\\\/campinas-realiza-em-conjunto-semana-nacional-e-municipal-de-ciencia\\\/#breadcrumb\"},\"inLanguage\":\"en-US\",\"potentialAction\":[{\"@type\":\"ReadAction\",\"target\":[\"https:\\\/\\\/cnpem.br\\\/campinas-realiza-em-conjunto-semana-nacional-e-municipal-de-ciencia\\\/\"]}]},{\"@type\":\"BreadcrumbList\",\"@id\":\"https:\\\/\\\/cnpem.br\\\/campinas-realiza-em-conjunto-semana-nacional-e-municipal-de-ciencia\\\/#breadcrumb\",\"itemListElement\":[{\"@type\":\"ListItem\",\"position\":1,\"name\":\"In\u00edcio\",\"item\":\"https:\\\/\\\/cnpem.br\\\/en\\\/\"},{\"@type\":\"ListItem\",\"position\":2,\"name\":\"Campinas realiza em conjunto Semana Nacional e Municipal de Ci\u00eancia\"}]},{\"@type\":\"WebSite\",\"@id\":\"https:\\\/\\\/cnpem.br\\\/#website\",\"url\":\"https:\\\/\\\/cnpem.br\\\/\",\"name\":\"Centro Nacional de Pesquisa em Energia e Materiais\",\"description\":\"Centro Nacional de Pesquisa em Energia e Materiais\",\"alternateName\":\"CNPEM\",\"potentialAction\":[{\"@type\":\"SearchAction\",\"target\":{\"@type\":\"EntryPoint\",\"urlTemplate\":\"https:\\\/\\\/cnpem.br\\\/?s={search_term_string}\"},\"query-input\":{\"@type\":\"PropertyValueSpecification\",\"valueRequired\":true,\"valueName\":\"search_term_string\"}}],\"inLanguage\":\"en-US\"},{\"@type\":\"Person\",\"@id\":\"https:\\\/\\\/cnpem.br\\\/#\\\/schema\\\/person\\\/b957a8048be4b70d687484cae6b978ef\",\"name\":\"Erik Medina\",\"url\":\"\"}]}<\/script>\n<!-- \/ Yoast SEO plugin. -->","yoast_head_json":{"title":"Campinas realiza em conjunto Semana Nacional e Municipal de Ci\u00eancia - CNPEM","robots":{"index":"index","follow":"follow","max-snippet":"max-snippet:-1","max-image-preview":"max-image-preview:large","max-video-preview":"max-video-preview:-1"},"canonical":"https:\/\/cnpem.br\/campinas-realiza-em-conjunto-semana-nacional-e-municipal-de-ciencia\/","og_locale":"en_US","og_type":"article","og_title":"Campinas realiza em conjunto Semana Nacional e Municipal de Ci\u00eancia - CNPEM","og_description":"Prefeitura de Campinas em 06\/10\/2014 A Prefeitura de Campinas, a Unicamp e o Conselho Municipal de Ci\u00eancia, Tecnologia e Inova\u00e7\u00e3o (CMCTI), que re\u00fane as principais entidades do setor, est\u00e3o \u00e0&hellip;","og_url":"https:\/\/cnpem.br\/campinas-realiza-em-conjunto-semana-nacional-e-municipal-de-ciencia\/","og_site_name":"CNPEM","article_published_time":"2014-10-08T14:29:39+00:00","article_modified_time":"2026-03-02T19:30:44+00:00","author":"Erik Medina","twitter_card":"summary_large_image","twitter_misc":{"Written by":"Erik Medina","Est. reading time":"4 minutes"},"schema":{"@context":"https:\/\/schema.org","@graph":[{"@type":"Article","@id":"https:\/\/cnpem.br\/campinas-realiza-em-conjunto-semana-nacional-e-municipal-de-ciencia\/#article","isPartOf":{"@id":"https:\/\/cnpem.br\/campinas-realiza-em-conjunto-semana-nacional-e-municipal-de-ciencia\/"},"author":{"name":"Erik Medina","@id":"https:\/\/cnpem.br\/#\/schema\/person\/b957a8048be4b70d687484cae6b978ef"},"headline":"Campinas realiza em conjunto Semana Nacional e Municipal de Ci\u00eancia","datePublished":"2014-10-08T14:29:39+00:00","dateModified":"2026-03-02T19:30:44+00:00","mainEntityOfPage":{"@id":"https:\/\/cnpem.br\/campinas-realiza-em-conjunto-semana-nacional-e-municipal-de-ciencia\/"},"wordCount":877,"articleSection":["CNPEM na M\u00eddia"],"inLanguage":"en-US"},{"@type":"WebPage","@id":"https:\/\/cnpem.br\/campinas-realiza-em-conjunto-semana-nacional-e-municipal-de-ciencia\/","url":"https:\/\/cnpem.br\/campinas-realiza-em-conjunto-semana-nacional-e-municipal-de-ciencia\/","name":"Campinas realiza em conjunto Semana Nacional e Municipal de Ci\u00eancia - CNPEM","isPartOf":{"@id":"https:\/\/cnpem.br\/#website"},"datePublished":"2014-10-08T14:29:39+00:00","dateModified":"2026-03-02T19:30:44+00:00","author":{"@id":"https:\/\/cnpem.br\/#\/schema\/person\/b957a8048be4b70d687484cae6b978ef"},"breadcrumb":{"@id":"https:\/\/cnpem.br\/campinas-realiza-em-conjunto-semana-nacional-e-municipal-de-ciencia\/#breadcrumb"},"inLanguage":"en-US","potentialAction":[{"@type":"ReadAction","target":["https:\/\/cnpem.br\/campinas-realiza-em-conjunto-semana-nacional-e-municipal-de-ciencia\/"]}]},{"@type":"BreadcrumbList","@id":"https:\/\/cnpem.br\/campinas-realiza-em-conjunto-semana-nacional-e-municipal-de-ciencia\/#breadcrumb","itemListElement":[{"@type":"ListItem","position":1,"name":"In\u00edcio","item":"https:\/\/cnpem.br\/en\/"},{"@type":"ListItem","position":2,"name":"Campinas realiza em conjunto Semana Nacional e Municipal de Ci\u00eancia"}]},{"@type":"WebSite","@id":"https:\/\/cnpem.br\/#website","url":"https:\/\/cnpem.br\/","name":"Centro Nacional de Pesquisa em Energia e Materiais","description":"Centro Nacional de Pesquisa em Energia e Materiais","alternateName":"CNPEM","potentialAction":[{"@type":"SearchAction","target":{"@type":"EntryPoint","urlTemplate":"https:\/\/cnpem.br\/?s={search_term_string}"},"query-input":{"@type":"PropertyValueSpecification","valueRequired":true,"valueName":"search_term_string"}}],"inLanguage":"en-US"},{"@type":"Person","@id":"https:\/\/cnpem.br\/#\/schema\/person\/b957a8048be4b70d687484cae6b978ef","name":"Erik Medina","url":""}]}},"jetpack_featured_media_url":"","jetpack_sharing_enabled":true,"jetpack_shortlink":"https:\/\/wp.me\/per0Mi-2jx","_links":{"self":[{"href":"https:\/\/cnpem.br\/en\/wp-json\/wp\/v2\/posts\/8899","targetHints":{"allow":["GET"]}}],"collection":[{"href":"https:\/\/cnpem.br\/en\/wp-json\/wp\/v2\/posts"}],"about":[{"href":"https:\/\/cnpem.br\/en\/wp-json\/wp\/v2\/types\/post"}],"author":[{"embeddable":true,"href":"https:\/\/cnpem.br\/en\/wp-json\/wp\/v2\/users\/17"}],"replies":[{"embeddable":true,"href":"https:\/\/cnpem.br\/en\/wp-json\/wp\/v2\/comments?post=8899"}],"version-history":[{"count":0,"href":"https:\/\/cnpem.br\/en\/wp-json\/wp\/v2\/posts\/8899\/revisions"}],"wp:attachment":[{"href":"https:\/\/cnpem.br\/en\/wp-json\/wp\/v2\/media?parent=8899"}],"wp:term":[{"taxonomy":"category","embeddable":true,"href":"https:\/\/cnpem.br\/en\/wp-json\/wp\/v2\/categories?post=8899"},{"taxonomy":"post_tag","embeddable":true,"href":"https:\/\/cnpem.br\/en\/wp-json\/wp\/v2\/tags?post=8899"}],"curies":[{"name":"wp","href":"https:\/\/api.w.org\/{rel}","templated":true}]}}