{"id":8889,"date":"2014-10-01T14:59:40","date_gmt":"2014-10-01T17:59:40","guid":{"rendered":"https:\/\/www.cnpem.staging.wpengine.com\/?p=8889"},"modified":"2026-03-12T11:41:15","modified_gmt":"2026-03-12T14:41:15","slug":"programa-bolsas-de-verao-abre-inscricoes-para-estudantes-do-brasil-e-america-latina","status":"publish","type":"post","link":"https:\/\/cnpem.br\/en\/programa-bolsas-de-verao-abre-inscricoes-para-estudantes-do-brasil-e-america-latina\/","title":{"rendered":"Programa Bolsas de Ver\u00e3o abre inscri\u00e7\u00f5es para estudantes do Brasil e Am\u00e9rica Latina"},"content":{"rendered":"<p><a href=\"https:\/\/www.fapesb.ba.gov.br\/?p=16677\" target=\"_blank\" rel=\"noopener\">FAPESB<\/a>, em 24\/09\/2014<\/p>\n<p>&nbsp;<\/p>\n<p>Est\u00e3o abertas as inscri\u00e7\u00f5es para o 24\u00ba Programa Bolsas de Ver\u00e3o do CNPEM \u2013 Centro Nacional de Pesquisa em Energia em Materiais \u2013 destinado a incentivar a forma\u00e7\u00e3o de recursos humanos para atuar em Ci\u00eancia, Tecnologia e Inova\u00e7\u00e3o.\u00a0Poder\u00e3o se habilitar estudantes universit\u00e1rios com bom n\u00edvel de desempenho acad\u00eamico, matriculados em cursos das \u00e1reas de Ci\u00eancias da Vida e Ci\u00eancias Exatas de institui\u00e7\u00f5es da Am\u00e9rica Latina e Caribe.<\/p>\n<p>Os benef\u00edcios concedidos aos participantes do Programa incluem passagem de ida e volta desde o local de origem do estudante, hospedagem, alimenta\u00e7\u00e3o, seguro-m\u00e9dico e traslados di\u00e1rios entre o local da hospedagem e o campus do CNPEM. O prazo para se inscrever vai at\u00e9\u00a0<strong>20 de outubro<\/strong>.<\/p>\n<p>Os candidatos selecionados passar\u00e3o os meses de janeiro e fevereiro de 2015 realizando projeto cient\u00edfico ou tecnol\u00f3gico em um dos quatro Laborat\u00f3rios Nacionais que o CNPEM opera para o Minist\u00e9rio da Ci\u00eancia, Tecnologia e Inova\u00e7\u00e3o, em Campinas, S\u00e3o Paulo. S\u00e3o eles o Laborat\u00f3rio Nacional de Luz Sincrotron (LNLS), o Laborat\u00f3rio Nacional de Bioci\u00eancias (LNBio), o Laborat\u00f3rio Nacional de Ci\u00eancia e Tecnologia do Bioetanol (CTBE) e o Laborat\u00f3rio Nacional de Nanotecnologia (LNNano).<\/p>\n<p>Informa\u00e7\u00f5es completas sobre o 24\u00ba Programa Bolsas de Ver\u00e3o do CNPEM est\u00e3o em\u00a0<a title=\"www.cnpem.staging.wpengine.com\/bolsasdeverao\" href=\"https:\/\/www.cnpem.staging.wpengine.com\/bolsasdeverao\" target=\"_blank\" rel=\"noopener\">https:\/\/www.cnpem.staging.wpengine.com\/bolsasdeverao<\/a>.<\/p>\n<p><strong>Sobre o CNPEM<\/strong><br \/>\nO Centro Nacional de Pesquisa em Energia e Materiais (CNPEM) \u00e9 uma organiza\u00e7\u00e3o social qualificada pelo Minist\u00e9rio da Ci\u00eancia, Tecnologia e Inova\u00e7\u00e3o (MCTI). Localizado em Campinas-SP, possui quatro laborat\u00f3rios refer\u00eancias mundiais e abertos \u00e0 comunidade cient\u00edfica e empresarial. O Laborat\u00f3rio Nacional de Luz Sincrotron (LNLS) opera a \u00fanica fonte de luz Sincrotron da Am\u00e9rica Latina e est\u00e1, nesse momento, construindo Sirius, o novo acelerador brasileiro, de terceira gera\u00e7\u00e3o, para an\u00e1lise dos mais diversos tipos de materiais, org\u00e2nicos e inorg\u00e2nicos; o Laborat\u00f3rio Nacional de Bioci\u00eancias (LNBio) desenvolve pesquisas em \u00e1reas de fronteira da Bioci\u00eancia, com foco em biotecnologia e f\u00e1rmacos; o Laborat\u00f3rio Nacional de Ci\u00eancia e Tecnologia de Bioetanol (CTBE) investiga novas tecnologias para a produ\u00e7\u00e3o de etanol celul\u00f3sico; e o Laborat\u00f3rio Nacional de Nanotecnologia (LNNano) realiza pesquisas com materiais avan\u00e7ados, com grande potencial econ\u00f4mico para o pa\u00eds.<\/p>\n<p>Os quatro Laborat\u00f3rios t\u00eam, ainda, projetos pr\u00f3prios de pesquisa e participam da agenda transversal de investiga\u00e7\u00e3o coordenada pelo CNPEM, que articula instala\u00e7\u00f5es e compet\u00eancias cient\u00edficas em torno de temas estrat\u00e9gicos.<\/p>\n","protected":false},"excerpt":{"rendered":"<p>FAPESB, em 24\/09\/2014 &nbsp; Est\u00e3o abertas as inscri\u00e7\u00f5es para o 24\u00ba Programa Bolsas de Ver\u00e3o do CNPEM \u2013 Centro Nacional de Pesquisa em Energia em Materiais \u2013 destinado a incentivar&hellip;<\/p>\n","protected":false},"author":17,"featured_media":0,"comment_status":"closed","ping_status":"closed","sticky":false,"template":"","format":"standard","meta":{"_acf_changed":false,"_jetpack_newsletter_access":"","_jetpack_dont_email_post_to_subs":false,"_jetpack_newsletter_tier_id":0,"_jetpack_memberships_contains_paywalled_content":false,"_jetpack_memberships_contains_paid_content":false,"footnotes":"","_links_to":"","_links_to_target":""},"categories":[1163,4],"tags":[],"class_list":["post-8889","post","type-post","status-publish","format-standard","hentry","category-clipping-cnpem","category-oportunidades","category-1163","category-4","description-off"],"acf":[],"yoast_head":"<!-- This site is optimized with the Yoast SEO plugin v27.4 - https:\/\/yoast.com\/product\/yoast-seo-wordpress\/ -->\n<title>Programa Bolsas de Ver\u00e3o abre inscri\u00e7\u00f5es para estudantes do Brasil e Am\u00e9rica Latina - CNPEM<\/title>\n<meta name=\"robots\" content=\"index, follow, max-snippet:-1, max-image-preview:large, max-video-preview:-1\" \/>\n<link rel=\"canonical\" href=\"https:\/\/cnpem.br\/programa-bolsas-de-verao-abre-inscricoes-para-estudantes-do-brasil-e-america-latina\/\" \/>\n<meta property=\"og:locale\" content=\"en_US\" \/>\n<meta property=\"og:type\" content=\"article\" \/>\n<meta property=\"og:title\" content=\"Programa Bolsas de Ver\u00e3o abre inscri\u00e7\u00f5es para estudantes do Brasil e Am\u00e9rica Latina - CNPEM\" \/>\n<meta property=\"og:description\" content=\"FAPESB, em 24\/09\/2014 &nbsp; Est\u00e3o abertas as inscri\u00e7\u00f5es para o 24\u00ba Programa Bolsas de Ver\u00e3o do CNPEM \u2013 Centro Nacional de Pesquisa em Energia em Materiais \u2013 destinado a incentivar&hellip;\" \/>\n<meta property=\"og:url\" content=\"https:\/\/cnpem.br\/programa-bolsas-de-verao-abre-inscricoes-para-estudantes-do-brasil-e-america-latina\/\" \/>\n<meta property=\"og:site_name\" content=\"CNPEM\" \/>\n<meta property=\"article:published_time\" content=\"2014-10-01T17:59:40+00:00\" \/>\n<meta property=\"article:modified_time\" content=\"2026-03-12T14:41:15+00:00\" \/>\n<meta name=\"author\" content=\"Erik Medina\" \/>\n<meta name=\"twitter:card\" content=\"summary_large_image\" \/>\n<meta name=\"twitter:label1\" content=\"Written by\" \/>\n\t<meta name=\"twitter:data1\" content=\"Erik Medina\" \/>\n\t<meta name=\"twitter:label2\" content=\"Est. reading time\" \/>\n\t<meta name=\"twitter:data2\" content=\"2 minutes\" \/>\n<script type=\"application\/ld+json\" class=\"yoast-schema-graph\">{\"@context\":\"https:\\\/\\\/schema.org\",\"@graph\":[{\"@type\":\"Article\",\"@id\":\"https:\\\/\\\/cnpem.br\\\/programa-bolsas-de-verao-abre-inscricoes-para-estudantes-do-brasil-e-america-latina\\\/#article\",\"isPartOf\":{\"@id\":\"https:\\\/\\\/cnpem.br\\\/programa-bolsas-de-verao-abre-inscricoes-para-estudantes-do-brasil-e-america-latina\\\/\"},\"author\":{\"name\":\"Erik Medina\",\"@id\":\"https:\\\/\\\/cnpem.br\\\/#\\\/schema\\\/person\\\/b957a8048be4b70d687484cae6b978ef\"},\"headline\":\"Programa Bolsas de Ver\u00e3o abre inscri\u00e7\u00f5es para estudantes do Brasil e Am\u00e9rica Latina\",\"datePublished\":\"2014-10-01T17:59:40+00:00\",\"dateModified\":\"2026-03-12T14:41:15+00:00\",\"mainEntityOfPage\":{\"@id\":\"https:\\\/\\\/cnpem.br\\\/programa-bolsas-de-verao-abre-inscricoes-para-estudantes-do-brasil-e-america-latina\\\/\"},\"wordCount\":455,\"articleSection\":[\"CNPEM na M\u00eddia\",\"Oportunidades\"],\"inLanguage\":\"en-US\"},{\"@type\":\"WebPage\",\"@id\":\"https:\\\/\\\/cnpem.br\\\/programa-bolsas-de-verao-abre-inscricoes-para-estudantes-do-brasil-e-america-latina\\\/\",\"url\":\"https:\\\/\\\/cnpem.br\\\/programa-bolsas-de-verao-abre-inscricoes-para-estudantes-do-brasil-e-america-latina\\\/\",\"name\":\"Programa Bolsas de Ver\u00e3o abre inscri\u00e7\u00f5es para estudantes do Brasil e Am\u00e9rica Latina - CNPEM\",\"isPartOf\":{\"@id\":\"https:\\\/\\\/cnpem.br\\\/#website\"},\"datePublished\":\"2014-10-01T17:59:40+00:00\",\"dateModified\":\"2026-03-12T14:41:15+00:00\",\"author\":{\"@id\":\"https:\\\/\\\/cnpem.br\\\/#\\\/schema\\\/person\\\/b957a8048be4b70d687484cae6b978ef\"},\"breadcrumb\":{\"@id\":\"https:\\\/\\\/cnpem.br\\\/programa-bolsas-de-verao-abre-inscricoes-para-estudantes-do-brasil-e-america-latina\\\/#breadcrumb\"},\"inLanguage\":\"en-US\",\"potentialAction\":[{\"@type\":\"ReadAction\",\"target\":[\"https:\\\/\\\/cnpem.br\\\/programa-bolsas-de-verao-abre-inscricoes-para-estudantes-do-brasil-e-america-latina\\\/\"]}]},{\"@type\":\"BreadcrumbList\",\"@id\":\"https:\\\/\\\/cnpem.br\\\/programa-bolsas-de-verao-abre-inscricoes-para-estudantes-do-brasil-e-america-latina\\\/#breadcrumb\",\"itemListElement\":[{\"@type\":\"ListItem\",\"position\":1,\"name\":\"In\u00edcio\",\"item\":\"https:\\\/\\\/cnpem.br\\\/en\\\/\"},{\"@type\":\"ListItem\",\"position\":2,\"name\":\"Programa Bolsas de Ver\u00e3o abre inscri\u00e7\u00f5es para estudantes do Brasil e Am\u00e9rica Latina\"}]},{\"@type\":\"WebSite\",\"@id\":\"https:\\\/\\\/cnpem.br\\\/#website\",\"url\":\"https:\\\/\\\/cnpem.br\\\/\",\"name\":\"Centro Nacional de Pesquisa em Energia e Materiais\",\"description\":\"Centro Nacional de Pesquisa em Energia e Materiais\",\"alternateName\":\"CNPEM\",\"potentialAction\":[{\"@type\":\"SearchAction\",\"target\":{\"@type\":\"EntryPoint\",\"urlTemplate\":\"https:\\\/\\\/cnpem.br\\\/?s={search_term_string}\"},\"query-input\":{\"@type\":\"PropertyValueSpecification\",\"valueRequired\":true,\"valueName\":\"search_term_string\"}}],\"inLanguage\":\"en-US\"},{\"@type\":\"Person\",\"@id\":\"https:\\\/\\\/cnpem.br\\\/#\\\/schema\\\/person\\\/b957a8048be4b70d687484cae6b978ef\",\"name\":\"Erik Medina\",\"url\":\"\"}]}<\/script>\n<!-- \/ Yoast SEO plugin. -->","yoast_head_json":{"title":"Programa Bolsas de Ver\u00e3o abre inscri\u00e7\u00f5es para estudantes do Brasil e Am\u00e9rica Latina - CNPEM","robots":{"index":"index","follow":"follow","max-snippet":"max-snippet:-1","max-image-preview":"max-image-preview:large","max-video-preview":"max-video-preview:-1"},"canonical":"https:\/\/cnpem.br\/programa-bolsas-de-verao-abre-inscricoes-para-estudantes-do-brasil-e-america-latina\/","og_locale":"en_US","og_type":"article","og_title":"Programa Bolsas de Ver\u00e3o abre inscri\u00e7\u00f5es para estudantes do Brasil e Am\u00e9rica Latina - CNPEM","og_description":"FAPESB, em 24\/09\/2014 &nbsp; Est\u00e3o abertas as inscri\u00e7\u00f5es para o 24\u00ba Programa Bolsas de Ver\u00e3o do CNPEM \u2013 Centro Nacional de Pesquisa em Energia em Materiais \u2013 destinado a incentivar&hellip;","og_url":"https:\/\/cnpem.br\/programa-bolsas-de-verao-abre-inscricoes-para-estudantes-do-brasil-e-america-latina\/","og_site_name":"CNPEM","article_published_time":"2014-10-01T17:59:40+00:00","article_modified_time":"2026-03-12T14:41:15+00:00","author":"Erik Medina","twitter_card":"summary_large_image","twitter_misc":{"Written by":"Erik Medina","Est. reading time":"2 minutes"},"schema":{"@context":"https:\/\/schema.org","@graph":[{"@type":"Article","@id":"https:\/\/cnpem.br\/programa-bolsas-de-verao-abre-inscricoes-para-estudantes-do-brasil-e-america-latina\/#article","isPartOf":{"@id":"https:\/\/cnpem.br\/programa-bolsas-de-verao-abre-inscricoes-para-estudantes-do-brasil-e-america-latina\/"},"author":{"name":"Erik Medina","@id":"https:\/\/cnpem.br\/#\/schema\/person\/b957a8048be4b70d687484cae6b978ef"},"headline":"Programa Bolsas de Ver\u00e3o abre inscri\u00e7\u00f5es para estudantes do Brasil e Am\u00e9rica Latina","datePublished":"2014-10-01T17:59:40+00:00","dateModified":"2026-03-12T14:41:15+00:00","mainEntityOfPage":{"@id":"https:\/\/cnpem.br\/programa-bolsas-de-verao-abre-inscricoes-para-estudantes-do-brasil-e-america-latina\/"},"wordCount":455,"articleSection":["CNPEM na M\u00eddia","Oportunidades"],"inLanguage":"en-US"},{"@type":"WebPage","@id":"https:\/\/cnpem.br\/programa-bolsas-de-verao-abre-inscricoes-para-estudantes-do-brasil-e-america-latina\/","url":"https:\/\/cnpem.br\/programa-bolsas-de-verao-abre-inscricoes-para-estudantes-do-brasil-e-america-latina\/","name":"Programa Bolsas de Ver\u00e3o abre inscri\u00e7\u00f5es para estudantes do Brasil e Am\u00e9rica Latina - CNPEM","isPartOf":{"@id":"https:\/\/cnpem.br\/#website"},"datePublished":"2014-10-01T17:59:40+00:00","dateModified":"2026-03-12T14:41:15+00:00","author":{"@id":"https:\/\/cnpem.br\/#\/schema\/person\/b957a8048be4b70d687484cae6b978ef"},"breadcrumb":{"@id":"https:\/\/cnpem.br\/programa-bolsas-de-verao-abre-inscricoes-para-estudantes-do-brasil-e-america-latina\/#breadcrumb"},"inLanguage":"en-US","potentialAction":[{"@type":"ReadAction","target":["https:\/\/cnpem.br\/programa-bolsas-de-verao-abre-inscricoes-para-estudantes-do-brasil-e-america-latina\/"]}]},{"@type":"BreadcrumbList","@id":"https:\/\/cnpem.br\/programa-bolsas-de-verao-abre-inscricoes-para-estudantes-do-brasil-e-america-latina\/#breadcrumb","itemListElement":[{"@type":"ListItem","position":1,"name":"In\u00edcio","item":"https:\/\/cnpem.br\/en\/"},{"@type":"ListItem","position":2,"name":"Programa Bolsas de Ver\u00e3o abre inscri\u00e7\u00f5es para estudantes do Brasil e Am\u00e9rica Latina"}]},{"@type":"WebSite","@id":"https:\/\/cnpem.br\/#website","url":"https:\/\/cnpem.br\/","name":"Centro Nacional de Pesquisa em Energia e Materiais","description":"Centro Nacional de Pesquisa em Energia e Materiais","alternateName":"CNPEM","potentialAction":[{"@type":"SearchAction","target":{"@type":"EntryPoint","urlTemplate":"https:\/\/cnpem.br\/?s={search_term_string}"},"query-input":{"@type":"PropertyValueSpecification","valueRequired":true,"valueName":"search_term_string"}}],"inLanguage":"en-US"},{"@type":"Person","@id":"https:\/\/cnpem.br\/#\/schema\/person\/b957a8048be4b70d687484cae6b978ef","name":"Erik Medina","url":""}]}},"jetpack_featured_media_url":"","jetpack_sharing_enabled":true,"jetpack_shortlink":"https:\/\/wp.me\/per0Mi-2jn","_links":{"self":[{"href":"https:\/\/cnpem.br\/en\/wp-json\/wp\/v2\/posts\/8889","targetHints":{"allow":["GET"]}}],"collection":[{"href":"https:\/\/cnpem.br\/en\/wp-json\/wp\/v2\/posts"}],"about":[{"href":"https:\/\/cnpem.br\/en\/wp-json\/wp\/v2\/types\/post"}],"author":[{"embeddable":true,"href":"https:\/\/cnpem.br\/en\/wp-json\/wp\/v2\/users\/17"}],"replies":[{"embeddable":true,"href":"https:\/\/cnpem.br\/en\/wp-json\/wp\/v2\/comments?post=8889"}],"version-history":[{"count":0,"href":"https:\/\/cnpem.br\/en\/wp-json\/wp\/v2\/posts\/8889\/revisions"}],"wp:attachment":[{"href":"https:\/\/cnpem.br\/en\/wp-json\/wp\/v2\/media?parent=8889"}],"wp:term":[{"taxonomy":"category","embeddable":true,"href":"https:\/\/cnpem.br\/en\/wp-json\/wp\/v2\/categories?post=8889"},{"taxonomy":"post_tag","embeddable":true,"href":"https:\/\/cnpem.br\/en\/wp-json\/wp\/v2\/tags?post=8889"}],"curies":[{"name":"wp","href":"https:\/\/api.w.org\/{rel}","templated":true}]}}