{"id":8881,"date":"2014-10-01T14:42:19","date_gmt":"2014-10-01T17:42:19","guid":{"rendered":"https:\/\/www.cnpem.staging.wpengine.com\/?p=8881"},"modified":"2022-01-21T17:04:23","modified_gmt":"2022-01-21T20:04:23","slug":"instituicoes-de-pesquisa-reforcam-programacao-da-snct-2014-em-campinas-sp","status":"publish","type":"post","link":"https:\/\/cnpem.br\/en\/instituicoes-de-pesquisa-reforcam-programacao-da-snct-2014-em-campinas-sp\/","title":{"rendered":"Institui\u00e7\u00f5es de pesquisa refor\u00e7am programa\u00e7\u00e3o da SNCT 2014 em Campinas (SP)"},"content":{"rendered":"<div>\n<p><a href=\"https:\/\/www.brasil.gov.br\/ciencia-e-tecnologia\/2014\/09\/instituicoes-de-pesquisa-reforcam-programacao-da-snct-2014\" target=\"_blank\" rel=\"noopener\">Portal Brasil<\/a>, em 30\/09\/2014<\/p>\n<p>&nbsp;<\/p>\n<p><em>Centro de Tecnologia da Informa\u00e7\u00e3o Renato Archer e o Centro Nacional de Pesquisa em Energia e Materiais organizam e participam de atividades, entre 13 e 19 de outubro<\/em><\/p>\n<p>&nbsp;<\/p>\n<p>Campinas (SP) se prepara para a realiza\u00e7\u00e3o da 2\u00aa Semana Municipal de Ci\u00eancia e Tecnologia, a ser realizada de 13 a 19 de outubro como parte da programa\u00e7\u00e3o da 11\u00aa Semana Nacional de Ci\u00eancia e Tecnologia (SNCT 2014). No munic\u00edpio paulista, as institui\u00e7\u00f5es e empresas envolvidas participar\u00e3o de atividades centralizadas em uma mostra, a ser realizada no Museu Explorat\u00f3rio de Ci\u00eancias da Universidade Estadual de Campinas (Unicamp).<\/p>\n<div>\n<p>O evento contar\u00e1 com cinco tendas instaladas ao redor do Museu, com diversas atividades simult\u00e2neas, que ir\u00e3o ocorrer de segunda (13) a sexta-feira (17), das 8h30 \u00e0s 17h. Um espa\u00e7o ser\u00e1 destinado \u00e0s institui\u00e7\u00f5es tradicionais de ci\u00eancia e tecnologia, como \u00e9 o caso do Centro de Tecnologia da Informa\u00e7\u00e3o Renato Archer (CTI), unidade ligada ao Minist\u00e9rio da Ci\u00eancia, Tecnologia e Inova\u00e7\u00e3o (MCTI).<\/p>\n<p>Em sintonia com o tema &#8220;Ci\u00eancia e tecnologia para o desenvolvimento social&#8221;, \u00a0a institui\u00e7\u00e3o preparou atividades voltadas para estudantes de diversas faixas et\u00e1rias e contextos sociais a serem promovidas nas depend\u00eancias do CTI. Neste sentido, o instituto vai apostar, neste ano, na realiza\u00e7\u00e3o de oficinas em \u00e1reas como microeletr\u00f4nica, f\u00edsica, software livre, linguagens de programa\u00e7\u00e3o, ve\u00edculos a\u00e9reos n\u00e3o-tripulados (Vant) tecnologia assistiva e acessibilidade.<\/p>\n<p>&#8220;A ideia foi adotar um formato inovador em rela\u00e7\u00e3o aos outros anos e, no lugar da exposi\u00e7\u00e3o e visita aos laborat\u00f3rios, vamos oferecer a oportunidade para o p\u00fablico adquirir conhecimento cient\u00edfico de forma l\u00fadica e interativa. A oficina d\u00e1 a possibilidade de os alunos participarem de forma mais ativa&#8221;, explica a chefe da divis\u00e3o de rela\u00e7\u00f5es institucionais do CTI, Fabiana Bonilha.<\/p>\n<p>A programa\u00e7\u00e3o tamb\u00e9m inclui atividades culturais, com o prop\u00f3sito de acolher os presentes e de possibilitar o acesso a diferentes manifesta\u00e7\u00f5es art\u00edsticas. O planejamento e a execu\u00e7\u00e3o do evento conta com a participa\u00e7\u00e3o Complexo Tecnol\u00f3gico Educacional &#8211; que abrange o CTI Renato Archer, o Centro Nacional de Refer\u00eancia em Tecnologia Assistiva (CNRTA), o Instituto Federal de Ci\u00eancia e Tecnologia (IFSP) e a Funda\u00e7\u00e3o de Capacita\u00e7\u00e3o \u00e0 Tecnologia da Informa\u00e7\u00e3o (Facti).<\/p>\n<p><strong>Programa\u00e7\u00e3o no Cnpem<\/strong><\/p>\n<p>A\u00a0<a title=\"\" href=\"https:\/\/www.cti.gov.br\/snct2014\" target=\"_self\" rel=\"noopener\">programa\u00e7\u00e3o<\/a>\u00a0da 2\u00aa Semana Municipal de Ci\u00eancia e Tecnologia conta com visitas ao campus do Centro Nacional de Pesquisa em Energia e Materiais (Cnpem). Nos dias 13,15 e 17 outubro, os alunos do ensino m\u00e9dio de Campinas poder\u00e3o conferir o \u00fanico acelerador de part\u00edculas da Am\u00e9rica Latina, no Laborat\u00f3rio Nacional de Luz S\u00edncroton (LNLS) e a planta piloto para o Desenvolvimento de Processos do Laborat\u00f3rio Nacional de Ci\u00eancia e Tecnologia de Bioetanol (CTBE) \u2013 que investiga novas tecnologias para a produ\u00e7\u00e3o de etanol celul\u00f3sico.<\/p>\n<\/div>\n<\/div>\n<div><strong><br \/>\n<\/strong><\/div>\n<div><strong>Sobre a\u00a0SNCT<\/strong><\/div>\n<p>A Semana Nacional de Ci\u00eancia e Tecnologia \u00e9 coordenada pelo MCTI, por meio da Secretaria de Ci\u00eancia e Tecnologia para Inclus\u00e3o Social (Secis). Nesta 11\u00aa edi\u00e7\u00e3o, em\u00a02014, o evento traz como tem\u00e1tica &#8220;Ci\u00eancia e tecnologia para o desenvolvimento social&#8221;.<\/p>\n<p>A programa\u00e7\u00e3o nacional realizada anualmente busca democratizar o acesso ao conhecimento cient\u00edfico e aproximar a popula\u00e7\u00e3o da ci\u00eancia e da tecnologia, promovendo e estimulando atividades de educa\u00e7\u00e3o cient\u00edfica.<\/p>\n<p>A realiza\u00e7\u00e3o da Semana conta com a colabora\u00e7\u00e3o do setor p\u00fablico e privado, de funda\u00e7\u00f5es de apoio \u00e0 pesquisa, de entidades e institui\u00e7\u00f5es de ensino, divulga\u00e7\u00e3o e pesquisa, al\u00e9m de secretarias estaduais e municipais.<\/p>\n<p>Acesse o site da SNCT 2014:\u00a0<a href=\"https:\/\/semanact.mcti.gov.br\/\" target=\"_blank\" rel=\"noopener\">semanact.mcti.gov.br<\/a>.<\/p>\n","protected":false},"excerpt":{"rendered":"<p>Portal Brasil, em 30\/09\/2014 &nbsp; Centro de Tecnologia da Informa\u00e7\u00e3o Renato Archer e o Centro Nacional de Pesquisa em Energia e Materiais organizam e participam de atividades, entre 13 e&hellip;<\/p>\n","protected":false},"author":17,"featured_media":0,"comment_status":"closed","ping_status":"closed","sticky":false,"template":"","format":"standard","meta":{"_acf_changed":false,"_jetpack_newsletter_access":"","_jetpack_dont_email_post_to_subs":false,"_jetpack_newsletter_tier_id":0,"_jetpack_memberships_contains_paywalled_content":false,"_jetpack_memberships_contains_paid_content":false,"footnotes":"","_links_to":"","_links_to_target":""},"categories":[1163],"tags":[],"class_list":["post-8881","post","type-post","status-publish","format-standard","hentry","category-clipping-cnpem","category-1163","description-off"],"acf":[],"yoast_head":"<!-- This site is optimized with the Yoast SEO plugin v27.5 - https:\/\/yoast.com\/product\/yoast-seo-wordpress\/ -->\n<title>Institui\u00e7\u00f5es de pesquisa refor\u00e7am programa\u00e7\u00e3o da SNCT 2014 em Campinas (SP) - CNPEM<\/title>\n<meta name=\"robots\" content=\"index, follow, max-snippet:-1, max-image-preview:large, max-video-preview:-1\" \/>\n<link rel=\"canonical\" href=\"https:\/\/cnpem.br\/instituicoes-de-pesquisa-reforcam-programacao-da-snct-2014-em-campinas-sp\/\" \/>\n<meta property=\"og:locale\" content=\"en_US\" \/>\n<meta property=\"og:type\" content=\"article\" \/>\n<meta property=\"og:title\" content=\"Institui\u00e7\u00f5es de pesquisa refor\u00e7am programa\u00e7\u00e3o da SNCT 2014 em Campinas (SP) - CNPEM\" \/>\n<meta property=\"og:description\" content=\"Portal Brasil, em 30\/09\/2014 &nbsp; Centro de Tecnologia da Informa\u00e7\u00e3o Renato Archer e o Centro Nacional de Pesquisa em Energia e Materiais organizam e participam de atividades, entre 13 e&hellip;\" \/>\n<meta property=\"og:url\" content=\"https:\/\/cnpem.br\/instituicoes-de-pesquisa-reforcam-programacao-da-snct-2014-em-campinas-sp\/\" \/>\n<meta property=\"og:site_name\" content=\"CNPEM\" \/>\n<meta property=\"article:published_time\" content=\"2014-10-01T17:42:19+00:00\" \/>\n<meta property=\"article:modified_time\" content=\"2022-01-21T20:04:23+00:00\" \/>\n<meta name=\"author\" content=\"Erik Medina\" \/>\n<meta name=\"twitter:card\" content=\"summary_large_image\" \/>\n<meta name=\"twitter:label1\" content=\"Written by\" \/>\n\t<meta name=\"twitter:data1\" content=\"Erik Medina\" \/>\n\t<meta name=\"twitter:label2\" content=\"Est. reading time\" \/>\n\t<meta name=\"twitter:data2\" content=\"3 minutes\" \/>\n<script type=\"application\/ld+json\" class=\"yoast-schema-graph\">{\"@context\":\"https:\\\/\\\/schema.org\",\"@graph\":[{\"@type\":\"Article\",\"@id\":\"https:\\\/\\\/cnpem.br\\\/instituicoes-de-pesquisa-reforcam-programacao-da-snct-2014-em-campinas-sp\\\/#article\",\"isPartOf\":{\"@id\":\"https:\\\/\\\/cnpem.br\\\/instituicoes-de-pesquisa-reforcam-programacao-da-snct-2014-em-campinas-sp\\\/\"},\"author\":{\"name\":\"Erik Medina\",\"@id\":\"https:\\\/\\\/cnpem.br\\\/#\\\/schema\\\/person\\\/b957a8048be4b70d687484cae6b978ef\"},\"headline\":\"Institui\u00e7\u00f5es de pesquisa refor\u00e7am programa\u00e7\u00e3o da SNCT 2014 em Campinas (SP)\",\"datePublished\":\"2014-10-01T17:42:19+00:00\",\"dateModified\":\"2022-01-21T20:04:23+00:00\",\"mainEntityOfPage\":{\"@id\":\"https:\\\/\\\/cnpem.br\\\/instituicoes-de-pesquisa-reforcam-programacao-da-snct-2014-em-campinas-sp\\\/\"},\"wordCount\":635,\"articleSection\":[\"CNPEM na M\u00eddia\"],\"inLanguage\":\"en-US\"},{\"@type\":\"WebPage\",\"@id\":\"https:\\\/\\\/cnpem.br\\\/instituicoes-de-pesquisa-reforcam-programacao-da-snct-2014-em-campinas-sp\\\/\",\"url\":\"https:\\\/\\\/cnpem.br\\\/instituicoes-de-pesquisa-reforcam-programacao-da-snct-2014-em-campinas-sp\\\/\",\"name\":\"Institui\u00e7\u00f5es de pesquisa refor\u00e7am programa\u00e7\u00e3o da SNCT 2014 em Campinas (SP) - CNPEM\",\"isPartOf\":{\"@id\":\"https:\\\/\\\/cnpem.br\\\/#website\"},\"datePublished\":\"2014-10-01T17:42:19+00:00\",\"dateModified\":\"2022-01-21T20:04:23+00:00\",\"author\":{\"@id\":\"https:\\\/\\\/cnpem.br\\\/#\\\/schema\\\/person\\\/b957a8048be4b70d687484cae6b978ef\"},\"breadcrumb\":{\"@id\":\"https:\\\/\\\/cnpem.br\\\/instituicoes-de-pesquisa-reforcam-programacao-da-snct-2014-em-campinas-sp\\\/#breadcrumb\"},\"inLanguage\":\"en-US\",\"potentialAction\":[{\"@type\":\"ReadAction\",\"target\":[\"https:\\\/\\\/cnpem.br\\\/instituicoes-de-pesquisa-reforcam-programacao-da-snct-2014-em-campinas-sp\\\/\"]}]},{\"@type\":\"BreadcrumbList\",\"@id\":\"https:\\\/\\\/cnpem.br\\\/instituicoes-de-pesquisa-reforcam-programacao-da-snct-2014-em-campinas-sp\\\/#breadcrumb\",\"itemListElement\":[{\"@type\":\"ListItem\",\"position\":1,\"name\":\"In\u00edcio\",\"item\":\"https:\\\/\\\/cnpem.br\\\/en\\\/\"},{\"@type\":\"ListItem\",\"position\":2,\"name\":\"Institui\u00e7\u00f5es de pesquisa refor\u00e7am programa\u00e7\u00e3o da SNCT 2014 em Campinas (SP)\"}]},{\"@type\":\"WebSite\",\"@id\":\"https:\\\/\\\/cnpem.br\\\/#website\",\"url\":\"https:\\\/\\\/cnpem.br\\\/\",\"name\":\"Centro Nacional de Pesquisa em Energia e Materiais\",\"description\":\"Centro Nacional de Pesquisa em Energia e Materiais\",\"alternateName\":\"CNPEM\",\"potentialAction\":[{\"@type\":\"SearchAction\",\"target\":{\"@type\":\"EntryPoint\",\"urlTemplate\":\"https:\\\/\\\/cnpem.br\\\/?s={search_term_string}\"},\"query-input\":{\"@type\":\"PropertyValueSpecification\",\"valueRequired\":true,\"valueName\":\"search_term_string\"}}],\"inLanguage\":\"en-US\"},{\"@type\":\"Person\",\"@id\":\"https:\\\/\\\/cnpem.br\\\/#\\\/schema\\\/person\\\/b957a8048be4b70d687484cae6b978ef\",\"name\":\"Erik Medina\",\"url\":\"\"}]}<\/script>\n<!-- \/ Yoast SEO plugin. -->","yoast_head_json":{"title":"Institui\u00e7\u00f5es de pesquisa refor\u00e7am programa\u00e7\u00e3o da SNCT 2014 em Campinas (SP) - CNPEM","robots":{"index":"index","follow":"follow","max-snippet":"max-snippet:-1","max-image-preview":"max-image-preview:large","max-video-preview":"max-video-preview:-1"},"canonical":"https:\/\/cnpem.br\/instituicoes-de-pesquisa-reforcam-programacao-da-snct-2014-em-campinas-sp\/","og_locale":"en_US","og_type":"article","og_title":"Institui\u00e7\u00f5es de pesquisa refor\u00e7am programa\u00e7\u00e3o da SNCT 2014 em Campinas (SP) - CNPEM","og_description":"Portal Brasil, em 30\/09\/2014 &nbsp; Centro de Tecnologia da Informa\u00e7\u00e3o Renato Archer e o Centro Nacional de Pesquisa em Energia e Materiais organizam e participam de atividades, entre 13 e&hellip;","og_url":"https:\/\/cnpem.br\/instituicoes-de-pesquisa-reforcam-programacao-da-snct-2014-em-campinas-sp\/","og_site_name":"CNPEM","article_published_time":"2014-10-01T17:42:19+00:00","article_modified_time":"2022-01-21T20:04:23+00:00","author":"Erik Medina","twitter_card":"summary_large_image","twitter_misc":{"Written by":"Erik Medina","Est. reading time":"3 minutes"},"schema":{"@context":"https:\/\/schema.org","@graph":[{"@type":"Article","@id":"https:\/\/cnpem.br\/instituicoes-de-pesquisa-reforcam-programacao-da-snct-2014-em-campinas-sp\/#article","isPartOf":{"@id":"https:\/\/cnpem.br\/instituicoes-de-pesquisa-reforcam-programacao-da-snct-2014-em-campinas-sp\/"},"author":{"name":"Erik Medina","@id":"https:\/\/cnpem.br\/#\/schema\/person\/b957a8048be4b70d687484cae6b978ef"},"headline":"Institui\u00e7\u00f5es de pesquisa refor\u00e7am programa\u00e7\u00e3o da SNCT 2014 em Campinas (SP)","datePublished":"2014-10-01T17:42:19+00:00","dateModified":"2022-01-21T20:04:23+00:00","mainEntityOfPage":{"@id":"https:\/\/cnpem.br\/instituicoes-de-pesquisa-reforcam-programacao-da-snct-2014-em-campinas-sp\/"},"wordCount":635,"articleSection":["CNPEM na M\u00eddia"],"inLanguage":"en-US"},{"@type":"WebPage","@id":"https:\/\/cnpem.br\/instituicoes-de-pesquisa-reforcam-programacao-da-snct-2014-em-campinas-sp\/","url":"https:\/\/cnpem.br\/instituicoes-de-pesquisa-reforcam-programacao-da-snct-2014-em-campinas-sp\/","name":"Institui\u00e7\u00f5es de pesquisa refor\u00e7am programa\u00e7\u00e3o da SNCT 2014 em Campinas (SP) - CNPEM","isPartOf":{"@id":"https:\/\/cnpem.br\/#website"},"datePublished":"2014-10-01T17:42:19+00:00","dateModified":"2022-01-21T20:04:23+00:00","author":{"@id":"https:\/\/cnpem.br\/#\/schema\/person\/b957a8048be4b70d687484cae6b978ef"},"breadcrumb":{"@id":"https:\/\/cnpem.br\/instituicoes-de-pesquisa-reforcam-programacao-da-snct-2014-em-campinas-sp\/#breadcrumb"},"inLanguage":"en-US","potentialAction":[{"@type":"ReadAction","target":["https:\/\/cnpem.br\/instituicoes-de-pesquisa-reforcam-programacao-da-snct-2014-em-campinas-sp\/"]}]},{"@type":"BreadcrumbList","@id":"https:\/\/cnpem.br\/instituicoes-de-pesquisa-reforcam-programacao-da-snct-2014-em-campinas-sp\/#breadcrumb","itemListElement":[{"@type":"ListItem","position":1,"name":"In\u00edcio","item":"https:\/\/cnpem.br\/en\/"},{"@type":"ListItem","position":2,"name":"Institui\u00e7\u00f5es de pesquisa refor\u00e7am programa\u00e7\u00e3o da SNCT 2014 em Campinas (SP)"}]},{"@type":"WebSite","@id":"https:\/\/cnpem.br\/#website","url":"https:\/\/cnpem.br\/","name":"Centro Nacional de Pesquisa em Energia e Materiais","description":"Centro Nacional de Pesquisa em Energia e Materiais","alternateName":"CNPEM","potentialAction":[{"@type":"SearchAction","target":{"@type":"EntryPoint","urlTemplate":"https:\/\/cnpem.br\/?s={search_term_string}"},"query-input":{"@type":"PropertyValueSpecification","valueRequired":true,"valueName":"search_term_string"}}],"inLanguage":"en-US"},{"@type":"Person","@id":"https:\/\/cnpem.br\/#\/schema\/person\/b957a8048be4b70d687484cae6b978ef","name":"Erik Medina","url":""}]}},"jetpack_featured_media_url":"","jetpack_sharing_enabled":true,"jetpack_shortlink":"https:\/\/wp.me\/per0Mi-2jf","_links":{"self":[{"href":"https:\/\/cnpem.br\/en\/wp-json\/wp\/v2\/posts\/8881","targetHints":{"allow":["GET"]}}],"collection":[{"href":"https:\/\/cnpem.br\/en\/wp-json\/wp\/v2\/posts"}],"about":[{"href":"https:\/\/cnpem.br\/en\/wp-json\/wp\/v2\/types\/post"}],"author":[{"embeddable":true,"href":"https:\/\/cnpem.br\/en\/wp-json\/wp\/v2\/users\/17"}],"replies":[{"embeddable":true,"href":"https:\/\/cnpem.br\/en\/wp-json\/wp\/v2\/comments?post=8881"}],"version-history":[{"count":0,"href":"https:\/\/cnpem.br\/en\/wp-json\/wp\/v2\/posts\/8881\/revisions"}],"wp:attachment":[{"href":"https:\/\/cnpem.br\/en\/wp-json\/wp\/v2\/media?parent=8881"}],"wp:term":[{"taxonomy":"category","embeddable":true,"href":"https:\/\/cnpem.br\/en\/wp-json\/wp\/v2\/categories?post=8881"},{"taxonomy":"post_tag","embeddable":true,"href":"https:\/\/cnpem.br\/en\/wp-json\/wp\/v2\/tags?post=8881"}],"curies":[{"name":"wp","href":"https:\/\/api.w.org\/{rel}","templated":true}]}}