{"id":8647,"date":"2014-09-18T16:09:11","date_gmt":"2014-09-18T19:09:11","guid":{"rendered":"https:\/\/www.cnpem.staging.wpengine.com\/?p=8647"},"modified":"2022-11-10T16:03:31","modified_gmt":"2022-11-10T19:03:31","slug":"presenca-clusters-franceses-setor-quimica-verde-brasil","status":"publish","type":"post","link":"https:\/\/cnpem.br\/en\/presenca-clusters-franceses-setor-quimica-verde-brasil\/","title":{"rendered":"Presen\u00e7a de Clusters franceses do setor de qu\u00edmica verde no Brasil"},"content":{"rendered":"<p>TN Petr\u00f3leo, em 12\/09\/2014<\/p>\n<p>&nbsp;<\/p>\n<p>Com o apoio do Minist\u00e9rio franc\u00eas da Economia, Ind\u00fastria e Emprego (DGCIS) e da UBIFRANCE, em parceria com os polos de competitividade franceses do setor da Qu\u00edmica Verde, 14 empresas e o cluster IAR chegam ao Brasil para a Miss\u00e3o Qu\u00edmica Verde e Biocombust\u00edveis, entre os dias 22 e 26 de setembro.<\/p>\n<p>Para identificar, encontrar e desenvolver parcerias tecnol\u00f3gicas e industriais com empresas brasileiras, a delega\u00e7\u00e3o francesa ter\u00e1 uma agenda atribulada composta por reuni\u00f5es e visitas \u00e0s usinas de biomassa, etanol e a\u00e7\u00facar nos estados de S\u00e3o Paulo e Alagoas.<\/p>\n<p>A expectativa de concretizar parcerias franco-brasileiras \u00e9 grande por parte dos franceses, sendo o segundo ano consecutivo que as empresas v\u00eam ao Brasil para este fim.<\/p>\n<p>A miss\u00e3o come\u00e7ar\u00e1 com o lan\u00e7amento do Club IAR, do Polo de Competitividade Ind\u00fastria &amp; Agro-Recursos para a valoriza\u00e7\u00e3o da biomassa.<\/p>\n<p>Nele, a delega\u00e7\u00e3o francesa participar\u00e1 de rodadas de neg\u00f3cios para acelerar sua competitividade na \u00e1rea da bioeconomia em conjunto com as empresas brasileiras.<\/p>\n<p>A Secretaria de Inova\u00e7\u00e3o do Minist\u00e9rio do Desenvolvimento, Ind\u00fastria e Com\u00e9rcio Exterior do Brasil (MDIC) far\u00e1 uma apresenta\u00e7\u00e3o sobre as ferramentas franco-brasileiras de financiamento dedicadas aos projetos de Pesquisa, Desenvolvimento e Inova\u00e7\u00e3o no que tange a biotecnologia.<\/p>\n<p>Al\u00e9m disso, a delega\u00e7\u00e3o visitar\u00e1 no estado de S\u00e3o Paulo o Centro Tecnol\u00f3gico de Bio Etanol (CTBE), o Centro Tecnol\u00f3gico da Cana (CTC) e as usinas de a\u00e7\u00facar e etanol S\u00e3o Jo\u00e3o e Suzano.<\/p>\n<p>No estado de Alagoas, ser\u00e1 visitada a usina de etanol 2G Bioflex Agroindustrial e a Planta de etanol celul\u00f3sico, da empresa Granbio.<\/p>\n<p>Ademais das visitas \u00e0s usinas, o evento World Bio Markets Brasil, organizado pela Green Power Conferences, ser\u00e1 palco de encontros e debates entre os expositores franceses e brasileiros envolvidos com a bioeconomia inovadora.<\/p>\n<p>O evento acontecer\u00e1 no Hotel T\u00edvoli em S\u00e3o Paulo, entre os dias 24 e 26 de setembro.<\/p>\n<p>&nbsp;<\/p>\n<p><strong>Repercuss\u00e3o: <\/strong><a href=\"https:\/\/www.blogindustrial.com.br\/index.php\/tag\/meio-ambiente\/\">Brasil Industrial<\/a><\/p>\n","protected":false},"excerpt":{"rendered":"<p>TN Petr\u00f3leo, em 12\/09\/2014 &nbsp; Com o apoio do Minist\u00e9rio franc\u00eas da Economia, Ind\u00fastria e Emprego (DGCIS) e da UBIFRANCE, em parceria com os polos de competitividade franceses do setor&hellip;<\/p>\n","protected":false},"author":17,"featured_media":0,"comment_status":"closed","ping_status":"closed","sticky":false,"template":"","format":"standard","meta":{"_acf_changed":false,"_jetpack_newsletter_access":"","_jetpack_dont_email_post_to_subs":false,"_jetpack_newsletter_tier_id":0,"_jetpack_memberships_contains_paywalled_content":false,"_jetpack_memberships_contains_paid_content":false,"footnotes":"","_links_to":"","_links_to_target":""},"categories":[1163,1224],"tags":[],"class_list":["post-8647","post","type-post","status-publish","format-standard","hentry","category-clipping-cnpem","category-clipping-lnbr","category-1163","category-1224","description-off"],"acf":[],"yoast_head":"<!-- This site is optimized with the Yoast SEO plugin v27.5 - https:\/\/yoast.com\/product\/yoast-seo-wordpress\/ -->\n<title>Presen\u00e7a de Clusters franceses do setor de qu\u00edmica verde no Brasil - CNPEM<\/title>\n<meta name=\"robots\" content=\"index, follow, max-snippet:-1, max-image-preview:large, max-video-preview:-1\" \/>\n<link rel=\"canonical\" href=\"https:\/\/cnpem.br\/presenca-clusters-franceses-setor-quimica-verde-brasil\/\" \/>\n<meta property=\"og:locale\" content=\"en_US\" \/>\n<meta property=\"og:type\" content=\"article\" \/>\n<meta property=\"og:title\" content=\"Presen\u00e7a de Clusters franceses do setor de qu\u00edmica verde no Brasil - CNPEM\" \/>\n<meta property=\"og:description\" content=\"TN Petr\u00f3leo, em 12\/09\/2014 &nbsp; Com o apoio do Minist\u00e9rio franc\u00eas da Economia, Ind\u00fastria e Emprego (DGCIS) e da UBIFRANCE, em parceria com os polos de competitividade franceses do setor&hellip;\" \/>\n<meta property=\"og:url\" content=\"https:\/\/cnpem.br\/presenca-clusters-franceses-setor-quimica-verde-brasil\/\" \/>\n<meta property=\"og:site_name\" content=\"CNPEM\" \/>\n<meta property=\"article:published_time\" content=\"2014-09-18T19:09:11+00:00\" \/>\n<meta property=\"article:modified_time\" content=\"2022-11-10T19:03:31+00:00\" \/>\n<meta name=\"author\" content=\"Erik Medina\" \/>\n<meta name=\"twitter:card\" content=\"summary_large_image\" \/>\n<meta name=\"twitter:label1\" content=\"Written by\" \/>\n\t<meta name=\"twitter:data1\" content=\"Erik Medina\" \/>\n\t<meta name=\"twitter:label2\" content=\"Est. reading time\" \/>\n\t<meta name=\"twitter:data2\" content=\"2 minutes\" \/>\n<script type=\"application\/ld+json\" class=\"yoast-schema-graph\">{\"@context\":\"https:\\\/\\\/schema.org\",\"@graph\":[{\"@type\":\"Article\",\"@id\":\"https:\\\/\\\/cnpem.br\\\/presenca-clusters-franceses-setor-quimica-verde-brasil\\\/#article\",\"isPartOf\":{\"@id\":\"https:\\\/\\\/cnpem.br\\\/presenca-clusters-franceses-setor-quimica-verde-brasil\\\/\"},\"author\":{\"name\":\"Erik Medina\",\"@id\":\"https:\\\/\\\/cnpem.br\\\/#\\\/schema\\\/person\\\/b957a8048be4b70d687484cae6b978ef\"},\"headline\":\"Presen\u00e7a de Clusters franceses do setor de qu\u00edmica verde no Brasil\",\"datePublished\":\"2014-09-18T19:09:11+00:00\",\"dateModified\":\"2022-11-10T19:03:31+00:00\",\"mainEntityOfPage\":{\"@id\":\"https:\\\/\\\/cnpem.br\\\/presenca-clusters-franceses-setor-quimica-verde-brasil\\\/\"},\"wordCount\":357,\"articleSection\":[\"CNPEM na M\u00eddia\",\"LNBR na M\u00eddia\"],\"inLanguage\":\"en-US\"},{\"@type\":\"WebPage\",\"@id\":\"https:\\\/\\\/cnpem.br\\\/presenca-clusters-franceses-setor-quimica-verde-brasil\\\/\",\"url\":\"https:\\\/\\\/cnpem.br\\\/presenca-clusters-franceses-setor-quimica-verde-brasil\\\/\",\"name\":\"Presen\u00e7a de Clusters franceses do setor de qu\u00edmica verde no Brasil - CNPEM\",\"isPartOf\":{\"@id\":\"https:\\\/\\\/cnpem.br\\\/#website\"},\"datePublished\":\"2014-09-18T19:09:11+00:00\",\"dateModified\":\"2022-11-10T19:03:31+00:00\",\"author\":{\"@id\":\"https:\\\/\\\/cnpem.br\\\/#\\\/schema\\\/person\\\/b957a8048be4b70d687484cae6b978ef\"},\"breadcrumb\":{\"@id\":\"https:\\\/\\\/cnpem.br\\\/presenca-clusters-franceses-setor-quimica-verde-brasil\\\/#breadcrumb\"},\"inLanguage\":\"en-US\",\"potentialAction\":[{\"@type\":\"ReadAction\",\"target\":[\"https:\\\/\\\/cnpem.br\\\/presenca-clusters-franceses-setor-quimica-verde-brasil\\\/\"]}]},{\"@type\":\"BreadcrumbList\",\"@id\":\"https:\\\/\\\/cnpem.br\\\/presenca-clusters-franceses-setor-quimica-verde-brasil\\\/#breadcrumb\",\"itemListElement\":[{\"@type\":\"ListItem\",\"position\":1,\"name\":\"In\u00edcio\",\"item\":\"https:\\\/\\\/cnpem.br\\\/en\\\/\"},{\"@type\":\"ListItem\",\"position\":2,\"name\":\"Presen\u00e7a de Clusters franceses do setor de qu\u00edmica verde no Brasil\"}]},{\"@type\":\"WebSite\",\"@id\":\"https:\\\/\\\/cnpem.br\\\/#website\",\"url\":\"https:\\\/\\\/cnpem.br\\\/\",\"name\":\"Centro Nacional de Pesquisa em Energia e Materiais\",\"description\":\"Centro Nacional de Pesquisa em Energia e Materiais\",\"alternateName\":\"CNPEM\",\"potentialAction\":[{\"@type\":\"SearchAction\",\"target\":{\"@type\":\"EntryPoint\",\"urlTemplate\":\"https:\\\/\\\/cnpem.br\\\/?s={search_term_string}\"},\"query-input\":{\"@type\":\"PropertyValueSpecification\",\"valueRequired\":true,\"valueName\":\"search_term_string\"}}],\"inLanguage\":\"en-US\"},{\"@type\":\"Person\",\"@id\":\"https:\\\/\\\/cnpem.br\\\/#\\\/schema\\\/person\\\/b957a8048be4b70d687484cae6b978ef\",\"name\":\"Erik Medina\",\"url\":\"\"}]}<\/script>\n<!-- \/ Yoast SEO plugin. -->","yoast_head_json":{"title":"Presen\u00e7a de Clusters franceses do setor de qu\u00edmica verde no Brasil - CNPEM","robots":{"index":"index","follow":"follow","max-snippet":"max-snippet:-1","max-image-preview":"max-image-preview:large","max-video-preview":"max-video-preview:-1"},"canonical":"https:\/\/cnpem.br\/presenca-clusters-franceses-setor-quimica-verde-brasil\/","og_locale":"en_US","og_type":"article","og_title":"Presen\u00e7a de Clusters franceses do setor de qu\u00edmica verde no Brasil - CNPEM","og_description":"TN Petr\u00f3leo, em 12\/09\/2014 &nbsp; Com o apoio do Minist\u00e9rio franc\u00eas da Economia, Ind\u00fastria e Emprego (DGCIS) e da UBIFRANCE, em parceria com os polos de competitividade franceses do setor&hellip;","og_url":"https:\/\/cnpem.br\/presenca-clusters-franceses-setor-quimica-verde-brasil\/","og_site_name":"CNPEM","article_published_time":"2014-09-18T19:09:11+00:00","article_modified_time":"2022-11-10T19:03:31+00:00","author":"Erik Medina","twitter_card":"summary_large_image","twitter_misc":{"Written by":"Erik Medina","Est. reading time":"2 minutes"},"schema":{"@context":"https:\/\/schema.org","@graph":[{"@type":"Article","@id":"https:\/\/cnpem.br\/presenca-clusters-franceses-setor-quimica-verde-brasil\/#article","isPartOf":{"@id":"https:\/\/cnpem.br\/presenca-clusters-franceses-setor-quimica-verde-brasil\/"},"author":{"name":"Erik Medina","@id":"https:\/\/cnpem.br\/#\/schema\/person\/b957a8048be4b70d687484cae6b978ef"},"headline":"Presen\u00e7a de Clusters franceses do setor de qu\u00edmica verde no Brasil","datePublished":"2014-09-18T19:09:11+00:00","dateModified":"2022-11-10T19:03:31+00:00","mainEntityOfPage":{"@id":"https:\/\/cnpem.br\/presenca-clusters-franceses-setor-quimica-verde-brasil\/"},"wordCount":357,"articleSection":["CNPEM na M\u00eddia","LNBR na M\u00eddia"],"inLanguage":"en-US"},{"@type":"WebPage","@id":"https:\/\/cnpem.br\/presenca-clusters-franceses-setor-quimica-verde-brasil\/","url":"https:\/\/cnpem.br\/presenca-clusters-franceses-setor-quimica-verde-brasil\/","name":"Presen\u00e7a de Clusters franceses do setor de qu\u00edmica verde no Brasil - CNPEM","isPartOf":{"@id":"https:\/\/cnpem.br\/#website"},"datePublished":"2014-09-18T19:09:11+00:00","dateModified":"2022-11-10T19:03:31+00:00","author":{"@id":"https:\/\/cnpem.br\/#\/schema\/person\/b957a8048be4b70d687484cae6b978ef"},"breadcrumb":{"@id":"https:\/\/cnpem.br\/presenca-clusters-franceses-setor-quimica-verde-brasil\/#breadcrumb"},"inLanguage":"en-US","potentialAction":[{"@type":"ReadAction","target":["https:\/\/cnpem.br\/presenca-clusters-franceses-setor-quimica-verde-brasil\/"]}]},{"@type":"BreadcrumbList","@id":"https:\/\/cnpem.br\/presenca-clusters-franceses-setor-quimica-verde-brasil\/#breadcrumb","itemListElement":[{"@type":"ListItem","position":1,"name":"In\u00edcio","item":"https:\/\/cnpem.br\/en\/"},{"@type":"ListItem","position":2,"name":"Presen\u00e7a de Clusters franceses do setor de qu\u00edmica verde no Brasil"}]},{"@type":"WebSite","@id":"https:\/\/cnpem.br\/#website","url":"https:\/\/cnpem.br\/","name":"Centro Nacional de Pesquisa em Energia e Materiais","description":"Centro Nacional de Pesquisa em Energia e Materiais","alternateName":"CNPEM","potentialAction":[{"@type":"SearchAction","target":{"@type":"EntryPoint","urlTemplate":"https:\/\/cnpem.br\/?s={search_term_string}"},"query-input":{"@type":"PropertyValueSpecification","valueRequired":true,"valueName":"search_term_string"}}],"inLanguage":"en-US"},{"@type":"Person","@id":"https:\/\/cnpem.br\/#\/schema\/person\/b957a8048be4b70d687484cae6b978ef","name":"Erik Medina","url":""}]}},"jetpack_featured_media_url":"","jetpack_sharing_enabled":true,"jetpack_shortlink":"https:\/\/wp.me\/per0Mi-2ft","_links":{"self":[{"href":"https:\/\/cnpem.br\/en\/wp-json\/wp\/v2\/posts\/8647","targetHints":{"allow":["GET"]}}],"collection":[{"href":"https:\/\/cnpem.br\/en\/wp-json\/wp\/v2\/posts"}],"about":[{"href":"https:\/\/cnpem.br\/en\/wp-json\/wp\/v2\/types\/post"}],"author":[{"embeddable":true,"href":"https:\/\/cnpem.br\/en\/wp-json\/wp\/v2\/users\/17"}],"replies":[{"embeddable":true,"href":"https:\/\/cnpem.br\/en\/wp-json\/wp\/v2\/comments?post=8647"}],"version-history":[{"count":0,"href":"https:\/\/cnpem.br\/en\/wp-json\/wp\/v2\/posts\/8647\/revisions"}],"wp:attachment":[{"href":"https:\/\/cnpem.br\/en\/wp-json\/wp\/v2\/media?parent=8647"}],"wp:term":[{"taxonomy":"category","embeddable":true,"href":"https:\/\/cnpem.br\/en\/wp-json\/wp\/v2\/categories?post=8647"},{"taxonomy":"post_tag","embeddable":true,"href":"https:\/\/cnpem.br\/en\/wp-json\/wp\/v2\/tags?post=8647"}],"curies":[{"name":"wp","href":"https:\/\/api.w.org\/{rel}","templated":true}]}}