{"id":8552,"date":"2014-09-03T11:32:53","date_gmt":"2014-09-03T14:32:53","guid":{"rendered":"https:\/\/www.cnpem.staging.wpengine.com\/?p=8552"},"modified":"2026-03-02T16:30:51","modified_gmt":"2026-03-02T19:30:51","slug":"prof-vanderlei-bagnato-designado-para-o-conselho-de-administracao","status":"publish","type":"post","link":"https:\/\/cnpem.br\/en\/prof-vanderlei-bagnato-designado-para-o-conselho-de-administracao\/","title":{"rendered":"Prof. Vanderlei Bagnato designado para o Conselho de Administra\u00e7\u00e3o"},"content":{"rendered":"<p><img data-recalc-dims=\"1\" loading=\"lazy\" decoding=\"async\" class=\"alignleft\" src=\"https:\/\/i0.wp.com\/www.ifsc.usp.br\/images\/stories\/VANDERLEI_BAGNATO-250.jpg?resize=250%2C167&#038;ssl=1\" alt=\"VANDERLEI_BAGNATO-250\" width=\"250\" height=\"167\" \/>O Ministro da Ci\u00eancia, Tecnologia e Inova\u00e7\u00e3o, Prof. Cl\u00e9lio Campolina Diniz, designou recentemente, atrav\u00e9s de of\u00edcio, o docente do IFSC-USP, Prof. Vanderlei Bagnato, para compor o conselho de administra\u00e7\u00e3o do CNPEM \u2013 Centro Nacional de Pesquisa em Energia e Materiais, \u00f3rg\u00e3o que se encontra sediado no Polo Tecnol\u00f3gico de Campinas.<\/p>\n<p>O CNPEM tem sob sua responsabilidade quatro estruturas laboratoriais consideradas vitais para o desenvolvimento estrat\u00e9gico do Pa\u00eds: o Laborat\u00f3rio Nacional de Luz Sincroton (LNLS), Laborat\u00f3rio Nacional de Bioci\u00eancias (LNBio), Laborat\u00f3rio Nacional de Ci\u00eancia e Tecnologia do Bioetanol (CTBE) e o Laborat\u00f3rio Nacional de Nanotecnologia (LNNano).<\/p>\n","protected":false},"excerpt":{"rendered":"<p>O Ministro da Ci\u00eancia, Tecnologia e Inova\u00e7\u00e3o, Prof. Cl\u00e9lio Campolina Diniz, designou recentemente, atrav\u00e9s de of\u00edcio, o docente do IFSC-USP, Prof. Vanderlei Bagnato, para compor o conselho de administra\u00e7\u00e3o do&hellip;<\/p>\n","protected":false},"author":17,"featured_media":0,"comment_status":"closed","ping_status":"closed","sticky":false,"template":"","format":"standard","meta":{"_acf_changed":false,"_jetpack_newsletter_access":"","_jetpack_dont_email_post_to_subs":false,"_jetpack_newsletter_tier_id":0,"_jetpack_memberships_contains_paywalled_content":false,"_jetpack_memberships_contains_paid_content":false,"footnotes":"","_links_to":"","_links_to_target":""},"categories":[1163],"tags":[],"class_list":["post-8552","post","type-post","status-publish","format-standard","hentry","category-clipping-cnpem","category-1163","description-off"],"acf":[],"yoast_head":"<!-- This site is optimized with the Yoast SEO plugin v27.5 - https:\/\/yoast.com\/product\/yoast-seo-wordpress\/ -->\n<title>Prof. Vanderlei Bagnato designado para o Conselho de Administra\u00e7\u00e3o - CNPEM<\/title>\n<meta name=\"robots\" content=\"index, follow, max-snippet:-1, max-image-preview:large, max-video-preview:-1\" \/>\n<link rel=\"canonical\" href=\"https:\/\/cnpem.br\/prof-vanderlei-bagnato-designado-para-o-conselho-de-administracao\/\" \/>\n<meta property=\"og:locale\" content=\"en_US\" \/>\n<meta property=\"og:type\" content=\"article\" \/>\n<meta property=\"og:title\" content=\"Prof. Vanderlei Bagnato designado para o Conselho de Administra\u00e7\u00e3o - CNPEM\" \/>\n<meta property=\"og:description\" content=\"O Ministro da Ci\u00eancia, Tecnologia e Inova\u00e7\u00e3o, Prof. Cl\u00e9lio Campolina Diniz, designou recentemente, atrav\u00e9s de of\u00edcio, o docente do IFSC-USP, Prof. Vanderlei Bagnato, para compor o conselho de administra\u00e7\u00e3o do&hellip;\" \/>\n<meta property=\"og:url\" content=\"https:\/\/cnpem.br\/prof-vanderlei-bagnato-designado-para-o-conselho-de-administracao\/\" \/>\n<meta property=\"og:site_name\" content=\"CNPEM\" \/>\n<meta property=\"article:published_time\" content=\"2014-09-03T14:32:53+00:00\" \/>\n<meta property=\"article:modified_time\" content=\"2026-03-02T19:30:51+00:00\" \/>\n<meta property=\"og:image\" content=\"https:\/\/www.ifsc.usp.br\/images\/stories\/VANDERLEI_BAGNATO-250.jpg\" \/>\n<meta name=\"author\" content=\"Erik Medina\" \/>\n<meta name=\"twitter:card\" content=\"summary_large_image\" \/>\n<meta name=\"twitter:label1\" content=\"Written by\" \/>\n\t<meta name=\"twitter:data1\" content=\"Erik Medina\" \/>\n\t<meta name=\"twitter:label2\" content=\"Est. reading time\" \/>\n\t<meta name=\"twitter:data2\" content=\"1 minute\" \/>\n<script type=\"application\/ld+json\" class=\"yoast-schema-graph\">{\"@context\":\"https:\\\/\\\/schema.org\",\"@graph\":[{\"@type\":\"Article\",\"@id\":\"https:\\\/\\\/cnpem.br\\\/prof-vanderlei-bagnato-designado-para-o-conselho-de-administracao\\\/#article\",\"isPartOf\":{\"@id\":\"https:\\\/\\\/cnpem.br\\\/prof-vanderlei-bagnato-designado-para-o-conselho-de-administracao\\\/\"},\"author\":{\"name\":\"Erik Medina\",\"@id\":\"https:\\\/\\\/cnpem.br\\\/#\\\/schema\\\/person\\\/b957a8048be4b70d687484cae6b978ef\"},\"headline\":\"Prof. Vanderlei Bagnato designado para o Conselho de Administra\u00e7\u00e3o\",\"datePublished\":\"2014-09-03T14:32:53+00:00\",\"dateModified\":\"2026-03-02T19:30:51+00:00\",\"mainEntityOfPage\":{\"@id\":\"https:\\\/\\\/cnpem.br\\\/prof-vanderlei-bagnato-designado-para-o-conselho-de-administracao\\\/\"},\"wordCount\":120,\"image\":{\"@id\":\"https:\\\/\\\/cnpem.br\\\/prof-vanderlei-bagnato-designado-para-o-conselho-de-administracao\\\/#primaryimage\"},\"thumbnailUrl\":\"https:\\\/\\\/www.ifsc.usp.br\\\/images\\\/stories\\\/VANDERLEI_BAGNATO-250.jpg\",\"articleSection\":[\"CNPEM na M\u00eddia\"],\"inLanguage\":\"en-US\"},{\"@type\":\"WebPage\",\"@id\":\"https:\\\/\\\/cnpem.br\\\/prof-vanderlei-bagnato-designado-para-o-conselho-de-administracao\\\/\",\"url\":\"https:\\\/\\\/cnpem.br\\\/prof-vanderlei-bagnato-designado-para-o-conselho-de-administracao\\\/\",\"name\":\"Prof. Vanderlei Bagnato designado para o Conselho de Administra\u00e7\u00e3o - CNPEM\",\"isPartOf\":{\"@id\":\"https:\\\/\\\/cnpem.br\\\/#website\"},\"primaryImageOfPage\":{\"@id\":\"https:\\\/\\\/cnpem.br\\\/prof-vanderlei-bagnato-designado-para-o-conselho-de-administracao\\\/#primaryimage\"},\"image\":{\"@id\":\"https:\\\/\\\/cnpem.br\\\/prof-vanderlei-bagnato-designado-para-o-conselho-de-administracao\\\/#primaryimage\"},\"thumbnailUrl\":\"https:\\\/\\\/www.ifsc.usp.br\\\/images\\\/stories\\\/VANDERLEI_BAGNATO-250.jpg\",\"datePublished\":\"2014-09-03T14:32:53+00:00\",\"dateModified\":\"2026-03-02T19:30:51+00:00\",\"author\":{\"@id\":\"https:\\\/\\\/cnpem.br\\\/#\\\/schema\\\/person\\\/b957a8048be4b70d687484cae6b978ef\"},\"breadcrumb\":{\"@id\":\"https:\\\/\\\/cnpem.br\\\/prof-vanderlei-bagnato-designado-para-o-conselho-de-administracao\\\/#breadcrumb\"},\"inLanguage\":\"en-US\",\"potentialAction\":[{\"@type\":\"ReadAction\",\"target\":[\"https:\\\/\\\/cnpem.br\\\/prof-vanderlei-bagnato-designado-para-o-conselho-de-administracao\\\/\"]}]},{\"@type\":\"ImageObject\",\"inLanguage\":\"en-US\",\"@id\":\"https:\\\/\\\/cnpem.br\\\/prof-vanderlei-bagnato-designado-para-o-conselho-de-administracao\\\/#primaryimage\",\"url\":\"https:\\\/\\\/www.ifsc.usp.br\\\/images\\\/stories\\\/VANDERLEI_BAGNATO-250.jpg\",\"contentUrl\":\"https:\\\/\\\/www.ifsc.usp.br\\\/images\\\/stories\\\/VANDERLEI_BAGNATO-250.jpg\"},{\"@type\":\"BreadcrumbList\",\"@id\":\"https:\\\/\\\/cnpem.br\\\/prof-vanderlei-bagnato-designado-para-o-conselho-de-administracao\\\/#breadcrumb\",\"itemListElement\":[{\"@type\":\"ListItem\",\"position\":1,\"name\":\"In\u00edcio\",\"item\":\"https:\\\/\\\/cnpem.br\\\/en\\\/\"},{\"@type\":\"ListItem\",\"position\":2,\"name\":\"Prof. Vanderlei Bagnato designado para o Conselho de Administra\u00e7\u00e3o\"}]},{\"@type\":\"WebSite\",\"@id\":\"https:\\\/\\\/cnpem.br\\\/#website\",\"url\":\"https:\\\/\\\/cnpem.br\\\/\",\"name\":\"Centro Nacional de Pesquisa em Energia e Materiais\",\"description\":\"Centro Nacional de Pesquisa em Energia e Materiais\",\"alternateName\":\"CNPEM\",\"potentialAction\":[{\"@type\":\"SearchAction\",\"target\":{\"@type\":\"EntryPoint\",\"urlTemplate\":\"https:\\\/\\\/cnpem.br\\\/?s={search_term_string}\"},\"query-input\":{\"@type\":\"PropertyValueSpecification\",\"valueRequired\":true,\"valueName\":\"search_term_string\"}}],\"inLanguage\":\"en-US\"},{\"@type\":\"Person\",\"@id\":\"https:\\\/\\\/cnpem.br\\\/#\\\/schema\\\/person\\\/b957a8048be4b70d687484cae6b978ef\",\"name\":\"Erik Medina\",\"url\":\"\"}]}<\/script>\n<!-- \/ Yoast SEO plugin. -->","yoast_head_json":{"title":"Prof. Vanderlei Bagnato designado para o Conselho de Administra\u00e7\u00e3o - CNPEM","robots":{"index":"index","follow":"follow","max-snippet":"max-snippet:-1","max-image-preview":"max-image-preview:large","max-video-preview":"max-video-preview:-1"},"canonical":"https:\/\/cnpem.br\/prof-vanderlei-bagnato-designado-para-o-conselho-de-administracao\/","og_locale":"en_US","og_type":"article","og_title":"Prof. Vanderlei Bagnato designado para o Conselho de Administra\u00e7\u00e3o - CNPEM","og_description":"O Ministro da Ci\u00eancia, Tecnologia e Inova\u00e7\u00e3o, Prof. Cl\u00e9lio Campolina Diniz, designou recentemente, atrav\u00e9s de of\u00edcio, o docente do IFSC-USP, Prof. Vanderlei Bagnato, para compor o conselho de administra\u00e7\u00e3o do&hellip;","og_url":"https:\/\/cnpem.br\/prof-vanderlei-bagnato-designado-para-o-conselho-de-administracao\/","og_site_name":"CNPEM","article_published_time":"2014-09-03T14:32:53+00:00","article_modified_time":"2026-03-02T19:30:51+00:00","og_image":[{"url":"https:\/\/www.ifsc.usp.br\/images\/stories\/VANDERLEI_BAGNATO-250.jpg","type":"","width":"","height":""}],"author":"Erik Medina","twitter_card":"summary_large_image","twitter_misc":{"Written by":"Erik Medina","Est. reading time":"1 minute"},"schema":{"@context":"https:\/\/schema.org","@graph":[{"@type":"Article","@id":"https:\/\/cnpem.br\/prof-vanderlei-bagnato-designado-para-o-conselho-de-administracao\/#article","isPartOf":{"@id":"https:\/\/cnpem.br\/prof-vanderlei-bagnato-designado-para-o-conselho-de-administracao\/"},"author":{"name":"Erik Medina","@id":"https:\/\/cnpem.br\/#\/schema\/person\/b957a8048be4b70d687484cae6b978ef"},"headline":"Prof. Vanderlei Bagnato designado para o Conselho de Administra\u00e7\u00e3o","datePublished":"2014-09-03T14:32:53+00:00","dateModified":"2026-03-02T19:30:51+00:00","mainEntityOfPage":{"@id":"https:\/\/cnpem.br\/prof-vanderlei-bagnato-designado-para-o-conselho-de-administracao\/"},"wordCount":120,"image":{"@id":"https:\/\/cnpem.br\/prof-vanderlei-bagnato-designado-para-o-conselho-de-administracao\/#primaryimage"},"thumbnailUrl":"https:\/\/www.ifsc.usp.br\/images\/stories\/VANDERLEI_BAGNATO-250.jpg","articleSection":["CNPEM na M\u00eddia"],"inLanguage":"en-US"},{"@type":"WebPage","@id":"https:\/\/cnpem.br\/prof-vanderlei-bagnato-designado-para-o-conselho-de-administracao\/","url":"https:\/\/cnpem.br\/prof-vanderlei-bagnato-designado-para-o-conselho-de-administracao\/","name":"Prof. Vanderlei Bagnato designado para o Conselho de Administra\u00e7\u00e3o - CNPEM","isPartOf":{"@id":"https:\/\/cnpem.br\/#website"},"primaryImageOfPage":{"@id":"https:\/\/cnpem.br\/prof-vanderlei-bagnato-designado-para-o-conselho-de-administracao\/#primaryimage"},"image":{"@id":"https:\/\/cnpem.br\/prof-vanderlei-bagnato-designado-para-o-conselho-de-administracao\/#primaryimage"},"thumbnailUrl":"https:\/\/www.ifsc.usp.br\/images\/stories\/VANDERLEI_BAGNATO-250.jpg","datePublished":"2014-09-03T14:32:53+00:00","dateModified":"2026-03-02T19:30:51+00:00","author":{"@id":"https:\/\/cnpem.br\/#\/schema\/person\/b957a8048be4b70d687484cae6b978ef"},"breadcrumb":{"@id":"https:\/\/cnpem.br\/prof-vanderlei-bagnato-designado-para-o-conselho-de-administracao\/#breadcrumb"},"inLanguage":"en-US","potentialAction":[{"@type":"ReadAction","target":["https:\/\/cnpem.br\/prof-vanderlei-bagnato-designado-para-o-conselho-de-administracao\/"]}]},{"@type":"ImageObject","inLanguage":"en-US","@id":"https:\/\/cnpem.br\/prof-vanderlei-bagnato-designado-para-o-conselho-de-administracao\/#primaryimage","url":"https:\/\/www.ifsc.usp.br\/images\/stories\/VANDERLEI_BAGNATO-250.jpg","contentUrl":"https:\/\/www.ifsc.usp.br\/images\/stories\/VANDERLEI_BAGNATO-250.jpg"},{"@type":"BreadcrumbList","@id":"https:\/\/cnpem.br\/prof-vanderlei-bagnato-designado-para-o-conselho-de-administracao\/#breadcrumb","itemListElement":[{"@type":"ListItem","position":1,"name":"In\u00edcio","item":"https:\/\/cnpem.br\/en\/"},{"@type":"ListItem","position":2,"name":"Prof. Vanderlei Bagnato designado para o Conselho de Administra\u00e7\u00e3o"}]},{"@type":"WebSite","@id":"https:\/\/cnpem.br\/#website","url":"https:\/\/cnpem.br\/","name":"Centro Nacional de Pesquisa em Energia e Materiais","description":"Centro Nacional de Pesquisa em Energia e Materiais","alternateName":"CNPEM","potentialAction":[{"@type":"SearchAction","target":{"@type":"EntryPoint","urlTemplate":"https:\/\/cnpem.br\/?s={search_term_string}"},"query-input":{"@type":"PropertyValueSpecification","valueRequired":true,"valueName":"search_term_string"}}],"inLanguage":"en-US"},{"@type":"Person","@id":"https:\/\/cnpem.br\/#\/schema\/person\/b957a8048be4b70d687484cae6b978ef","name":"Erik Medina","url":""}]}},"jetpack_featured_media_url":"","jetpack_sharing_enabled":true,"jetpack_shortlink":"https:\/\/wp.me\/per0Mi-2dW","_links":{"self":[{"href":"https:\/\/cnpem.br\/en\/wp-json\/wp\/v2\/posts\/8552","targetHints":{"allow":["GET"]}}],"collection":[{"href":"https:\/\/cnpem.br\/en\/wp-json\/wp\/v2\/posts"}],"about":[{"href":"https:\/\/cnpem.br\/en\/wp-json\/wp\/v2\/types\/post"}],"author":[{"embeddable":true,"href":"https:\/\/cnpem.br\/en\/wp-json\/wp\/v2\/users\/17"}],"replies":[{"embeddable":true,"href":"https:\/\/cnpem.br\/en\/wp-json\/wp\/v2\/comments?post=8552"}],"version-history":[{"count":0,"href":"https:\/\/cnpem.br\/en\/wp-json\/wp\/v2\/posts\/8552\/revisions"}],"wp:attachment":[{"href":"https:\/\/cnpem.br\/en\/wp-json\/wp\/v2\/media?parent=8552"}],"wp:term":[{"taxonomy":"category","embeddable":true,"href":"https:\/\/cnpem.br\/en\/wp-json\/wp\/v2\/categories?post=8552"},{"taxonomy":"post_tag","embeddable":true,"href":"https:\/\/cnpem.br\/en\/wp-json\/wp\/v2\/tags?post=8552"}],"curies":[{"name":"wp","href":"https:\/\/api.w.org\/{rel}","templated":true}]}}