{"id":8501,"date":"2014-08-28T14:11:21","date_gmt":"2014-08-28T17:11:21","guid":{"rendered":"https:\/\/www.cnpem.staging.wpengine.com\/?p=8501"},"modified":"2022-01-21T17:04:39","modified_gmt":"2022-01-21T20:04:39","slug":"imagem-do-mes-de-agosto-minientrevista-com-o-autor","status":"publish","type":"post","link":"https:\/\/cnpem.br\/en\/imagem-do-mes-de-agosto-minientrevista-com-o-autor\/","title":{"rendered":"Imagem do m\u00eas de agosto: minientrevista com o autor"},"content":{"rendered":"<p>Instituto Nacional de Engenharia de Superf\u00edcies, em Agosto de 2014<\/p>\n<p>&nbsp;<\/p>\n<p><a href=\"https:\/\/i0.wp.com\/www.cnpem.staging.wpengine.com\/wp-content\/uploads\/2014\/08\/imagem-do-mes.jpg?ssl=1\"><img data-recalc-dims=\"1\" loading=\"lazy\" decoding=\"async\" class=\"size-full wp-image-8502 alignleft\" title=\"imagem-do-mes\" src=\"https:\/\/i0.wp.com\/www.cnpem.staging.wpengine.com\/wp-content\/uploads\/2014\/08\/imagem-do-mes.jpg?resize=414%2C414&#038;ssl=1\" alt=\"\" width=\"414\" height=\"414\" \/><\/a><\/p>\n<p>Espinhas de peixe soterradas na areia? Soltando um pouco a imagina\u00e7\u00e3o, a imagem do m\u00eas agosto do calend\u00e1rio do Instituto Nacional de Engenharia de Superf\u00edcies nos transporta a uma praia. Sol, cheiro de mar, barulho das ondas.<\/p>\n<p>Entretanto, o que vemos nesta imagem tem escala nanom\u00e9trica. As espinhas s\u00e3o, na realidade, nanofios de pal\u00e1dio, e a areia, uma cole\u00e7\u00e3o de nanopart\u00edculas met\u00e1licas com di\u00e2metro m\u00e9dio de 30 nm. A imagem foi obtida mediante um microsc\u00f3pio eletr\u00f4nico de varredura (MEV) do\u00a0<a href=\"https:\/\/lnnano.cnpem.staging.wpengine.com\/#\" target=\"_blank\" rel=\"noopener\">Laborat\u00f3rio Nacional de Nanotecnologia<\/a>, localizado em Campinas (SP).<\/p>\n<p>O autor da imagem \u00e9\u00a0<a href=\"https:\/\/lattes.cnpq.br\/3997016416396673\">Douglas Soares da Silva<\/a>, 30 anos, tamb\u00e9m autor de outras duas imagens de nosso calend\u00e1rio. Douglas \u00e9 estudante de doutorado ligado ao\u00a0<a href=\"https:\/\/portal.ifi.unicamp.br\/dfa\/lpf\">Laborat\u00f3rio de Pesquisas Fotovoltaicas<\/a>\u00a0do Instituto de F\u00edsica \u201cGleb Wataghin\u201d da Unicamp (Universidade Estadual de Campinas), laborat\u00f3rio participante do nosso Instituto Nacional de Engenharia de Superf\u00edcies. Em seu doutorado, orientado pelo professor Francisco das Chagas Marques, Douglas est\u00e1 estudando filmes finos nanoestruturados com \u00eanfase em aplica\u00e7\u00f5es fotovoltaicas. Al\u00e9m do doutorado, Douglas trabalha como profissional de apoio \u00e0 pesquisa no Instituto de Qu\u00edmica da Unicamp, auxiliando na caracteriza\u00e7\u00e3o de materiais polim\u00e9ricos, principalmente por microscopia eletr\u00f4nica de varredura e transmiss\u00e3o. Douglas tem gradua\u00e7\u00e3o e mestrado em F\u00edsica pela Unicamp.<\/p>\n<p><strong>A seguir, o autor nos conta como e por que produziu o sistema de nanopart\u00edculas e nanofios \u201cretratado\u201d na imagem de MEV<\/strong><\/p>\n<p><strong><em>1. Mate a nossa curiosidade sobre os elementos visuais que comp\u00f5em a imagem.<\/em><\/strong><\/p>\n<p>A imagem revela um pequeno grupo de nanofios de pal\u00e1dio (Pd) que se destacam sobre uma cole\u00e7\u00e3o de nanopart\u00edculas met\u00e1licas com di\u00e2metro m\u00e9dio de 30 nm. Os fios aparentam estar soterrados, pois eles foram previamente crescidos com aux\u00edlio de um tratamento t\u00e9rmico realizado sobre um filme fino de Pd e depois parcialmente recobertos atrav\u00e9s de um processo a plasma (<em>sputtering<\/em>) rico em hidrog\u00eanio a 330 \u00baC que incorporou as nanopart\u00edculas de cobre (Cu) \u00e0 amostra. Vale ressaltar que esta etapa final provavelmente tamb\u00e9m estimulou uma continuidade do crescimento dos fios fazendo com que aparentassem estar emergindo. Este sistema (nanopart\u00edculas e nanofios) est\u00e1 revestindo a superf\u00edcie polida de uma l\u00e2mina de sil\u00edcio cristalino.<\/p>\n<p><strong><em>2. Agora conte-nos um pouco sobre o contexto em que foi realizada esta imagem.<\/em><\/strong><\/p>\n<p>Se tratava de uma amostra dentre experimentos para crescimento e controle de nanoestruturas envolvendo processos PVD (sigla em ingl\u00eas para<em>physical vapor deposition<\/em>). O intuito geral era avaliar a qualidade de nanoestruturas seguindo deposi\u00e7\u00f5es de metais e tratamentos t\u00e9rmicos com plasma de hidrog\u00eanio. N\u00e3o devo utilizar precisamente esta imagem no doutorado, por\u00e9m a informa\u00e7\u00e3o que dela extra\u00edmos foi \u00fatil para caracteriza\u00e7\u00e3o do sistema experimental quanto \u00e0 forma\u00e7\u00e3o de nanopart\u00edculas met\u00e1licas.<\/p>\n<p><strong>3.<\/strong>\u00a0<em>Gostaria de agradecer algu\u00e9m que tenha ajudado na realiza\u00e7\u00e3o da imagem vencedora?<\/em><\/p>\n<p>Eu gostaria de agradecer o aux\u00edlio que tive de Sidnei R. de Ara\u00fajo do Laborat\u00f3rio Nacional de Nanotecnologia \u2013 LNNano\/CNPEM na opera\u00e7\u00e3o do microsc\u00f3pio eletr\u00f4nico de varredura.<\/p>\n<p><strong><em>4. Fique \u00e0 vontade para outros coment\u00e1rios, curiosidades etc. relacionados \u00e0 imagem.<\/em><\/strong><\/p>\n<p>A identifica\u00e7\u00e3o composicional dos elementos da imagem foi feita usando a t\u00e9cnica de EDS (sigla do ingl\u00eas para Energy Dispersive Spectroscopy) no microsc\u00f3pio eletr\u00f4nico usando espectros e mapas elementares.<\/p>\n<p><strong>Para entrar em contato com Douglas:<\/strong>\u00a0<a href=\"mailto:dsoares@ifi.unicamp.br\">dsoares@ifi.unicamp.br<\/a><\/p>\n","protected":false},"excerpt":{"rendered":"<p>Instituto Nacional de Engenharia de Superf\u00edcies, em Agosto de 2014 &nbsp; Espinhas de peixe soterradas na areia? Soltando um pouco a imagina\u00e7\u00e3o, a imagem do m\u00eas agosto do calend\u00e1rio do&hellip;<\/p>\n","protected":false},"author":17,"featured_media":8502,"comment_status":"closed","ping_status":"closed","sticky":false,"template":"","format":"standard","meta":{"_acf_changed":false,"_jetpack_newsletter_access":"","_jetpack_dont_email_post_to_subs":false,"_jetpack_newsletter_tier_id":0,"_jetpack_memberships_contains_paywalled_content":false,"_jetpack_memberships_contains_paid_content":false,"footnotes":"","_links_to":"","_links_to_target":""},"categories":[1163,44],"tags":[],"class_list":["post-8501","post","type-post","status-publish","format-standard","has-post-thumbnail","hentry","category-clipping-cnpem","category-clipping-lnnano","category-1163","category-44","description-off"],"acf":[],"yoast_head":"<!-- This site is optimized with the Yoast SEO plugin v27.5 - https:\/\/yoast.com\/product\/yoast-seo-wordpress\/ -->\n<title>Imagem do m\u00eas de agosto: minientrevista com o autor - CNPEM<\/title>\n<meta name=\"robots\" content=\"index, follow, max-snippet:-1, max-image-preview:large, max-video-preview:-1\" \/>\n<link rel=\"canonical\" href=\"https:\/\/cnpem.br\/imagem-do-mes-de-agosto-minientrevista-com-o-autor\/\" \/>\n<meta property=\"og:locale\" content=\"en_US\" \/>\n<meta property=\"og:type\" content=\"article\" \/>\n<meta property=\"og:title\" content=\"Imagem do m\u00eas de agosto: minientrevista com o autor - CNPEM\" \/>\n<meta property=\"og:description\" content=\"Instituto Nacional de Engenharia de Superf\u00edcies, em Agosto de 2014 &nbsp; Espinhas de peixe soterradas na areia? Soltando um pouco a imagina\u00e7\u00e3o, a imagem do m\u00eas agosto do calend\u00e1rio do&hellip;\" \/>\n<meta property=\"og:url\" content=\"https:\/\/cnpem.br\/imagem-do-mes-de-agosto-minientrevista-com-o-autor\/\" \/>\n<meta property=\"og:site_name\" content=\"CNPEM\" \/>\n<meta property=\"article:published_time\" content=\"2014-08-28T17:11:21+00:00\" \/>\n<meta property=\"article:modified_time\" content=\"2022-01-21T20:04:39+00:00\" \/>\n<meta name=\"author\" content=\"Erik Medina\" \/>\n<meta name=\"twitter:card\" content=\"summary_large_image\" \/>\n<meta name=\"twitter:label1\" content=\"Written by\" \/>\n\t<meta name=\"twitter:data1\" content=\"Erik Medina\" \/>\n\t<meta name=\"twitter:label2\" content=\"Est. reading time\" \/>\n\t<meta name=\"twitter:data2\" content=\"3 minutes\" \/>\n<script type=\"application\/ld+json\" class=\"yoast-schema-graph\">{\"@context\":\"https:\\\/\\\/schema.org\",\"@graph\":[{\"@type\":\"Article\",\"@id\":\"https:\\\/\\\/cnpem.br\\\/imagem-do-mes-de-agosto-minientrevista-com-o-autor\\\/#article\",\"isPartOf\":{\"@id\":\"https:\\\/\\\/cnpem.br\\\/imagem-do-mes-de-agosto-minientrevista-com-o-autor\\\/\"},\"author\":{\"name\":\"Erik Medina\",\"@id\":\"https:\\\/\\\/cnpem.br\\\/#\\\/schema\\\/person\\\/b957a8048be4b70d687484cae6b978ef\"},\"headline\":\"Imagem do m\u00eas de agosto: minientrevista com o autor\",\"datePublished\":\"2014-08-28T17:11:21+00:00\",\"dateModified\":\"2022-01-21T20:04:39+00:00\",\"mainEntityOfPage\":{\"@id\":\"https:\\\/\\\/cnpem.br\\\/imagem-do-mes-de-agosto-minientrevista-com-o-autor\\\/\"},\"wordCount\":603,\"image\":{\"@id\":\"https:\\\/\\\/cnpem.br\\\/imagem-do-mes-de-agosto-minientrevista-com-o-autor\\\/#primaryimage\"},\"thumbnailUrl\":\"\",\"articleSection\":[\"CNPEM na M\u00eddia\",\"LNNano na M\u00eddia\"],\"inLanguage\":\"en-US\"},{\"@type\":\"WebPage\",\"@id\":\"https:\\\/\\\/cnpem.br\\\/imagem-do-mes-de-agosto-minientrevista-com-o-autor\\\/\",\"url\":\"https:\\\/\\\/cnpem.br\\\/imagem-do-mes-de-agosto-minientrevista-com-o-autor\\\/\",\"name\":\"Imagem do m\u00eas de agosto: minientrevista com o autor - CNPEM\",\"isPartOf\":{\"@id\":\"https:\\\/\\\/cnpem.br\\\/#website\"},\"primaryImageOfPage\":{\"@id\":\"https:\\\/\\\/cnpem.br\\\/imagem-do-mes-de-agosto-minientrevista-com-o-autor\\\/#primaryimage\"},\"image\":{\"@id\":\"https:\\\/\\\/cnpem.br\\\/imagem-do-mes-de-agosto-minientrevista-com-o-autor\\\/#primaryimage\"},\"thumbnailUrl\":\"\",\"datePublished\":\"2014-08-28T17:11:21+00:00\",\"dateModified\":\"2022-01-21T20:04:39+00:00\",\"author\":{\"@id\":\"https:\\\/\\\/cnpem.br\\\/#\\\/schema\\\/person\\\/b957a8048be4b70d687484cae6b978ef\"},\"breadcrumb\":{\"@id\":\"https:\\\/\\\/cnpem.br\\\/imagem-do-mes-de-agosto-minientrevista-com-o-autor\\\/#breadcrumb\"},\"inLanguage\":\"en-US\",\"potentialAction\":[{\"@type\":\"ReadAction\",\"target\":[\"https:\\\/\\\/cnpem.br\\\/imagem-do-mes-de-agosto-minientrevista-com-o-autor\\\/\"]}]},{\"@type\":\"ImageObject\",\"inLanguage\":\"en-US\",\"@id\":\"https:\\\/\\\/cnpem.br\\\/imagem-do-mes-de-agosto-minientrevista-com-o-autor\\\/#primaryimage\",\"url\":\"\",\"contentUrl\":\"\"},{\"@type\":\"BreadcrumbList\",\"@id\":\"https:\\\/\\\/cnpem.br\\\/imagem-do-mes-de-agosto-minientrevista-com-o-autor\\\/#breadcrumb\",\"itemListElement\":[{\"@type\":\"ListItem\",\"position\":1,\"name\":\"In\u00edcio\",\"item\":\"https:\\\/\\\/cnpem.br\\\/en\\\/\"},{\"@type\":\"ListItem\",\"position\":2,\"name\":\"Imagem do m\u00eas de agosto: minientrevista com o autor\"}]},{\"@type\":\"WebSite\",\"@id\":\"https:\\\/\\\/cnpem.br\\\/#website\",\"url\":\"https:\\\/\\\/cnpem.br\\\/\",\"name\":\"Centro Nacional de Pesquisa em Energia e Materiais\",\"description\":\"Centro Nacional de Pesquisa em Energia e Materiais\",\"alternateName\":\"CNPEM\",\"potentialAction\":[{\"@type\":\"SearchAction\",\"target\":{\"@type\":\"EntryPoint\",\"urlTemplate\":\"https:\\\/\\\/cnpem.br\\\/?s={search_term_string}\"},\"query-input\":{\"@type\":\"PropertyValueSpecification\",\"valueRequired\":true,\"valueName\":\"search_term_string\"}}],\"inLanguage\":\"en-US\"},{\"@type\":\"Person\",\"@id\":\"https:\\\/\\\/cnpem.br\\\/#\\\/schema\\\/person\\\/b957a8048be4b70d687484cae6b978ef\",\"name\":\"Erik Medina\",\"url\":\"\"}]}<\/script>\n<!-- \/ Yoast SEO plugin. -->","yoast_head_json":{"title":"Imagem do m\u00eas de agosto: minientrevista com o autor - CNPEM","robots":{"index":"index","follow":"follow","max-snippet":"max-snippet:-1","max-image-preview":"max-image-preview:large","max-video-preview":"max-video-preview:-1"},"canonical":"https:\/\/cnpem.br\/imagem-do-mes-de-agosto-minientrevista-com-o-autor\/","og_locale":"en_US","og_type":"article","og_title":"Imagem do m\u00eas de agosto: minientrevista com o autor - CNPEM","og_description":"Instituto Nacional de Engenharia de Superf\u00edcies, em Agosto de 2014 &nbsp; Espinhas de peixe soterradas na areia? Soltando um pouco a imagina\u00e7\u00e3o, a imagem do m\u00eas agosto do calend\u00e1rio do&hellip;","og_url":"https:\/\/cnpem.br\/imagem-do-mes-de-agosto-minientrevista-com-o-autor\/","og_site_name":"CNPEM","article_published_time":"2014-08-28T17:11:21+00:00","article_modified_time":"2022-01-21T20:04:39+00:00","author":"Erik Medina","twitter_card":"summary_large_image","twitter_misc":{"Written by":"Erik Medina","Est. reading time":"3 minutes"},"schema":{"@context":"https:\/\/schema.org","@graph":[{"@type":"Article","@id":"https:\/\/cnpem.br\/imagem-do-mes-de-agosto-minientrevista-com-o-autor\/#article","isPartOf":{"@id":"https:\/\/cnpem.br\/imagem-do-mes-de-agosto-minientrevista-com-o-autor\/"},"author":{"name":"Erik Medina","@id":"https:\/\/cnpem.br\/#\/schema\/person\/b957a8048be4b70d687484cae6b978ef"},"headline":"Imagem do m\u00eas de agosto: minientrevista com o autor","datePublished":"2014-08-28T17:11:21+00:00","dateModified":"2022-01-21T20:04:39+00:00","mainEntityOfPage":{"@id":"https:\/\/cnpem.br\/imagem-do-mes-de-agosto-minientrevista-com-o-autor\/"},"wordCount":603,"image":{"@id":"https:\/\/cnpem.br\/imagem-do-mes-de-agosto-minientrevista-com-o-autor\/#primaryimage"},"thumbnailUrl":"","articleSection":["CNPEM na M\u00eddia","LNNano na M\u00eddia"],"inLanguage":"en-US"},{"@type":"WebPage","@id":"https:\/\/cnpem.br\/imagem-do-mes-de-agosto-minientrevista-com-o-autor\/","url":"https:\/\/cnpem.br\/imagem-do-mes-de-agosto-minientrevista-com-o-autor\/","name":"Imagem do m\u00eas de agosto: minientrevista com o autor - CNPEM","isPartOf":{"@id":"https:\/\/cnpem.br\/#website"},"primaryImageOfPage":{"@id":"https:\/\/cnpem.br\/imagem-do-mes-de-agosto-minientrevista-com-o-autor\/#primaryimage"},"image":{"@id":"https:\/\/cnpem.br\/imagem-do-mes-de-agosto-minientrevista-com-o-autor\/#primaryimage"},"thumbnailUrl":"","datePublished":"2014-08-28T17:11:21+00:00","dateModified":"2022-01-21T20:04:39+00:00","author":{"@id":"https:\/\/cnpem.br\/#\/schema\/person\/b957a8048be4b70d687484cae6b978ef"},"breadcrumb":{"@id":"https:\/\/cnpem.br\/imagem-do-mes-de-agosto-minientrevista-com-o-autor\/#breadcrumb"},"inLanguage":"en-US","potentialAction":[{"@type":"ReadAction","target":["https:\/\/cnpem.br\/imagem-do-mes-de-agosto-minientrevista-com-o-autor\/"]}]},{"@type":"ImageObject","inLanguage":"en-US","@id":"https:\/\/cnpem.br\/imagem-do-mes-de-agosto-minientrevista-com-o-autor\/#primaryimage","url":"","contentUrl":""},{"@type":"BreadcrumbList","@id":"https:\/\/cnpem.br\/imagem-do-mes-de-agosto-minientrevista-com-o-autor\/#breadcrumb","itemListElement":[{"@type":"ListItem","position":1,"name":"In\u00edcio","item":"https:\/\/cnpem.br\/en\/"},{"@type":"ListItem","position":2,"name":"Imagem do m\u00eas de agosto: minientrevista com o autor"}]},{"@type":"WebSite","@id":"https:\/\/cnpem.br\/#website","url":"https:\/\/cnpem.br\/","name":"Centro Nacional de Pesquisa em Energia e Materiais","description":"Centro Nacional de Pesquisa em Energia e Materiais","alternateName":"CNPEM","potentialAction":[{"@type":"SearchAction","target":{"@type":"EntryPoint","urlTemplate":"https:\/\/cnpem.br\/?s={search_term_string}"},"query-input":{"@type":"PropertyValueSpecification","valueRequired":true,"valueName":"search_term_string"}}],"inLanguage":"en-US"},{"@type":"Person","@id":"https:\/\/cnpem.br\/#\/schema\/person\/b957a8048be4b70d687484cae6b978ef","name":"Erik Medina","url":""}]}},"jetpack_featured_media_url":"","jetpack_sharing_enabled":true,"jetpack_shortlink":"https:\/\/wp.me\/per0Mi-2d7","_links":{"self":[{"href":"https:\/\/cnpem.br\/en\/wp-json\/wp\/v2\/posts\/8501","targetHints":{"allow":["GET"]}}],"collection":[{"href":"https:\/\/cnpem.br\/en\/wp-json\/wp\/v2\/posts"}],"about":[{"href":"https:\/\/cnpem.br\/en\/wp-json\/wp\/v2\/types\/post"}],"author":[{"embeddable":true,"href":"https:\/\/cnpem.br\/en\/wp-json\/wp\/v2\/users\/17"}],"replies":[{"embeddable":true,"href":"https:\/\/cnpem.br\/en\/wp-json\/wp\/v2\/comments?post=8501"}],"version-history":[{"count":0,"href":"https:\/\/cnpem.br\/en\/wp-json\/wp\/v2\/posts\/8501\/revisions"}],"wp:featuredmedia":[{"embeddable":true,"href":"https:\/\/cnpem.br\/en\/wp-json\/"}],"wp:attachment":[{"href":"https:\/\/cnpem.br\/en\/wp-json\/wp\/v2\/media?parent=8501"}],"wp:term":[{"taxonomy":"category","embeddable":true,"href":"https:\/\/cnpem.br\/en\/wp-json\/wp\/v2\/categories?post=8501"},{"taxonomy":"post_tag","embeddable":true,"href":"https:\/\/cnpem.br\/en\/wp-json\/wp\/v2\/tags?post=8501"}],"curies":[{"name":"wp","href":"https:\/\/api.w.org\/{rel}","templated":true}]}}