{"id":7682,"date":"2014-04-04T10:55:50","date_gmt":"2014-04-04T13:55:50","guid":{"rendered":"https:\/\/www.cnpem.staging.wpengine.com\/?p=7682"},"modified":"2026-03-02T16:31:24","modified_gmt":"2026-03-02T19:31:24","slug":"cooperacao-brasil-holanda-propoe-programa-de-pesquisa-em-biocombustiveis","status":"publish","type":"post","link":"https:\/\/cnpem.br\/en\/cooperacao-brasil-holanda-propoe-programa-de-pesquisa-em-biocombustiveis\/","title":{"rendered":"Coopera\u00e7\u00e3o Brasil-Holanda prop\u00f5e programa de pesquisa em biocombust\u00edveis"},"content":{"rendered":"<p><em>Ag\u00eancia FAPESP, em 04\/04\/2014<\/em><\/p>\n<h5 style=\"text-align: justify;\"><strong style=\"line-height: 19.5px; font-family: 'Segoe UI', Calibri, 'Myriad Pro', Myriad, 'Trebuchet MS', Helvetica, Arial, sans-serif; font-size: 13px;\"><\/strong><span style=\"line-height: 19.5px; font-family: 'Segoe UI', Calibri, 'Myriad Pro', Myriad, 'Trebuchet MS', Helvetica, Arial, sans-serif; font-size: 13px; font-weight: normal;\">Representantes da comunidade cient\u00edfica e da ind\u00fastria do Brasil e da Holanda interessados em bioenergia e no uso de biocombust\u00edveis na avia\u00e7\u00e3o civil realizaram, nesta quinta-feira (03\/04), na FAPESP, o workshop\u00a0<\/span><em style=\"line-height: 19.5px; font-family: 'Segoe UI', Calibri, 'Myriad Pro', Myriad, 'Trebuchet MS', Helvetica, Arial, sans-serif; font-size: 13px; font-weight: normal;\">Brazil-Netherlands Advanced Sustainable Integral Biofuels Systems<\/em><span style=\"line-height: 19.5px; font-family: 'Segoe UI', Calibri, 'Myriad Pro', Myriad, 'Trebuchet MS', Helvetica, Arial, sans-serif; font-size: 13px; font-weight: normal;\">. O objetivo do encontro foi discutir a estrutura\u00e7\u00e3o de um programa de pesquisa e inova\u00e7\u00e3o na \u00e1rea, o\u00a0<\/span><em style=\"line-height: 19.5px; font-family: 'Segoe UI', Calibri, 'Myriad Pro', Myriad, 'Trebuchet MS', Helvetica, Arial, sans-serif; font-size: 13px; font-weight: normal;\">BASIS Programme<\/em><span style=\"line-height: 19.5px; font-family: 'Segoe UI', Calibri, 'Myriad Pro', Myriad, 'Trebuchet MS', Helvetica, Arial, sans-serif; font-size: 13px; font-weight: normal;\">.<\/span><\/h5>\n<p style=\"text-align: justify;\">A iniciativa prop\u00f5e a cria\u00e7\u00e3o de infraestrutura para alavancar a coopera\u00e7\u00e3o entre os dois pa\u00edses a partir da colabora\u00e7\u00e3o existente entre o Programa FAPESP de Pesquisa em Bioenergia (BIOEN) e a Funda\u00e7\u00e3o BE-Basic, cons\u00f3rcio p\u00fablico-privado holand\u00eas composto principalmente por universidades, institui\u00e7\u00f5es cient\u00edficas e empresas holandesas.<\/p>\n<p style=\"text-align: justify;\">O\u00a0<em>BASIS Programme<\/em>\u00a0\u00e9 tamb\u00e9m inspirado pelo\u00a0<a href=\"https:\/\/www.fapesp.br\/publicacoes\/plano-de-voo-biocombustiveis-brasil-pt.pdf\" target=\"_blank\" rel=\"noopener\"><strong>Plano de voo para biocombust\u00edveis de avia\u00e7\u00e3o no Brasil<\/strong><\/a>\u00a0\u2013 relat\u00f3rio preparado pela Boeing, pela Embraer e pela FAPESP, sob a coordena\u00e7\u00e3o da Universidade Estadual de Campinas (Unicamp), divulgado em junho de 2013. O documento apontou caminhos para que o pa\u00eds ocupe uma posi\u00e7\u00e3o de destaque internacional no mercado, por meio da pesquisa sobre mat\u00e9rias-primas e produ\u00e7\u00e3o de biocombust\u00edveis, log\u00edstica de distribui\u00e7\u00e3o e adequa\u00e7\u00e3o da legisla\u00e7\u00e3o, entre outros temas.<\/p>\n<p style=\"text-align: justify;\">\u201cA FAPESP criou o Programa BIOEN em 2009 porque a bioenergia e os biocombust\u00edveis s\u00e3o dois temas muito importantes para o Brasil e para o Estado de S\u00e3o Paulo, que \u00e9 o segundo maior produtor de etanol no mundo\u201d, disse Carlos Henrique de Brito Cruz, diretor cient\u00edfico da FAPESP, na abertura do workshop.<\/p>\n<p style=\"text-align: justify;\">O BIOEN congrega hoje cerca de 400 pesquisadores em projetos em bioenergia, 60 deles ligados a centros de pesquisa de pa\u00edses como Holanda, Reino Unido, Fran\u00e7a, Estados Unidos e Dinamarca, e mant\u00e9m parcerias com empresas como Braskem, Oxiteno, Microsoft, Boeing e Dedini.<\/p>\n<p style=\"text-align: justify;\">Luuk van der Wielen, presidente da Funda\u00e7\u00e3o BE-Basic e coordenador do workshop, destacou a import\u00e2ncia da coopera\u00e7\u00e3o do cons\u00f3rcio holand\u00eas com a FAPESP, firmada em 2010. No \u00e2mbito do acordo entre as duas institui\u00e7\u00f5es, pesquisadores holandeses e brasileiros investigam a sustentabilidade da produ\u00e7\u00e3o de etanol, os impactos da produ\u00e7\u00e3o de biocombust\u00edveis e o manejo sustent\u00e1vel do solo na produ\u00e7\u00e3o de biomassa, entre outros temas, em projetos selecionados em duas chamadas de propostas, desde 2010.<\/p>\n<p style=\"text-align: justify;\">\u201cEstamos muitos satisfeitos com as pesquisas que apoiamos em colabora\u00e7\u00e3o com a FAPESP. O BE-Basic quer agora estender essa importante parceria, que significa um bom ponto de partida para avan\u00e7armos com a participa\u00e7\u00e3o de outras organiza\u00e7\u00f5es holandesas e brasileiras\u201d, afirmou Wielen.<\/p>\n<p style=\"text-align: justify;\">Participaram do workshop os professores Heitor Cantarella, membro da coordena\u00e7\u00e3o do Programa BIOEN; Cylon Gon\u00e7alves da Silva, membro da coordena\u00e7\u00e3o adjunta de Programas Especiais da FAPESP; Francisco Nigro, da Escola Polit\u00e9cnica da Universidade de S\u00e3o Paulo (USP) e um dos coordenadores do relat\u00f3rio Plano de voo para biocombust\u00edveis de avia\u00e7\u00e3o no Brasil; Onofre Andrade, coordenador de pesquisa para biocombust\u00edveis da Boeing Brasil; e Ot\u00e1vio Cavalett, do Laborat\u00f3rio Nacional de Ci\u00eancia e Tecnologia do Bioetanol (CTBE).<\/p>\n<p style=\"text-align: justify;\">A programa\u00e7\u00e3o do workshop ainda teve a participa\u00e7\u00e3o de pesquisadores associados ao BE-Basic e apresenta\u00e7\u00f5es de Dirk Kronemeijer, diretor da SkyNRG, empresa holandesa voltada para a sustentabilidade na avia\u00e7\u00e3o, de Al Bryant, vice-presidente da Boeing Tecnologia e Pesquisa, de Ignaas Karyn, diretor de Inova\u00e7\u00e3o da KLM, de Rob Huyser, do Minist\u00e9rio da Infraestrutura e Meio Ambiente da Holanda, e de Nico Schiettekatte, do Minist\u00e9rio da Economia da Holanda.<\/p>\n<p style=\"text-align: justify;\"><em>Repercuss\u00e3o: <a href=\"https:\/\/www.planetauniversitario.com\/index.php\/ciencia-e-tecnologia-mainmenu-75\/32564-cooperacao-brasil-holanda-propoe-programa-de-pesquisa-em-biocombustiveis\" target=\"_blank\" rel=\"noopener\">Planeta Universit\u00e1rio<\/a>, <a href=\"https:\/\/www.zoonews.com.br\/exibir_noticias.php?a=view&amp;idnoticia=240467&amp;tipo=1\" target=\"_blank\" rel=\"noopener\">Zoo News<\/a>, <a href=\"https:\/\/www.jornalcana.com.br\/aviacao-holandeses-querem-estender-programa-de-pesquisa-em-biocombustiveis-no-pais\/\" target=\"_blank\" rel=\"noopener\">Jornal Cana<\/a><\/em><\/p>\n","protected":false},"excerpt":{"rendered":"<p>Ag\u00eancia FAPESP, em 04\/04\/2014 Representantes da comunidade cient\u00edfica e da ind\u00fastria do Brasil e da Holanda interessados em bioenergia e no uso de biocombust\u00edveis na avia\u00e7\u00e3o civil realizaram, nesta quinta-feira&hellip;<\/p>\n","protected":false},"author":17,"featured_media":0,"comment_status":"closed","ping_status":"open","sticky":false,"template":"","format":"standard","meta":{"_acf_changed":false,"_jetpack_newsletter_access":"","_jetpack_dont_email_post_to_subs":false,"_jetpack_newsletter_tier_id":0,"_jetpack_memberships_contains_paywalled_content":false,"_jetpack_memberships_contains_paid_content":false,"footnotes":"","_links_to":"","_links_to_target":""},"categories":[1163,1224],"tags":[],"class_list":["post-7682","post","type-post","status-publish","format-standard","hentry","category-clipping-cnpem","category-clipping-lnbr","category-1163","category-1224","description-off"],"acf":[],"yoast_head":"<!-- This site is optimized with the Yoast SEO plugin v27.5 - https:\/\/yoast.com\/product\/yoast-seo-wordpress\/ -->\n<title>Coopera\u00e7\u00e3o Brasil-Holanda prop\u00f5e programa de pesquisa em biocombust\u00edveis - CNPEM<\/title>\n<meta name=\"robots\" content=\"index, follow, max-snippet:-1, max-image-preview:large, max-video-preview:-1\" \/>\n<link rel=\"canonical\" href=\"https:\/\/cnpem.br\/cooperacao-brasil-holanda-propoe-programa-de-pesquisa-em-biocombustiveis\/\" \/>\n<meta property=\"og:locale\" content=\"en_US\" \/>\n<meta property=\"og:type\" content=\"article\" \/>\n<meta property=\"og:title\" content=\"Coopera\u00e7\u00e3o Brasil-Holanda prop\u00f5e programa de pesquisa em biocombust\u00edveis - CNPEM\" \/>\n<meta property=\"og:description\" content=\"Ag\u00eancia FAPESP, em 04\/04\/2014 Representantes da comunidade cient\u00edfica e da ind\u00fastria do Brasil e da Holanda interessados em bioenergia e no uso de biocombust\u00edveis na avia\u00e7\u00e3o civil realizaram, nesta quinta-feira&hellip;\" \/>\n<meta property=\"og:url\" content=\"https:\/\/cnpem.br\/cooperacao-brasil-holanda-propoe-programa-de-pesquisa-em-biocombustiveis\/\" \/>\n<meta property=\"og:site_name\" content=\"CNPEM\" \/>\n<meta property=\"article:published_time\" content=\"2014-04-04T13:55:50+00:00\" \/>\n<meta property=\"article:modified_time\" content=\"2026-03-02T19:31:24+00:00\" \/>\n<meta name=\"author\" content=\"Erik Medina\" \/>\n<meta name=\"twitter:card\" content=\"summary_large_image\" \/>\n<meta name=\"twitter:label1\" content=\"Written by\" \/>\n\t<meta name=\"twitter:data1\" content=\"Erik Medina\" \/>\n\t<meta name=\"twitter:label2\" content=\"Est. reading time\" \/>\n\t<meta name=\"twitter:data2\" content=\"3 minutes\" \/>\n<script type=\"application\/ld+json\" class=\"yoast-schema-graph\">{\"@context\":\"https:\\\/\\\/schema.org\",\"@graph\":[{\"@type\":\"Article\",\"@id\":\"https:\\\/\\\/cnpem.br\\\/cooperacao-brasil-holanda-propoe-programa-de-pesquisa-em-biocombustiveis\\\/#article\",\"isPartOf\":{\"@id\":\"https:\\\/\\\/cnpem.br\\\/cooperacao-brasil-holanda-propoe-programa-de-pesquisa-em-biocombustiveis\\\/\"},\"author\":{\"name\":\"Erik Medina\",\"@id\":\"https:\\\/\\\/cnpem.br\\\/#\\\/schema\\\/person\\\/b957a8048be4b70d687484cae6b978ef\"},\"headline\":\"Coopera\u00e7\u00e3o Brasil-Holanda prop\u00f5e programa de pesquisa em biocombust\u00edveis\",\"datePublished\":\"2014-04-04T13:55:50+00:00\",\"dateModified\":\"2026-03-02T19:31:24+00:00\",\"mainEntityOfPage\":{\"@id\":\"https:\\\/\\\/cnpem.br\\\/cooperacao-brasil-holanda-propoe-programa-de-pesquisa-em-biocombustiveis\\\/\"},\"wordCount\":617,\"articleSection\":[\"CNPEM na M\u00eddia\",\"LNBR na M\u00eddia\"],\"inLanguage\":\"en-US\"},{\"@type\":\"WebPage\",\"@id\":\"https:\\\/\\\/cnpem.br\\\/cooperacao-brasil-holanda-propoe-programa-de-pesquisa-em-biocombustiveis\\\/\",\"url\":\"https:\\\/\\\/cnpem.br\\\/cooperacao-brasil-holanda-propoe-programa-de-pesquisa-em-biocombustiveis\\\/\",\"name\":\"Coopera\u00e7\u00e3o Brasil-Holanda prop\u00f5e programa de pesquisa em biocombust\u00edveis - CNPEM\",\"isPartOf\":{\"@id\":\"https:\\\/\\\/cnpem.br\\\/#website\"},\"datePublished\":\"2014-04-04T13:55:50+00:00\",\"dateModified\":\"2026-03-02T19:31:24+00:00\",\"author\":{\"@id\":\"https:\\\/\\\/cnpem.br\\\/#\\\/schema\\\/person\\\/b957a8048be4b70d687484cae6b978ef\"},\"breadcrumb\":{\"@id\":\"https:\\\/\\\/cnpem.br\\\/cooperacao-brasil-holanda-propoe-programa-de-pesquisa-em-biocombustiveis\\\/#breadcrumb\"},\"inLanguage\":\"en-US\",\"potentialAction\":[{\"@type\":\"ReadAction\",\"target\":[\"https:\\\/\\\/cnpem.br\\\/cooperacao-brasil-holanda-propoe-programa-de-pesquisa-em-biocombustiveis\\\/\"]}]},{\"@type\":\"BreadcrumbList\",\"@id\":\"https:\\\/\\\/cnpem.br\\\/cooperacao-brasil-holanda-propoe-programa-de-pesquisa-em-biocombustiveis\\\/#breadcrumb\",\"itemListElement\":[{\"@type\":\"ListItem\",\"position\":1,\"name\":\"In\u00edcio\",\"item\":\"https:\\\/\\\/cnpem.br\\\/en\\\/\"},{\"@type\":\"ListItem\",\"position\":2,\"name\":\"Coopera\u00e7\u00e3o Brasil-Holanda prop\u00f5e programa de pesquisa em biocombust\u00edveis\"}]},{\"@type\":\"WebSite\",\"@id\":\"https:\\\/\\\/cnpem.br\\\/#website\",\"url\":\"https:\\\/\\\/cnpem.br\\\/\",\"name\":\"Centro Nacional de Pesquisa em Energia e Materiais\",\"description\":\"Centro Nacional de Pesquisa em Energia e Materiais\",\"alternateName\":\"CNPEM\",\"potentialAction\":[{\"@type\":\"SearchAction\",\"target\":{\"@type\":\"EntryPoint\",\"urlTemplate\":\"https:\\\/\\\/cnpem.br\\\/?s={search_term_string}\"},\"query-input\":{\"@type\":\"PropertyValueSpecification\",\"valueRequired\":true,\"valueName\":\"search_term_string\"}}],\"inLanguage\":\"en-US\"},{\"@type\":\"Person\",\"@id\":\"https:\\\/\\\/cnpem.br\\\/#\\\/schema\\\/person\\\/b957a8048be4b70d687484cae6b978ef\",\"name\":\"Erik Medina\",\"url\":\"\"}]}<\/script>\n<!-- \/ Yoast SEO plugin. -->","yoast_head_json":{"title":"Coopera\u00e7\u00e3o Brasil-Holanda prop\u00f5e programa de pesquisa em biocombust\u00edveis - CNPEM","robots":{"index":"index","follow":"follow","max-snippet":"max-snippet:-1","max-image-preview":"max-image-preview:large","max-video-preview":"max-video-preview:-1"},"canonical":"https:\/\/cnpem.br\/cooperacao-brasil-holanda-propoe-programa-de-pesquisa-em-biocombustiveis\/","og_locale":"en_US","og_type":"article","og_title":"Coopera\u00e7\u00e3o Brasil-Holanda prop\u00f5e programa de pesquisa em biocombust\u00edveis - CNPEM","og_description":"Ag\u00eancia FAPESP, em 04\/04\/2014 Representantes da comunidade cient\u00edfica e da ind\u00fastria do Brasil e da Holanda interessados em bioenergia e no uso de biocombust\u00edveis na avia\u00e7\u00e3o civil realizaram, nesta quinta-feira&hellip;","og_url":"https:\/\/cnpem.br\/cooperacao-brasil-holanda-propoe-programa-de-pesquisa-em-biocombustiveis\/","og_site_name":"CNPEM","article_published_time":"2014-04-04T13:55:50+00:00","article_modified_time":"2026-03-02T19:31:24+00:00","author":"Erik Medina","twitter_card":"summary_large_image","twitter_misc":{"Written by":"Erik Medina","Est. reading time":"3 minutes"},"schema":{"@context":"https:\/\/schema.org","@graph":[{"@type":"Article","@id":"https:\/\/cnpem.br\/cooperacao-brasil-holanda-propoe-programa-de-pesquisa-em-biocombustiveis\/#article","isPartOf":{"@id":"https:\/\/cnpem.br\/cooperacao-brasil-holanda-propoe-programa-de-pesquisa-em-biocombustiveis\/"},"author":{"name":"Erik Medina","@id":"https:\/\/cnpem.br\/#\/schema\/person\/b957a8048be4b70d687484cae6b978ef"},"headline":"Coopera\u00e7\u00e3o Brasil-Holanda prop\u00f5e programa de pesquisa em biocombust\u00edveis","datePublished":"2014-04-04T13:55:50+00:00","dateModified":"2026-03-02T19:31:24+00:00","mainEntityOfPage":{"@id":"https:\/\/cnpem.br\/cooperacao-brasil-holanda-propoe-programa-de-pesquisa-em-biocombustiveis\/"},"wordCount":617,"articleSection":["CNPEM na M\u00eddia","LNBR na M\u00eddia"],"inLanguage":"en-US"},{"@type":"WebPage","@id":"https:\/\/cnpem.br\/cooperacao-brasil-holanda-propoe-programa-de-pesquisa-em-biocombustiveis\/","url":"https:\/\/cnpem.br\/cooperacao-brasil-holanda-propoe-programa-de-pesquisa-em-biocombustiveis\/","name":"Coopera\u00e7\u00e3o Brasil-Holanda prop\u00f5e programa de pesquisa em biocombust\u00edveis - CNPEM","isPartOf":{"@id":"https:\/\/cnpem.br\/#website"},"datePublished":"2014-04-04T13:55:50+00:00","dateModified":"2026-03-02T19:31:24+00:00","author":{"@id":"https:\/\/cnpem.br\/#\/schema\/person\/b957a8048be4b70d687484cae6b978ef"},"breadcrumb":{"@id":"https:\/\/cnpem.br\/cooperacao-brasil-holanda-propoe-programa-de-pesquisa-em-biocombustiveis\/#breadcrumb"},"inLanguage":"en-US","potentialAction":[{"@type":"ReadAction","target":["https:\/\/cnpem.br\/cooperacao-brasil-holanda-propoe-programa-de-pesquisa-em-biocombustiveis\/"]}]},{"@type":"BreadcrumbList","@id":"https:\/\/cnpem.br\/cooperacao-brasil-holanda-propoe-programa-de-pesquisa-em-biocombustiveis\/#breadcrumb","itemListElement":[{"@type":"ListItem","position":1,"name":"In\u00edcio","item":"https:\/\/cnpem.br\/en\/"},{"@type":"ListItem","position":2,"name":"Coopera\u00e7\u00e3o Brasil-Holanda prop\u00f5e programa de pesquisa em biocombust\u00edveis"}]},{"@type":"WebSite","@id":"https:\/\/cnpem.br\/#website","url":"https:\/\/cnpem.br\/","name":"Centro Nacional de Pesquisa em Energia e Materiais","description":"Centro Nacional de Pesquisa em Energia e Materiais","alternateName":"CNPEM","potentialAction":[{"@type":"SearchAction","target":{"@type":"EntryPoint","urlTemplate":"https:\/\/cnpem.br\/?s={search_term_string}"},"query-input":{"@type":"PropertyValueSpecification","valueRequired":true,"valueName":"search_term_string"}}],"inLanguage":"en-US"},{"@type":"Person","@id":"https:\/\/cnpem.br\/#\/schema\/person\/b957a8048be4b70d687484cae6b978ef","name":"Erik Medina","url":""}]}},"jetpack_featured_media_url":"","jetpack_sharing_enabled":true,"jetpack_shortlink":"https:\/\/wp.me\/per0Mi-1ZU","_links":{"self":[{"href":"https:\/\/cnpem.br\/en\/wp-json\/wp\/v2\/posts\/7682","targetHints":{"allow":["GET"]}}],"collection":[{"href":"https:\/\/cnpem.br\/en\/wp-json\/wp\/v2\/posts"}],"about":[{"href":"https:\/\/cnpem.br\/en\/wp-json\/wp\/v2\/types\/post"}],"author":[{"embeddable":true,"href":"https:\/\/cnpem.br\/en\/wp-json\/wp\/v2\/users\/17"}],"replies":[{"embeddable":true,"href":"https:\/\/cnpem.br\/en\/wp-json\/wp\/v2\/comments?post=7682"}],"version-history":[{"count":0,"href":"https:\/\/cnpem.br\/en\/wp-json\/wp\/v2\/posts\/7682\/revisions"}],"wp:attachment":[{"href":"https:\/\/cnpem.br\/en\/wp-json\/wp\/v2\/media?parent=7682"}],"wp:term":[{"taxonomy":"category","embeddable":true,"href":"https:\/\/cnpem.br\/en\/wp-json\/wp\/v2\/categories?post=7682"},{"taxonomy":"post_tag","embeddable":true,"href":"https:\/\/cnpem.br\/en\/wp-json\/wp\/v2\/tags?post=7682"}],"curies":[{"name":"wp","href":"https:\/\/api.w.org\/{rel}","templated":true}]}}