{"id":7673,"date":"2014-04-03T08:43:45","date_gmt":"2014-04-03T11:43:45","guid":{"rendered":"https:\/\/www.cnpem.staging.wpengine.com\/?p=7673"},"modified":"2026-03-02T16:31:25","modified_gmt":"2026-03-02T19:31:25","slug":"inscricoes-abertas-para-capacitacao-em-seguranca-juridica-em-pi","status":"publish","type":"post","link":"https:\/\/cnpem.br\/en\/inscricoes-abertas-para-capacitacao-em-seguranca-juridica-em-pi\/","title":{"rendered":"Inscri\u00e7\u00f5es abertas para capacita\u00e7\u00e3o em seguran\u00e7a jur\u00eddica em PI"},"content":{"rendered":"<p><em>Portal do MCTI, em 02\/04\/2013<\/em><\/p>\n<p style=\"text-align: justify;\">Os interessados em participar do terceiro Ciclo de Capacita\u00e7\u00e3o em Seguran\u00e7a Jur\u00eddica em Propriedade Intelectual j\u00e1 podem se inscrever. A capacita\u00e7\u00e3o ocorrer\u00e1, nos dia 9, 16\u00a0 e 30 de maio e no dia 2 de junho, na sedo do Centro Nacional de Pesquisa em Energia e Materiais (CNPEM), organiza\u00e7\u00e3o social supervisionada pelo MCTI, em Campinas (SP).<\/p>\n<p style=\"text-align: justify;\">O\u00a0<a href=\"https:\/\/nitmantiqueira.org.br\/cursos\/2014\/les_cnpem\/\" target=\"_blank\" rel=\"noopener\">formul\u00e1rio de inscri\u00e7\u00e3o<\/a>\u00a0est\u00e1 dispon\u00edvel no site do\u00a0<a href=\"https:\/\/www.nitmantiqueira.org.br\/quem-somos-topo\" target=\"_blank\" rel=\"noopener\">N\u00facleo de Inova\u00e7\u00e3o Tecnol\u00f3gica (NIT) Mantiqueira<\/a>, organizador do evento. Nesta edi\u00e7\u00e3o, ser\u00e3o realizados quatro cursos com dura\u00e7\u00e3o de oito horas cada. O objetivo \u00e9 transmitir aos participantes informa\u00e7\u00f5es jur\u00eddicas sobre processos de transfer\u00eancia de tecnologia e prote\u00e7\u00e3o de propriedade intelectual (PI).<\/p>\n<p style=\"text-align: justify;\">O n\u00famero de vagas \u00e9 limitado e o processo seletivo priorizar\u00e1 profissionais que atuam com inova\u00e7\u00e3o tecnol\u00f3gica no estado de S\u00e3o Paulo e no sul de Minas Gerais. As aulas ser\u00e3o ministradas por advogados com atua\u00e7\u00e3o em escrit\u00f3rios de PI e de transfer\u00eancia de tecnologia. Entre eles, o mestre e doutor em direito Denis Borges Barbosa.<\/p>\n<p style=\"text-align: justify;\">A capacita\u00e7\u00e3o \u00e9 promovida em parceria com a Associa\u00e7\u00e3o Brasileira dos Executivos de Licenciamento (LES Brasil), que integra a Licensing Executives Society (LES), presente em 32 pa\u00edses. Os ciclos anteriores aconteceram em 2012, no Centro de Tecnologia da Informa\u00e7\u00e3o Renato Archer (CTI\/MCTI), e em 2013, no Instituto Nacional de Pesquisas Espaciais (Inpe\/MCTI).<\/p>\n<p style=\"text-align: justify;\">Mais informa\u00e7\u00f5es na\u00a0<a href=\"https:\/\/www.nitmantiqueira.org.br\/capacitacao\/2014\/291-ciclo-de-capacitacao-em-seguranca-juridica-2014\" target=\"_blank\" rel=\"noopener\">p\u00e1gina do ciclo de capacita\u00e7\u00e3o<\/a>.<\/p>\n<p style=\"text-align: justify;\">&#8212;<\/p>\n<p style=\"text-align: justify;\">Repercuss\u00e3o: <a href=\"https:\/\/www.brasil.gov.br\/ciencia-e-tecnologia\/2014\/04\/inscricoes-abertas-para-capacitacao-em-seguranca-juridica\" target=\"_blank\" rel=\"noopener\">Portal Brasil<\/a><\/p>\n","protected":false},"excerpt":{"rendered":"<p>Portal do MCTI, em 02\/04\/2013 Os interessados em participar do terceiro Ciclo de Capacita\u00e7\u00e3o em Seguran\u00e7a Jur\u00eddica em Propriedade Intelectual j\u00e1 podem se inscrever. A capacita\u00e7\u00e3o ocorrer\u00e1, nos dia 9,&hellip;<\/p>\n","protected":false},"author":17,"featured_media":0,"comment_status":"closed","ping_status":"open","sticky":false,"template":"","format":"standard","meta":{"_acf_changed":false,"_jetpack_newsletter_access":"","_jetpack_dont_email_post_to_subs":false,"_jetpack_newsletter_tier_id":0,"_jetpack_memberships_contains_paywalled_content":false,"_jetpack_memberships_contains_paid_content":false,"footnotes":"","_links_to":"","_links_to_target":""},"categories":[1163],"tags":[],"class_list":["post-7673","post","type-post","status-publish","format-standard","hentry","category-clipping-cnpem","category-1163","description-off"],"acf":[],"yoast_head":"<!-- This site is optimized with the Yoast SEO plugin v27.4 - https:\/\/yoast.com\/product\/yoast-seo-wordpress\/ -->\n<title>Inscri\u00e7\u00f5es abertas para capacita\u00e7\u00e3o em seguran\u00e7a jur\u00eddica em PI - CNPEM<\/title>\n<meta name=\"robots\" content=\"index, follow, max-snippet:-1, max-image-preview:large, max-video-preview:-1\" \/>\n<link rel=\"canonical\" href=\"https:\/\/cnpem.br\/inscricoes-abertas-para-capacitacao-em-seguranca-juridica-em-pi\/\" \/>\n<meta property=\"og:locale\" content=\"en_US\" \/>\n<meta property=\"og:type\" content=\"article\" \/>\n<meta property=\"og:title\" content=\"Inscri\u00e7\u00f5es abertas para capacita\u00e7\u00e3o em seguran\u00e7a jur\u00eddica em PI - CNPEM\" \/>\n<meta property=\"og:description\" content=\"Portal do MCTI, em 02\/04\/2013 Os interessados em participar do terceiro Ciclo de Capacita\u00e7\u00e3o em Seguran\u00e7a Jur\u00eddica em Propriedade Intelectual j\u00e1 podem se inscrever. A capacita\u00e7\u00e3o ocorrer\u00e1, nos dia 9,&hellip;\" \/>\n<meta property=\"og:url\" content=\"https:\/\/cnpem.br\/inscricoes-abertas-para-capacitacao-em-seguranca-juridica-em-pi\/\" \/>\n<meta property=\"og:site_name\" content=\"CNPEM\" \/>\n<meta property=\"article:published_time\" content=\"2014-04-03T11:43:45+00:00\" \/>\n<meta property=\"article:modified_time\" content=\"2026-03-02T19:31:25+00:00\" \/>\n<meta name=\"author\" content=\"Erik Medina\" \/>\n<meta name=\"twitter:card\" content=\"summary_large_image\" \/>\n<meta name=\"twitter:label1\" content=\"Written by\" \/>\n\t<meta name=\"twitter:data1\" content=\"Erik Medina\" \/>\n\t<meta name=\"twitter:label2\" content=\"Est. reading time\" \/>\n\t<meta name=\"twitter:data2\" content=\"1 minute\" \/>\n<script type=\"application\/ld+json\" class=\"yoast-schema-graph\">{\"@context\":\"https:\\\/\\\/schema.org\",\"@graph\":[{\"@type\":\"Article\",\"@id\":\"https:\\\/\\\/cnpem.br\\\/inscricoes-abertas-para-capacitacao-em-seguranca-juridica-em-pi\\\/#article\",\"isPartOf\":{\"@id\":\"https:\\\/\\\/cnpem.br\\\/inscricoes-abertas-para-capacitacao-em-seguranca-juridica-em-pi\\\/\"},\"author\":{\"name\":\"Erik Medina\",\"@id\":\"https:\\\/\\\/cnpem.br\\\/#\\\/schema\\\/person\\\/b957a8048be4b70d687484cae6b978ef\"},\"headline\":\"Inscri\u00e7\u00f5es abertas para capacita\u00e7\u00e3o em seguran\u00e7a jur\u00eddica em PI\",\"datePublished\":\"2014-04-03T11:43:45+00:00\",\"dateModified\":\"2026-03-02T19:31:25+00:00\",\"mainEntityOfPage\":{\"@id\":\"https:\\\/\\\/cnpem.br\\\/inscricoes-abertas-para-capacitacao-em-seguranca-juridica-em-pi\\\/\"},\"wordCount\":269,\"articleSection\":[\"CNPEM na M\u00eddia\"],\"inLanguage\":\"en-US\"},{\"@type\":\"WebPage\",\"@id\":\"https:\\\/\\\/cnpem.br\\\/inscricoes-abertas-para-capacitacao-em-seguranca-juridica-em-pi\\\/\",\"url\":\"https:\\\/\\\/cnpem.br\\\/inscricoes-abertas-para-capacitacao-em-seguranca-juridica-em-pi\\\/\",\"name\":\"Inscri\u00e7\u00f5es abertas para capacita\u00e7\u00e3o em seguran\u00e7a jur\u00eddica em PI - CNPEM\",\"isPartOf\":{\"@id\":\"https:\\\/\\\/cnpem.br\\\/#website\"},\"datePublished\":\"2014-04-03T11:43:45+00:00\",\"dateModified\":\"2026-03-02T19:31:25+00:00\",\"author\":{\"@id\":\"https:\\\/\\\/cnpem.br\\\/#\\\/schema\\\/person\\\/b957a8048be4b70d687484cae6b978ef\"},\"breadcrumb\":{\"@id\":\"https:\\\/\\\/cnpem.br\\\/inscricoes-abertas-para-capacitacao-em-seguranca-juridica-em-pi\\\/#breadcrumb\"},\"inLanguage\":\"en-US\",\"potentialAction\":[{\"@type\":\"ReadAction\",\"target\":[\"https:\\\/\\\/cnpem.br\\\/inscricoes-abertas-para-capacitacao-em-seguranca-juridica-em-pi\\\/\"]}]},{\"@type\":\"BreadcrumbList\",\"@id\":\"https:\\\/\\\/cnpem.br\\\/inscricoes-abertas-para-capacitacao-em-seguranca-juridica-em-pi\\\/#breadcrumb\",\"itemListElement\":[{\"@type\":\"ListItem\",\"position\":1,\"name\":\"In\u00edcio\",\"item\":\"https:\\\/\\\/cnpem.br\\\/en\\\/\"},{\"@type\":\"ListItem\",\"position\":2,\"name\":\"Inscri\u00e7\u00f5es abertas para capacita\u00e7\u00e3o em seguran\u00e7a jur\u00eddica em PI\"}]},{\"@type\":\"WebSite\",\"@id\":\"https:\\\/\\\/cnpem.br\\\/#website\",\"url\":\"https:\\\/\\\/cnpem.br\\\/\",\"name\":\"Centro Nacional de Pesquisa em Energia e Materiais\",\"description\":\"Centro Nacional de Pesquisa em Energia e Materiais\",\"alternateName\":\"CNPEM\",\"potentialAction\":[{\"@type\":\"SearchAction\",\"target\":{\"@type\":\"EntryPoint\",\"urlTemplate\":\"https:\\\/\\\/cnpem.br\\\/?s={search_term_string}\"},\"query-input\":{\"@type\":\"PropertyValueSpecification\",\"valueRequired\":true,\"valueName\":\"search_term_string\"}}],\"inLanguage\":\"en-US\"},{\"@type\":\"Person\",\"@id\":\"https:\\\/\\\/cnpem.br\\\/#\\\/schema\\\/person\\\/b957a8048be4b70d687484cae6b978ef\",\"name\":\"Erik Medina\",\"url\":\"\"}]}<\/script>\n<!-- \/ Yoast SEO plugin. -->","yoast_head_json":{"title":"Inscri\u00e7\u00f5es abertas para capacita\u00e7\u00e3o em seguran\u00e7a jur\u00eddica em PI - CNPEM","robots":{"index":"index","follow":"follow","max-snippet":"max-snippet:-1","max-image-preview":"max-image-preview:large","max-video-preview":"max-video-preview:-1"},"canonical":"https:\/\/cnpem.br\/inscricoes-abertas-para-capacitacao-em-seguranca-juridica-em-pi\/","og_locale":"en_US","og_type":"article","og_title":"Inscri\u00e7\u00f5es abertas para capacita\u00e7\u00e3o em seguran\u00e7a jur\u00eddica em PI - CNPEM","og_description":"Portal do MCTI, em 02\/04\/2013 Os interessados em participar do terceiro Ciclo de Capacita\u00e7\u00e3o em Seguran\u00e7a Jur\u00eddica em Propriedade Intelectual j\u00e1 podem se inscrever. A capacita\u00e7\u00e3o ocorrer\u00e1, nos dia 9,&hellip;","og_url":"https:\/\/cnpem.br\/inscricoes-abertas-para-capacitacao-em-seguranca-juridica-em-pi\/","og_site_name":"CNPEM","article_published_time":"2014-04-03T11:43:45+00:00","article_modified_time":"2026-03-02T19:31:25+00:00","author":"Erik Medina","twitter_card":"summary_large_image","twitter_misc":{"Written by":"Erik Medina","Est. reading time":"1 minute"},"schema":{"@context":"https:\/\/schema.org","@graph":[{"@type":"Article","@id":"https:\/\/cnpem.br\/inscricoes-abertas-para-capacitacao-em-seguranca-juridica-em-pi\/#article","isPartOf":{"@id":"https:\/\/cnpem.br\/inscricoes-abertas-para-capacitacao-em-seguranca-juridica-em-pi\/"},"author":{"name":"Erik Medina","@id":"https:\/\/cnpem.br\/#\/schema\/person\/b957a8048be4b70d687484cae6b978ef"},"headline":"Inscri\u00e7\u00f5es abertas para capacita\u00e7\u00e3o em seguran\u00e7a jur\u00eddica em PI","datePublished":"2014-04-03T11:43:45+00:00","dateModified":"2026-03-02T19:31:25+00:00","mainEntityOfPage":{"@id":"https:\/\/cnpem.br\/inscricoes-abertas-para-capacitacao-em-seguranca-juridica-em-pi\/"},"wordCount":269,"articleSection":["CNPEM na M\u00eddia"],"inLanguage":"en-US"},{"@type":"WebPage","@id":"https:\/\/cnpem.br\/inscricoes-abertas-para-capacitacao-em-seguranca-juridica-em-pi\/","url":"https:\/\/cnpem.br\/inscricoes-abertas-para-capacitacao-em-seguranca-juridica-em-pi\/","name":"Inscri\u00e7\u00f5es abertas para capacita\u00e7\u00e3o em seguran\u00e7a jur\u00eddica em PI - CNPEM","isPartOf":{"@id":"https:\/\/cnpem.br\/#website"},"datePublished":"2014-04-03T11:43:45+00:00","dateModified":"2026-03-02T19:31:25+00:00","author":{"@id":"https:\/\/cnpem.br\/#\/schema\/person\/b957a8048be4b70d687484cae6b978ef"},"breadcrumb":{"@id":"https:\/\/cnpem.br\/inscricoes-abertas-para-capacitacao-em-seguranca-juridica-em-pi\/#breadcrumb"},"inLanguage":"en-US","potentialAction":[{"@type":"ReadAction","target":["https:\/\/cnpem.br\/inscricoes-abertas-para-capacitacao-em-seguranca-juridica-em-pi\/"]}]},{"@type":"BreadcrumbList","@id":"https:\/\/cnpem.br\/inscricoes-abertas-para-capacitacao-em-seguranca-juridica-em-pi\/#breadcrumb","itemListElement":[{"@type":"ListItem","position":1,"name":"In\u00edcio","item":"https:\/\/cnpem.br\/en\/"},{"@type":"ListItem","position":2,"name":"Inscri\u00e7\u00f5es abertas para capacita\u00e7\u00e3o em seguran\u00e7a jur\u00eddica em PI"}]},{"@type":"WebSite","@id":"https:\/\/cnpem.br\/#website","url":"https:\/\/cnpem.br\/","name":"Centro Nacional de Pesquisa em Energia e Materiais","description":"Centro Nacional de Pesquisa em Energia e Materiais","alternateName":"CNPEM","potentialAction":[{"@type":"SearchAction","target":{"@type":"EntryPoint","urlTemplate":"https:\/\/cnpem.br\/?s={search_term_string}"},"query-input":{"@type":"PropertyValueSpecification","valueRequired":true,"valueName":"search_term_string"}}],"inLanguage":"en-US"},{"@type":"Person","@id":"https:\/\/cnpem.br\/#\/schema\/person\/b957a8048be4b70d687484cae6b978ef","name":"Erik Medina","url":""}]}},"jetpack_featured_media_url":"","jetpack_sharing_enabled":true,"jetpack_shortlink":"https:\/\/wp.me\/per0Mi-1ZL","_links":{"self":[{"href":"https:\/\/cnpem.br\/en\/wp-json\/wp\/v2\/posts\/7673","targetHints":{"allow":["GET"]}}],"collection":[{"href":"https:\/\/cnpem.br\/en\/wp-json\/wp\/v2\/posts"}],"about":[{"href":"https:\/\/cnpem.br\/en\/wp-json\/wp\/v2\/types\/post"}],"author":[{"embeddable":true,"href":"https:\/\/cnpem.br\/en\/wp-json\/wp\/v2\/users\/17"}],"replies":[{"embeddable":true,"href":"https:\/\/cnpem.br\/en\/wp-json\/wp\/v2\/comments?post=7673"}],"version-history":[{"count":0,"href":"https:\/\/cnpem.br\/en\/wp-json\/wp\/v2\/posts\/7673\/revisions"}],"wp:attachment":[{"href":"https:\/\/cnpem.br\/en\/wp-json\/wp\/v2\/media?parent=7673"}],"wp:term":[{"taxonomy":"category","embeddable":true,"href":"https:\/\/cnpem.br\/en\/wp-json\/wp\/v2\/categories?post=7673"},{"taxonomy":"post_tag","embeddable":true,"href":"https:\/\/cnpem.br\/en\/wp-json\/wp\/v2\/tags?post=7673"}],"curies":[{"name":"wp","href":"https:\/\/api.w.org\/{rel}","templated":true}]}}