{"id":7181,"date":"2014-01-08T11:41:24","date_gmt":"2014-01-08T13:41:24","guid":{"rendered":"https:\/\/www.cnpem.staging.wpengine.com\/?p=7181"},"modified":"2026-03-02T16:31:46","modified_gmt":"2026-03-02T19:31:46","slug":"unidades-de-pesquisa-do-mcti-apostam-mais-em-inovacao","status":"publish","type":"post","link":"https:\/\/cnpem.br\/en\/unidades-de-pesquisa-do-mcti-apostam-mais-em-inovacao\/","title":{"rendered":"Unidades de pesquisa do MCTI apostam mais em inova\u00e7\u00e3o"},"content":{"rendered":"<p style=\"text-align: justify;\"><em>Portal do MCTI em 02\/01\/2014<\/em><\/p>\n<p style=\"text-align: justify;\"><strong>Por Denise Coelho<\/strong><br \/>\n<strong>Ascom MCTI<\/strong><\/p>\n<p style=\"text-align: justify;\">O assunto da propriedade intelectual integra, cada vez mais, as atividades dos institutos de pesquisa vinculados ou supervisionados pelo Minist\u00e9rio da Ci\u00eancia, Tecnologia e Inova\u00e7\u00e3o (MCTI). Nos \u00faltimos nove anos, chega a 217 o n\u00famero de pedidos de prote\u00e7\u00e3o de privil\u00e9gio de propriedade intelectual feitos por essas institui\u00e7\u00f5es.<\/p>\n<p style=\"text-align: justify;\">\u00c9 o que revela levantamento da Subsecretaria da Coordena\u00e7\u00e3o das Unidades de Pesquisa (Scup) do MCTI, que compara o resultado, referente ao per\u00edodo entre 2005 e 2013, ao desempenho obtido em anos anteriores \u2013 de 2000 a 2004 \u2013, quando foram realizados 35 dep\u00f3sitos no Instituto Nacional da Patente Industrial (INPI). A m\u00e9dia anual, de 24,1 pedidos, corresponde a mais de quatro vezes a do per\u00edodo anterior (5,8 pedidos por ano).<\/p>\n<p style=\"text-align: justify;\">A soma inclui patentes de inven\u00e7\u00e3o, modelos de utilidade e certificados de adi\u00e7\u00e3o. O total do per\u00edodo recente aumenta para 327 dep\u00f3sitos se forem considerados, tamb\u00e9m, marcas, desenho industrial e programas de computador.<\/p>\n<p style=\"text-align: justify;\">O coordenador-geral das unidades de pesquisa, Carlos Oit\u00ed Berbert, lembra que o avan\u00e7o est\u00e1 relacionado \u00e0 edi\u00e7\u00e3o da Lei da Inova\u00e7\u00e3o (10.973), de 2004. Embora, no passado, alguns institutos tenham feito dep\u00f3sitos, foi a partir da nova legisla\u00e7\u00e3o que se iniciou uma transforma\u00e7\u00e3o interna, inclusive naquelas institui\u00e7\u00f5es eminentemente cient\u00edficas, para as quais a mat\u00e9ria da inven\u00e7\u00e3o ou da inova\u00e7\u00e3o n\u00e3o era priorit\u00e1ria.<\/p>\n<p style=\"text-align: justify;\">\u201cO que ocorreu foi uma mudan\u00e7a de cultura entre os pr\u00f3prios pesquisadores, que anteriormente davam prefer\u00eancia \u00e0 publica\u00e7\u00e3o de artigos e papers em revistas cient\u00edficas\u201d, refor\u00e7a Oit\u00ed. Outra quest\u00e3o que contribuiu para o novo cen\u00e1rio foram algumas iniciativas da subsecretaria que introduziu nos termos de compromisso de gest\u00e3o (TCGs) dois indicadores: o \u00cdndice de Processos e T\u00e9cnicas Desenvolvidas (PcTD) e o \u00cdndice de Propriedade Intelectual (IPIn), relacionado ao registro de patentes.<\/p>\n<p style=\"text-align: justify;\">\u00a0Outro ponto a ser considerado, acrescenta, \u00e9 o fato de o pr\u00f3prio Plano de A\u00e7\u00e3o de Ci\u00eancia, Tecnologia e Inova\u00e7\u00e3o para o Desenvolvimento Nacional do minist\u00e9rio (Pacti\/2007 \u2013 2010) ter enfatizado a import\u00e2ncia da inova\u00e7\u00e3o como miss\u00e3o dos institutos de pesquisa e previsto, em suas metas, a implanta\u00e7\u00e3o, at\u00e9 dezembro de 2009, de cinco n\u00facleos de inova\u00e7\u00e3o tecnol\u00f3gica (NITs), junto \u00e0s unidades de pesquisa das regi\u00f5es Norte, Nordeste e Sudeste.<\/p>\n<p style=\"text-align: justify;\"><strong>Arranjos regionais<\/strong><\/p>\n<p style=\"text-align: justify;\">Para fazer frente aos desafios da inova\u00e7\u00e3o, o minist\u00e9rio passou a realizar constantes discuss\u00f5es e workshops com as unidades de pesquisa para debater as medidas necess\u00e1rias para a prote\u00e7\u00e3o das cria\u00e7\u00f5es desenvolvidas. E as \u00e1reas de inova\u00e7\u00e3o e de propriedade intelectual das unidades do MCTI foram organizadas em arranjos regionais de NITs (NIT Rio, NIT Mantiqueira, NIT Amaz\u00f4nia Oriental e NIT Amaz\u00f4nia Ocidental).<\/p>\n<p style=\"text-align: justify;\">Os arranjos operam em forma de rede colaborativa com a finalidade de otimizar e compartilhar recursos, disseminar boas pr\u00e1ticas de gest\u00e3o da inova\u00e7\u00e3o e de prote\u00e7\u00e3o \u00e0 propriedade intelectual e transfer\u00eancia de tecnologia, bem como facilitar a aplica\u00e7\u00e3o da pol\u00edtica e da legisla\u00e7\u00e3o de inova\u00e7\u00e3o, interligando diferentes setores e agentes.<\/p>\n<p style=\"text-align: justify;\">Cada arranjo de NITs cont\u00e9m um n\u00facleo de coordena\u00e7\u00e3o formado por representantes titular e substituto de cada instituto de pesquisa do MCTI ou de institui\u00e7\u00e3o cient\u00edfica e tecnol\u00f3gica (ICT) associada. Seu objetivo \u00e9 permitir que os resultados das pesquisas dos institutos alcancem o setor produtivo, tornando essas institui\u00e7\u00f5es participantes nos processos de inova\u00e7\u00e3o tecnol\u00f3gica e estimulando o desenvolvimento de produtos e servi\u00e7os com ci\u00eancia agregada e protegida por lei.<\/p>\n<p style=\"text-align: justify;\"><strong>Composi\u00e7\u00e3o<\/strong><\/p>\n<p style=\"text-align: justify;\">O\u00a0<a href=\"https:\/\/www.nitrio.org.br\/\" target=\"_blank\" rel=\"noopener\">Arranjo NIT Rio<\/a>\u00a0compreende as unidades de pesquisa do MCTI localizadas no Rio de Janeiro: CBPF, Cetem, Impa, INT, LNCC, ON e Mast. O Arranjo\u00a0<a href=\"https:\/\/www.nitmantiqueira.org.br\/\" target=\"_blank\" rel=\"noopener\">NIT Mantiqueira<\/a>, no estado de S\u00e3o Paulo, re\u00fane: CTI, Inpe, LNA e CNPEM, Centro de Pesquisas Avan\u00e7adas Wernher von Braun e Univap.<\/p>\n<p style=\"text-align: justify;\">Participam do Arranjo NIT Amaz\u00f4nia Oriental, no Par\u00e1: MPEG (do MCTI), Ufpa, Uepa, UFRA, Embrapa Amaz\u00f4nia Oriental, Cesupa, Ifpa, UFT, Unitis, Unifap e Ueap.<\/p>\n<p style=\"text-align: justify;\">\u00a0O Arranjo NIT Amaz\u00f4nia Ocidental abrange os estados do Amazonas, Acre, Rond\u00f4nia e Roraima. \u00c9 integrado por Inpa e Instituto Mamirau\u00e1 (ligados \u00e0 pasta federal), FMT-HVD, UFAM, Unir, UFRR, UFAC, UEA, FDB, Fucapi, Ifam, Fiocruz Amaz\u00f4nia, Embrapa Roraima, Suframa, IEL\/Amazonas, Senai\/AM, Universidade Nilton\u00a0 Lins, Faculdade Marta Falc\u00e3o, Ifro, IFRR, Funda\u00e7\u00e3o Desembargador Paulo Feitosa, Ifac e Cide.<\/p>\n<p style=\"text-align: justify;\">Leia\u00a0<a href=\"https:\/\/www.mct.gov.br\/index.php\/manage\/new_noticia\/.%20http:\/www.nitmantiqueira.org.br\/informativos\/56-2013\/novembro\/250-coordenador-geral-do-nit-rio-marcelo-albuquerque-defende-urgencia-na-definicao-de-um-novo-posicionamento-estrategico-e-tatico-para-os-arranjos-de-nits\">entrevista<\/a>\u00a0do coordenador-geral do NIT Rio, Marcelo Portes Albuquerque, sobre os avan\u00e7os e os desafios dos n\u00facleos de de inova\u00e7\u00e3o tecnol\u00f3gica.<\/p>\n<p style=\"text-align: justify;\"><em>Repercuss\u00e3o:<\/em> <a href=\"https:\/\/protec.org.br\/patentes\/30348\/unidades-de-pesquisa-do-mcti-apostam-mais-em-inovacao\" target=\"_blank\" rel=\"noopener\">Protec<\/a><\/p>\n","protected":false},"excerpt":{"rendered":"<p>Portal do MCTI em 02\/01\/2014 Por Denise Coelho Ascom MCTI O assunto da propriedade intelectual integra, cada vez mais, as atividades dos institutos de pesquisa vinculados ou supervisionados pelo Minist\u00e9rio&hellip;<\/p>\n","protected":false},"author":17,"featured_media":0,"comment_status":"closed","ping_status":"open","sticky":false,"template":"","format":"standard","meta":{"_acf_changed":false,"_jetpack_newsletter_access":"","_jetpack_dont_email_post_to_subs":false,"_jetpack_newsletter_tier_id":0,"_jetpack_memberships_contains_paywalled_content":false,"_jetpack_memberships_contains_paid_content":false,"footnotes":"","_links_to":"","_links_to_target":""},"categories":[1163],"tags":[],"class_list":["post-7181","post","type-post","status-publish","format-standard","hentry","category-clipping-cnpem","category-1163","description-off"],"acf":[],"yoast_head":"<!-- This site is optimized with the Yoast SEO plugin v27.5 - https:\/\/yoast.com\/product\/yoast-seo-wordpress\/ -->\n<title>Unidades de pesquisa do MCTI apostam mais em inova\u00e7\u00e3o - CNPEM<\/title>\n<meta name=\"robots\" content=\"index, follow, max-snippet:-1, max-image-preview:large, max-video-preview:-1\" \/>\n<link rel=\"canonical\" href=\"https:\/\/cnpem.br\/unidades-de-pesquisa-do-mcti-apostam-mais-em-inovacao\/\" \/>\n<meta property=\"og:locale\" content=\"en_US\" \/>\n<meta property=\"og:type\" content=\"article\" \/>\n<meta property=\"og:title\" content=\"Unidades de pesquisa do MCTI apostam mais em inova\u00e7\u00e3o - CNPEM\" \/>\n<meta property=\"og:description\" content=\"Portal do MCTI em 02\/01\/2014 Por Denise Coelho Ascom MCTI O assunto da propriedade intelectual integra, cada vez mais, as atividades dos institutos de pesquisa vinculados ou supervisionados pelo Minist\u00e9rio&hellip;\" \/>\n<meta property=\"og:url\" content=\"https:\/\/cnpem.br\/unidades-de-pesquisa-do-mcti-apostam-mais-em-inovacao\/\" \/>\n<meta property=\"og:site_name\" content=\"CNPEM\" \/>\n<meta property=\"article:published_time\" content=\"2014-01-08T13:41:24+00:00\" \/>\n<meta property=\"article:modified_time\" content=\"2026-03-02T19:31:46+00:00\" \/>\n<meta name=\"author\" content=\"Erik Medina\" \/>\n<meta name=\"twitter:card\" content=\"summary_large_image\" \/>\n<meta name=\"twitter:label1\" content=\"Written by\" \/>\n\t<meta name=\"twitter:data1\" content=\"Erik Medina\" \/>\n\t<meta name=\"twitter:label2\" content=\"Est. reading time\" \/>\n\t<meta name=\"twitter:data2\" content=\"4 minutes\" \/>\n<script type=\"application\/ld+json\" class=\"yoast-schema-graph\">{\"@context\":\"https:\\\/\\\/schema.org\",\"@graph\":[{\"@type\":\"Article\",\"@id\":\"https:\\\/\\\/cnpem.br\\\/unidades-de-pesquisa-do-mcti-apostam-mais-em-inovacao\\\/#article\",\"isPartOf\":{\"@id\":\"https:\\\/\\\/cnpem.br\\\/unidades-de-pesquisa-do-mcti-apostam-mais-em-inovacao\\\/\"},\"author\":{\"name\":\"Erik Medina\",\"@id\":\"https:\\\/\\\/cnpem.br\\\/#\\\/schema\\\/person\\\/b957a8048be4b70d687484cae6b978ef\"},\"headline\":\"Unidades de pesquisa do MCTI apostam mais em inova\u00e7\u00e3o\",\"datePublished\":\"2014-01-08T13:41:24+00:00\",\"dateModified\":\"2026-03-02T19:31:46+00:00\",\"mainEntityOfPage\":{\"@id\":\"https:\\\/\\\/cnpem.br\\\/unidades-de-pesquisa-do-mcti-apostam-mais-em-inovacao\\\/\"},\"wordCount\":787,\"articleSection\":[\"CNPEM na M\u00eddia\"],\"inLanguage\":\"en-US\"},{\"@type\":\"WebPage\",\"@id\":\"https:\\\/\\\/cnpem.br\\\/unidades-de-pesquisa-do-mcti-apostam-mais-em-inovacao\\\/\",\"url\":\"https:\\\/\\\/cnpem.br\\\/unidades-de-pesquisa-do-mcti-apostam-mais-em-inovacao\\\/\",\"name\":\"Unidades de pesquisa do MCTI apostam mais em inova\u00e7\u00e3o - CNPEM\",\"isPartOf\":{\"@id\":\"https:\\\/\\\/cnpem.br\\\/#website\"},\"datePublished\":\"2014-01-08T13:41:24+00:00\",\"dateModified\":\"2026-03-02T19:31:46+00:00\",\"author\":{\"@id\":\"https:\\\/\\\/cnpem.br\\\/#\\\/schema\\\/person\\\/b957a8048be4b70d687484cae6b978ef\"},\"breadcrumb\":{\"@id\":\"https:\\\/\\\/cnpem.br\\\/unidades-de-pesquisa-do-mcti-apostam-mais-em-inovacao\\\/#breadcrumb\"},\"inLanguage\":\"en-US\",\"potentialAction\":[{\"@type\":\"ReadAction\",\"target\":[\"https:\\\/\\\/cnpem.br\\\/unidades-de-pesquisa-do-mcti-apostam-mais-em-inovacao\\\/\"]}]},{\"@type\":\"BreadcrumbList\",\"@id\":\"https:\\\/\\\/cnpem.br\\\/unidades-de-pesquisa-do-mcti-apostam-mais-em-inovacao\\\/#breadcrumb\",\"itemListElement\":[{\"@type\":\"ListItem\",\"position\":1,\"name\":\"In\u00edcio\",\"item\":\"https:\\\/\\\/cnpem.br\\\/en\\\/\"},{\"@type\":\"ListItem\",\"position\":2,\"name\":\"Unidades de pesquisa do MCTI apostam mais em inova\u00e7\u00e3o\"}]},{\"@type\":\"WebSite\",\"@id\":\"https:\\\/\\\/cnpem.br\\\/#website\",\"url\":\"https:\\\/\\\/cnpem.br\\\/\",\"name\":\"Centro Nacional de Pesquisa em Energia e Materiais\",\"description\":\"Centro Nacional de Pesquisa em Energia e Materiais\",\"alternateName\":\"CNPEM\",\"potentialAction\":[{\"@type\":\"SearchAction\",\"target\":{\"@type\":\"EntryPoint\",\"urlTemplate\":\"https:\\\/\\\/cnpem.br\\\/?s={search_term_string}\"},\"query-input\":{\"@type\":\"PropertyValueSpecification\",\"valueRequired\":true,\"valueName\":\"search_term_string\"}}],\"inLanguage\":\"en-US\"},{\"@type\":\"Person\",\"@id\":\"https:\\\/\\\/cnpem.br\\\/#\\\/schema\\\/person\\\/b957a8048be4b70d687484cae6b978ef\",\"name\":\"Erik Medina\",\"url\":\"\"}]}<\/script>\n<!-- \/ Yoast SEO plugin. -->","yoast_head_json":{"title":"Unidades de pesquisa do MCTI apostam mais em inova\u00e7\u00e3o - CNPEM","robots":{"index":"index","follow":"follow","max-snippet":"max-snippet:-1","max-image-preview":"max-image-preview:large","max-video-preview":"max-video-preview:-1"},"canonical":"https:\/\/cnpem.br\/unidades-de-pesquisa-do-mcti-apostam-mais-em-inovacao\/","og_locale":"en_US","og_type":"article","og_title":"Unidades de pesquisa do MCTI apostam mais em inova\u00e7\u00e3o - CNPEM","og_description":"Portal do MCTI em 02\/01\/2014 Por Denise Coelho Ascom MCTI O assunto da propriedade intelectual integra, cada vez mais, as atividades dos institutos de pesquisa vinculados ou supervisionados pelo Minist\u00e9rio&hellip;","og_url":"https:\/\/cnpem.br\/unidades-de-pesquisa-do-mcti-apostam-mais-em-inovacao\/","og_site_name":"CNPEM","article_published_time":"2014-01-08T13:41:24+00:00","article_modified_time":"2026-03-02T19:31:46+00:00","author":"Erik Medina","twitter_card":"summary_large_image","twitter_misc":{"Written by":"Erik Medina","Est. reading time":"4 minutes"},"schema":{"@context":"https:\/\/schema.org","@graph":[{"@type":"Article","@id":"https:\/\/cnpem.br\/unidades-de-pesquisa-do-mcti-apostam-mais-em-inovacao\/#article","isPartOf":{"@id":"https:\/\/cnpem.br\/unidades-de-pesquisa-do-mcti-apostam-mais-em-inovacao\/"},"author":{"name":"Erik Medina","@id":"https:\/\/cnpem.br\/#\/schema\/person\/b957a8048be4b70d687484cae6b978ef"},"headline":"Unidades de pesquisa do MCTI apostam mais em inova\u00e7\u00e3o","datePublished":"2014-01-08T13:41:24+00:00","dateModified":"2026-03-02T19:31:46+00:00","mainEntityOfPage":{"@id":"https:\/\/cnpem.br\/unidades-de-pesquisa-do-mcti-apostam-mais-em-inovacao\/"},"wordCount":787,"articleSection":["CNPEM na M\u00eddia"],"inLanguage":"en-US"},{"@type":"WebPage","@id":"https:\/\/cnpem.br\/unidades-de-pesquisa-do-mcti-apostam-mais-em-inovacao\/","url":"https:\/\/cnpem.br\/unidades-de-pesquisa-do-mcti-apostam-mais-em-inovacao\/","name":"Unidades de pesquisa do MCTI apostam mais em inova\u00e7\u00e3o - CNPEM","isPartOf":{"@id":"https:\/\/cnpem.br\/#website"},"datePublished":"2014-01-08T13:41:24+00:00","dateModified":"2026-03-02T19:31:46+00:00","author":{"@id":"https:\/\/cnpem.br\/#\/schema\/person\/b957a8048be4b70d687484cae6b978ef"},"breadcrumb":{"@id":"https:\/\/cnpem.br\/unidades-de-pesquisa-do-mcti-apostam-mais-em-inovacao\/#breadcrumb"},"inLanguage":"en-US","potentialAction":[{"@type":"ReadAction","target":["https:\/\/cnpem.br\/unidades-de-pesquisa-do-mcti-apostam-mais-em-inovacao\/"]}]},{"@type":"BreadcrumbList","@id":"https:\/\/cnpem.br\/unidades-de-pesquisa-do-mcti-apostam-mais-em-inovacao\/#breadcrumb","itemListElement":[{"@type":"ListItem","position":1,"name":"In\u00edcio","item":"https:\/\/cnpem.br\/en\/"},{"@type":"ListItem","position":2,"name":"Unidades de pesquisa do MCTI apostam mais em inova\u00e7\u00e3o"}]},{"@type":"WebSite","@id":"https:\/\/cnpem.br\/#website","url":"https:\/\/cnpem.br\/","name":"Centro Nacional de Pesquisa em Energia e Materiais","description":"Centro Nacional de Pesquisa em Energia e Materiais","alternateName":"CNPEM","potentialAction":[{"@type":"SearchAction","target":{"@type":"EntryPoint","urlTemplate":"https:\/\/cnpem.br\/?s={search_term_string}"},"query-input":{"@type":"PropertyValueSpecification","valueRequired":true,"valueName":"search_term_string"}}],"inLanguage":"en-US"},{"@type":"Person","@id":"https:\/\/cnpem.br\/#\/schema\/person\/b957a8048be4b70d687484cae6b978ef","name":"Erik Medina","url":""}]}},"jetpack_featured_media_url":"","jetpack_sharing_enabled":true,"jetpack_shortlink":"https:\/\/wp.me\/per0Mi-1RP","_links":{"self":[{"href":"https:\/\/cnpem.br\/en\/wp-json\/wp\/v2\/posts\/7181","targetHints":{"allow":["GET"]}}],"collection":[{"href":"https:\/\/cnpem.br\/en\/wp-json\/wp\/v2\/posts"}],"about":[{"href":"https:\/\/cnpem.br\/en\/wp-json\/wp\/v2\/types\/post"}],"author":[{"embeddable":true,"href":"https:\/\/cnpem.br\/en\/wp-json\/wp\/v2\/users\/17"}],"replies":[{"embeddable":true,"href":"https:\/\/cnpem.br\/en\/wp-json\/wp\/v2\/comments?post=7181"}],"version-history":[{"count":0,"href":"https:\/\/cnpem.br\/en\/wp-json\/wp\/v2\/posts\/7181\/revisions"}],"wp:attachment":[{"href":"https:\/\/cnpem.br\/en\/wp-json\/wp\/v2\/media?parent=7181"}],"wp:term":[{"taxonomy":"category","embeddable":true,"href":"https:\/\/cnpem.br\/en\/wp-json\/wp\/v2\/categories?post=7181"},{"taxonomy":"post_tag","embeddable":true,"href":"https:\/\/cnpem.br\/en\/wp-json\/wp\/v2\/tags?post=7181"}],"curies":[{"name":"wp","href":"https:\/\/api.w.org\/{rel}","templated":true}]}}