{"id":6151,"date":"2013-07-22T15:30:25","date_gmt":"2013-07-22T18:30:25","guid":{"rendered":"https:\/\/www.cnpem.staging.wpengine.com\/?p=6151"},"modified":"2026-03-03T08:19:32","modified_gmt":"2026-03-03T11:19:32","slug":"ex-reitor-do-ita-michal-gartenkraut-morre-aos-66-anos","status":"publish","type":"post","link":"https:\/\/cnpem.br\/en\/ex-reitor-do-ita-michal-gartenkraut-morre-aos-66-anos\/","title":{"rendered":"Ex-reitor do ITA Michal Gartenkraut morre aos 66 anos"},"content":{"rendered":"<p style=\"text-align: justify;\"><em>Ag\u00eancia FAPESP, em 22\/07\/2013<\/em><\/p>\n<p style=\"text-align: justify;\">O engenheiro Michal Gartenkraut, professor e reitor do Instituto Tecnol\u00f3gico de Aeron\u00e1utica (ITA) entre 2001 e 2005, morreu no dia 17 de julho, aos 66 anos.<\/p>\n<p style=\"text-align: justify;\">Formado em Engenharia Mec\u00e2nica pelo ITA, Gartenkraut presidia o Conselho de Administra\u00e7\u00e3o da Associa\u00e7\u00e3o Parque Tecnol\u00f3gico de S\u00e3o Jos\u00e9 dos Campos e era s\u00f3cio-fundador da empresa de consultoria e assessoramento econ\u00f4mico-financeiro e estrat\u00e9gico Rosenberg &amp; Associados.<\/p>\n<p style=\"text-align: justify;\">Ele tamb\u00e9m esteve \u00e0 frente da Associa\u00e7\u00e3o Brasileira de Tecnologia de Luz S\u00edncrotron (ABTLuS), atual Centro Nacional de Pesquisa em Energia e Materiais (CNPEM).<\/p>\n<p style=\"text-align: justify;\">\u201cTanto nas posi\u00e7\u00f5es que ocupou no servi\u00e7o p\u00fablico quanto na condi\u00e7\u00e3o de consultor econ\u00f4mico na iniciativa privada, defendeu sempre modelos de excel\u00eancia na gest\u00e3o, em especial quando presidiu a Funda\u00e7\u00e3o Brasileira de Qualidade. Considerava a educa\u00e7\u00e3o de qualidade requisito para a democratiza\u00e7\u00e3o do conhecimento\u201d, afirmou o ministro da Ci\u00eancia, Tecnologia e Inova\u00e7\u00e3o, Marco Antonio Raupp, em nota divulgada pelo minist\u00e9rio. \u201cLamentamos seu falecimento, uma grande perda para o Brasil\u201d, acrescentou.<\/p>\n<p style=\"text-align: justify;\">Gartenkraut nasceu na Pol\u00f4nia e veio jovem para o Brasil, onde cursou gradua\u00e7\u00e3o e mestrado no ITA. Com PhD em Sistemas de Engenharia e Economia pela Stanford University, nos Estados Unidos, tamb\u00e9m foi presidente do Instituto de Pesquisa Econ\u00f4mica Aplicada (Ipea) entre 1987 e 1988, secret\u00e1rio-geral do Planejamento da Presid\u00eancia da Rep\u00fablica durante o governo Jos\u00e9 Sarney e secret\u00e1rio de assuntos econ\u00f4micos do Minist\u00e9rio da Fazenda de 1989 a 1990.<\/p>\n<p style=\"text-align: justify;\">De acordo com o jornal\u00a0<em>Valor Econ\u00f4mico<\/em>, Gartenkraut se recuperava em casa de uma cirurgia recente, quando passou mal e morreu.<\/p>\n<p style=\"text-align: justify;\">\u201cOs pesquisadores do N\u00facleo de Economia dos Transportes, Antitruste e Regula\u00e7\u00e3o (Nectar) do ITA expressam sua imensa tristeza pelo falecimento do professor Michal Gartenkraut\u201d, escreveram pesquisadores do ITA no blog do n\u00facleo. \u201cO professor Michal foi o pioneiro em pesquisas de Economia dos Transportes no Brasil, tendo fundado em 1977 o cerne das atividades de pesquisa que constitu\u00edram o Nectar.\u201d<\/p>\n","protected":false},"excerpt":{"rendered":"<p>Ag\u00eancia FAPESP, em 22\/07\/2013 O engenheiro Michal Gartenkraut, professor e reitor do Instituto Tecnol\u00f3gico de Aeron\u00e1utica (ITA) entre 2001 e 2005, morreu no dia 17 de julho, aos 66 anos.&hellip;<\/p>\n","protected":false},"author":17,"featured_media":0,"comment_status":"closed","ping_status":"open","sticky":false,"template":"","format":"standard","meta":{"_acf_changed":false,"_jetpack_newsletter_access":"","_jetpack_dont_email_post_to_subs":false,"_jetpack_newsletter_tier_id":0,"_jetpack_memberships_contains_paywalled_content":false,"_jetpack_memberships_contains_paid_content":false,"footnotes":"","_links_to":"","_links_to_target":""},"categories":[1163],"tags":[],"class_list":["post-6151","post","type-post","status-publish","format-standard","hentry","category-clipping-cnpem","category-1163","description-off"],"acf":[],"yoast_head":"<!-- This site is optimized with the Yoast SEO plugin v27.4 - https:\/\/yoast.com\/product\/yoast-seo-wordpress\/ -->\n<title>Ex-reitor do ITA Michal Gartenkraut morre aos 66 anos - CNPEM<\/title>\n<meta name=\"robots\" content=\"index, follow, max-snippet:-1, max-image-preview:large, max-video-preview:-1\" \/>\n<link rel=\"canonical\" href=\"https:\/\/cnpem.br\/ex-reitor-do-ita-michal-gartenkraut-morre-aos-66-anos\/\" \/>\n<meta property=\"og:locale\" content=\"en_US\" \/>\n<meta property=\"og:type\" content=\"article\" \/>\n<meta property=\"og:title\" content=\"Ex-reitor do ITA Michal Gartenkraut morre aos 66 anos - CNPEM\" \/>\n<meta property=\"og:description\" content=\"Ag\u00eancia FAPESP, em 22\/07\/2013 O engenheiro Michal Gartenkraut, professor e reitor do Instituto Tecnol\u00f3gico de Aeron\u00e1utica (ITA) entre 2001 e 2005, morreu no dia 17 de julho, aos 66 anos.&hellip;\" \/>\n<meta property=\"og:url\" content=\"https:\/\/cnpem.br\/ex-reitor-do-ita-michal-gartenkraut-morre-aos-66-anos\/\" \/>\n<meta property=\"og:site_name\" content=\"CNPEM\" \/>\n<meta property=\"article:published_time\" content=\"2013-07-22T18:30:25+00:00\" \/>\n<meta property=\"article:modified_time\" content=\"2026-03-03T11:19:32+00:00\" \/>\n<meta name=\"author\" content=\"Erik Medina\" \/>\n<meta name=\"twitter:card\" content=\"summary_large_image\" \/>\n<meta name=\"twitter:label1\" content=\"Written by\" \/>\n\t<meta name=\"twitter:data1\" content=\"Erik Medina\" \/>\n\t<meta name=\"twitter:label2\" content=\"Est. reading time\" \/>\n\t<meta name=\"twitter:data2\" content=\"2 minutes\" \/>\n<script type=\"application\/ld+json\" class=\"yoast-schema-graph\">{\"@context\":\"https:\\\/\\\/schema.org\",\"@graph\":[{\"@type\":\"Article\",\"@id\":\"https:\\\/\\\/cnpem.br\\\/ex-reitor-do-ita-michal-gartenkraut-morre-aos-66-anos\\\/#article\",\"isPartOf\":{\"@id\":\"https:\\\/\\\/cnpem.br\\\/ex-reitor-do-ita-michal-gartenkraut-morre-aos-66-anos\\\/\"},\"author\":{\"name\":\"Erik Medina\",\"@id\":\"https:\\\/\\\/cnpem.br\\\/#\\\/schema\\\/person\\\/b957a8048be4b70d687484cae6b978ef\"},\"headline\":\"Ex-reitor do ITA Michal Gartenkraut morre aos 66 anos\",\"datePublished\":\"2013-07-22T18:30:25+00:00\",\"dateModified\":\"2026-03-03T11:19:32+00:00\",\"mainEntityOfPage\":{\"@id\":\"https:\\\/\\\/cnpem.br\\\/ex-reitor-do-ita-michal-gartenkraut-morre-aos-66-anos\\\/\"},\"wordCount\":350,\"articleSection\":[\"CNPEM na M\u00eddia\"],\"inLanguage\":\"en-US\"},{\"@type\":\"WebPage\",\"@id\":\"https:\\\/\\\/cnpem.br\\\/ex-reitor-do-ita-michal-gartenkraut-morre-aos-66-anos\\\/\",\"url\":\"https:\\\/\\\/cnpem.br\\\/ex-reitor-do-ita-michal-gartenkraut-morre-aos-66-anos\\\/\",\"name\":\"Ex-reitor do ITA Michal Gartenkraut morre aos 66 anos - CNPEM\",\"isPartOf\":{\"@id\":\"https:\\\/\\\/cnpem.br\\\/#website\"},\"datePublished\":\"2013-07-22T18:30:25+00:00\",\"dateModified\":\"2026-03-03T11:19:32+00:00\",\"author\":{\"@id\":\"https:\\\/\\\/cnpem.br\\\/#\\\/schema\\\/person\\\/b957a8048be4b70d687484cae6b978ef\"},\"breadcrumb\":{\"@id\":\"https:\\\/\\\/cnpem.br\\\/ex-reitor-do-ita-michal-gartenkraut-morre-aos-66-anos\\\/#breadcrumb\"},\"inLanguage\":\"en-US\",\"potentialAction\":[{\"@type\":\"ReadAction\",\"target\":[\"https:\\\/\\\/cnpem.br\\\/ex-reitor-do-ita-michal-gartenkraut-morre-aos-66-anos\\\/\"]}]},{\"@type\":\"BreadcrumbList\",\"@id\":\"https:\\\/\\\/cnpem.br\\\/ex-reitor-do-ita-michal-gartenkraut-morre-aos-66-anos\\\/#breadcrumb\",\"itemListElement\":[{\"@type\":\"ListItem\",\"position\":1,\"name\":\"In\u00edcio\",\"item\":\"https:\\\/\\\/cnpem.br\\\/en\\\/\"},{\"@type\":\"ListItem\",\"position\":2,\"name\":\"Ex-reitor do ITA Michal Gartenkraut morre aos 66 anos\"}]},{\"@type\":\"WebSite\",\"@id\":\"https:\\\/\\\/cnpem.br\\\/#website\",\"url\":\"https:\\\/\\\/cnpem.br\\\/\",\"name\":\"Centro Nacional de Pesquisa em Energia e Materiais\",\"description\":\"Centro Nacional de Pesquisa em Energia e Materiais\",\"alternateName\":\"CNPEM\",\"potentialAction\":[{\"@type\":\"SearchAction\",\"target\":{\"@type\":\"EntryPoint\",\"urlTemplate\":\"https:\\\/\\\/cnpem.br\\\/?s={search_term_string}\"},\"query-input\":{\"@type\":\"PropertyValueSpecification\",\"valueRequired\":true,\"valueName\":\"search_term_string\"}}],\"inLanguage\":\"en-US\"},{\"@type\":\"Person\",\"@id\":\"https:\\\/\\\/cnpem.br\\\/#\\\/schema\\\/person\\\/b957a8048be4b70d687484cae6b978ef\",\"name\":\"Erik Medina\",\"url\":\"\"}]}<\/script>\n<!-- \/ Yoast SEO plugin. -->","yoast_head_json":{"title":"Ex-reitor do ITA Michal Gartenkraut morre aos 66 anos - CNPEM","robots":{"index":"index","follow":"follow","max-snippet":"max-snippet:-1","max-image-preview":"max-image-preview:large","max-video-preview":"max-video-preview:-1"},"canonical":"https:\/\/cnpem.br\/ex-reitor-do-ita-michal-gartenkraut-morre-aos-66-anos\/","og_locale":"en_US","og_type":"article","og_title":"Ex-reitor do ITA Michal Gartenkraut morre aos 66 anos - CNPEM","og_description":"Ag\u00eancia FAPESP, em 22\/07\/2013 O engenheiro Michal Gartenkraut, professor e reitor do Instituto Tecnol\u00f3gico de Aeron\u00e1utica (ITA) entre 2001 e 2005, morreu no dia 17 de julho, aos 66 anos.&hellip;","og_url":"https:\/\/cnpem.br\/ex-reitor-do-ita-michal-gartenkraut-morre-aos-66-anos\/","og_site_name":"CNPEM","article_published_time":"2013-07-22T18:30:25+00:00","article_modified_time":"2026-03-03T11:19:32+00:00","author":"Erik Medina","twitter_card":"summary_large_image","twitter_misc":{"Written by":"Erik Medina","Est. reading time":"2 minutes"},"schema":{"@context":"https:\/\/schema.org","@graph":[{"@type":"Article","@id":"https:\/\/cnpem.br\/ex-reitor-do-ita-michal-gartenkraut-morre-aos-66-anos\/#article","isPartOf":{"@id":"https:\/\/cnpem.br\/ex-reitor-do-ita-michal-gartenkraut-morre-aos-66-anos\/"},"author":{"name":"Erik Medina","@id":"https:\/\/cnpem.br\/#\/schema\/person\/b957a8048be4b70d687484cae6b978ef"},"headline":"Ex-reitor do ITA Michal Gartenkraut morre aos 66 anos","datePublished":"2013-07-22T18:30:25+00:00","dateModified":"2026-03-03T11:19:32+00:00","mainEntityOfPage":{"@id":"https:\/\/cnpem.br\/ex-reitor-do-ita-michal-gartenkraut-morre-aos-66-anos\/"},"wordCount":350,"articleSection":["CNPEM na M\u00eddia"],"inLanguage":"en-US"},{"@type":"WebPage","@id":"https:\/\/cnpem.br\/ex-reitor-do-ita-michal-gartenkraut-morre-aos-66-anos\/","url":"https:\/\/cnpem.br\/ex-reitor-do-ita-michal-gartenkraut-morre-aos-66-anos\/","name":"Ex-reitor do ITA Michal Gartenkraut morre aos 66 anos - CNPEM","isPartOf":{"@id":"https:\/\/cnpem.br\/#website"},"datePublished":"2013-07-22T18:30:25+00:00","dateModified":"2026-03-03T11:19:32+00:00","author":{"@id":"https:\/\/cnpem.br\/#\/schema\/person\/b957a8048be4b70d687484cae6b978ef"},"breadcrumb":{"@id":"https:\/\/cnpem.br\/ex-reitor-do-ita-michal-gartenkraut-morre-aos-66-anos\/#breadcrumb"},"inLanguage":"en-US","potentialAction":[{"@type":"ReadAction","target":["https:\/\/cnpem.br\/ex-reitor-do-ita-michal-gartenkraut-morre-aos-66-anos\/"]}]},{"@type":"BreadcrumbList","@id":"https:\/\/cnpem.br\/ex-reitor-do-ita-michal-gartenkraut-morre-aos-66-anos\/#breadcrumb","itemListElement":[{"@type":"ListItem","position":1,"name":"In\u00edcio","item":"https:\/\/cnpem.br\/en\/"},{"@type":"ListItem","position":2,"name":"Ex-reitor do ITA Michal Gartenkraut morre aos 66 anos"}]},{"@type":"WebSite","@id":"https:\/\/cnpem.br\/#website","url":"https:\/\/cnpem.br\/","name":"Centro Nacional de Pesquisa em Energia e Materiais","description":"Centro Nacional de Pesquisa em Energia e Materiais","alternateName":"CNPEM","potentialAction":[{"@type":"SearchAction","target":{"@type":"EntryPoint","urlTemplate":"https:\/\/cnpem.br\/?s={search_term_string}"},"query-input":{"@type":"PropertyValueSpecification","valueRequired":true,"valueName":"search_term_string"}}],"inLanguage":"en-US"},{"@type":"Person","@id":"https:\/\/cnpem.br\/#\/schema\/person\/b957a8048be4b70d687484cae6b978ef","name":"Erik Medina","url":""}]}},"jetpack_featured_media_url":"","jetpack_sharing_enabled":true,"jetpack_shortlink":"https:\/\/wp.me\/per0Mi-1Bd","_links":{"self":[{"href":"https:\/\/cnpem.br\/en\/wp-json\/wp\/v2\/posts\/6151","targetHints":{"allow":["GET"]}}],"collection":[{"href":"https:\/\/cnpem.br\/en\/wp-json\/wp\/v2\/posts"}],"about":[{"href":"https:\/\/cnpem.br\/en\/wp-json\/wp\/v2\/types\/post"}],"author":[{"embeddable":true,"href":"https:\/\/cnpem.br\/en\/wp-json\/wp\/v2\/users\/17"}],"replies":[{"embeddable":true,"href":"https:\/\/cnpem.br\/en\/wp-json\/wp\/v2\/comments?post=6151"}],"version-history":[{"count":0,"href":"https:\/\/cnpem.br\/en\/wp-json\/wp\/v2\/posts\/6151\/revisions"}],"wp:attachment":[{"href":"https:\/\/cnpem.br\/en\/wp-json\/wp\/v2\/media?parent=6151"}],"wp:term":[{"taxonomy":"category","embeddable":true,"href":"https:\/\/cnpem.br\/en\/wp-json\/wp\/v2\/categories?post=6151"},{"taxonomy":"post_tag","embeddable":true,"href":"https:\/\/cnpem.br\/en\/wp-json\/wp\/v2\/tags?post=6151"}],"curies":[{"name":"wp","href":"https:\/\/api.w.org\/{rel}","templated":true}]}}