{"id":4853,"date":"2012-09-04T11:37:56","date_gmt":"2012-09-04T14:37:56","guid":{"rendered":"https:\/\/www.cnpem.staging.wpengine.com\/?p=4853"},"modified":"2026-03-03T10:08:57","modified_gmt":"2026-03-03T13:08:57","slug":"viagem-jornalistas-alemaes-visitam-institutos-de-pesquisa-brasileiros","status":"publish","type":"post","link":"https:\/\/cnpem.br\/en\/viagem-jornalistas-alemaes-visitam-institutos-de-pesquisa-brasileiros\/","title":{"rendered":"VIAGEM: Jornalistas alem\u00e3es visitam institutos de pesquisa brasileiros"},"content":{"rendered":"<p style=\"text-align: justify;\"><em>Representa\u00e7\u00f5es da Rep\u00fablica Federal da Alemanha no Brasil, em 03\/09\/2012<\/em><\/p>\n<p style=\"text-align: justify;\">Durante duas semanas de setembro, 18 jornalistas cient\u00edficos alem\u00e3es visitar\u00e3o importantes institutos de pesquisa em S\u00e3o Paulo, Campinas, S\u00e3o Jos\u00e9 dos Campos, Jundia\u00ed e Manaus.<\/p>\n<p style=\"text-align: justify;\">Organizada pela Associa\u00e7\u00e3o de Jornalistas Cient\u00edficos da Alemanha (WPK), com apoio log\u00edstico do DAAD e fomento do Centro Alem\u00e3o de Ci\u00eancia e Inova\u00e7\u00e3o (DWIH), a viagem incluir\u00e1 visitas \u00e0 USP, \u00e0 Unicamp, ao Laborat\u00f3rio Nacional de Ci\u00eancia e Tecnologia (CTBE), ao Instituto Nacional de Pesquisa Espacial (INPE), ao Instituto de Pesquisas Ecol\u00f3gicas (IPE), ao Instituto Nacional de Pesquisas da Amaz\u00f4nia (INPA), entre outros.<\/p>\n<p style=\"text-align: justify;\">Com a viagem, os jornalistas ficar\u00e3o conhecendo algumas das pesquisas de ponta realizadas no Brasil. No grupo, h\u00e1 jornalistas de jornais, revistas, r\u00e1dio e televis\u00e3o.<\/p>\n","protected":false},"excerpt":{"rendered":"<p>Representa\u00e7\u00f5es da Rep\u00fablica Federal da Alemanha no Brasil, em 03\/09\/2012 Durante duas semanas de setembro, 18 jornalistas cient\u00edficos alem\u00e3es visitar\u00e3o importantes institutos de pesquisa em S\u00e3o Paulo, Campinas, S\u00e3o Jos\u00e9&hellip;<\/p>\n","protected":false},"author":17,"featured_media":0,"comment_status":"closed","ping_status":"open","sticky":false,"template":"","format":"standard","meta":{"_acf_changed":false,"_jetpack_newsletter_access":"","_jetpack_dont_email_post_to_subs":false,"_jetpack_newsletter_tier_id":0,"_jetpack_memberships_contains_paywalled_content":false,"_jetpack_memberships_contains_paid_content":false,"footnotes":"","_links_to":"","_links_to_target":""},"categories":[1163,1224],"tags":[],"class_list":["post-4853","post","type-post","status-publish","format-standard","hentry","category-clipping-cnpem","category-clipping-lnbr","category-1163","category-1224","description-off"],"acf":[],"yoast_head":"<!-- This site is optimized with the Yoast SEO plugin v27.4 - https:\/\/yoast.com\/product\/yoast-seo-wordpress\/ -->\n<title>VIAGEM: Jornalistas alem\u00e3es visitam institutos de pesquisa brasileiros - CNPEM<\/title>\n<meta name=\"robots\" content=\"index, follow, max-snippet:-1, max-image-preview:large, max-video-preview:-1\" \/>\n<link rel=\"canonical\" href=\"https:\/\/cnpem.br\/viagem-jornalistas-alemaes-visitam-institutos-de-pesquisa-brasileiros\/\" \/>\n<meta property=\"og:locale\" content=\"en_US\" \/>\n<meta property=\"og:type\" content=\"article\" \/>\n<meta property=\"og:title\" content=\"VIAGEM: Jornalistas alem\u00e3es visitam institutos de pesquisa brasileiros - CNPEM\" \/>\n<meta property=\"og:description\" content=\"Representa\u00e7\u00f5es da Rep\u00fablica Federal da Alemanha no Brasil, em 03\/09\/2012 Durante duas semanas de setembro, 18 jornalistas cient\u00edficos alem\u00e3es visitar\u00e3o importantes institutos de pesquisa em S\u00e3o Paulo, Campinas, S\u00e3o Jos\u00e9&hellip;\" \/>\n<meta property=\"og:url\" content=\"https:\/\/cnpem.br\/viagem-jornalistas-alemaes-visitam-institutos-de-pesquisa-brasileiros\/\" \/>\n<meta property=\"og:site_name\" content=\"CNPEM\" \/>\n<meta property=\"article:published_time\" content=\"2012-09-04T14:37:56+00:00\" \/>\n<meta property=\"article:modified_time\" content=\"2026-03-03T13:08:57+00:00\" \/>\n<meta name=\"author\" content=\"Erik Medina\" \/>\n<meta name=\"twitter:card\" content=\"summary_large_image\" \/>\n<meta name=\"twitter:label1\" content=\"Written by\" \/>\n\t<meta name=\"twitter:data1\" content=\"Erik Medina\" \/>\n\t<meta name=\"twitter:label2\" content=\"Est. reading time\" \/>\n\t<meta name=\"twitter:data2\" content=\"1 minute\" \/>\n<script type=\"application\/ld+json\" class=\"yoast-schema-graph\">{\"@context\":\"https:\\\/\\\/schema.org\",\"@graph\":[{\"@type\":\"Article\",\"@id\":\"https:\\\/\\\/cnpem.br\\\/viagem-jornalistas-alemaes-visitam-institutos-de-pesquisa-brasileiros\\\/#article\",\"isPartOf\":{\"@id\":\"https:\\\/\\\/cnpem.br\\\/viagem-jornalistas-alemaes-visitam-institutos-de-pesquisa-brasileiros\\\/\"},\"author\":{\"name\":\"Erik Medina\",\"@id\":\"https:\\\/\\\/cnpem.br\\\/#\\\/schema\\\/person\\\/b957a8048be4b70d687484cae6b978ef\"},\"headline\":\"VIAGEM: Jornalistas alem\u00e3es visitam institutos de pesquisa brasileiros\",\"datePublished\":\"2012-09-04T14:37:56+00:00\",\"dateModified\":\"2026-03-03T13:08:57+00:00\",\"mainEntityOfPage\":{\"@id\":\"https:\\\/\\\/cnpem.br\\\/viagem-jornalistas-alemaes-visitam-institutos-de-pesquisa-brasileiros\\\/\"},\"wordCount\":148,\"articleSection\":[\"CNPEM na M\u00eddia\",\"LNBR na M\u00eddia\"],\"inLanguage\":\"en-US\"},{\"@type\":\"WebPage\",\"@id\":\"https:\\\/\\\/cnpem.br\\\/viagem-jornalistas-alemaes-visitam-institutos-de-pesquisa-brasileiros\\\/\",\"url\":\"https:\\\/\\\/cnpem.br\\\/viagem-jornalistas-alemaes-visitam-institutos-de-pesquisa-brasileiros\\\/\",\"name\":\"VIAGEM: Jornalistas alem\u00e3es visitam institutos de pesquisa brasileiros - CNPEM\",\"isPartOf\":{\"@id\":\"https:\\\/\\\/cnpem.br\\\/#website\"},\"datePublished\":\"2012-09-04T14:37:56+00:00\",\"dateModified\":\"2026-03-03T13:08:57+00:00\",\"author\":{\"@id\":\"https:\\\/\\\/cnpem.br\\\/#\\\/schema\\\/person\\\/b957a8048be4b70d687484cae6b978ef\"},\"breadcrumb\":{\"@id\":\"https:\\\/\\\/cnpem.br\\\/viagem-jornalistas-alemaes-visitam-institutos-de-pesquisa-brasileiros\\\/#breadcrumb\"},\"inLanguage\":\"en-US\",\"potentialAction\":[{\"@type\":\"ReadAction\",\"target\":[\"https:\\\/\\\/cnpem.br\\\/viagem-jornalistas-alemaes-visitam-institutos-de-pesquisa-brasileiros\\\/\"]}]},{\"@type\":\"BreadcrumbList\",\"@id\":\"https:\\\/\\\/cnpem.br\\\/viagem-jornalistas-alemaes-visitam-institutos-de-pesquisa-brasileiros\\\/#breadcrumb\",\"itemListElement\":[{\"@type\":\"ListItem\",\"position\":1,\"name\":\"In\u00edcio\",\"item\":\"https:\\\/\\\/cnpem.br\\\/en\\\/\"},{\"@type\":\"ListItem\",\"position\":2,\"name\":\"VIAGEM: Jornalistas alem\u00e3es visitam institutos de pesquisa brasileiros\"}]},{\"@type\":\"WebSite\",\"@id\":\"https:\\\/\\\/cnpem.br\\\/#website\",\"url\":\"https:\\\/\\\/cnpem.br\\\/\",\"name\":\"Centro Nacional de Pesquisa em Energia e Materiais\",\"description\":\"Centro Nacional de Pesquisa em Energia e Materiais\",\"alternateName\":\"CNPEM\",\"potentialAction\":[{\"@type\":\"SearchAction\",\"target\":{\"@type\":\"EntryPoint\",\"urlTemplate\":\"https:\\\/\\\/cnpem.br\\\/?s={search_term_string}\"},\"query-input\":{\"@type\":\"PropertyValueSpecification\",\"valueRequired\":true,\"valueName\":\"search_term_string\"}}],\"inLanguage\":\"en-US\"},{\"@type\":\"Person\",\"@id\":\"https:\\\/\\\/cnpem.br\\\/#\\\/schema\\\/person\\\/b957a8048be4b70d687484cae6b978ef\",\"name\":\"Erik Medina\",\"url\":\"\"}]}<\/script>\n<!-- \/ Yoast SEO plugin. -->","yoast_head_json":{"title":"VIAGEM: Jornalistas alem\u00e3es visitam institutos de pesquisa brasileiros - CNPEM","robots":{"index":"index","follow":"follow","max-snippet":"max-snippet:-1","max-image-preview":"max-image-preview:large","max-video-preview":"max-video-preview:-1"},"canonical":"https:\/\/cnpem.br\/viagem-jornalistas-alemaes-visitam-institutos-de-pesquisa-brasileiros\/","og_locale":"en_US","og_type":"article","og_title":"VIAGEM: Jornalistas alem\u00e3es visitam institutos de pesquisa brasileiros - CNPEM","og_description":"Representa\u00e7\u00f5es da Rep\u00fablica Federal da Alemanha no Brasil, em 03\/09\/2012 Durante duas semanas de setembro, 18 jornalistas cient\u00edficos alem\u00e3es visitar\u00e3o importantes institutos de pesquisa em S\u00e3o Paulo, Campinas, S\u00e3o Jos\u00e9&hellip;","og_url":"https:\/\/cnpem.br\/viagem-jornalistas-alemaes-visitam-institutos-de-pesquisa-brasileiros\/","og_site_name":"CNPEM","article_published_time":"2012-09-04T14:37:56+00:00","article_modified_time":"2026-03-03T13:08:57+00:00","author":"Erik Medina","twitter_card":"summary_large_image","twitter_misc":{"Written by":"Erik Medina","Est. reading time":"1 minute"},"schema":{"@context":"https:\/\/schema.org","@graph":[{"@type":"Article","@id":"https:\/\/cnpem.br\/viagem-jornalistas-alemaes-visitam-institutos-de-pesquisa-brasileiros\/#article","isPartOf":{"@id":"https:\/\/cnpem.br\/viagem-jornalistas-alemaes-visitam-institutos-de-pesquisa-brasileiros\/"},"author":{"name":"Erik Medina","@id":"https:\/\/cnpem.br\/#\/schema\/person\/b957a8048be4b70d687484cae6b978ef"},"headline":"VIAGEM: Jornalistas alem\u00e3es visitam institutos de pesquisa brasileiros","datePublished":"2012-09-04T14:37:56+00:00","dateModified":"2026-03-03T13:08:57+00:00","mainEntityOfPage":{"@id":"https:\/\/cnpem.br\/viagem-jornalistas-alemaes-visitam-institutos-de-pesquisa-brasileiros\/"},"wordCount":148,"articleSection":["CNPEM na M\u00eddia","LNBR na M\u00eddia"],"inLanguage":"en-US"},{"@type":"WebPage","@id":"https:\/\/cnpem.br\/viagem-jornalistas-alemaes-visitam-institutos-de-pesquisa-brasileiros\/","url":"https:\/\/cnpem.br\/viagem-jornalistas-alemaes-visitam-institutos-de-pesquisa-brasileiros\/","name":"VIAGEM: Jornalistas alem\u00e3es visitam institutos de pesquisa brasileiros - CNPEM","isPartOf":{"@id":"https:\/\/cnpem.br\/#website"},"datePublished":"2012-09-04T14:37:56+00:00","dateModified":"2026-03-03T13:08:57+00:00","author":{"@id":"https:\/\/cnpem.br\/#\/schema\/person\/b957a8048be4b70d687484cae6b978ef"},"breadcrumb":{"@id":"https:\/\/cnpem.br\/viagem-jornalistas-alemaes-visitam-institutos-de-pesquisa-brasileiros\/#breadcrumb"},"inLanguage":"en-US","potentialAction":[{"@type":"ReadAction","target":["https:\/\/cnpem.br\/viagem-jornalistas-alemaes-visitam-institutos-de-pesquisa-brasileiros\/"]}]},{"@type":"BreadcrumbList","@id":"https:\/\/cnpem.br\/viagem-jornalistas-alemaes-visitam-institutos-de-pesquisa-brasileiros\/#breadcrumb","itemListElement":[{"@type":"ListItem","position":1,"name":"In\u00edcio","item":"https:\/\/cnpem.br\/en\/"},{"@type":"ListItem","position":2,"name":"VIAGEM: Jornalistas alem\u00e3es visitam institutos de pesquisa brasileiros"}]},{"@type":"WebSite","@id":"https:\/\/cnpem.br\/#website","url":"https:\/\/cnpem.br\/","name":"Centro Nacional de Pesquisa em Energia e Materiais","description":"Centro Nacional de Pesquisa em Energia e Materiais","alternateName":"CNPEM","potentialAction":[{"@type":"SearchAction","target":{"@type":"EntryPoint","urlTemplate":"https:\/\/cnpem.br\/?s={search_term_string}"},"query-input":{"@type":"PropertyValueSpecification","valueRequired":true,"valueName":"search_term_string"}}],"inLanguage":"en-US"},{"@type":"Person","@id":"https:\/\/cnpem.br\/#\/schema\/person\/b957a8048be4b70d687484cae6b978ef","name":"Erik Medina","url":""}]}},"jetpack_featured_media_url":"","jetpack_sharing_enabled":true,"jetpack_shortlink":"https:\/\/wp.me\/per0Mi-1gh","_links":{"self":[{"href":"https:\/\/cnpem.br\/en\/wp-json\/wp\/v2\/posts\/4853","targetHints":{"allow":["GET"]}}],"collection":[{"href":"https:\/\/cnpem.br\/en\/wp-json\/wp\/v2\/posts"}],"about":[{"href":"https:\/\/cnpem.br\/en\/wp-json\/wp\/v2\/types\/post"}],"author":[{"embeddable":true,"href":"https:\/\/cnpem.br\/en\/wp-json\/wp\/v2\/users\/17"}],"replies":[{"embeddable":true,"href":"https:\/\/cnpem.br\/en\/wp-json\/wp\/v2\/comments?post=4853"}],"version-history":[{"count":0,"href":"https:\/\/cnpem.br\/en\/wp-json\/wp\/v2\/posts\/4853\/revisions"}],"wp:attachment":[{"href":"https:\/\/cnpem.br\/en\/wp-json\/wp\/v2\/media?parent=4853"}],"wp:term":[{"taxonomy":"category","embeddable":true,"href":"https:\/\/cnpem.br\/en\/wp-json\/wp\/v2\/categories?post=4853"},{"taxonomy":"post_tag","embeddable":true,"href":"https:\/\/cnpem.br\/en\/wp-json\/wp\/v2\/tags?post=4853"}],"curies":[{"name":"wp","href":"https:\/\/api.w.org\/{rel}","templated":true}]}}