{"id":2951,"date":"2011-09-12T15:04:14","date_gmt":"2011-09-12T15:04:14","guid":{"rendered":"https:\/\/www.cnpem.staging.wpengine.com\/?p=2951"},"modified":"2026-03-03T10:13:39","modified_gmt":"2026-03-03T13:13:39","slug":"sincrotron-no-resgate-da-heranca-cultural-2","status":"publish","type":"post","link":"https:\/\/cnpem.br\/en\/sincrotron-no-resgate-da-heranca-cultural-2\/","title":{"rendered":"S\u00edncrotron no resgate da heran\u00e7a cultural"},"content":{"rendered":"<p><em>Assessoria de Comunica\u00e7\u00e3o, em 12\/09\/2011<\/em><\/p>\n<table width=\"200\" border=\"0\" cellspacing=\"1\" cellpadding=\"1\" align=\"left\">\n<tbody>\n<tr>\n<td><img data-recalc-dims=\"1\" loading=\"lazy\" decoding=\"async\" src=\"https:\/\/i0.wp.com\/oldwww.lnls.br\/lnls\/media\/Illustration-ESRF%2C%20Grenoble%2C%20France.jpg?resize=420%2C289&#038;ssl=1\" alt=\"\" width=\"420\" height=\"289\" \/><\/td>\n<\/tr>\n<tr>\n<td>Vers\u00f5es simuladas do aspecto no passado, presente e futuro da tela <em>\u2018Bank of the Seine\u2019 <\/em>(V. Van Gogh, 1887)\/ \u00a9 ESRF, Grenoble, France.<\/td>\n<\/tr>\n<\/tbody>\n<\/table>\n<p style=\"text-align: justify;\">A radia\u00e7\u00e3o S\u00edncrotron vem se tornando uma ferramenta poderosa para o estudo de artefatos antigos \u00fanicos, como obras de arte e f\u00f3sseis. Na \u00faltima d\u00e9cada, estes materiais hist\u00f3ricos passaram a ter suas estruturas reveladas em escala micro e nanom\u00e9trica, auxiliando diversas \u00e1reas a entender o passado e a aprender a conservar estas rel\u00edquias. No Congresso Internacional de \u00d3ptica de Raios X e Microan\u00e1lise (ICXOM21, sigla em ingl\u00eas), realizado entre os dias 5 e 8 de setembro, em Campinas, tr\u00eas pesquisas importantes mostraram como o uso da Luz S\u00edncrotron pode contribuir para o conhecimento nas \u00e1reas das Artes, Hist\u00f3ria e Paleontologia. O Congresso foi organizado pelo Laborat\u00f3rio Nacional de Luz S\u00edncrotron (LNLS).<\/p>\n<div style=\"text-align: justify;\">\n<p>A cientista Marine Cotte, PhD em compostos qu\u00edmicos utilizados na Antiguidade, explica que o car\u00e1ter n\u00e3o-invasivo da radia\u00e7\u00e3o S\u00edncrotron, associado \u00e0 sensibilidade qu\u00edmica desta tecnologia, permite an\u00e1lises profundas de materiais complexos, cheios de camadas, como s\u00e3o as obras de arte. Por meio de t\u00e9cnicas como a Espectroscopia de Absor\u00e7\u00e3o de Raios X (XAS, sigla em ingl\u00eas), \u00e9 poss\u00edvel obter informa\u00e7\u00f5es sobre estado qu\u00edmico e composi\u00e7\u00f5es locais dos objetos analisados, al\u00e9m de rastrear elementos qu\u00edmicos nocivos para as obras.<\/p>\n<p>O uso desta t\u00e9cnica pode revelar duas \u201chist\u00f3rias\u201d. A primeira remonta \u00e0 \u00e9poca em que a obra de arte foi produzida. \u00c9 poss\u00edvel, por exemplo, observar as diferentes camadas da pintura e identificar todas as subst\u00e2ncias que comp\u00f5em os pigmentos das tintas utilizados. Com isso, pode se entender melhor \u2013 ou, at\u00e9 mesmo, resgatar \u2013 t\u00e9cnicas utilizadas por artistas antigos, preservando a heran\u00e7a de uma cultura. A segunda hist\u00f3ria \u00e9 atual e diz respeito ao avan\u00e7o nas formas de restauro e conserva\u00e7\u00e3o dessas pe\u00e7as de arte: conhecendo a composi\u00e7\u00e3o qu\u00edmica das pigmenta\u00e7\u00f5es \u00e9 poss\u00edvel evitar rea\u00e7\u00f5es indesejadas ou identificar aquelas que mant\u00eam a obra conservada.<\/p>\n<p>Nesta mesma perspectiva, o professor PhD em Qu\u00edmica Anal\u00edtica, Koen Janssen, focou parte de seu trabalho na an\u00e1lise da degrada\u00e7\u00e3o da cor amarela nas pinturas do artista holand\u00eas Vincent Van Gogh. Utilizando a radia\u00e7\u00e3o S\u00edncrotron, Janssen p\u00f4de observar em escala nano a forma\u00e7\u00e3o de \u00f3xido de cromo ao redor das pigmenta\u00e7\u00f5es originais, o que denotavam um envelhecimento da pintura.<\/p>\n<p>Para o pesquisador, a utiliza\u00e7\u00e3o do S\u00edncrotron permite an\u00e1lises em n\u00edvel micro e nano, e pode levar a distintas conclus\u00f5es. Em escala nanom\u00e9trica, pode ser \u00fatil para restauradores identificarem os elementos qu\u00edmicos que surgiram junto \u00e0s pinturas e porque eles se misturaram ao pigmento original. Em n\u00edvel micro, por sua vez, \u00e9 poss\u00edvel observar as camadas escondidas pela tinta, salientando o tra\u00e7o do pintor. Historiadores podem utilizar este tipo de an\u00e1lise para comparar a evolu\u00e7\u00e3o das t\u00e9cnicas de pintura e comprovar a originalidade das obras.<\/p>\n<p><strong>Imagens 3D na Paleontologia<\/strong><\/p>\n<p>Outra vertente de pesquisa com Luz S\u00edncrotron pode contribuir para montar um quebra-cabe\u00e7a com muitas pe\u00e7as ainda ausentes. Na paleontologia, em que as informa\u00e7\u00f5es est\u00e3o espalhadas em esp\u00e9cimes isoladas, \u00e9 dif\u00edcil encontrar os elos perdidos na cadeia evolutiva. Para a pesquisadora Isabelle Kruta, do Museu de Hist\u00f3ria Natural da Universidade de Yale, nos Estados Unidos, o uso de imagens 3D vem sendo uma \u00f3tima solu\u00e7\u00e3o para a \u00e1rea.<\/p>\n<p>Recentemente, um artigo seu publicado na revista <em>Science<\/em> mostrou a reconstitui\u00e7\u00e3o digital da mand\u00edbula de um f\u00f3ssil de molusco da esp\u00e9cie Baculites. Este molde em 3D s\u00f3 foi poss\u00edvel com o uso de t\u00e9cnicas de tomografia com radia\u00e7\u00e3o S\u00edncrotron em f\u00f3sseis da concha e vest\u00edgios de dentes desta esp\u00e9cie. Numa destas amostras, os pesquisadores encontraram restos de pl\u00e2nctons incrustados, o que mostrava que o animal morreu durante sua \u00faltima refei\u00e7\u00e3o.<\/p>\n<p>Para Kruta, este tipo de an\u00e1lise ajuda os cientistas a encontrar vest\u00edgios e subst\u00e2ncias que n\u00e3o s\u00e3o vis\u00edveis a olho nu. Isto pode resultar em descobertas sobre a rela\u00e7\u00e3o entre organismos, um passo mais profundo no estudo da Ecologia.<\/p>\n<p>A 21\u00aa edi\u00e7\u00e3o do Congresso Internacional de \u00d3ptica de Raios X e Microan\u00e1lise (ICXOM21), o primeiro realizado na Am\u00e9rica Latina, contou com 150 pesquisadores de diversas partes do mundo. \u201cO Brasil foi escolhido por ser o \u00fanico pa\u00eds do continente a abrigar fonte de Luz S\u00edncrotron. Al\u00e9m de desenvolver pesquisas b\u00e1sicas e aplicadas em \u00f3ptica de raios-X na fronteira do conhecimento, o LNLS iniciou o projeto de constru\u00e7\u00e3o de uma nova fonte de Luz S\u00edncrotron \u2013 Sirius \u2013 que possibilitar\u00e1 \u00e0 comunidade de usu\u00e1rios do Brasil e Am\u00e9rica Latina o acesso a novas t\u00e9cnicas de explora\u00e7\u00e3o cient\u00edfica e o desenvolvimento nacional de instrumenta\u00e7\u00e3o cient\u00edfica e novas tecnologias em um novo patamar de complexidade\u201d, afirma Carlos Perez, coordenador do Congresso.<\/p>\n<\/div>\n<p style=\"text-align: justify;\"><strong>Repercuss\u00e3o:<\/strong><\/p>\n<p style=\"text-align: justify;\"><strong>Jornal da Ci\u00eancia<\/strong> &#8211; Clique <a href=\"https:\/\/www.jornaldaciencia.org.br\/impresso\/JC698.pdf\">aqui<\/a> para baixar a Edi\u00e7\u00e3o Impressa do Jornal da Ci\u00eancia N\u00ba698<\/p>\n","protected":false},"excerpt":{"rendered":"<p>Assessoria de Comunica\u00e7\u00e3o, em 12\/09\/2011 Vers\u00f5es simuladas do aspecto no passado, presente e futuro da tela \u2018Bank of the Seine\u2019 (V. Van Gogh, 1887)\/ \u00a9 ESRF, Grenoble, France. A radia\u00e7\u00e3o&hellip;<\/p>\n","protected":false},"author":17,"featured_media":0,"comment_status":"closed","ping_status":"open","sticky":false,"template":"","format":"standard","meta":{"_acf_changed":false,"_jetpack_newsletter_access":"","_jetpack_dont_email_post_to_subs":false,"_jetpack_newsletter_tier_id":0,"_jetpack_memberships_contains_paywalled_content":false,"_jetpack_memberships_contains_paid_content":false,"footnotes":"","_links_to":"","_links_to_target":""},"categories":[1163,615],"tags":[949,950,8,773,938,18],"class_list":["post-2951","post","type-post","status-publish","format-standard","hentry","category-clipping-cnpem","category-releases-lnls","tag-cultural","tag-heranca","tag-lnls","tag-release","tag-resgate","tag-sincrotron","category-1163","category-615","description-off"],"acf":[],"yoast_head":"<!-- This site is optimized with the Yoast SEO plugin v27.5 - https:\/\/yoast.com\/product\/yoast-seo-wordpress\/ -->\n<title>S\u00edncrotron no resgate da heran\u00e7a cultural - CNPEM<\/title>\n<meta name=\"robots\" content=\"index, follow, max-snippet:-1, max-image-preview:large, max-video-preview:-1\" \/>\n<link rel=\"canonical\" href=\"https:\/\/cnpem.br\/sincrotron-no-resgate-da-heranca-cultural-2\/\" \/>\n<meta property=\"og:locale\" content=\"en_US\" \/>\n<meta property=\"og:type\" content=\"article\" \/>\n<meta property=\"og:title\" content=\"S\u00edncrotron no resgate da heran\u00e7a cultural - CNPEM\" \/>\n<meta property=\"og:description\" content=\"Assessoria de Comunica\u00e7\u00e3o, em 12\/09\/2011 Vers\u00f5es simuladas do aspecto no passado, presente e futuro da tela \u2018Bank of the Seine\u2019 (V. Van Gogh, 1887)\/ \u00a9 ESRF, Grenoble, France. A radia\u00e7\u00e3o&hellip;\" \/>\n<meta property=\"og:url\" content=\"https:\/\/cnpem.br\/sincrotron-no-resgate-da-heranca-cultural-2\/\" \/>\n<meta property=\"og:site_name\" content=\"CNPEM\" \/>\n<meta property=\"article:published_time\" content=\"2011-09-12T15:04:14+00:00\" \/>\n<meta property=\"article:modified_time\" content=\"2026-03-03T13:13:39+00:00\" \/>\n<meta property=\"og:image\" content=\"https:\/\/oldwww.lnls.br\/lnls\/media\/Illustration-ESRF,%20Grenoble,%20France.jpg\" \/>\n<meta name=\"author\" content=\"Erik Medina\" \/>\n<meta name=\"twitter:card\" content=\"summary_large_image\" \/>\n<meta name=\"twitter:label1\" content=\"Written by\" \/>\n\t<meta name=\"twitter:data1\" content=\"Erik Medina\" \/>\n\t<meta name=\"twitter:label2\" content=\"Est. reading time\" \/>\n\t<meta name=\"twitter:data2\" content=\"4 minutes\" \/>\n<script type=\"application\/ld+json\" class=\"yoast-schema-graph\">{\"@context\":\"https:\\\/\\\/schema.org\",\"@graph\":[{\"@type\":\"Article\",\"@id\":\"https:\\\/\\\/cnpem.br\\\/sincrotron-no-resgate-da-heranca-cultural-2\\\/#article\",\"isPartOf\":{\"@id\":\"https:\\\/\\\/cnpem.br\\\/sincrotron-no-resgate-da-heranca-cultural-2\\\/\"},\"author\":{\"name\":\"Erik Medina\",\"@id\":\"https:\\\/\\\/cnpem.br\\\/#\\\/schema\\\/person\\\/b957a8048be4b70d687484cae6b978ef\"},\"headline\":\"S\u00edncrotron no resgate da heran\u00e7a cultural\",\"datePublished\":\"2011-09-12T15:04:14+00:00\",\"dateModified\":\"2026-03-03T13:13:39+00:00\",\"mainEntityOfPage\":{\"@id\":\"https:\\\/\\\/cnpem.br\\\/sincrotron-no-resgate-da-heranca-cultural-2\\\/\"},\"wordCount\":893,\"image\":{\"@id\":\"https:\\\/\\\/cnpem.br\\\/sincrotron-no-resgate-da-heranca-cultural-2\\\/#primaryimage\"},\"thumbnailUrl\":\"https:\\\/\\\/oldwww.lnls.br\\\/lnls\\\/media\\\/Illustration-ESRF,%20Grenoble,%20France.jpg\",\"keywords\":[\"cultural\",\"heran\u00e7a\",\"lnls\",\"Release\",\"resgate\",\"S\u00edncrotron\"],\"articleSection\":[\"CNPEM na M\u00eddia\",\"Comunica\u00e7\u00e3o LNLS\"],\"inLanguage\":\"en-US\"},{\"@type\":\"WebPage\",\"@id\":\"https:\\\/\\\/cnpem.br\\\/sincrotron-no-resgate-da-heranca-cultural-2\\\/\",\"url\":\"https:\\\/\\\/cnpem.br\\\/sincrotron-no-resgate-da-heranca-cultural-2\\\/\",\"name\":\"S\u00edncrotron no resgate da heran\u00e7a cultural - CNPEM\",\"isPartOf\":{\"@id\":\"https:\\\/\\\/cnpem.br\\\/#website\"},\"primaryImageOfPage\":{\"@id\":\"https:\\\/\\\/cnpem.br\\\/sincrotron-no-resgate-da-heranca-cultural-2\\\/#primaryimage\"},\"image\":{\"@id\":\"https:\\\/\\\/cnpem.br\\\/sincrotron-no-resgate-da-heranca-cultural-2\\\/#primaryimage\"},\"thumbnailUrl\":\"https:\\\/\\\/oldwww.lnls.br\\\/lnls\\\/media\\\/Illustration-ESRF,%20Grenoble,%20France.jpg\",\"datePublished\":\"2011-09-12T15:04:14+00:00\",\"dateModified\":\"2026-03-03T13:13:39+00:00\",\"author\":{\"@id\":\"https:\\\/\\\/cnpem.br\\\/#\\\/schema\\\/person\\\/b957a8048be4b70d687484cae6b978ef\"},\"breadcrumb\":{\"@id\":\"https:\\\/\\\/cnpem.br\\\/sincrotron-no-resgate-da-heranca-cultural-2\\\/#breadcrumb\"},\"inLanguage\":\"en-US\",\"potentialAction\":[{\"@type\":\"ReadAction\",\"target\":[\"https:\\\/\\\/cnpem.br\\\/sincrotron-no-resgate-da-heranca-cultural-2\\\/\"]}]},{\"@type\":\"ImageObject\",\"inLanguage\":\"en-US\",\"@id\":\"https:\\\/\\\/cnpem.br\\\/sincrotron-no-resgate-da-heranca-cultural-2\\\/#primaryimage\",\"url\":\"https:\\\/\\\/oldwww.lnls.br\\\/lnls\\\/media\\\/Illustration-ESRF,%20Grenoble,%20France.jpg\",\"contentUrl\":\"https:\\\/\\\/oldwww.lnls.br\\\/lnls\\\/media\\\/Illustration-ESRF,%20Grenoble,%20France.jpg\"},{\"@type\":\"BreadcrumbList\",\"@id\":\"https:\\\/\\\/cnpem.br\\\/sincrotron-no-resgate-da-heranca-cultural-2\\\/#breadcrumb\",\"itemListElement\":[{\"@type\":\"ListItem\",\"position\":1,\"name\":\"In\u00edcio\",\"item\":\"https:\\\/\\\/cnpem.br\\\/en\\\/\"},{\"@type\":\"ListItem\",\"position\":2,\"name\":\"S\u00edncrotron no resgate da heran\u00e7a cultural\"}]},{\"@type\":\"WebSite\",\"@id\":\"https:\\\/\\\/cnpem.br\\\/#website\",\"url\":\"https:\\\/\\\/cnpem.br\\\/\",\"name\":\"Centro Nacional de Pesquisa em Energia e Materiais\",\"description\":\"Centro Nacional de Pesquisa em Energia e Materiais\",\"alternateName\":\"CNPEM\",\"potentialAction\":[{\"@type\":\"SearchAction\",\"target\":{\"@type\":\"EntryPoint\",\"urlTemplate\":\"https:\\\/\\\/cnpem.br\\\/?s={search_term_string}\"},\"query-input\":{\"@type\":\"PropertyValueSpecification\",\"valueRequired\":true,\"valueName\":\"search_term_string\"}}],\"inLanguage\":\"en-US\"},{\"@type\":\"Person\",\"@id\":\"https:\\\/\\\/cnpem.br\\\/#\\\/schema\\\/person\\\/b957a8048be4b70d687484cae6b978ef\",\"name\":\"Erik Medina\",\"url\":\"\"}]}<\/script>\n<!-- \/ Yoast SEO plugin. -->","yoast_head_json":{"title":"S\u00edncrotron no resgate da heran\u00e7a cultural - CNPEM","robots":{"index":"index","follow":"follow","max-snippet":"max-snippet:-1","max-image-preview":"max-image-preview:large","max-video-preview":"max-video-preview:-1"},"canonical":"https:\/\/cnpem.br\/sincrotron-no-resgate-da-heranca-cultural-2\/","og_locale":"en_US","og_type":"article","og_title":"S\u00edncrotron no resgate da heran\u00e7a cultural - CNPEM","og_description":"Assessoria de Comunica\u00e7\u00e3o, em 12\/09\/2011 Vers\u00f5es simuladas do aspecto no passado, presente e futuro da tela \u2018Bank of the Seine\u2019 (V. Van Gogh, 1887)\/ \u00a9 ESRF, Grenoble, France. A radia\u00e7\u00e3o&hellip;","og_url":"https:\/\/cnpem.br\/sincrotron-no-resgate-da-heranca-cultural-2\/","og_site_name":"CNPEM","article_published_time":"2011-09-12T15:04:14+00:00","article_modified_time":"2026-03-03T13:13:39+00:00","og_image":[{"url":"https:\/\/oldwww.lnls.br\/lnls\/media\/Illustration-ESRF,%20Grenoble,%20France.jpg","type":"","width":"","height":""}],"author":"Erik Medina","twitter_card":"summary_large_image","twitter_misc":{"Written by":"Erik Medina","Est. reading time":"4 minutes"},"schema":{"@context":"https:\/\/schema.org","@graph":[{"@type":"Article","@id":"https:\/\/cnpem.br\/sincrotron-no-resgate-da-heranca-cultural-2\/#article","isPartOf":{"@id":"https:\/\/cnpem.br\/sincrotron-no-resgate-da-heranca-cultural-2\/"},"author":{"name":"Erik Medina","@id":"https:\/\/cnpem.br\/#\/schema\/person\/b957a8048be4b70d687484cae6b978ef"},"headline":"S\u00edncrotron no resgate da heran\u00e7a cultural","datePublished":"2011-09-12T15:04:14+00:00","dateModified":"2026-03-03T13:13:39+00:00","mainEntityOfPage":{"@id":"https:\/\/cnpem.br\/sincrotron-no-resgate-da-heranca-cultural-2\/"},"wordCount":893,"image":{"@id":"https:\/\/cnpem.br\/sincrotron-no-resgate-da-heranca-cultural-2\/#primaryimage"},"thumbnailUrl":"https:\/\/oldwww.lnls.br\/lnls\/media\/Illustration-ESRF,%20Grenoble,%20France.jpg","keywords":["cultural","heran\u00e7a","lnls","Release","resgate","S\u00edncrotron"],"articleSection":["CNPEM na M\u00eddia","Comunica\u00e7\u00e3o LNLS"],"inLanguage":"en-US"},{"@type":"WebPage","@id":"https:\/\/cnpem.br\/sincrotron-no-resgate-da-heranca-cultural-2\/","url":"https:\/\/cnpem.br\/sincrotron-no-resgate-da-heranca-cultural-2\/","name":"S\u00edncrotron no resgate da heran\u00e7a cultural - CNPEM","isPartOf":{"@id":"https:\/\/cnpem.br\/#website"},"primaryImageOfPage":{"@id":"https:\/\/cnpem.br\/sincrotron-no-resgate-da-heranca-cultural-2\/#primaryimage"},"image":{"@id":"https:\/\/cnpem.br\/sincrotron-no-resgate-da-heranca-cultural-2\/#primaryimage"},"thumbnailUrl":"https:\/\/oldwww.lnls.br\/lnls\/media\/Illustration-ESRF,%20Grenoble,%20France.jpg","datePublished":"2011-09-12T15:04:14+00:00","dateModified":"2026-03-03T13:13:39+00:00","author":{"@id":"https:\/\/cnpem.br\/#\/schema\/person\/b957a8048be4b70d687484cae6b978ef"},"breadcrumb":{"@id":"https:\/\/cnpem.br\/sincrotron-no-resgate-da-heranca-cultural-2\/#breadcrumb"},"inLanguage":"en-US","potentialAction":[{"@type":"ReadAction","target":["https:\/\/cnpem.br\/sincrotron-no-resgate-da-heranca-cultural-2\/"]}]},{"@type":"ImageObject","inLanguage":"en-US","@id":"https:\/\/cnpem.br\/sincrotron-no-resgate-da-heranca-cultural-2\/#primaryimage","url":"https:\/\/oldwww.lnls.br\/lnls\/media\/Illustration-ESRF,%20Grenoble,%20France.jpg","contentUrl":"https:\/\/oldwww.lnls.br\/lnls\/media\/Illustration-ESRF,%20Grenoble,%20France.jpg"},{"@type":"BreadcrumbList","@id":"https:\/\/cnpem.br\/sincrotron-no-resgate-da-heranca-cultural-2\/#breadcrumb","itemListElement":[{"@type":"ListItem","position":1,"name":"In\u00edcio","item":"https:\/\/cnpem.br\/en\/"},{"@type":"ListItem","position":2,"name":"S\u00edncrotron no resgate da heran\u00e7a cultural"}]},{"@type":"WebSite","@id":"https:\/\/cnpem.br\/#website","url":"https:\/\/cnpem.br\/","name":"Centro Nacional de Pesquisa em Energia e Materiais","description":"Centro Nacional de Pesquisa em Energia e Materiais","alternateName":"CNPEM","potentialAction":[{"@type":"SearchAction","target":{"@type":"EntryPoint","urlTemplate":"https:\/\/cnpem.br\/?s={search_term_string}"},"query-input":{"@type":"PropertyValueSpecification","valueRequired":true,"valueName":"search_term_string"}}],"inLanguage":"en-US"},{"@type":"Person","@id":"https:\/\/cnpem.br\/#\/schema\/person\/b957a8048be4b70d687484cae6b978ef","name":"Erik Medina","url":""}]}},"jetpack_featured_media_url":"","jetpack_sharing_enabled":true,"jetpack_shortlink":"https:\/\/wp.me\/per0Mi-LB","_links":{"self":[{"href":"https:\/\/cnpem.br\/en\/wp-json\/wp\/v2\/posts\/2951","targetHints":{"allow":["GET"]}}],"collection":[{"href":"https:\/\/cnpem.br\/en\/wp-json\/wp\/v2\/posts"}],"about":[{"href":"https:\/\/cnpem.br\/en\/wp-json\/wp\/v2\/types\/post"}],"author":[{"embeddable":true,"href":"https:\/\/cnpem.br\/en\/wp-json\/wp\/v2\/users\/17"}],"replies":[{"embeddable":true,"href":"https:\/\/cnpem.br\/en\/wp-json\/wp\/v2\/comments?post=2951"}],"version-history":[{"count":0,"href":"https:\/\/cnpem.br\/en\/wp-json\/wp\/v2\/posts\/2951\/revisions"}],"wp:attachment":[{"href":"https:\/\/cnpem.br\/en\/wp-json\/wp\/v2\/media?parent=2951"}],"wp:term":[{"taxonomy":"category","embeddable":true,"href":"https:\/\/cnpem.br\/en\/wp-json\/wp\/v2\/categories?post=2951"},{"taxonomy":"post_tag","embeddable":true,"href":"https:\/\/cnpem.br\/en\/wp-json\/wp\/v2\/tags?post=2951"}],"curies":[{"name":"wp","href":"https:\/\/api.w.org\/{rel}","templated":true}]}}