{"id":28758,"date":"2023-01-31T09:57:09","date_gmt":"2023-01-31T12:57:09","guid":{"rendered":"https:\/\/cnpem.br\/?p=28758"},"modified":"2023-01-31T09:57:43","modified_gmt":"2023-01-31T12:57:43","slug":"abbi-divulga-estudo-sobre-potencial-da-bioeconomia-no-brasil","status":"publish","type":"post","link":"https:\/\/cnpem.br\/en\/abbi-divulga-estudo-sobre-potencial-da-bioeconomia-no-brasil\/","title":{"rendered":"ABBI divulga estudo sobre potencial da bioeconomia no Brasil"},"content":{"rendered":"<div class=\"wpb-content-wrapper\"><p>[vc_row][vc_column][vc_column_text]Publicado originalmente em <a href=\"https:\/\/abbi.org.br\/abbi-divulga-estudo-sobre-potencial-da-bioeconomia-no-brasil\/\" target=\"_blank\" rel=\"noopener\">ABBI<\/a> em 30 de novembro de 2022<\/p>\n<blockquote>\n<p style=\"text-align: justify;\">Estudo avalia solu\u00e7\u00f5es eficientes no uso de recursos biol\u00f3gicos e renov\u00e1veis<\/p>\n<\/blockquote>\n<p style=\"text-align: justify;\">Com o objetivo de avaliar as oportunidades geradas pela bioeconomia no Brasil em um contexto de transi\u00e7\u00e3o para uma economia de baixo carbono no Brasil, a Associa\u00e7\u00e3o Brasileira de Bioinova\u00e7\u00e3o (ABBI) acaba de lan\u00e7ar o estudo in\u00e9dito \u201cIdentifica\u00e7\u00e3o das Oportunidades e o Potencial do Impacto da Bioeconomia para a Descarboniza\u00e7\u00e3o do Brasil\u2019. Focada nas solu\u00e7\u00f5es de bioinova\u00e7\u00e3o com maior potencial de mitiga\u00e7\u00e3o de gases de efeito estufa, a pesquisa foi realizada em parceria com a Empresa Brasileira de Pesquisa Agropecu\u00e1ria (Embrapa Agroenergia), <a href=\"https:\/\/lnbr.cnpem.br\/\" target=\"_blank\" rel=\"noopener\">Laborat\u00f3rio Nacional de Biorrenov\u00e1veis<\/a> do Centro Nacional de Pesquisa em Energia e Materiais (LNBR\/CNPEM), Centro de Tecnologia da Ind\u00fastria Qu\u00edmica e T\u00eaxtil (SENAI\/CETIQT) e o Laborat\u00f3rio Cenergia\/UFRJ.<\/p>\n<p style=\"text-align: justify;\">A fim de evidenciar os benef\u00edcios da ado\u00e7\u00e3o mais intensificada da biotecnologia industrial, a investiga\u00e7\u00e3o cient\u00edfica considera distintas trajet\u00f3rias para o Brasil at\u00e9 o ano de 2050, a partir das quais se prop\u00f5e um Cen\u00e1rio Potencial da Bioeconomia. Nesse panorama, avalia-se como a bioeconomia complementa a transi\u00e7\u00e3o energ\u00e9tica para a inser\u00e7\u00e3o de tecnologias promissoras de biorrenov\u00e1veis dentro das cadeias produtivas.<\/p>\n<p style=\"text-align: justify;\">Entre as principais contribui\u00e7\u00f5es do estudo est\u00e1 a classifica\u00e7\u00e3o de solu\u00e7\u00f5es que impactam no aumento da produtividade da agricultura, possibilitam a libera\u00e7\u00e3o de \u00e1reas que podem ser reaproveitadas com asculturas energ\u00e9ticas e reduzem as emiss\u00f5es durante o processo produtivo. A iniciativa tamb\u00e9m avalia as tecnologias que viabilizam o aproveitamento integral da biomassa e ampliam a circularidade na bioeconomia ao oferecer oportunidades para res\u00edduos que antes seriam descartados ou utilizados de forma ineficiente.<\/p>\n<p style=\"text-align: justify;\">Os resultados do estudo indicam que a total implementa\u00e7\u00e3o da bioeconomia no pa\u00eds pode atingir um faturamento industrial adicional de US$ 284 bilh\u00f5es\/ano, quando comparado \u00e0s pol\u00edticas correntes de mitiga\u00e7\u00e3o de emiss\u00f5es de gases de efeito estufa. O desenvolvimento dessa trajet\u00f3ria, segundo o estudo, deve ser apoiado pela promo\u00e7\u00e3o coordenada de pol\u00edticas p\u00fablicas que considerem as particularidades e vantagens competitivas brasileiras no contexto de transi\u00e7\u00e3o para uma economia de baixo carbono.<\/p>\n<p style=\"text-align: justify;\">Dentre as iniciativas de solu\u00e7\u00f5es clim\u00e1ticas propostas na COP27 para aprimorar a a\u00e7\u00e3o global e garantir que as Contribui\u00e7\u00f5es Nacionalmente Determinadas (NDCs, na sigla em ingl\u00eas) dos pa\u00edses e as metas estabelecidas pelo Acordo de Paris, est\u00e1 a de propor mudan\u00e7as nos sistemas de transportes, a fim de descarbonizar e melhorar o cen\u00e1rio da mobilidade urbana. O objetivo \u00e9 que a iniciativa seja implementada em diversas regi\u00f5es do mundo a fim de melhorar o acesso a solu\u00e7\u00f5es resilientes e de baixo carbono.<\/p>\n<p style=\"text-align: justify;\">\u201cO estudo \u00e9 resultado de um amplo esfor\u00e7o em conjunto com organiza\u00e7\u00f5es que s\u00e3o refer\u00eancias em pesquisa e bioinova\u00e7\u00e3o no Brasil. Nele, evidenciamos as oportunidades ambientais, econ\u00f4micas e sociais oriundas pelo desenvolvimento da bioeconomia avan\u00e7ada o Brasil. Esperamos que o resultado sirva de base para agentes p\u00fablicos e privados pautarem as pol\u00edticas de economia verde em nosso pa\u00eds\u201d, comenta Thiago Falda, presidente executivo da ABBI.<\/p>\n<p style=\"text-align: justify;\">Para saber mais sobre o tema e conhecer o estudo na \u00edntegra, <a href=\"https:\/\/ainfo.cnptia.embrapa.br\/digital\/bitstream\/doc\/1148694\/1\/Bioeconomia-Descarbonizacao.pdf\" target=\"_blank\" rel=\"noopener\"><strong>clique aqui<\/strong><\/a>.<\/p>\n<p>[\/vc_column_text][\/vc_column][\/vc_row]<\/p>\n<\/div>","protected":false},"excerpt":{"rendered":"<p>[vc_row][vc_column][vc_column_text]Publicado originalmente em ABBI em 30 de novembro de 2022 Estudo avalia solu\u00e7\u00f5es eficientes no uso de recursos biol\u00f3gicos e renov\u00e1veis Com o objetivo de avaliar as oportunidades geradas pela&hellip;<\/p>\n","protected":false},"author":17,"featured_media":28759,"comment_status":"closed","ping_status":"closed","sticky":false,"template":"","format":"standard","meta":{"_acf_changed":false,"_jetpack_newsletter_access":"","_jetpack_dont_email_post_to_subs":false,"_jetpack_newsletter_tier_id":0,"_jetpack_memberships_contains_paywalled_content":false,"_jetpack_memberships_contains_paid_content":false,"footnotes":"","_links_to":"","_links_to_target":""},"categories":[1163,1224],"tags":[],"class_list":["post-28758","post","type-post","status-publish","format-standard","has-post-thumbnail","hentry","category-clipping-cnpem","category-clipping-lnbr","category-1163","category-1224","description-off"],"acf":[],"yoast_head":"<!-- This site is optimized with the Yoast SEO plugin v27.5 - https:\/\/yoast.com\/product\/yoast-seo-wordpress\/ -->\n<title>ABBI divulga estudo sobre potencial da bioeconomia no Brasil - CNPEM<\/title>\n<meta name=\"robots\" content=\"index, follow, max-snippet:-1, max-image-preview:large, max-video-preview:-1\" \/>\n<link rel=\"canonical\" href=\"https:\/\/cnpem.br\/abbi-divulga-estudo-sobre-potencial-da-bioeconomia-no-brasil\/\" \/>\n<meta property=\"og:locale\" content=\"en_US\" \/>\n<meta property=\"og:type\" content=\"article\" \/>\n<meta property=\"og:title\" content=\"ABBI divulga estudo sobre potencial da bioeconomia no Brasil - CNPEM\" \/>\n<meta property=\"og:description\" content=\"[vc_row][vc_column][vc_column_text]Publicado originalmente em ABBI em 30 de novembro de 2022 Estudo avalia solu\u00e7\u00f5es eficientes no uso de recursos biol\u00f3gicos e renov\u00e1veis Com o objetivo de avaliar as oportunidades geradas pela&hellip;\" \/>\n<meta property=\"og:url\" content=\"https:\/\/cnpem.br\/abbi-divulga-estudo-sobre-potencial-da-bioeconomia-no-brasil\/\" \/>\n<meta property=\"og:site_name\" content=\"CNPEM\" \/>\n<meta property=\"article:published_time\" content=\"2023-01-31T12:57:09+00:00\" \/>\n<meta property=\"article:modified_time\" content=\"2023-01-31T12:57:43+00:00\" \/>\n<meta property=\"og:image\" content=\"https:\/\/cnpem.br\/wp-content\/uploads\/2023\/01\/Capa-potencial.png\" \/>\n\t<meta property=\"og:image:width\" content=\"966\" \/>\n\t<meta property=\"og:image:height\" content=\"752\" \/>\n\t<meta property=\"og:image:type\" content=\"image\/png\" \/>\n<meta name=\"author\" content=\"Erik Medina\" \/>\n<meta name=\"twitter:card\" content=\"summary_large_image\" \/>\n<meta name=\"twitter:label1\" content=\"Written by\" \/>\n\t<meta name=\"twitter:data1\" content=\"Erik Medina\" \/>\n\t<meta name=\"twitter:label2\" content=\"Est. reading time\" \/>\n\t<meta name=\"twitter:data2\" content=\"3 minutes\" \/>\n<script type=\"application\/ld+json\" class=\"yoast-schema-graph\">{\"@context\":\"https:\\\/\\\/schema.org\",\"@graph\":[{\"@type\":\"Article\",\"@id\":\"https:\\\/\\\/cnpem.br\\\/abbi-divulga-estudo-sobre-potencial-da-bioeconomia-no-brasil\\\/#article\",\"isPartOf\":{\"@id\":\"https:\\\/\\\/cnpem.br\\\/abbi-divulga-estudo-sobre-potencial-da-bioeconomia-no-brasil\\\/\"},\"author\":{\"name\":\"Erik Medina\",\"@id\":\"https:\\\/\\\/cnpem.br\\\/#\\\/schema\\\/person\\\/b957a8048be4b70d687484cae6b978ef\"},\"headline\":\"ABBI divulga estudo sobre potencial da bioeconomia no Brasil\",\"datePublished\":\"2023-01-31T12:57:09+00:00\",\"dateModified\":\"2023-01-31T12:57:43+00:00\",\"mainEntityOfPage\":{\"@id\":\"https:\\\/\\\/cnpem.br\\\/abbi-divulga-estudo-sobre-potencial-da-bioeconomia-no-brasil\\\/\"},\"wordCount\":585,\"image\":{\"@id\":\"https:\\\/\\\/cnpem.br\\\/abbi-divulga-estudo-sobre-potencial-da-bioeconomia-no-brasil\\\/#primaryimage\"},\"thumbnailUrl\":\"https:\\\/\\\/cnpem.br\\\/wp-content\\\/uploads\\\/2023\\\/01\\\/Capa-potencial.png\",\"articleSection\":[\"CNPEM na M\u00eddia\",\"LNBR na M\u00eddia\"],\"inLanguage\":\"en-US\"},{\"@type\":\"WebPage\",\"@id\":\"https:\\\/\\\/cnpem.br\\\/abbi-divulga-estudo-sobre-potencial-da-bioeconomia-no-brasil\\\/\",\"url\":\"https:\\\/\\\/cnpem.br\\\/abbi-divulga-estudo-sobre-potencial-da-bioeconomia-no-brasil\\\/\",\"name\":\"ABBI divulga estudo sobre potencial da bioeconomia no Brasil - CNPEM\",\"isPartOf\":{\"@id\":\"https:\\\/\\\/cnpem.br\\\/#website\"},\"primaryImageOfPage\":{\"@id\":\"https:\\\/\\\/cnpem.br\\\/abbi-divulga-estudo-sobre-potencial-da-bioeconomia-no-brasil\\\/#primaryimage\"},\"image\":{\"@id\":\"https:\\\/\\\/cnpem.br\\\/abbi-divulga-estudo-sobre-potencial-da-bioeconomia-no-brasil\\\/#primaryimage\"},\"thumbnailUrl\":\"https:\\\/\\\/cnpem.br\\\/wp-content\\\/uploads\\\/2023\\\/01\\\/Capa-potencial.png\",\"datePublished\":\"2023-01-31T12:57:09+00:00\",\"dateModified\":\"2023-01-31T12:57:43+00:00\",\"author\":{\"@id\":\"https:\\\/\\\/cnpem.br\\\/#\\\/schema\\\/person\\\/b957a8048be4b70d687484cae6b978ef\"},\"breadcrumb\":{\"@id\":\"https:\\\/\\\/cnpem.br\\\/abbi-divulga-estudo-sobre-potencial-da-bioeconomia-no-brasil\\\/#breadcrumb\"},\"inLanguage\":\"en-US\",\"potentialAction\":[{\"@type\":\"ReadAction\",\"target\":[\"https:\\\/\\\/cnpem.br\\\/abbi-divulga-estudo-sobre-potencial-da-bioeconomia-no-brasil\\\/\"]}]},{\"@type\":\"ImageObject\",\"inLanguage\":\"en-US\",\"@id\":\"https:\\\/\\\/cnpem.br\\\/abbi-divulga-estudo-sobre-potencial-da-bioeconomia-no-brasil\\\/#primaryimage\",\"url\":\"https:\\\/\\\/cnpem.br\\\/wp-content\\\/uploads\\\/2023\\\/01\\\/Capa-potencial.png\",\"contentUrl\":\"https:\\\/\\\/cnpem.br\\\/wp-content\\\/uploads\\\/2023\\\/01\\\/Capa-potencial.png\",\"width\":966,\"height\":752},{\"@type\":\"BreadcrumbList\",\"@id\":\"https:\\\/\\\/cnpem.br\\\/abbi-divulga-estudo-sobre-potencial-da-bioeconomia-no-brasil\\\/#breadcrumb\",\"itemListElement\":[{\"@type\":\"ListItem\",\"position\":1,\"name\":\"In\u00edcio\",\"item\":\"https:\\\/\\\/cnpem.br\\\/en\\\/\"},{\"@type\":\"ListItem\",\"position\":2,\"name\":\"ABBI divulga estudo sobre potencial da bioeconomia no Brasil\"}]},{\"@type\":\"WebSite\",\"@id\":\"https:\\\/\\\/cnpem.br\\\/#website\",\"url\":\"https:\\\/\\\/cnpem.br\\\/\",\"name\":\"Centro Nacional de Pesquisa em Energia e Materiais\",\"description\":\"Centro Nacional de Pesquisa em Energia e Materiais\",\"alternateName\":\"CNPEM\",\"potentialAction\":[{\"@type\":\"SearchAction\",\"target\":{\"@type\":\"EntryPoint\",\"urlTemplate\":\"https:\\\/\\\/cnpem.br\\\/?s={search_term_string}\"},\"query-input\":{\"@type\":\"PropertyValueSpecification\",\"valueRequired\":true,\"valueName\":\"search_term_string\"}}],\"inLanguage\":\"en-US\"},{\"@type\":\"Person\",\"@id\":\"https:\\\/\\\/cnpem.br\\\/#\\\/schema\\\/person\\\/b957a8048be4b70d687484cae6b978ef\",\"name\":\"Erik Medina\",\"url\":\"\"}]}<\/script>\n<!-- \/ Yoast SEO plugin. -->","yoast_head_json":{"title":"ABBI divulga estudo sobre potencial da bioeconomia no Brasil - CNPEM","robots":{"index":"index","follow":"follow","max-snippet":"max-snippet:-1","max-image-preview":"max-image-preview:large","max-video-preview":"max-video-preview:-1"},"canonical":"https:\/\/cnpem.br\/abbi-divulga-estudo-sobre-potencial-da-bioeconomia-no-brasil\/","og_locale":"en_US","og_type":"article","og_title":"ABBI divulga estudo sobre potencial da bioeconomia no Brasil - CNPEM","og_description":"[vc_row][vc_column][vc_column_text]Publicado originalmente em ABBI em 30 de novembro de 2022 Estudo avalia solu\u00e7\u00f5es eficientes no uso de recursos biol\u00f3gicos e renov\u00e1veis Com o objetivo de avaliar as oportunidades geradas pela&hellip;","og_url":"https:\/\/cnpem.br\/abbi-divulga-estudo-sobre-potencial-da-bioeconomia-no-brasil\/","og_site_name":"CNPEM","article_published_time":"2023-01-31T12:57:09+00:00","article_modified_time":"2023-01-31T12:57:43+00:00","og_image":[{"width":966,"height":752,"url":"https:\/\/cnpem.br\/wp-content\/uploads\/2023\/01\/Capa-potencial.png","type":"image\/png"}],"author":"Erik Medina","twitter_card":"summary_large_image","twitter_misc":{"Written by":"Erik Medina","Est. reading time":"3 minutes"},"schema":{"@context":"https:\/\/schema.org","@graph":[{"@type":"Article","@id":"https:\/\/cnpem.br\/abbi-divulga-estudo-sobre-potencial-da-bioeconomia-no-brasil\/#article","isPartOf":{"@id":"https:\/\/cnpem.br\/abbi-divulga-estudo-sobre-potencial-da-bioeconomia-no-brasil\/"},"author":{"name":"Erik Medina","@id":"https:\/\/cnpem.br\/#\/schema\/person\/b957a8048be4b70d687484cae6b978ef"},"headline":"ABBI divulga estudo sobre potencial da bioeconomia no Brasil","datePublished":"2023-01-31T12:57:09+00:00","dateModified":"2023-01-31T12:57:43+00:00","mainEntityOfPage":{"@id":"https:\/\/cnpem.br\/abbi-divulga-estudo-sobre-potencial-da-bioeconomia-no-brasil\/"},"wordCount":585,"image":{"@id":"https:\/\/cnpem.br\/abbi-divulga-estudo-sobre-potencial-da-bioeconomia-no-brasil\/#primaryimage"},"thumbnailUrl":"https:\/\/cnpem.br\/wp-content\/uploads\/2023\/01\/Capa-potencial.png","articleSection":["CNPEM na M\u00eddia","LNBR na M\u00eddia"],"inLanguage":"en-US"},{"@type":"WebPage","@id":"https:\/\/cnpem.br\/abbi-divulga-estudo-sobre-potencial-da-bioeconomia-no-brasil\/","url":"https:\/\/cnpem.br\/abbi-divulga-estudo-sobre-potencial-da-bioeconomia-no-brasil\/","name":"ABBI divulga estudo sobre potencial da bioeconomia no Brasil - CNPEM","isPartOf":{"@id":"https:\/\/cnpem.br\/#website"},"primaryImageOfPage":{"@id":"https:\/\/cnpem.br\/abbi-divulga-estudo-sobre-potencial-da-bioeconomia-no-brasil\/#primaryimage"},"image":{"@id":"https:\/\/cnpem.br\/abbi-divulga-estudo-sobre-potencial-da-bioeconomia-no-brasil\/#primaryimage"},"thumbnailUrl":"https:\/\/cnpem.br\/wp-content\/uploads\/2023\/01\/Capa-potencial.png","datePublished":"2023-01-31T12:57:09+00:00","dateModified":"2023-01-31T12:57:43+00:00","author":{"@id":"https:\/\/cnpem.br\/#\/schema\/person\/b957a8048be4b70d687484cae6b978ef"},"breadcrumb":{"@id":"https:\/\/cnpem.br\/abbi-divulga-estudo-sobre-potencial-da-bioeconomia-no-brasil\/#breadcrumb"},"inLanguage":"en-US","potentialAction":[{"@type":"ReadAction","target":["https:\/\/cnpem.br\/abbi-divulga-estudo-sobre-potencial-da-bioeconomia-no-brasil\/"]}]},{"@type":"ImageObject","inLanguage":"en-US","@id":"https:\/\/cnpem.br\/abbi-divulga-estudo-sobre-potencial-da-bioeconomia-no-brasil\/#primaryimage","url":"https:\/\/cnpem.br\/wp-content\/uploads\/2023\/01\/Capa-potencial.png","contentUrl":"https:\/\/cnpem.br\/wp-content\/uploads\/2023\/01\/Capa-potencial.png","width":966,"height":752},{"@type":"BreadcrumbList","@id":"https:\/\/cnpem.br\/abbi-divulga-estudo-sobre-potencial-da-bioeconomia-no-brasil\/#breadcrumb","itemListElement":[{"@type":"ListItem","position":1,"name":"In\u00edcio","item":"https:\/\/cnpem.br\/en\/"},{"@type":"ListItem","position":2,"name":"ABBI divulga estudo sobre potencial da bioeconomia no Brasil"}]},{"@type":"WebSite","@id":"https:\/\/cnpem.br\/#website","url":"https:\/\/cnpem.br\/","name":"Centro Nacional de Pesquisa em Energia e Materiais","description":"Centro Nacional de Pesquisa em Energia e Materiais","alternateName":"CNPEM","potentialAction":[{"@type":"SearchAction","target":{"@type":"EntryPoint","urlTemplate":"https:\/\/cnpem.br\/?s={search_term_string}"},"query-input":{"@type":"PropertyValueSpecification","valueRequired":true,"valueName":"search_term_string"}}],"inLanguage":"en-US"},{"@type":"Person","@id":"https:\/\/cnpem.br\/#\/schema\/person\/b957a8048be4b70d687484cae6b978ef","name":"Erik Medina","url":""}]}},"jetpack_featured_media_url":"https:\/\/cnpem.br\/wp-content\/uploads\/2023\/01\/Capa-potencial.png","jetpack_sharing_enabled":true,"jetpack_shortlink":"https:\/\/wp.me\/per0Mi-7tQ","_links":{"self":[{"href":"https:\/\/cnpem.br\/en\/wp-json\/wp\/v2\/posts\/28758","targetHints":{"allow":["GET"]}}],"collection":[{"href":"https:\/\/cnpem.br\/en\/wp-json\/wp\/v2\/posts"}],"about":[{"href":"https:\/\/cnpem.br\/en\/wp-json\/wp\/v2\/types\/post"}],"author":[{"embeddable":true,"href":"https:\/\/cnpem.br\/en\/wp-json\/wp\/v2\/users\/17"}],"replies":[{"embeddable":true,"href":"https:\/\/cnpem.br\/en\/wp-json\/wp\/v2\/comments?post=28758"}],"version-history":[{"count":0,"href":"https:\/\/cnpem.br\/en\/wp-json\/wp\/v2\/posts\/28758\/revisions"}],"wp:featuredmedia":[{"embeddable":true,"href":"https:\/\/cnpem.br\/en\/wp-json\/wp\/v2\/media\/28759"}],"wp:attachment":[{"href":"https:\/\/cnpem.br\/en\/wp-json\/wp\/v2\/media?parent=28758"}],"wp:term":[{"taxonomy":"category","embeddable":true,"href":"https:\/\/cnpem.br\/en\/wp-json\/wp\/v2\/categories?post=28758"},{"taxonomy":"post_tag","embeddable":true,"href":"https:\/\/cnpem.br\/en\/wp-json\/wp\/v2\/tags?post=28758"}],"curies":[{"name":"wp","href":"https:\/\/api.w.org\/{rel}","templated":true}]}}