{"id":2446,"date":"2012-02-01T14:02:16","date_gmt":"2012-02-01T14:02:16","guid":{"rendered":"https:\/\/www.cnpem.staging.wpengine.com\/?p=2446"},"modified":"2026-03-03T10:13:22","modified_gmt":"2026-03-03T13:13:22","slug":"morre-laudo-barbosa-um-dos-mais-experientes-especialistas-do-cbpf","status":"publish","type":"post","link":"https:\/\/cnpem.br\/en\/morre-laudo-barbosa-um-dos-mais-experientes-especialistas-do-cbpf\/","title":{"rendered":"Morre Laudo Barbosa, um dos mais experientes especialistas do CBPF"},"content":{"rendered":"<p style=\"text-align: justify;\"><em>Jornal da Ci\u00eancia, em 31\/01\/2012<\/em><\/p>\n<p style=\"text-align: justify;\"><em>F\u00edsico dedicado \u00e0 instrumenta\u00e7\u00e3o cient\u00edfica para experimentos de detec\u00e7\u00e3o de part\u00edculas morreu em acidente a caminho de Angra dos Reis, em miss\u00e3o de trabalho<\/em><\/p>\n<p style=\"text-align: justify;\">Faleceu na noite desta quinta-feira (26) o f\u00edsico Ademarlaudo Barbosa, do Centro Brasileiro de Pesquisas F\u00edsicas (CBPF), quando se dirigia \u00e0 usina de Angra dos Reis, regi\u00e3o a oeste do estado do Rio de Janeiro, em miss\u00e3o de trabalho. Laudo, como preferia ser chamado, trabalhava desde 2006 no Projeto Neutrinos, onde desenvolvia um detector para o reator nuclear de Angra.<\/p>\n<p style=\"text-align: justify;\">Neste momento, Laudo colaborava ainda no experimento Double Chooz, em Chooz, na Fran\u00e7a, onde estaria nas pr\u00f3ximas duas semanas acompanhando os detalhes de procedimento e de instala\u00e7\u00e3o de subsistemas de detec\u00e7\u00e3o a serem utilizados no projeto do detector de Angra.<\/p>\n<p style=\"text-align: justify;\">Al\u00e9m de participar da instrumenta\u00e7\u00e3o cient\u00edfica de v\u00e1rios projetos de grande porte &#8211; no Laborat\u00f3rio Nacional de Luz S\u00edncrotron (LNLS\/Brasil), na ESRF (Fran\u00e7a), no Observat\u00f3rio Auger (Argentina), no LHCb\/CERN (Sui\u00e7a) e no Fermilab (Estados Unidos) -, Laudo era docente da p\u00f3s-gradua\u00e7\u00e3o acad\u00eamica do CBPF, bem como do Mestrado Profissional, programa pioneiro em instrumenta\u00e7\u00e3o cient\u00edfica do qual foi um dos fundadores e maiores incentivadores.<\/p>\n<p style=\"text-align: justify;\">Para o pesquisador Jo\u00e3o dos Anjos, com quem Laudo colaborava ativamente no projeto de constru\u00e7\u00e3o de detectores, &#8220;o CBPF e o pa\u00eds perdem um de seus melhores e mais experientes especialistas em instrumenta\u00e7\u00e3o cient\u00edfica &#8211; tema de suas duas publica\u00e7\u00f5es recentes -, e um dos mais ativos formadores nessa especialidade, para a qual trouxe contribui\u00e7\u00f5es expressivas na \u00e1rea de detectores de part\u00edculas&#8221;.<\/p>\n<p style=\"text-align: justify;\">(Ascom do CBPF)<\/p>\n","protected":false},"excerpt":{"rendered":"<p>Jornal da Ci\u00eancia, em 31\/01\/2012 F\u00edsico dedicado \u00e0 instrumenta\u00e7\u00e3o cient\u00edfica para experimentos de detec\u00e7\u00e3o de part\u00edculas morreu em acidente a caminho de Angra dos Reis, em miss\u00e3o de trabalho Faleceu&hellip;<\/p>\n","protected":false},"author":17,"featured_media":0,"comment_status":"closed","ping_status":"open","sticky":false,"template":"","format":"standard","meta":{"_acf_changed":false,"_jetpack_newsletter_access":"","_jetpack_dont_email_post_to_subs":false,"_jetpack_newsletter_tier_id":0,"_jetpack_memberships_contains_paywalled_content":false,"_jetpack_memberships_contains_paid_content":false,"footnotes":"","_links_to":"","_links_to_target":""},"categories":[1163,12],"tags":[231,995,996,8],"class_list":["post-2446","post","type-post","status-publish","format-standard","hentry","category-clipping-cnpem","category-clipping-lnls","tag-anel-sincrotron","tag-cbpf","tag-laudo-barbosa","tag-lnls","category-1163","category-12","description-off"],"acf":[],"yoast_head":"<!-- This site is optimized with the Yoast SEO plugin v27.5 - https:\/\/yoast.com\/product\/yoast-seo-wordpress\/ -->\n<title>Morre Laudo Barbosa, um dos mais experientes especialistas do CBPF - CNPEM<\/title>\n<meta name=\"robots\" content=\"index, follow, max-snippet:-1, max-image-preview:large, max-video-preview:-1\" \/>\n<link rel=\"canonical\" href=\"https:\/\/cnpem.br\/morre-laudo-barbosa-um-dos-mais-experientes-especialistas-do-cbpf\/\" \/>\n<meta property=\"og:locale\" content=\"en_US\" \/>\n<meta property=\"og:type\" content=\"article\" \/>\n<meta property=\"og:title\" content=\"Morre Laudo Barbosa, um dos mais experientes especialistas do CBPF - CNPEM\" \/>\n<meta property=\"og:description\" content=\"Jornal da Ci\u00eancia, em 31\/01\/2012 F\u00edsico dedicado \u00e0 instrumenta\u00e7\u00e3o cient\u00edfica para experimentos de detec\u00e7\u00e3o de part\u00edculas morreu em acidente a caminho de Angra dos Reis, em miss\u00e3o de trabalho Faleceu&hellip;\" \/>\n<meta property=\"og:url\" content=\"https:\/\/cnpem.br\/morre-laudo-barbosa-um-dos-mais-experientes-especialistas-do-cbpf\/\" \/>\n<meta property=\"og:site_name\" content=\"CNPEM\" \/>\n<meta property=\"article:published_time\" content=\"2012-02-01T14:02:16+00:00\" \/>\n<meta property=\"article:modified_time\" content=\"2026-03-03T13:13:22+00:00\" \/>\n<meta name=\"author\" content=\"Erik Medina\" \/>\n<meta name=\"twitter:card\" content=\"summary_large_image\" \/>\n<meta name=\"twitter:label1\" content=\"Written by\" \/>\n\t<meta name=\"twitter:data1\" content=\"Erik Medina\" \/>\n\t<meta name=\"twitter:label2\" content=\"Est. reading time\" \/>\n\t<meta name=\"twitter:data2\" content=\"1 minute\" \/>\n<script type=\"application\/ld+json\" class=\"yoast-schema-graph\">{\"@context\":\"https:\\\/\\\/schema.org\",\"@graph\":[{\"@type\":\"Article\",\"@id\":\"https:\\\/\\\/cnpem.br\\\/morre-laudo-barbosa-um-dos-mais-experientes-especialistas-do-cbpf\\\/#article\",\"isPartOf\":{\"@id\":\"https:\\\/\\\/cnpem.br\\\/morre-laudo-barbosa-um-dos-mais-experientes-especialistas-do-cbpf\\\/\"},\"author\":{\"name\":\"Erik Medina\",\"@id\":\"https:\\\/\\\/cnpem.br\\\/#\\\/schema\\\/person\\\/b957a8048be4b70d687484cae6b978ef\"},\"headline\":\"Morre Laudo Barbosa, um dos mais experientes especialistas do CBPF\",\"datePublished\":\"2012-02-01T14:02:16+00:00\",\"dateModified\":\"2026-03-03T13:13:22+00:00\",\"mainEntityOfPage\":{\"@id\":\"https:\\\/\\\/cnpem.br\\\/morre-laudo-barbosa-um-dos-mais-experientes-especialistas-do-cbpf\\\/\"},\"wordCount\":301,\"keywords\":[\"anel s\u00edncrotron\",\"CBPF\",\"Laudo Barbosa\",\"lnls\"],\"articleSection\":[\"CNPEM na M\u00eddia\",\"LNLS na M\u00eddia\"],\"inLanguage\":\"en-US\"},{\"@type\":\"WebPage\",\"@id\":\"https:\\\/\\\/cnpem.br\\\/morre-laudo-barbosa-um-dos-mais-experientes-especialistas-do-cbpf\\\/\",\"url\":\"https:\\\/\\\/cnpem.br\\\/morre-laudo-barbosa-um-dos-mais-experientes-especialistas-do-cbpf\\\/\",\"name\":\"Morre Laudo Barbosa, um dos mais experientes especialistas do CBPF - CNPEM\",\"isPartOf\":{\"@id\":\"https:\\\/\\\/cnpem.br\\\/#website\"},\"datePublished\":\"2012-02-01T14:02:16+00:00\",\"dateModified\":\"2026-03-03T13:13:22+00:00\",\"author\":{\"@id\":\"https:\\\/\\\/cnpem.br\\\/#\\\/schema\\\/person\\\/b957a8048be4b70d687484cae6b978ef\"},\"breadcrumb\":{\"@id\":\"https:\\\/\\\/cnpem.br\\\/morre-laudo-barbosa-um-dos-mais-experientes-especialistas-do-cbpf\\\/#breadcrumb\"},\"inLanguage\":\"en-US\",\"potentialAction\":[{\"@type\":\"ReadAction\",\"target\":[\"https:\\\/\\\/cnpem.br\\\/morre-laudo-barbosa-um-dos-mais-experientes-especialistas-do-cbpf\\\/\"]}]},{\"@type\":\"BreadcrumbList\",\"@id\":\"https:\\\/\\\/cnpem.br\\\/morre-laudo-barbosa-um-dos-mais-experientes-especialistas-do-cbpf\\\/#breadcrumb\",\"itemListElement\":[{\"@type\":\"ListItem\",\"position\":1,\"name\":\"In\u00edcio\",\"item\":\"https:\\\/\\\/cnpem.br\\\/en\\\/\"},{\"@type\":\"ListItem\",\"position\":2,\"name\":\"Morre Laudo Barbosa, um dos mais experientes especialistas do CBPF\"}]},{\"@type\":\"WebSite\",\"@id\":\"https:\\\/\\\/cnpem.br\\\/#website\",\"url\":\"https:\\\/\\\/cnpem.br\\\/\",\"name\":\"Centro Nacional de Pesquisa em Energia e Materiais\",\"description\":\"Centro Nacional de Pesquisa em Energia e Materiais\",\"alternateName\":\"CNPEM\",\"potentialAction\":[{\"@type\":\"SearchAction\",\"target\":{\"@type\":\"EntryPoint\",\"urlTemplate\":\"https:\\\/\\\/cnpem.br\\\/?s={search_term_string}\"},\"query-input\":{\"@type\":\"PropertyValueSpecification\",\"valueRequired\":true,\"valueName\":\"search_term_string\"}}],\"inLanguage\":\"en-US\"},{\"@type\":\"Person\",\"@id\":\"https:\\\/\\\/cnpem.br\\\/#\\\/schema\\\/person\\\/b957a8048be4b70d687484cae6b978ef\",\"name\":\"Erik Medina\",\"url\":\"\"}]}<\/script>\n<!-- \/ Yoast SEO plugin. -->","yoast_head_json":{"title":"Morre Laudo Barbosa, um dos mais experientes especialistas do CBPF - CNPEM","robots":{"index":"index","follow":"follow","max-snippet":"max-snippet:-1","max-image-preview":"max-image-preview:large","max-video-preview":"max-video-preview:-1"},"canonical":"https:\/\/cnpem.br\/morre-laudo-barbosa-um-dos-mais-experientes-especialistas-do-cbpf\/","og_locale":"en_US","og_type":"article","og_title":"Morre Laudo Barbosa, um dos mais experientes especialistas do CBPF - CNPEM","og_description":"Jornal da Ci\u00eancia, em 31\/01\/2012 F\u00edsico dedicado \u00e0 instrumenta\u00e7\u00e3o cient\u00edfica para experimentos de detec\u00e7\u00e3o de part\u00edculas morreu em acidente a caminho de Angra dos Reis, em miss\u00e3o de trabalho Faleceu&hellip;","og_url":"https:\/\/cnpem.br\/morre-laudo-barbosa-um-dos-mais-experientes-especialistas-do-cbpf\/","og_site_name":"CNPEM","article_published_time":"2012-02-01T14:02:16+00:00","article_modified_time":"2026-03-03T13:13:22+00:00","author":"Erik Medina","twitter_card":"summary_large_image","twitter_misc":{"Written by":"Erik Medina","Est. reading time":"1 minute"},"schema":{"@context":"https:\/\/schema.org","@graph":[{"@type":"Article","@id":"https:\/\/cnpem.br\/morre-laudo-barbosa-um-dos-mais-experientes-especialistas-do-cbpf\/#article","isPartOf":{"@id":"https:\/\/cnpem.br\/morre-laudo-barbosa-um-dos-mais-experientes-especialistas-do-cbpf\/"},"author":{"name":"Erik Medina","@id":"https:\/\/cnpem.br\/#\/schema\/person\/b957a8048be4b70d687484cae6b978ef"},"headline":"Morre Laudo Barbosa, um dos mais experientes especialistas do CBPF","datePublished":"2012-02-01T14:02:16+00:00","dateModified":"2026-03-03T13:13:22+00:00","mainEntityOfPage":{"@id":"https:\/\/cnpem.br\/morre-laudo-barbosa-um-dos-mais-experientes-especialistas-do-cbpf\/"},"wordCount":301,"keywords":["anel s\u00edncrotron","CBPF","Laudo Barbosa","lnls"],"articleSection":["CNPEM na M\u00eddia","LNLS na M\u00eddia"],"inLanguage":"en-US"},{"@type":"WebPage","@id":"https:\/\/cnpem.br\/morre-laudo-barbosa-um-dos-mais-experientes-especialistas-do-cbpf\/","url":"https:\/\/cnpem.br\/morre-laudo-barbosa-um-dos-mais-experientes-especialistas-do-cbpf\/","name":"Morre Laudo Barbosa, um dos mais experientes especialistas do CBPF - CNPEM","isPartOf":{"@id":"https:\/\/cnpem.br\/#website"},"datePublished":"2012-02-01T14:02:16+00:00","dateModified":"2026-03-03T13:13:22+00:00","author":{"@id":"https:\/\/cnpem.br\/#\/schema\/person\/b957a8048be4b70d687484cae6b978ef"},"breadcrumb":{"@id":"https:\/\/cnpem.br\/morre-laudo-barbosa-um-dos-mais-experientes-especialistas-do-cbpf\/#breadcrumb"},"inLanguage":"en-US","potentialAction":[{"@type":"ReadAction","target":["https:\/\/cnpem.br\/morre-laudo-barbosa-um-dos-mais-experientes-especialistas-do-cbpf\/"]}]},{"@type":"BreadcrumbList","@id":"https:\/\/cnpem.br\/morre-laudo-barbosa-um-dos-mais-experientes-especialistas-do-cbpf\/#breadcrumb","itemListElement":[{"@type":"ListItem","position":1,"name":"In\u00edcio","item":"https:\/\/cnpem.br\/en\/"},{"@type":"ListItem","position":2,"name":"Morre Laudo Barbosa, um dos mais experientes especialistas do CBPF"}]},{"@type":"WebSite","@id":"https:\/\/cnpem.br\/#website","url":"https:\/\/cnpem.br\/","name":"Centro Nacional de Pesquisa em Energia e Materiais","description":"Centro Nacional de Pesquisa em Energia e Materiais","alternateName":"CNPEM","potentialAction":[{"@type":"SearchAction","target":{"@type":"EntryPoint","urlTemplate":"https:\/\/cnpem.br\/?s={search_term_string}"},"query-input":{"@type":"PropertyValueSpecification","valueRequired":true,"valueName":"search_term_string"}}],"inLanguage":"en-US"},{"@type":"Person","@id":"https:\/\/cnpem.br\/#\/schema\/person\/b957a8048be4b70d687484cae6b978ef","name":"Erik Medina","url":""}]}},"jetpack_featured_media_url":"","jetpack_sharing_enabled":true,"jetpack_shortlink":"https:\/\/wp.me\/per0Mi-Ds","_links":{"self":[{"href":"https:\/\/cnpem.br\/en\/wp-json\/wp\/v2\/posts\/2446","targetHints":{"allow":["GET"]}}],"collection":[{"href":"https:\/\/cnpem.br\/en\/wp-json\/wp\/v2\/posts"}],"about":[{"href":"https:\/\/cnpem.br\/en\/wp-json\/wp\/v2\/types\/post"}],"author":[{"embeddable":true,"href":"https:\/\/cnpem.br\/en\/wp-json\/wp\/v2\/users\/17"}],"replies":[{"embeddable":true,"href":"https:\/\/cnpem.br\/en\/wp-json\/wp\/v2\/comments?post=2446"}],"version-history":[{"count":0,"href":"https:\/\/cnpem.br\/en\/wp-json\/wp\/v2\/posts\/2446\/revisions"}],"wp:attachment":[{"href":"https:\/\/cnpem.br\/en\/wp-json\/wp\/v2\/media?parent=2446"}],"wp:term":[{"taxonomy":"category","embeddable":true,"href":"https:\/\/cnpem.br\/en\/wp-json\/wp\/v2\/categories?post=2446"},{"taxonomy":"post_tag","embeddable":true,"href":"https:\/\/cnpem.br\/en\/wp-json\/wp\/v2\/tags?post=2446"}],"curies":[{"name":"wp","href":"https:\/\/api.w.org\/{rel}","templated":true}]}}