{"id":23960,"date":"2021-09-15T14:42:39","date_gmt":"2021-09-15T14:42:39","guid":{"rendered":"https:\/\/cnpem.staging.wpengine.com\/?p=23960"},"modified":"2026-03-02T15:54:25","modified_gmt":"2026-03-02T18:54:25","slug":"com-apelo-esg-centroflora-amplia-producao-de-ifas-verdes","status":"publish","type":"post","link":"https:\/\/cnpem.br\/en\/com-apelo-esg-centroflora-amplia-producao-de-ifas-verdes\/","title":{"rendered":"Com apelo ESG, Centroflora amplia produ\u00e7\u00e3o de IFAs verdes"},"content":{"rendered":"<p>Por <a href=\"https:\/\/blogs.oglobo.globo.com\/capital\/post\/com-apelo-esg-centroflora-amplia-producao-de-ifas-verdes.html\">O Globo &#8211; Blogs<\/a> em 11\/09\/2021<\/p>\n<p>O excesso de tela na pandemia tem deixado a vista cansada, mas o al\u00edvio para os problemas oculares pode vir da biodiversidade brasileira.<\/p>\n<p>Uma nova patente registrada pela farmac\u00eautica AbbVie nos EUA prev\u00ea o uso da pilocarpina, subst\u00e2ncia extra\u00edda do Jaborandi, arbusto de origem brasileira encontrado no Norte e Nordeste, para tratar presbiopia. Doen\u00e7a popularmente conhecida como vista cansada, a presbiopia atinge quase 2 bilh\u00f5es de pessoas em todo o mundo.<\/p>\n<p>A nova patente deve dar uma sobrevida para a pilocarpina, que h\u00e1 d\u00e9cadas \u00e9 usada no tratamento de glaucoma e xerostomia (boca seca), mas vinha perdendo mercado para concorrentes sint\u00e9ticos e outras formula\u00e7\u00f5es.<\/p>\n<p>Os primeiros medicamentos contendo pilocarpina para tratamento de vista cansada da farmac\u00eautica americana AbbVie devem chegar \u00e0s farm\u00e1cias nos pr\u00f3ximos meses &#8211; e o desenvolvimento desse novo mercado tem potencial para dobrar a produ\u00e7\u00e3o da Centroflora, empresa fabricante de IFAs (Ingrediente Farmac\u00eautico Ativo) verdes, extratos bot\u00e2nicos e \u00f3leos essenciais para as ind\u00fastrias de fitomedicamentos e cosm\u00e9ticos.<\/p>\n<p>A Centroflora det\u00e9m dois ter\u00e7os da produ\u00e7\u00e3o global de pilocarpina de rota natural &#8211; o outro ter\u00e7o \u00e9 produzido pela tamb\u00e9m brasileira Sourcetech &#8211; exportando 96% da produ\u00e7\u00e3o para 60 pa\u00edses.<\/p>\n<p>&#8211; A nova patente pode impactar mais de 1 mil fam\u00edlias que vivem da cadeia do Jaborandi no Piau\u00ed, Maranh\u00e3o e Par\u00e1, dentro de um projeto de colheita \u00e9tica &#8211; diz Peter Andersen, CEO da Centroflora.<\/p>\n<p>A Centroflora foi fundada h\u00e1 60 anos tendo como principal produto o Chophytol, um extrato de alcachofra. Nos anos 80, o pai de Peter, que era c\u00f4nsul da Dinamarca em S\u00e3o Paulo, resolveu se fixar no pa\u00eds e adquiriu o neg\u00f3cio.<\/p>\n<p>Desde os anos 90, os Andersens investem em um programa para fomentar a agricultura familiar, o BrazBio, que faz a gest\u00e3o e d\u00e1 suporte a 4.200 fam\u00edlias que cultivam plantas medicinais com manejo \u00e9tico para produ\u00e7\u00e3o de extratos.<\/p>\n<p>O crescente interesse pela bioeconomia e pelas pr\u00e1ticas ESG tem ampliado a atratividade dos IFAs verdes, que t\u00eam apelo ambiental e tamb\u00e9m social, com uma colheita certificada e rastre\u00e1vel.<\/p>\n<p>A empresa deve faturar R$ 110 milh\u00f5es este ano e est\u00e1 concluindo investimentos de quase R$ 60 milh\u00f5es na amplia\u00e7\u00e3o de capacidade produtiva da sua planta em Botucatu (SP) e em um centro de pesquisa e desenvolvimento, o Centroinova. Instalado dentro do Technopark, em Campinas (SP), o centro tem uma linha de inova\u00e7\u00e3o radical e projetos em parceria com o\u00a0<b>Sirius<\/b>, o\u00a0<b>acelerador<\/b>\u00a0de part\u00edculas. A ideia \u00e9 desenvolver novas IFAs de rota natural aproveitando a biodiversidade brasileira. As IFAs poder\u00e3o ser usadas tanto pelas farmac\u00eauticas tradicionais quanto para a produ\u00e7\u00e3o de fitomedicamentos e fitoter\u00e1picos.<\/p>\n<p>&#8211; Queremos que as empresas brasileiras olhem para a Centroflora como um parceiro para o desenvolvimento de fitomedicamentos, estimulando a bioeconomia e preservando as florestas &#8211; diz Peter.<\/p>\n","protected":false},"excerpt":{"rendered":"<p>Por O Globo &#8211; Blogs em 11\/09\/2021 O excesso de tela na pandemia tem deixado a vista cansada, mas o al\u00edvio para os problemas oculares pode vir da biodiversidade brasileira.&hellip;<\/p>\n","protected":false},"author":17,"featured_media":0,"comment_status":"closed","ping_status":"closed","sticky":false,"template":"","format":"standard","meta":{"_acf_changed":false,"_jetpack_newsletter_access":"","_jetpack_dont_email_post_to_subs":false,"_jetpack_newsletter_tier_id":0,"_jetpack_memberships_contains_paywalled_content":false,"_jetpack_memberships_contains_paid_content":false,"footnotes":"","_links_to":"","_links_to_target":""},"categories":[1163,1208,12],"tags":[],"class_list":["post-23960","post","type-post","status-publish","format-standard","hentry","category-clipping-cnpem","category-releases-cnpem","category-clipping-lnls","category-1163","category-1208","category-12","description-off"],"acf":[],"yoast_head":"<!-- This site is optimized with the Yoast SEO plugin v27.5 - https:\/\/yoast.com\/product\/yoast-seo-wordpress\/ -->\n<title>Com apelo ESG, Centroflora amplia produ\u00e7\u00e3o de IFAs verdes - CNPEM<\/title>\n<meta name=\"robots\" content=\"index, follow, max-snippet:-1, max-image-preview:large, max-video-preview:-1\" \/>\n<link rel=\"canonical\" href=\"https:\/\/cnpem.br\/com-apelo-esg-centroflora-amplia-producao-de-ifas-verdes\/\" \/>\n<meta property=\"og:locale\" content=\"en_US\" \/>\n<meta property=\"og:type\" content=\"article\" \/>\n<meta property=\"og:title\" content=\"Com apelo ESG, Centroflora amplia produ\u00e7\u00e3o de IFAs verdes - CNPEM\" \/>\n<meta property=\"og:description\" content=\"Por O Globo &#8211; Blogs em 11\/09\/2021 O excesso de tela na pandemia tem deixado a vista cansada, mas o al\u00edvio para os problemas oculares pode vir da biodiversidade brasileira.&hellip;\" \/>\n<meta property=\"og:url\" content=\"https:\/\/cnpem.br\/com-apelo-esg-centroflora-amplia-producao-de-ifas-verdes\/\" \/>\n<meta property=\"og:site_name\" content=\"CNPEM\" \/>\n<meta property=\"article:published_time\" content=\"2021-09-15T14:42:39+00:00\" \/>\n<meta property=\"article:modified_time\" content=\"2026-03-02T18:54:25+00:00\" \/>\n<meta name=\"author\" content=\"Erik Medina\" \/>\n<meta name=\"twitter:card\" content=\"summary_large_image\" \/>\n<meta name=\"twitter:label1\" content=\"Written by\" \/>\n\t<meta name=\"twitter:data1\" content=\"Erik Medina\" \/>\n\t<meta name=\"twitter:label2\" content=\"Est. reading time\" \/>\n\t<meta name=\"twitter:data2\" content=\"3 minutes\" \/>\n<script type=\"application\/ld+json\" class=\"yoast-schema-graph\">{\"@context\":\"https:\\\/\\\/schema.org\",\"@graph\":[{\"@type\":\"Article\",\"@id\":\"https:\\\/\\\/cnpem.br\\\/com-apelo-esg-centroflora-amplia-producao-de-ifas-verdes\\\/#article\",\"isPartOf\":{\"@id\":\"https:\\\/\\\/cnpem.br\\\/com-apelo-esg-centroflora-amplia-producao-de-ifas-verdes\\\/\"},\"author\":{\"name\":\"Erik Medina\",\"@id\":\"https:\\\/\\\/cnpem.br\\\/#\\\/schema\\\/person\\\/b957a8048be4b70d687484cae6b978ef\"},\"headline\":\"Com apelo ESG, Centroflora amplia produ\u00e7\u00e3o de IFAs verdes\",\"datePublished\":\"2021-09-15T14:42:39+00:00\",\"dateModified\":\"2026-03-02T18:54:25+00:00\",\"mainEntityOfPage\":{\"@id\":\"https:\\\/\\\/cnpem.br\\\/com-apelo-esg-centroflora-amplia-producao-de-ifas-verdes\\\/\"},\"wordCount\":507,\"articleSection\":[\"CNPEM na M\u00eddia\",\"Comunica\u00e7\u00e3o CNPEM\",\"LNLS na M\u00eddia\"],\"inLanguage\":\"en-US\"},{\"@type\":\"WebPage\",\"@id\":\"https:\\\/\\\/cnpem.br\\\/com-apelo-esg-centroflora-amplia-producao-de-ifas-verdes\\\/\",\"url\":\"https:\\\/\\\/cnpem.br\\\/com-apelo-esg-centroflora-amplia-producao-de-ifas-verdes\\\/\",\"name\":\"Com apelo ESG, Centroflora amplia produ\u00e7\u00e3o de IFAs verdes - CNPEM\",\"isPartOf\":{\"@id\":\"https:\\\/\\\/cnpem.br\\\/#website\"},\"datePublished\":\"2021-09-15T14:42:39+00:00\",\"dateModified\":\"2026-03-02T18:54:25+00:00\",\"author\":{\"@id\":\"https:\\\/\\\/cnpem.br\\\/#\\\/schema\\\/person\\\/b957a8048be4b70d687484cae6b978ef\"},\"breadcrumb\":{\"@id\":\"https:\\\/\\\/cnpem.br\\\/com-apelo-esg-centroflora-amplia-producao-de-ifas-verdes\\\/#breadcrumb\"},\"inLanguage\":\"en-US\",\"potentialAction\":[{\"@type\":\"ReadAction\",\"target\":[\"https:\\\/\\\/cnpem.br\\\/com-apelo-esg-centroflora-amplia-producao-de-ifas-verdes\\\/\"]}]},{\"@type\":\"BreadcrumbList\",\"@id\":\"https:\\\/\\\/cnpem.br\\\/com-apelo-esg-centroflora-amplia-producao-de-ifas-verdes\\\/#breadcrumb\",\"itemListElement\":[{\"@type\":\"ListItem\",\"position\":1,\"name\":\"In\u00edcio\",\"item\":\"https:\\\/\\\/cnpem.br\\\/en\\\/\"},{\"@type\":\"ListItem\",\"position\":2,\"name\":\"Com apelo ESG, Centroflora amplia produ\u00e7\u00e3o de IFAs verdes\"}]},{\"@type\":\"WebSite\",\"@id\":\"https:\\\/\\\/cnpem.br\\\/#website\",\"url\":\"https:\\\/\\\/cnpem.br\\\/\",\"name\":\"Centro Nacional de Pesquisa em Energia e Materiais\",\"description\":\"Centro Nacional de Pesquisa em Energia e Materiais\",\"alternateName\":\"CNPEM\",\"potentialAction\":[{\"@type\":\"SearchAction\",\"target\":{\"@type\":\"EntryPoint\",\"urlTemplate\":\"https:\\\/\\\/cnpem.br\\\/?s={search_term_string}\"},\"query-input\":{\"@type\":\"PropertyValueSpecification\",\"valueRequired\":true,\"valueName\":\"search_term_string\"}}],\"inLanguage\":\"en-US\"},{\"@type\":\"Person\",\"@id\":\"https:\\\/\\\/cnpem.br\\\/#\\\/schema\\\/person\\\/b957a8048be4b70d687484cae6b978ef\",\"name\":\"Erik Medina\",\"url\":\"\"}]}<\/script>\n<!-- \/ Yoast SEO plugin. -->","yoast_head_json":{"title":"Com apelo ESG, Centroflora amplia produ\u00e7\u00e3o de IFAs verdes - CNPEM","robots":{"index":"index","follow":"follow","max-snippet":"max-snippet:-1","max-image-preview":"max-image-preview:large","max-video-preview":"max-video-preview:-1"},"canonical":"https:\/\/cnpem.br\/com-apelo-esg-centroflora-amplia-producao-de-ifas-verdes\/","og_locale":"en_US","og_type":"article","og_title":"Com apelo ESG, Centroflora amplia produ\u00e7\u00e3o de IFAs verdes - CNPEM","og_description":"Por O Globo &#8211; Blogs em 11\/09\/2021 O excesso de tela na pandemia tem deixado a vista cansada, mas o al\u00edvio para os problemas oculares pode vir da biodiversidade brasileira.&hellip;","og_url":"https:\/\/cnpem.br\/com-apelo-esg-centroflora-amplia-producao-de-ifas-verdes\/","og_site_name":"CNPEM","article_published_time":"2021-09-15T14:42:39+00:00","article_modified_time":"2026-03-02T18:54:25+00:00","author":"Erik Medina","twitter_card":"summary_large_image","twitter_misc":{"Written by":"Erik Medina","Est. reading time":"3 minutes"},"schema":{"@context":"https:\/\/schema.org","@graph":[{"@type":"Article","@id":"https:\/\/cnpem.br\/com-apelo-esg-centroflora-amplia-producao-de-ifas-verdes\/#article","isPartOf":{"@id":"https:\/\/cnpem.br\/com-apelo-esg-centroflora-amplia-producao-de-ifas-verdes\/"},"author":{"name":"Erik Medina","@id":"https:\/\/cnpem.br\/#\/schema\/person\/b957a8048be4b70d687484cae6b978ef"},"headline":"Com apelo ESG, Centroflora amplia produ\u00e7\u00e3o de IFAs verdes","datePublished":"2021-09-15T14:42:39+00:00","dateModified":"2026-03-02T18:54:25+00:00","mainEntityOfPage":{"@id":"https:\/\/cnpem.br\/com-apelo-esg-centroflora-amplia-producao-de-ifas-verdes\/"},"wordCount":507,"articleSection":["CNPEM na M\u00eddia","Comunica\u00e7\u00e3o CNPEM","LNLS na M\u00eddia"],"inLanguage":"en-US"},{"@type":"WebPage","@id":"https:\/\/cnpem.br\/com-apelo-esg-centroflora-amplia-producao-de-ifas-verdes\/","url":"https:\/\/cnpem.br\/com-apelo-esg-centroflora-amplia-producao-de-ifas-verdes\/","name":"Com apelo ESG, Centroflora amplia produ\u00e7\u00e3o de IFAs verdes - CNPEM","isPartOf":{"@id":"https:\/\/cnpem.br\/#website"},"datePublished":"2021-09-15T14:42:39+00:00","dateModified":"2026-03-02T18:54:25+00:00","author":{"@id":"https:\/\/cnpem.br\/#\/schema\/person\/b957a8048be4b70d687484cae6b978ef"},"breadcrumb":{"@id":"https:\/\/cnpem.br\/com-apelo-esg-centroflora-amplia-producao-de-ifas-verdes\/#breadcrumb"},"inLanguage":"en-US","potentialAction":[{"@type":"ReadAction","target":["https:\/\/cnpem.br\/com-apelo-esg-centroflora-amplia-producao-de-ifas-verdes\/"]}]},{"@type":"BreadcrumbList","@id":"https:\/\/cnpem.br\/com-apelo-esg-centroflora-amplia-producao-de-ifas-verdes\/#breadcrumb","itemListElement":[{"@type":"ListItem","position":1,"name":"In\u00edcio","item":"https:\/\/cnpem.br\/en\/"},{"@type":"ListItem","position":2,"name":"Com apelo ESG, Centroflora amplia produ\u00e7\u00e3o de IFAs verdes"}]},{"@type":"WebSite","@id":"https:\/\/cnpem.br\/#website","url":"https:\/\/cnpem.br\/","name":"Centro Nacional de Pesquisa em Energia e Materiais","description":"Centro Nacional de Pesquisa em Energia e Materiais","alternateName":"CNPEM","potentialAction":[{"@type":"SearchAction","target":{"@type":"EntryPoint","urlTemplate":"https:\/\/cnpem.br\/?s={search_term_string}"},"query-input":{"@type":"PropertyValueSpecification","valueRequired":true,"valueName":"search_term_string"}}],"inLanguage":"en-US"},{"@type":"Person","@id":"https:\/\/cnpem.br\/#\/schema\/person\/b957a8048be4b70d687484cae6b978ef","name":"Erik Medina","url":""}]}},"jetpack_featured_media_url":"","jetpack_sharing_enabled":true,"jetpack_shortlink":"https:\/\/wp.me\/per0Mi-6es","_links":{"self":[{"href":"https:\/\/cnpem.br\/en\/wp-json\/wp\/v2\/posts\/23960","targetHints":{"allow":["GET"]}}],"collection":[{"href":"https:\/\/cnpem.br\/en\/wp-json\/wp\/v2\/posts"}],"about":[{"href":"https:\/\/cnpem.br\/en\/wp-json\/wp\/v2\/types\/post"}],"author":[{"embeddable":true,"href":"https:\/\/cnpem.br\/en\/wp-json\/wp\/v2\/users\/17"}],"replies":[{"embeddable":true,"href":"https:\/\/cnpem.br\/en\/wp-json\/wp\/v2\/comments?post=23960"}],"version-history":[{"count":0,"href":"https:\/\/cnpem.br\/en\/wp-json\/wp\/v2\/posts\/23960\/revisions"}],"wp:attachment":[{"href":"https:\/\/cnpem.br\/en\/wp-json\/wp\/v2\/media?parent=23960"}],"wp:term":[{"taxonomy":"category","embeddable":true,"href":"https:\/\/cnpem.br\/en\/wp-json\/wp\/v2\/categories?post=23960"},{"taxonomy":"post_tag","embeddable":true,"href":"https:\/\/cnpem.br\/en\/wp-json\/wp\/v2\/tags?post=23960"}],"curies":[{"name":"wp","href":"https:\/\/api.w.org\/{rel}","templated":true}]}}