{"id":23005,"date":"2020-11-09T03:13:13","date_gmt":"2020-11-09T03:13:13","guid":{"rendered":"https:\/\/cnpem.staging.wpengine.com\/?p=23005"},"modified":"2026-03-02T15:56:05","modified_gmt":"2026-03-02T18:56:05","slug":"bolsonaro-visita-centro-militar-que-desenvolve-reator-do-1o-submarino-brasileiro-com-propulsao-nuclear","status":"publish","type":"post","link":"https:\/\/cnpem.br\/en\/bolsonaro-visita-centro-militar-que-desenvolve-reator-do-1o-submarino-brasileiro-com-propulsao-nuclear\/","title":{"rendered":"Bolsonaro visita centro militar que desenvolve reator do 1\u00ba submarino brasileiro com propuls\u00e3o nuclear"},"content":{"rendered":"<p><em>G1 em 21\/10\/2020<\/em><\/p>\n<p><strong>LINK:<\/strong> <a href=\"https:\/\/g1.globo.com\/sp\/sorocaba-jundiai\/noticia\/2020\/10\/21\/bolsonaro-visita-centro-militar-que-desenvolve-reator-do-1o-submarino-brasileiro-com-propulsao-nuclear.ghtml\">https:\/\/g1.globo.com\/sp\/sorocaba-jundiai\/noticia\/2020\/10\/21\/bolsonaro-visita-centro-militar-que-desenvolve-reator-do-1o-submarino-brasileiro-com-propulsao-nuclear.ghtml<\/a><\/p>\n<p>O presidente participou, em Iper\u00f3 (SP), da celebra\u00e7\u00e3o do in\u00edcio da montagem do reator embarcado no prot\u00f3tipo da planta de propuls\u00e3o. Equipamento ser\u00e1 replicado na constru\u00e7\u00e3o do \u201c\u00c1lvaro Alberto\u201d, submarino brasileiro com propuls\u00e3o nuclear.<\/p>\n<div class=\"content__signa-share\">\n<div class=\"content__signature\">\n<div class=\"content-publication-data\">\n<div class=\"content-publication-data__text\">\n<div class=\"mc-column content-text active-extra-styles \" data-block-type=\"unstyled\" data-block-weight=\"42\" data-block-id=\"2\">\n<p class=\"content-text__container \" data-track-category=\"Link no Texto\" data-track-links=\"\">O presidente Jair Bolsonaro (sem partido) visitou o Centro Tecnol\u00f3gico Experimental da Marinha (CTMSP), Aramar, em Iper\u00f3 (SP), na manh\u00e3 desta quarta-feira (21), para participar da celebra\u00e7\u00e3o do in\u00edcio da montagem do reator desenvolvido para o primeiro submarino brasileiro com propuls\u00e3o nuclear.<\/p>\n<\/div>\n<div class=\"wall protected-content\">\n<div class=\"mc-column content-text active-extra-styles \" data-block-type=\"unstyled\" data-block-weight=\"44\" data-block-id=\"3\">\n<p class=\"content-text__container \" data-track-category=\"Link no Texto\" data-track-links=\"\">A comitiva chegou ao munic\u00edpio por volta das 10h30 a bordo do helic\u00f3ptero presidencial. Bolsonaro, que estava sem m\u00e1scara, participou de um breve ato cerimonial de recep\u00e7\u00e3o e n\u00e3o conversou com os rep\u00f3rteres. Em seguida, entrou em uma sala para participar de uma reuni\u00e3o.<\/p>\n<\/div>\n<div class=\"row medium-uncollapsed content-media content-photo\" data-block-type=\"backstage-photo\" data-block-id=\"4\">\n<div class=\"mc-column content-media__container\">\n<p class=\"content-media__description \">O Comandante da Marinha do Brasil, Almirante Ilques Barbosa Junior, tamb\u00e9m participa do evento. Ele chegou no local por volta das 9h e conversou com os jornalistas.<\/p>\n<\/div>\n<\/div>\n<div class=\"mc-column content-text active-extra-styles \" data-block-type=\"unstyled\" data-block-weight=\"23\" data-block-id=\"8\">\n<p class=\"content-text__container \" data-track-category=\"Link no Texto\" data-track-links=\"\">Ap\u00f3s a reuni\u00e3o com autoridades, o presidente seguiu para o jardim do Centro Tecnol\u00f3gico da Marinha, onde plantou uma \u00e1rvore com seu nome.<\/p>\n<\/div>\n<div class=\"row medium-uncollapsed content-media content-photo\" data-block-type=\"backstage-photo\" data-block-id=\"9\">\n<div class=\"mc-column content-media__container\"><\/div>\n<\/div>\n<div class=\"mc-column content-text active-extra-styles \" data-block-type=\"unstyled\" data-block-weight=\"26\" data-block-id=\"10\">\n<p class=\"content-text__container \" data-track-category=\"Link no Texto\" data-track-links=\"\">A cerim\u00f4nia de montagem ocorreu no complexo do Laborat\u00f3rio de Gera\u00e7\u00e3o Nucleoel\u00e9trica (LABGENE), onde o prot\u00f3tipo em terra da planta de propuls\u00e3o nuclear est\u00e1 sendo constru\u00eddo.<\/p>\n<\/div>\n<div class=\"mc-column content-text active-extra-styles \" data-block-type=\"unstyled\" data-block-weight=\"24\" data-block-id=\"11\">\n<p class=\"content-text__container \" data-track-category=\"Link no Texto\" data-track-links=\"\">O in\u00edcio da montagem do reator corresponde ao chamado \u201cbatimento de quilha\u201d, tradi\u00e7\u00e3o naval que representa o in\u00edcio da constru\u00e7\u00e3o de um navio.<\/p>\n<\/div>\n<div class=\"mc-column content-text active-extra-styles \" data-block-type=\"unstyled\" data-block-weight=\"33\" data-block-id=\"12\">\n<p class=\"content-text__container \" data-track-category=\"Link no Texto\" data-track-links=\"\">No caso da planta nuclear, a tradi\u00e7\u00e3o foi seguida com a instala\u00e7\u00e3o de uma sela fixa sobre o inserto met\u00e1lico do vaso de conten\u00e7\u00e3o, que tamb\u00e9m \u00e9 chamado de \u201cBloco 40\u201d no LABGENE.<\/p>\n<\/div>\n<div class=\"mc-column content-text active-extra-styles \" data-block-type=\"unstyled\" data-block-weight=\"26\" data-block-id=\"16\">\n<p class=\"content-text__container \" data-track-category=\"Link no Texto\" data-track-links=\"\">O presidente tamb\u00e9m conheceu o Laborat\u00f3rio de Enriquecimento Isot\u00f3pico (LEI), que fica no Centro Experimental de Aramar. Ao sair, conversou com a imprensa por alguns minutos.<\/p>\n<\/div>\n<div class=\"mc-column content-text active-extra-styles \" data-block-type=\"unstyled\" data-block-weight=\"51\" data-block-id=\"17\">\n<p class=\"content-text__container \" data-track-category=\"Link no Texto\" data-track-links=\"\">Ap\u00f3s a visita em Iper\u00f3, o presidente segue para Campinas. L\u00e1, Bolsonaro\u00a0<a href=\"https:\/\/g1.globo.com\/sp\/campinas-regiao\/noticia\/2020\/10\/21\/sirius-bolsonaro-visita-pela-1a-vez-superlaboratorio-em-campinas-para-inaugurar-linha-de-pesquisa.ghtml\">visita as instala\u00e7\u00f5es do acelerador de part\u00edculas de R$ 1,8 bilh\u00e3o, Sirius<\/a>, e participa da cerim\u00f4nia de abertura da Manac\u00e1, linha de luz que j\u00e1 funciona em car\u00e1ter emergencial desde julho na tentativa de ajudar no combate \u00e0 Covid-19.<\/p>\n<p class=\"content-text__container \" data-track-category=\"Link no Texto\" data-track-links=\"\"><span style=\"font-family: inherit; font-size: inherit; font-style: inherit; font-variant-ligatures: inherit; font-variant-caps: inherit; font-weight: inherit; text-align: center;\">Segundo a Marinha, nas pr\u00f3ximas etapas do programa, o reator, os turbogeradores, o motor el\u00e9trico e outros sistemas aos de um submarino com propuls\u00e3o nuclear ser\u00e3o testados de forma controlada no LABGENE, com objetivo principal de se validar, de forma segura, a opera\u00e7\u00e3o do reator e dos diversos sistemas eletromec\u00e2nicos a ele integrados, antes de sua instala\u00e7\u00e3o a bordo do submarino.<\/span><\/p>\n<\/div>\n<div class=\"mc-column content-text active-extra-styles \" data-block-type=\"unstyled\" data-block-weight=\"59\" data-block-id=\"21\">\n<p class=\"content-text__container \" data-track-category=\"Link no Texto\" data-track-links=\"\">Ao final dos testes, um reator similar ao que come\u00e7a a ser montado em Iper\u00f3 ser\u00e1 instalado no submarino \u201c\u00c1lvaro Alberto\u201d, no Complexo Naval de Itagua\u00ed, Sul do estado do Rio de Janeiro, onde j\u00e1 est\u00e3o sendo constru\u00eddos ou testados os quatro submarinos com propuls\u00e3o dieselel\u00e9trica: o \u201cRiachuelo\u201d (S-40), o \u201cHumait\u00e1\u201d (S-41), o \u201cTonelero\u201d (S-42) e o \u201cAngostura\u201d (S-43).<\/p>\n<p data-track-category=\"Link no Texto\" data-track-links=\"\">\n<p data-track-category=\"Link no Texto\" data-track-links=\"\"><strong>Repercuss\u00e3o<\/strong>: <a href=\"https:\/\/imprensapublica.com.br\/bolsonaro-visita-centro-militar-que-desenvolve-reator-do-1o-submarino-brasileiro-com-propulsao-nuclear\/\">Imprensa P\u00fablica<\/a>; <a href=\"https:\/\/www.jornalfloripa.com.br\/geral\/bolsonaro-visita-centro-militar-que-desenvolve-reator-do-1o-submarino-brasileiro-com-propulsao-nuclear\/\">Jornal Floripa<\/a>; <a href=\"https:\/\/jornalgaropaba.com.br\/bolsonaro-visita-centro-militar-que-desenvolve-reator-do-1o-submarino-brasileiro-com-propulsao-nuclear\/\">Jornal Garopaba<\/a>; <a href=\"https:\/\/s3.amazonaws.com\/kn-media-resources\/trim\/35\/1104116\/20201022_110834-20201022_111105.mp3?AWSAccessKeyId=AKIAJSAB234AEOZ3QMUQ&amp;Expires=1611153849&amp;Signature=F09IVC2BV5wp%2FdpZXm9qKp6Yc%2Fk%3D\">R\u00e1dio Cidade Esperan\u00e7a<\/a><\/p>\n<\/div>\n<\/div>\n<\/div>\n<\/div>\n<\/div>\n<\/div>\n","protected":false},"excerpt":{"rendered":"<p>G1 em 21\/10\/2020 LINK: https:\/\/g1.globo.com\/sp\/sorocaba-jundiai\/noticia\/2020\/10\/21\/bolsonaro-visita-centro-militar-que-desenvolve-reator-do-1o-submarino-brasileiro-com-propulsao-nuclear.ghtml O presidente participou, em Iper\u00f3 (SP), da celebra\u00e7\u00e3o do in\u00edcio da montagem do reator embarcado no prot\u00f3tipo da planta de propuls\u00e3o. Equipamento ser\u00e1 replicado na&hellip;<\/p>\n","protected":false},"author":3,"featured_media":0,"comment_status":"closed","ping_status":"closed","sticky":false,"template":"","format":"standard","meta":{"_acf_changed":false,"_jetpack_newsletter_access":"","_jetpack_dont_email_post_to_subs":false,"_jetpack_newsletter_tier_id":0,"_jetpack_memberships_contains_paywalled_content":false,"_jetpack_memberships_contains_paid_content":false,"footnotes":"","_links_to":"","_links_to_target":""},"categories":[1163,1208],"tags":[],"class_list":["post-23005","post","type-post","status-publish","format-standard","hentry","category-clipping-cnpem","category-releases-cnpem","category-1163","category-1208","description-off"],"acf":[],"yoast_head":"<!-- This site is optimized with the Yoast SEO plugin v27.4 - https:\/\/yoast.com\/product\/yoast-seo-wordpress\/ -->\n<title>Bolsonaro visita centro militar que desenvolve reator do 1\u00ba submarino brasileiro com propuls\u00e3o nuclear - CNPEM<\/title>\n<meta name=\"robots\" content=\"index, follow, max-snippet:-1, max-image-preview:large, max-video-preview:-1\" \/>\n<link rel=\"canonical\" href=\"https:\/\/cnpem.br\/bolsonaro-visita-centro-militar-que-desenvolve-reator-do-1o-submarino-brasileiro-com-propulsao-nuclear\/\" \/>\n<meta property=\"og:locale\" content=\"en_US\" \/>\n<meta property=\"og:type\" content=\"article\" \/>\n<meta property=\"og:title\" content=\"Bolsonaro visita centro militar que desenvolve reator do 1\u00ba submarino brasileiro com propuls\u00e3o nuclear - CNPEM\" \/>\n<meta property=\"og:description\" content=\"G1 em 21\/10\/2020 LINK: https:\/\/g1.globo.com\/sp\/sorocaba-jundiai\/noticia\/2020\/10\/21\/bolsonaro-visita-centro-militar-que-desenvolve-reator-do-1o-submarino-brasileiro-com-propulsao-nuclear.ghtml O presidente participou, em Iper\u00f3 (SP), da celebra\u00e7\u00e3o do in\u00edcio da montagem do reator embarcado no prot\u00f3tipo da planta de propuls\u00e3o. Equipamento ser\u00e1 replicado na&hellip;\" \/>\n<meta property=\"og:url\" content=\"https:\/\/cnpem.br\/bolsonaro-visita-centro-militar-que-desenvolve-reator-do-1o-submarino-brasileiro-com-propulsao-nuclear\/\" \/>\n<meta property=\"og:site_name\" content=\"CNPEM\" \/>\n<meta property=\"article:published_time\" content=\"2020-11-09T03:13:13+00:00\" \/>\n<meta property=\"article:modified_time\" content=\"2026-03-02T18:56:05+00:00\" \/>\n<meta name=\"author\" content=\"Gustavo Moreno\" \/>\n<meta name=\"twitter:card\" content=\"summary_large_image\" \/>\n<meta name=\"twitter:label1\" content=\"Written by\" \/>\n\t<meta name=\"twitter:data1\" content=\"Gustavo Moreno\" \/>\n\t<meta name=\"twitter:label2\" content=\"Est. reading time\" \/>\n\t<meta name=\"twitter:data2\" content=\"3 minutes\" \/>\n<script type=\"application\/ld+json\" class=\"yoast-schema-graph\">{\"@context\":\"https:\\\/\\\/schema.org\",\"@graph\":[{\"@type\":\"Article\",\"@id\":\"https:\\\/\\\/cnpem.br\\\/bolsonaro-visita-centro-militar-que-desenvolve-reator-do-1o-submarino-brasileiro-com-propulsao-nuclear\\\/#article\",\"isPartOf\":{\"@id\":\"https:\\\/\\\/cnpem.br\\\/bolsonaro-visita-centro-militar-que-desenvolve-reator-do-1o-submarino-brasileiro-com-propulsao-nuclear\\\/\"},\"author\":{\"name\":\"Gustavo Moreno\",\"@id\":\"https:\\\/\\\/cnpem.br\\\/#\\\/schema\\\/person\\\/142f9b4066e599dd651a3b9600c2c0ca\"},\"headline\":\"Bolsonaro visita centro militar que desenvolve reator do 1\u00ba submarino brasileiro com propuls\u00e3o nuclear\",\"datePublished\":\"2020-11-09T03:13:13+00:00\",\"dateModified\":\"2026-03-02T18:56:05+00:00\",\"mainEntityOfPage\":{\"@id\":\"https:\\\/\\\/cnpem.br\\\/bolsonaro-visita-centro-militar-que-desenvolve-reator-do-1o-submarino-brasileiro-com-propulsao-nuclear\\\/\"},\"wordCount\":543,\"articleSection\":[\"CNPEM na M\u00eddia\",\"Comunica\u00e7\u00e3o CNPEM\"],\"inLanguage\":\"en-US\"},{\"@type\":\"WebPage\",\"@id\":\"https:\\\/\\\/cnpem.br\\\/bolsonaro-visita-centro-militar-que-desenvolve-reator-do-1o-submarino-brasileiro-com-propulsao-nuclear\\\/\",\"url\":\"https:\\\/\\\/cnpem.br\\\/bolsonaro-visita-centro-militar-que-desenvolve-reator-do-1o-submarino-brasileiro-com-propulsao-nuclear\\\/\",\"name\":\"Bolsonaro visita centro militar que desenvolve reator do 1\u00ba submarino brasileiro com propuls\u00e3o nuclear - CNPEM\",\"isPartOf\":{\"@id\":\"https:\\\/\\\/cnpem.br\\\/#website\"},\"datePublished\":\"2020-11-09T03:13:13+00:00\",\"dateModified\":\"2026-03-02T18:56:05+00:00\",\"author\":{\"@id\":\"https:\\\/\\\/cnpem.br\\\/#\\\/schema\\\/person\\\/142f9b4066e599dd651a3b9600c2c0ca\"},\"breadcrumb\":{\"@id\":\"https:\\\/\\\/cnpem.br\\\/bolsonaro-visita-centro-militar-que-desenvolve-reator-do-1o-submarino-brasileiro-com-propulsao-nuclear\\\/#breadcrumb\"},\"inLanguage\":\"en-US\",\"potentialAction\":[{\"@type\":\"ReadAction\",\"target\":[\"https:\\\/\\\/cnpem.br\\\/bolsonaro-visita-centro-militar-que-desenvolve-reator-do-1o-submarino-brasileiro-com-propulsao-nuclear\\\/\"]}]},{\"@type\":\"BreadcrumbList\",\"@id\":\"https:\\\/\\\/cnpem.br\\\/bolsonaro-visita-centro-militar-que-desenvolve-reator-do-1o-submarino-brasileiro-com-propulsao-nuclear\\\/#breadcrumb\",\"itemListElement\":[{\"@type\":\"ListItem\",\"position\":1,\"name\":\"In\u00edcio\",\"item\":\"https:\\\/\\\/cnpem.br\\\/en\\\/\"},{\"@type\":\"ListItem\",\"position\":2,\"name\":\"Bolsonaro visita centro militar que desenvolve reator do 1\u00ba submarino brasileiro com propuls\u00e3o nuclear\"}]},{\"@type\":\"WebSite\",\"@id\":\"https:\\\/\\\/cnpem.br\\\/#website\",\"url\":\"https:\\\/\\\/cnpem.br\\\/\",\"name\":\"Centro Nacional de Pesquisa em Energia e Materiais\",\"description\":\"Centro Nacional de Pesquisa em Energia e Materiais\",\"alternateName\":\"CNPEM\",\"potentialAction\":[{\"@type\":\"SearchAction\",\"target\":{\"@type\":\"EntryPoint\",\"urlTemplate\":\"https:\\\/\\\/cnpem.br\\\/?s={search_term_string}\"},\"query-input\":{\"@type\":\"PropertyValueSpecification\",\"valueRequired\":true,\"valueName\":\"search_term_string\"}}],\"inLanguage\":\"en-US\"},{\"@type\":\"Person\",\"@id\":\"https:\\\/\\\/cnpem.br\\\/#\\\/schema\\\/person\\\/142f9b4066e599dd651a3b9600c2c0ca\",\"name\":\"Gustavo Moreno\",\"url\":\"\"}]}<\/script>\n<!-- \/ Yoast SEO plugin. -->","yoast_head_json":{"title":"Bolsonaro visita centro militar que desenvolve reator do 1\u00ba submarino brasileiro com propuls\u00e3o nuclear - CNPEM","robots":{"index":"index","follow":"follow","max-snippet":"max-snippet:-1","max-image-preview":"max-image-preview:large","max-video-preview":"max-video-preview:-1"},"canonical":"https:\/\/cnpem.br\/bolsonaro-visita-centro-militar-que-desenvolve-reator-do-1o-submarino-brasileiro-com-propulsao-nuclear\/","og_locale":"en_US","og_type":"article","og_title":"Bolsonaro visita centro militar que desenvolve reator do 1\u00ba submarino brasileiro com propuls\u00e3o nuclear - CNPEM","og_description":"G1 em 21\/10\/2020 LINK: https:\/\/g1.globo.com\/sp\/sorocaba-jundiai\/noticia\/2020\/10\/21\/bolsonaro-visita-centro-militar-que-desenvolve-reator-do-1o-submarino-brasileiro-com-propulsao-nuclear.ghtml O presidente participou, em Iper\u00f3 (SP), da celebra\u00e7\u00e3o do in\u00edcio da montagem do reator embarcado no prot\u00f3tipo da planta de propuls\u00e3o. Equipamento ser\u00e1 replicado na&hellip;","og_url":"https:\/\/cnpem.br\/bolsonaro-visita-centro-militar-que-desenvolve-reator-do-1o-submarino-brasileiro-com-propulsao-nuclear\/","og_site_name":"CNPEM","article_published_time":"2020-11-09T03:13:13+00:00","article_modified_time":"2026-03-02T18:56:05+00:00","author":"Gustavo Moreno","twitter_card":"summary_large_image","twitter_misc":{"Written by":"Gustavo Moreno","Est. reading time":"3 minutes"},"schema":{"@context":"https:\/\/schema.org","@graph":[{"@type":"Article","@id":"https:\/\/cnpem.br\/bolsonaro-visita-centro-militar-que-desenvolve-reator-do-1o-submarino-brasileiro-com-propulsao-nuclear\/#article","isPartOf":{"@id":"https:\/\/cnpem.br\/bolsonaro-visita-centro-militar-que-desenvolve-reator-do-1o-submarino-brasileiro-com-propulsao-nuclear\/"},"author":{"name":"Gustavo Moreno","@id":"https:\/\/cnpem.br\/#\/schema\/person\/142f9b4066e599dd651a3b9600c2c0ca"},"headline":"Bolsonaro visita centro militar que desenvolve reator do 1\u00ba submarino brasileiro com propuls\u00e3o nuclear","datePublished":"2020-11-09T03:13:13+00:00","dateModified":"2026-03-02T18:56:05+00:00","mainEntityOfPage":{"@id":"https:\/\/cnpem.br\/bolsonaro-visita-centro-militar-que-desenvolve-reator-do-1o-submarino-brasileiro-com-propulsao-nuclear\/"},"wordCount":543,"articleSection":["CNPEM na M\u00eddia","Comunica\u00e7\u00e3o CNPEM"],"inLanguage":"en-US"},{"@type":"WebPage","@id":"https:\/\/cnpem.br\/bolsonaro-visita-centro-militar-que-desenvolve-reator-do-1o-submarino-brasileiro-com-propulsao-nuclear\/","url":"https:\/\/cnpem.br\/bolsonaro-visita-centro-militar-que-desenvolve-reator-do-1o-submarino-brasileiro-com-propulsao-nuclear\/","name":"Bolsonaro visita centro militar que desenvolve reator do 1\u00ba submarino brasileiro com propuls\u00e3o nuclear - CNPEM","isPartOf":{"@id":"https:\/\/cnpem.br\/#website"},"datePublished":"2020-11-09T03:13:13+00:00","dateModified":"2026-03-02T18:56:05+00:00","author":{"@id":"https:\/\/cnpem.br\/#\/schema\/person\/142f9b4066e599dd651a3b9600c2c0ca"},"breadcrumb":{"@id":"https:\/\/cnpem.br\/bolsonaro-visita-centro-militar-que-desenvolve-reator-do-1o-submarino-brasileiro-com-propulsao-nuclear\/#breadcrumb"},"inLanguage":"en-US","potentialAction":[{"@type":"ReadAction","target":["https:\/\/cnpem.br\/bolsonaro-visita-centro-militar-que-desenvolve-reator-do-1o-submarino-brasileiro-com-propulsao-nuclear\/"]}]},{"@type":"BreadcrumbList","@id":"https:\/\/cnpem.br\/bolsonaro-visita-centro-militar-que-desenvolve-reator-do-1o-submarino-brasileiro-com-propulsao-nuclear\/#breadcrumb","itemListElement":[{"@type":"ListItem","position":1,"name":"In\u00edcio","item":"https:\/\/cnpem.br\/en\/"},{"@type":"ListItem","position":2,"name":"Bolsonaro visita centro militar que desenvolve reator do 1\u00ba submarino brasileiro com propuls\u00e3o nuclear"}]},{"@type":"WebSite","@id":"https:\/\/cnpem.br\/#website","url":"https:\/\/cnpem.br\/","name":"Centro Nacional de Pesquisa em Energia e Materiais","description":"Centro Nacional de Pesquisa em Energia e Materiais","alternateName":"CNPEM","potentialAction":[{"@type":"SearchAction","target":{"@type":"EntryPoint","urlTemplate":"https:\/\/cnpem.br\/?s={search_term_string}"},"query-input":{"@type":"PropertyValueSpecification","valueRequired":true,"valueName":"search_term_string"}}],"inLanguage":"en-US"},{"@type":"Person","@id":"https:\/\/cnpem.br\/#\/schema\/person\/142f9b4066e599dd651a3b9600c2c0ca","name":"Gustavo Moreno","url":""}]}},"jetpack_featured_media_url":"","jetpack_sharing_enabled":true,"jetpack_shortlink":"https:\/\/wp.me\/per0Mi-5Z3","_links":{"self":[{"href":"https:\/\/cnpem.br\/en\/wp-json\/wp\/v2\/posts\/23005","targetHints":{"allow":["GET"]}}],"collection":[{"href":"https:\/\/cnpem.br\/en\/wp-json\/wp\/v2\/posts"}],"about":[{"href":"https:\/\/cnpem.br\/en\/wp-json\/wp\/v2\/types\/post"}],"author":[{"embeddable":true,"href":"https:\/\/cnpem.br\/en\/wp-json\/wp\/v2\/users\/3"}],"replies":[{"embeddable":true,"href":"https:\/\/cnpem.br\/en\/wp-json\/wp\/v2\/comments?post=23005"}],"version-history":[{"count":0,"href":"https:\/\/cnpem.br\/en\/wp-json\/wp\/v2\/posts\/23005\/revisions"}],"wp:attachment":[{"href":"https:\/\/cnpem.br\/en\/wp-json\/wp\/v2\/media?parent=23005"}],"wp:term":[{"taxonomy":"category","embeddable":true,"href":"https:\/\/cnpem.br\/en\/wp-json\/wp\/v2\/categories?post=23005"},{"taxonomy":"post_tag","embeddable":true,"href":"https:\/\/cnpem.br\/en\/wp-json\/wp\/v2\/tags?post=23005"}],"curies":[{"name":"wp","href":"https:\/\/api.w.org\/{rel}","templated":true}]}}