{"id":22329,"date":"2020-05-22T19:13:39","date_gmt":"2020-05-22T19:13:39","guid":{"rendered":"https:\/\/cnpem.staging.wpengine.com\/?p=22329"},"modified":"2026-03-02T15:59:19","modified_gmt":"2026-03-02T18:59:19","slug":"alteracoes-neurologicas-causadas-pelo-novo-coronavirus-sao-assunto-de-live-do-estado","status":"publish","type":"post","link":"https:\/\/cnpem.br\/en\/alteracoes-neurologicas-causadas-pelo-novo-coronavirus-sao-assunto-de-live-do-estado\/","title":{"rendered":"Altera\u00e7\u00f5es neurol\u00f3gicas causadas pelo novo coronav\u00edrus s\u00e3o assunto de live do \u2018Estado\u2019"},"content":{"rendered":"<p><em><a href=\"https:\/\/saude.estadao.com.br\/noticias\/geral,alteracoes-neurologicas-causadas-pelo-novo-coronavirus-sao-assunto-de-live-do-estado,70003304204\" target=\"_blank\" rel=\"noopener noreferrer\">O Estado de S.Paulo<\/a>, 15\/05\/2020<\/em><\/p>\n<p>Assista a transmiss\u00e3o na \u00edntegra atrav\u00e9s do link: https:\/\/www.facebook.com\/estadao\/videos\/2543153239277637\/<\/p>\n<h4 class=\"n--noticia__subtitle\">Transmiss\u00e3o ocorre no Facebook do jornal \u00e0s 16 horas; perguntas podem ser enviadas por meio do grupo #Estad\u00e3oInforma: Coronav\u00edrus no Facebook<\/h4>\n<p dir=\"ltr\">Inicialmente considerada uma doen\u00e7a pulmonar, a\u00a0<strong><a href=\"https:\/\/tudo-sobre.estadao.com.br\/coronavirus\">covid-19<\/a>\u00a0<\/strong>j\u00e1 \u00e9 sist\u00eamica. Para abordar os efeitos e danos causados pela enfermidade no sistema neurol\u00f3gico, o Estado conversa nesta sexta-feira, 15, com Matheus Fonseca, pesquisador em neurobiologia do Centro Nacional de Pesquisa em Energia e Materiais (CNPEM). A transmiss\u00e3o ocorre \u00e0s 16h, na\u00a0<a href=\"https:\/\/facebook.com\/estadao\" rel=\"nofollow\"><strong>p\u00e1gina do Facebook<\/strong><\/a>\u00a0do jornal.<\/p>\n<p dir=\"ltr\">Sintomas como a\u00a0<strong><a href=\"https:\/\/saude.estadao.com.br\/noticias\/geral,perda-do-olfato-pode-ser-um-indicio-peculiar-de-infeccao-por-coronavirus,70003245405\">falta de olfato<\/a>\u00a0<\/strong>e altera\u00e7\u00f5es na vis\u00e3o j\u00e1 foram identificados em pacientes. Os cientistas estudam a possibilidade de\u00a0<strong><a href=\"https:\/\/saude.estadao.com.br\/noticias\/geral,coronavirus-tambem-pode-causar-problemas-neurologicos-a-medio-e-longo-prazo-aponta-estudo,70003278317\">danos neurol\u00f3gicos de m\u00e9dio e longo prazo<\/a>\u00a0<\/strong>causados pela doen\u00e7a.<\/p>\n<p><img data-recalc-dims=\"1\" decoding=\"async\" src=\"https:\/\/i0.wp.com\/img.estadao.com.br\/resources\/jpg\/5\/3\/1469639190235.jpg?w=1200&#038;ssl=1\" alt=\"Cientistas descobrem composto nos narizes que mata \" \/><\/p>\n<p>Perda do olfato ou paladar pode estar associada ao coronav\u00edrus Foto: Caren Firouz\/Reuters<\/p>\n<p>Os leitores podem participar ao vivo nos coment\u00e1rios e tamb\u00e9m com o envio pr\u00e9vio das perguntas, que deve ser feito por meio do grupo\u00a0<strong><a href=\"https:\/\/www.facebook.com\/groups\/estadaoinformacoronavirus\/permalink\/234130717880666\/\" rel=\"nofollow\">#Estad\u00e3oInforma: Coronav\u00edrus<\/a><\/strong>, espa\u00e7o no Facebook para discuss\u00e3o e troca de informa\u00e7\u00f5es sobre a pandemia, aberto a todos os leitores do Estad\u00e3o.<\/p>\n<p dir=\"ltr\">A entrevista \u00e9 parte de uma s\u00e9rie de transmiss\u00f5es ao vivo sobre temas relacionados \u00e0 covid-19, que j\u00e1 est\u00e1 em seu terceiro m\u00eas.<\/p>\n<p dir=\"ltr\">O jornal disponibilizou seus principais conte\u00fados sobre a epidemia\u00a0<strong><a href=\"https:\/\/saude.estadao.com.br\/noticias\/geral,coronavirus-saiba-como-se-proteger-e-o-que-fazer-em-caso-de-viagens-ao-exterior,70003231210\">gratuitamente aos leitores que n\u00e3o s\u00e3o assinantes<\/a><\/strong>. Foi criado tamb\u00e9m o Boletim Coronav\u00edrus,\u00a0<strong><a href=\"https:\/\/meu.estadao.com.br\/newsletter\">newsletter<\/a>\u00a0<\/strong>aberta a todos com as principais not\u00edcias do dia sobre o tema.<\/p>\n","protected":false},"excerpt":{"rendered":"<p>O Estado de S.Paulo, 15\/05\/2020 Assista a transmiss\u00e3o na \u00edntegra atrav\u00e9s do link: https:\/\/www.facebook.com\/estadao\/videos\/2543153239277637\/ Transmiss\u00e3o ocorre no Facebook do jornal \u00e0s 16 horas; perguntas podem ser enviadas por meio do&hellip;<\/p>\n","protected":false},"author":17,"featured_media":0,"comment_status":"closed","ping_status":"closed","sticky":false,"template":"","format":"standard","meta":{"_acf_changed":false,"_jetpack_newsletter_access":"","_jetpack_dont_email_post_to_subs":false,"_jetpack_newsletter_tier_id":0,"_jetpack_memberships_contains_paywalled_content":false,"_jetpack_memberships_contains_paid_content":false,"footnotes":"","_links_to":"","_links_to_target":""},"categories":[1163,1227],"tags":[],"class_list":["post-22329","post","type-post","status-publish","format-standard","hentry","category-clipping-cnpem","category-covid","category-1163","category-1227","description-off"],"acf":[],"yoast_head":"<!-- This site is optimized with the Yoast SEO plugin v27.4 - https:\/\/yoast.com\/product\/yoast-seo-wordpress\/ -->\n<title>Altera\u00e7\u00f5es neurol\u00f3gicas causadas pelo novo coronav\u00edrus s\u00e3o assunto de live do \u2018Estado\u2019 - CNPEM<\/title>\n<meta name=\"robots\" content=\"index, follow, max-snippet:-1, max-image-preview:large, max-video-preview:-1\" \/>\n<link rel=\"canonical\" href=\"https:\/\/cnpem.br\/alteracoes-neurologicas-causadas-pelo-novo-coronavirus-sao-assunto-de-live-do-estado\/\" \/>\n<meta property=\"og:locale\" content=\"en_US\" \/>\n<meta property=\"og:type\" content=\"article\" \/>\n<meta property=\"og:title\" content=\"Altera\u00e7\u00f5es neurol\u00f3gicas causadas pelo novo coronav\u00edrus s\u00e3o assunto de live do \u2018Estado\u2019 - CNPEM\" \/>\n<meta property=\"og:description\" content=\"O Estado de S.Paulo, 15\/05\/2020 Assista a transmiss\u00e3o na \u00edntegra atrav\u00e9s do link: https:\/\/www.facebook.com\/estadao\/videos\/2543153239277637\/ Transmiss\u00e3o ocorre no Facebook do jornal \u00e0s 16 horas; perguntas podem ser enviadas por meio do&hellip;\" \/>\n<meta property=\"og:url\" content=\"https:\/\/cnpem.br\/alteracoes-neurologicas-causadas-pelo-novo-coronavirus-sao-assunto-de-live-do-estado\/\" \/>\n<meta property=\"og:site_name\" content=\"CNPEM\" \/>\n<meta property=\"article:published_time\" content=\"2020-05-22T19:13:39+00:00\" \/>\n<meta property=\"article:modified_time\" content=\"2026-03-02T18:59:19+00:00\" \/>\n<meta property=\"og:image\" content=\"https:\/\/img.estadao.com.br\/resources\/jpg\/5\/3\/1469639190235.jpg\" \/>\n<meta name=\"author\" content=\"Erik Medina\" \/>\n<meta name=\"twitter:card\" content=\"summary_large_image\" \/>\n<meta name=\"twitter:label1\" content=\"Written by\" \/>\n\t<meta name=\"twitter:data1\" content=\"Erik Medina\" \/>\n\t<meta name=\"twitter:label2\" content=\"Est. reading time\" \/>\n\t<meta name=\"twitter:data2\" content=\"1 minute\" \/>\n<script type=\"application\/ld+json\" class=\"yoast-schema-graph\">{\"@context\":\"https:\\\/\\\/schema.org\",\"@graph\":[{\"@type\":\"Article\",\"@id\":\"https:\\\/\\\/cnpem.br\\\/alteracoes-neurologicas-causadas-pelo-novo-coronavirus-sao-assunto-de-live-do-estado\\\/#article\",\"isPartOf\":{\"@id\":\"https:\\\/\\\/cnpem.br\\\/alteracoes-neurologicas-causadas-pelo-novo-coronavirus-sao-assunto-de-live-do-estado\\\/\"},\"author\":{\"name\":\"Erik Medina\",\"@id\":\"https:\\\/\\\/cnpem.br\\\/#\\\/schema\\\/person\\\/b957a8048be4b70d687484cae6b978ef\"},\"headline\":\"Altera\u00e7\u00f5es neurol\u00f3gicas causadas pelo novo coronav\u00edrus s\u00e3o assunto de live do \u2018Estado\u2019\",\"datePublished\":\"2020-05-22T19:13:39+00:00\",\"dateModified\":\"2026-03-02T18:59:19+00:00\",\"mainEntityOfPage\":{\"@id\":\"https:\\\/\\\/cnpem.br\\\/alteracoes-neurologicas-causadas-pelo-novo-coronavirus-sao-assunto-de-live-do-estado\\\/\"},\"wordCount\":288,\"image\":{\"@id\":\"https:\\\/\\\/cnpem.br\\\/alteracoes-neurologicas-causadas-pelo-novo-coronavirus-sao-assunto-de-live-do-estado\\\/#primaryimage\"},\"thumbnailUrl\":\"https:\\\/\\\/img.estadao.com.br\\\/resources\\\/jpg\\\/5\\\/3\\\/1469639190235.jpg\",\"articleSection\":[\"CNPEM na M\u00eddia\",\"COVID\"],\"inLanguage\":\"en-US\"},{\"@type\":\"WebPage\",\"@id\":\"https:\\\/\\\/cnpem.br\\\/alteracoes-neurologicas-causadas-pelo-novo-coronavirus-sao-assunto-de-live-do-estado\\\/\",\"url\":\"https:\\\/\\\/cnpem.br\\\/alteracoes-neurologicas-causadas-pelo-novo-coronavirus-sao-assunto-de-live-do-estado\\\/\",\"name\":\"Altera\u00e7\u00f5es neurol\u00f3gicas causadas pelo novo coronav\u00edrus s\u00e3o assunto de live do \u2018Estado\u2019 - CNPEM\",\"isPartOf\":{\"@id\":\"https:\\\/\\\/cnpem.br\\\/#website\"},\"primaryImageOfPage\":{\"@id\":\"https:\\\/\\\/cnpem.br\\\/alteracoes-neurologicas-causadas-pelo-novo-coronavirus-sao-assunto-de-live-do-estado\\\/#primaryimage\"},\"image\":{\"@id\":\"https:\\\/\\\/cnpem.br\\\/alteracoes-neurologicas-causadas-pelo-novo-coronavirus-sao-assunto-de-live-do-estado\\\/#primaryimage\"},\"thumbnailUrl\":\"https:\\\/\\\/img.estadao.com.br\\\/resources\\\/jpg\\\/5\\\/3\\\/1469639190235.jpg\",\"datePublished\":\"2020-05-22T19:13:39+00:00\",\"dateModified\":\"2026-03-02T18:59:19+00:00\",\"author\":{\"@id\":\"https:\\\/\\\/cnpem.br\\\/#\\\/schema\\\/person\\\/b957a8048be4b70d687484cae6b978ef\"},\"breadcrumb\":{\"@id\":\"https:\\\/\\\/cnpem.br\\\/alteracoes-neurologicas-causadas-pelo-novo-coronavirus-sao-assunto-de-live-do-estado\\\/#breadcrumb\"},\"inLanguage\":\"en-US\",\"potentialAction\":[{\"@type\":\"ReadAction\",\"target\":[\"https:\\\/\\\/cnpem.br\\\/alteracoes-neurologicas-causadas-pelo-novo-coronavirus-sao-assunto-de-live-do-estado\\\/\"]}]},{\"@type\":\"ImageObject\",\"inLanguage\":\"en-US\",\"@id\":\"https:\\\/\\\/cnpem.br\\\/alteracoes-neurologicas-causadas-pelo-novo-coronavirus-sao-assunto-de-live-do-estado\\\/#primaryimage\",\"url\":\"https:\\\/\\\/img.estadao.com.br\\\/resources\\\/jpg\\\/5\\\/3\\\/1469639190235.jpg\",\"contentUrl\":\"https:\\\/\\\/img.estadao.com.br\\\/resources\\\/jpg\\\/5\\\/3\\\/1469639190235.jpg\"},{\"@type\":\"BreadcrumbList\",\"@id\":\"https:\\\/\\\/cnpem.br\\\/alteracoes-neurologicas-causadas-pelo-novo-coronavirus-sao-assunto-de-live-do-estado\\\/#breadcrumb\",\"itemListElement\":[{\"@type\":\"ListItem\",\"position\":1,\"name\":\"In\u00edcio\",\"item\":\"https:\\\/\\\/cnpem.br\\\/en\\\/\"},{\"@type\":\"ListItem\",\"position\":2,\"name\":\"Altera\u00e7\u00f5es neurol\u00f3gicas causadas pelo novo coronav\u00edrus s\u00e3o assunto de live do \u2018Estado\u2019\"}]},{\"@type\":\"WebSite\",\"@id\":\"https:\\\/\\\/cnpem.br\\\/#website\",\"url\":\"https:\\\/\\\/cnpem.br\\\/\",\"name\":\"Centro Nacional de Pesquisa em Energia e Materiais\",\"description\":\"Centro Nacional de Pesquisa em Energia e Materiais\",\"alternateName\":\"CNPEM\",\"potentialAction\":[{\"@type\":\"SearchAction\",\"target\":{\"@type\":\"EntryPoint\",\"urlTemplate\":\"https:\\\/\\\/cnpem.br\\\/?s={search_term_string}\"},\"query-input\":{\"@type\":\"PropertyValueSpecification\",\"valueRequired\":true,\"valueName\":\"search_term_string\"}}],\"inLanguage\":\"en-US\"},{\"@type\":\"Person\",\"@id\":\"https:\\\/\\\/cnpem.br\\\/#\\\/schema\\\/person\\\/b957a8048be4b70d687484cae6b978ef\",\"name\":\"Erik Medina\",\"url\":\"\"}]}<\/script>\n<!-- \/ Yoast SEO plugin. -->","yoast_head_json":{"title":"Altera\u00e7\u00f5es neurol\u00f3gicas causadas pelo novo coronav\u00edrus s\u00e3o assunto de live do \u2018Estado\u2019 - CNPEM","robots":{"index":"index","follow":"follow","max-snippet":"max-snippet:-1","max-image-preview":"max-image-preview:large","max-video-preview":"max-video-preview:-1"},"canonical":"https:\/\/cnpem.br\/alteracoes-neurologicas-causadas-pelo-novo-coronavirus-sao-assunto-de-live-do-estado\/","og_locale":"en_US","og_type":"article","og_title":"Altera\u00e7\u00f5es neurol\u00f3gicas causadas pelo novo coronav\u00edrus s\u00e3o assunto de live do \u2018Estado\u2019 - CNPEM","og_description":"O Estado de S.Paulo, 15\/05\/2020 Assista a transmiss\u00e3o na \u00edntegra atrav\u00e9s do link: https:\/\/www.facebook.com\/estadao\/videos\/2543153239277637\/ Transmiss\u00e3o ocorre no Facebook do jornal \u00e0s 16 horas; perguntas podem ser enviadas por meio do&hellip;","og_url":"https:\/\/cnpem.br\/alteracoes-neurologicas-causadas-pelo-novo-coronavirus-sao-assunto-de-live-do-estado\/","og_site_name":"CNPEM","article_published_time":"2020-05-22T19:13:39+00:00","article_modified_time":"2026-03-02T18:59:19+00:00","og_image":[{"url":"https:\/\/img.estadao.com.br\/resources\/jpg\/5\/3\/1469639190235.jpg","type":"","width":"","height":""}],"author":"Erik Medina","twitter_card":"summary_large_image","twitter_misc":{"Written by":"Erik Medina","Est. reading time":"1 minute"},"schema":{"@context":"https:\/\/schema.org","@graph":[{"@type":"Article","@id":"https:\/\/cnpem.br\/alteracoes-neurologicas-causadas-pelo-novo-coronavirus-sao-assunto-de-live-do-estado\/#article","isPartOf":{"@id":"https:\/\/cnpem.br\/alteracoes-neurologicas-causadas-pelo-novo-coronavirus-sao-assunto-de-live-do-estado\/"},"author":{"name":"Erik Medina","@id":"https:\/\/cnpem.br\/#\/schema\/person\/b957a8048be4b70d687484cae6b978ef"},"headline":"Altera\u00e7\u00f5es neurol\u00f3gicas causadas pelo novo coronav\u00edrus s\u00e3o assunto de live do \u2018Estado\u2019","datePublished":"2020-05-22T19:13:39+00:00","dateModified":"2026-03-02T18:59:19+00:00","mainEntityOfPage":{"@id":"https:\/\/cnpem.br\/alteracoes-neurologicas-causadas-pelo-novo-coronavirus-sao-assunto-de-live-do-estado\/"},"wordCount":288,"image":{"@id":"https:\/\/cnpem.br\/alteracoes-neurologicas-causadas-pelo-novo-coronavirus-sao-assunto-de-live-do-estado\/#primaryimage"},"thumbnailUrl":"https:\/\/img.estadao.com.br\/resources\/jpg\/5\/3\/1469639190235.jpg","articleSection":["CNPEM na M\u00eddia","COVID"],"inLanguage":"en-US"},{"@type":"WebPage","@id":"https:\/\/cnpem.br\/alteracoes-neurologicas-causadas-pelo-novo-coronavirus-sao-assunto-de-live-do-estado\/","url":"https:\/\/cnpem.br\/alteracoes-neurologicas-causadas-pelo-novo-coronavirus-sao-assunto-de-live-do-estado\/","name":"Altera\u00e7\u00f5es neurol\u00f3gicas causadas pelo novo coronav\u00edrus s\u00e3o assunto de live do \u2018Estado\u2019 - CNPEM","isPartOf":{"@id":"https:\/\/cnpem.br\/#website"},"primaryImageOfPage":{"@id":"https:\/\/cnpem.br\/alteracoes-neurologicas-causadas-pelo-novo-coronavirus-sao-assunto-de-live-do-estado\/#primaryimage"},"image":{"@id":"https:\/\/cnpem.br\/alteracoes-neurologicas-causadas-pelo-novo-coronavirus-sao-assunto-de-live-do-estado\/#primaryimage"},"thumbnailUrl":"https:\/\/img.estadao.com.br\/resources\/jpg\/5\/3\/1469639190235.jpg","datePublished":"2020-05-22T19:13:39+00:00","dateModified":"2026-03-02T18:59:19+00:00","author":{"@id":"https:\/\/cnpem.br\/#\/schema\/person\/b957a8048be4b70d687484cae6b978ef"},"breadcrumb":{"@id":"https:\/\/cnpem.br\/alteracoes-neurologicas-causadas-pelo-novo-coronavirus-sao-assunto-de-live-do-estado\/#breadcrumb"},"inLanguage":"en-US","potentialAction":[{"@type":"ReadAction","target":["https:\/\/cnpem.br\/alteracoes-neurologicas-causadas-pelo-novo-coronavirus-sao-assunto-de-live-do-estado\/"]}]},{"@type":"ImageObject","inLanguage":"en-US","@id":"https:\/\/cnpem.br\/alteracoes-neurologicas-causadas-pelo-novo-coronavirus-sao-assunto-de-live-do-estado\/#primaryimage","url":"https:\/\/img.estadao.com.br\/resources\/jpg\/5\/3\/1469639190235.jpg","contentUrl":"https:\/\/img.estadao.com.br\/resources\/jpg\/5\/3\/1469639190235.jpg"},{"@type":"BreadcrumbList","@id":"https:\/\/cnpem.br\/alteracoes-neurologicas-causadas-pelo-novo-coronavirus-sao-assunto-de-live-do-estado\/#breadcrumb","itemListElement":[{"@type":"ListItem","position":1,"name":"In\u00edcio","item":"https:\/\/cnpem.br\/en\/"},{"@type":"ListItem","position":2,"name":"Altera\u00e7\u00f5es neurol\u00f3gicas causadas pelo novo coronav\u00edrus s\u00e3o assunto de live do \u2018Estado\u2019"}]},{"@type":"WebSite","@id":"https:\/\/cnpem.br\/#website","url":"https:\/\/cnpem.br\/","name":"Centro Nacional de Pesquisa em Energia e Materiais","description":"Centro Nacional de Pesquisa em Energia e Materiais","alternateName":"CNPEM","potentialAction":[{"@type":"SearchAction","target":{"@type":"EntryPoint","urlTemplate":"https:\/\/cnpem.br\/?s={search_term_string}"},"query-input":{"@type":"PropertyValueSpecification","valueRequired":true,"valueName":"search_term_string"}}],"inLanguage":"en-US"},{"@type":"Person","@id":"https:\/\/cnpem.br\/#\/schema\/person\/b957a8048be4b70d687484cae6b978ef","name":"Erik Medina","url":""}]}},"jetpack_featured_media_url":"","jetpack_sharing_enabled":true,"jetpack_shortlink":"https:\/\/wp.me\/per0Mi-5O9","_links":{"self":[{"href":"https:\/\/cnpem.br\/en\/wp-json\/wp\/v2\/posts\/22329","targetHints":{"allow":["GET"]}}],"collection":[{"href":"https:\/\/cnpem.br\/en\/wp-json\/wp\/v2\/posts"}],"about":[{"href":"https:\/\/cnpem.br\/en\/wp-json\/wp\/v2\/types\/post"}],"author":[{"embeddable":true,"href":"https:\/\/cnpem.br\/en\/wp-json\/wp\/v2\/users\/17"}],"replies":[{"embeddable":true,"href":"https:\/\/cnpem.br\/en\/wp-json\/wp\/v2\/comments?post=22329"}],"version-history":[{"count":0,"href":"https:\/\/cnpem.br\/en\/wp-json\/wp\/v2\/posts\/22329\/revisions"}],"wp:attachment":[{"href":"https:\/\/cnpem.br\/en\/wp-json\/wp\/v2\/media?parent=22329"}],"wp:term":[{"taxonomy":"category","embeddable":true,"href":"https:\/\/cnpem.br\/en\/wp-json\/wp\/v2\/categories?post=22329"},{"taxonomy":"post_tag","embeddable":true,"href":"https:\/\/cnpem.br\/en\/wp-json\/wp\/v2\/tags?post=22329"}],"curies":[{"name":"wp","href":"https:\/\/api.w.org\/{rel}","templated":true}]}}