{"id":22286,"date":"2020-05-04T18:31:45","date_gmt":"2020-05-04T18:31:45","guid":{"rendered":"https:\/\/cnpem.staging.wpengine.com\/?p=22286"},"modified":"2026-03-02T15:59:24","modified_gmt":"2026-03-02T18:59:24","slug":"coronavirus-e-cedo-para-comemorar-avanco-anunciado-pelo-governo-na-busca-por-remedio-dizem-pesquisadores","status":"publish","type":"post","link":"https:\/\/cnpem.br\/en\/coronavirus-e-cedo-para-comemorar-avanco-anunciado-pelo-governo-na-busca-por-remedio-dizem-pesquisadores\/","title":{"rendered":"Coronav\u00edrus: \u00e9 cedo para comemorar avan\u00e7o anunciado pelo governo na busca por rem\u00e9dio, dizem pesquisadores"},"content":{"rendered":"<p><em><a href=\"https:\/\/www.bbc.com\/portuguese\/brasil-52304249\">BBC<\/a> em 15\/04\/2020<\/em><\/p>\n<p><span class=\"byline__name\"><em><strong>Andr\u00e9 Shalders<\/strong><\/em><br \/>\n<em><strong><span class=\"byline__title\">Da BBC News Brasil em Bras\u00edlia<\/span><\/strong><\/em><br \/>\n<\/span><\/p>\n<p class=\"story-body__introduction\"><em><strong>Na manh\u00e3 desta quarta-feira (15\/04), o ministro da Ci\u00eancia e Tecnologia, Marcos Pontes, anunciou o in\u00edcio dos testes cl\u00ednicos com um medicamento que teria sido capaz de reduzir em 94% a carga viral do novo coronav\u00edrus numa cultura de c\u00e9lulas in vitro.<\/strong><\/em><\/p>\n<p>Mas, segundo m\u00e9dicos e cientistas ouvidos pela BBC News Brasil, ainda \u00e9 muito cedo para comemorar: s\u00f3 os testes cl\u00ednicos permitir\u00e3o dizer se a subst\u00e2ncia \u00e9 de fato eficaz contra a doen\u00e7a.<\/p>\n<p>Segundo Pontes, o minist\u00e9rio far\u00e1 um teste deste tipo com 500 pacientes infectados pelo v\u00edrus SARS-CoV-2, distribu\u00eddos por sete hospitais do pa\u00eds (cinco no Rio, um em S\u00e3o Paulo e outro no Distrito Federal).<\/p>\n<p>Os pacientes receber\u00e3o a droga por cinco dias, e permanecer\u00e3o outros 9 sob observa\u00e7\u00e3o m\u00e9dica, totalizando 14 dias de teste. O ministro prometeu resultados &#8220;para as pr\u00f3ximas semanas&#8221;.<\/p>\n<p>Se a droga funcionar, disse ele, um protocolo poder\u00e1 estar dispon\u00edvel &#8220;entre 30 e 45 dias&#8221;. O prazo \u00e9 considerado ex\u00edguo pelos pesquisadores ouvidos pela reportagem.<\/p>\n<p>Os pesquisadores n\u00e3o v\u00e3o revelar o nome do medicamento at\u00e9 que testes cl\u00ednicos em pacientes com covid-19 comprovem a efic\u00e1cia &#8211; segundo o ministro, a ideia \u00e9 evitar que aconte\u00e7a uma corrida pela subst\u00e2ncia, que j\u00e1 est\u00e1 dispon\u00edvel nas farm\u00e1cias brasileiras e \u00e9 usada em outros contextos.<\/p>\n<p>Segundo o minist\u00e9rio, trata-se de uma droga de baixo custo e que tem a vantagem de n\u00e3o possuir efeitos colaterais graves, como a hidroxicloroquina, a outra droga cujo uso est\u00e1 sendo estudado para o tratamento da covid-19.<\/p>\n<p>Os pesquisadores ouvidos pela BBC News Brasil concordam que ainda \u00e9 muito cedo para comemorar. Mas divergem a respeito do qu\u00e3o promissora \u00e9 a droga apresentada por Marcos Pontes.<\/p>\n<p>Para a bi\u00f3loga Natalia Pasternak, o fato de a droga ter eliminado o v\u00edrus numa cultura de c\u00e9lulas n\u00e3o significa &#8220;absolutamente nada&#8221;.<\/p>\n<p>&#8220;N\u00e3o representa nada, nada mesmo. Esses 94% de efic\u00e1cia s\u00e3o in vitro. In vitro, ou seja, em cultura de c\u00e9lulas, em laborat\u00f3rio. Nesse ponto tem um monte de subst\u00e2ncias que funcionam. E que depois, quando voc\u00ea passa para os testes em animais e em humanos, deixam de funcionar&#8221;, diz ela, que \u00e9 pesquisadora do Instituto de Ci\u00eancias Biom\u00e9dicas da Universidade de S\u00e3o Paulo (USP) e presidente do Instituto Quest\u00e3o de Ci\u00eancia.<\/p>\n<p>&#8220;Normalmente, s\u00f3 7% dos medicamentos testados \u00e9 que conseguem chegar no mercado. O restante \u00e9 descartado no meio do caminho&#8221;, diz a pesquisadora.<\/p>\n<p>&#8220;A cloroquina tamb\u00e9m funcionou muito bem in vitro, da mesma forma que esse medicamento que o ministro est\u00e1 anunciando. A cloroquina se mostrou muito promissora in vitro, e matou uns 95% da carga viral. S\u00f3 que ela n\u00e3o fez isso s\u00f3 com o SARS-CoV-2 (o v\u00edrus causador da doen\u00e7a covid-19. In vitro, ela tamb\u00e9m foi extremamente bem sucedida para outras viroses (no passado), como dengue, zika, HIV, chikungunya, a pr\u00f3pria Sars (causada por outro tipo de coronav\u00edrus) e o ebola. Para todas essas viroses, a cloroquina funcionou super bem, em c\u00e9lulas de cultura&#8221;, diz a pesquisadora.<\/p>\n<p>&#8220;Mas da\u00ed, quando foram fazer os testes em animais, n\u00e3o deu certo. Para nenhuma dessas doen\u00e7as. Inclusive para a Sars. Foi testada em camundongos e n\u00e3o funcionou. Al\u00e9m disso, para voc\u00ea ver como \u00e9 imprevis\u00edvel, e como n\u00e3o d\u00e1 para confiar no resultado in vitro: a cloroquina, quando foi testada em animais para ebola e para chikungunya, ela aumentou a carga viral dos animais&#8221;, explica ela.<\/p>\n<p>Outros pesquisadores, que est\u00e3o envolvidos em pesquisas sobre a covid-19, dizem que a redu\u00e7\u00e3o da carga viral in vitro \u00e9 um &#8220;ind\u00edcio&#8221; de que a droga pode ter uma fun\u00e7\u00e3o contra a doen\u00e7a na vida real.<\/p>\n<p>&#8220;O que eu posso te dizer de maneira ampla, mas n\u00e3o ligado \u00e0 fala dele (Pontes), \u00e9 que quando voc\u00ea tem um benef\u00edcio mecan\u00edstico, (de redu\u00e7\u00e3o da) carga viral, \u00e9 uma sugest\u00e3o de que pode funcionar. Voc\u00ea precisa sempre ter a confirma\u00e7\u00e3o cl\u00ednica, por meio de desfechos cl\u00ednicos, mas \u00e9 um bom ind\u00edcio. Se teve essa redu\u00e7\u00e3o da carga viral, \u00e9 um ind\u00edcio promissor&#8221;, disse \u00e0 BBC News Brasil o dr. \u00c1lvaro Avezum, diretor do Centro Internacional de Pesquisa do Hospital Alem\u00e3o Oswaldo Cruz.<\/p>\n<p>&#8220;Agora, como o ministro disse, \u00e9 preciso aguardar o teste cl\u00ednico. V\u00e1rias coisas s\u00e3o promissoras, e a gente torce para que muitas delas se consagrem com a efic\u00e1cia, para a gente reduzir o \u00f4nus da covid-19&#8221;, disse ele. Avezum ressaltou que estava comentando em tese, pois n\u00e3o assistiu a toda a entrevista de Marcos Pontes.<\/p>\n<p>&#8220;A redu\u00e7\u00e3o da carga viral \u00e9 um belo de um ind\u00edcio. Mas o teste cl\u00ednico, a etapa posterior, \u00e9 que vai confirmar isto. Todo medicamento deve passar por esse teste, antes de declarar a efic\u00e1cia e a seguran\u00e7a&#8221;, disse.<\/p>\n<p>&#8220;Quando voc\u00ea coloca essas outras drogas, elas potencialmente s\u00e3o candidatas? Sim. Mas elas ter\u00e3o de passar por estes mesmos testes que a hidroxicloroquina est\u00e1 passando. Ent\u00e3o, potencialmente, se a hidroxicloroquina for mesmo eficaz, ela est\u00e1 um passo \u00e0 frente dessas outras. Todas as outras precisar\u00e3o passar pelo mesmo caminho&#8221;, diz o dr. Roberto Amazonas, que \u00e9 diretor m\u00e9dico-cient\u00edfico do laborat\u00f3rio farmac\u00eautico EMS.<\/p>\n<p>&#8220;Se \u00e9 uma droga que j\u00e1 existe no mercado, ent\u00e3o talvez seja poss\u00edvel pular algumas etapas, acelerando o processo. Mas n\u00e3o \u00e9 poss\u00edvel evitar o estudo com pacientes portadores de covid, para avaliar a efic\u00e1cia nessa popula\u00e7\u00e3o&#8221;, frisa ele.<\/p>\n<p class=\"story-body__crosshead\"><strong>&#8216;Garimpo de subst\u00e2ncias&#8217;<\/strong><\/p>\n<p>O an\u00fancio feito por Marcos Pontes no Pal\u00e1cio do Planalto \u00e9 fruto de uma pesquisa de cientistas do Centro Nacional de Pesquisa em Energia e Materiais (CNPEM), em Campinas (SP).<\/p>\n<p>Segundo Pontes, os pesquisadores chegaram ao medicamento ap\u00f3s analisarem mais de 2 mil rem\u00e9dios j\u00e1 em uso no Brasil. Dentro deste conjunto, eles selecionaram seis compostos que tiveram potencial para reduzir a reprodu\u00e7\u00e3o do v\u00edrus causador da covid-19.<\/p>\n<p>Os pesquisadores do centro de pesquisa localizado em Campinas, no interior de S\u00e3o Paulo, usaram t\u00e9cnicas de biologia molecular e estrutural, computa\u00e7\u00e3o cient\u00edfica, quimioinform\u00e1tica, intelig\u00eancia artificial e informa\u00e7\u00f5es da literatura cient\u00edfica para avaliar as mol\u00e9culas de medicamentos que j\u00e1 s\u00e3o usados para tratar outras doen\u00e7as.<\/p>\n<p>O pr\u00f3ximo passo dos cientistas, depois dos testes cl\u00ednicos com a droga, \u00e9 buscar outros medicamentos para compor um coquetel que possa aumentar ainda mais a efic\u00e1cia do tratamento.<\/p>\n<p>De acordo com os pesquisadores do CNPEM, a cloroquina, recomendada como tratamento j\u00e1 na fase inicial da covid-19 pelo presidente Jair Bolsonaro, foi usada como refer\u00eancia, mas n\u00e3o est\u00e1 entre as drogas testadas.<\/p>\n<p><strong>LINK:<\/strong> <a href=\"https:\/\/www.bbc.com\/portuguese\/brasil-52304249\">https:\/\/www.bbc.com\/portuguese\/brasil-52304249<\/a><\/p>\n<p><strong>Repercuss\u00e3o<\/strong>: <a href=\"https:\/\/esportes.yahoo.com\/noticias\/coronav%C3%ADrus-%C3%A9-cedo-para-comemorar-212135477.html\">Yahoo<\/a>; <a href=\"https:\/\/noticias.uol.com.br\/ultimas-noticias\/bbc\/2020\/04\/15\/coronavirus-e-cedo-para-comemorar-avanco-anunciado-pelo-governo-na-busca-por-remedio-dizem-pesquisadores.htm\">UOL<\/a>; <a href=\"https:\/\/www.bol.uol.com.br\/noticias\/2020\/04\/15\/coronavirus-e-cedo-para-comemorar-avanco-anunciado-pelo-governo-na-busca-por-remedio-dizem-pesquisadores.htm\">BOL<\/a>; <a href=\"https:\/\/www.terra.com.br\/noticias\/brasil\/coronavirus-e-cedo-para-comemorar-avanco-anunciado-pelo-governo-na-busca-por-remedio-dizem-pesquisadores,4fd2459b7790b1af4ec58de283f16297alfl2yvu.html\">Terra<\/a>; <a href=\"https:\/\/headtopics.com\/br\/coronav-rus-e-cedo-para-comemorar-avanco-anunciado-pelo-governo-na-busca-por-remedio-dizem-pesquis-12460969\">Head Topics<\/a>; <a href=\"https:\/\/www.z1portal.com.br\/coronavirus-e-cedo-para-comemorar-avanco-anunciado-pelo-governo-na-busca-por-remedio-dizem-pesquisadores\/\">Z1 Portal<\/a>;<\/p>\n","protected":false},"excerpt":{"rendered":"<p>BBC em 15\/04\/2020 Andr\u00e9 Shalders Da BBC News Brasil em Bras\u00edlia Na manh\u00e3 desta quarta-feira (15\/04), o ministro da Ci\u00eancia e Tecnologia, Marcos Pontes, anunciou o in\u00edcio dos testes cl\u00ednicos&hellip;<\/p>\n","protected":false},"author":3,"featured_media":0,"comment_status":"closed","ping_status":"closed","sticky":false,"template":"","format":"standard","meta":{"_acf_changed":false,"_jetpack_newsletter_access":"","_jetpack_dont_email_post_to_subs":false,"_jetpack_newsletter_tier_id":0,"_jetpack_memberships_contains_paywalled_content":false,"_jetpack_memberships_contains_paid_content":false,"footnotes":"","_links_to":"","_links_to_target":""},"categories":[1163,1227,179],"tags":[],"class_list":["post-22286","post","type-post","status-publish","format-standard","hentry","category-clipping-cnpem","category-covid","category-clipping-lnbio","category-1163","category-1227","category-179","description-off"],"acf":[],"yoast_head":"<!-- This site is optimized with the Yoast SEO plugin v27.5 - https:\/\/yoast.com\/product\/yoast-seo-wordpress\/ -->\n<title>Coronav\u00edrus: \u00e9 cedo para comemorar avan\u00e7o anunciado pelo governo na busca por rem\u00e9dio, dizem pesquisadores - CNPEM<\/title>\n<meta name=\"robots\" content=\"index, follow, max-snippet:-1, max-image-preview:large, max-video-preview:-1\" \/>\n<link rel=\"canonical\" href=\"https:\/\/cnpem.br\/coronavirus-e-cedo-para-comemorar-avanco-anunciado-pelo-governo-na-busca-por-remedio-dizem-pesquisadores\/\" \/>\n<meta property=\"og:locale\" content=\"en_US\" \/>\n<meta property=\"og:type\" content=\"article\" \/>\n<meta property=\"og:title\" content=\"Coronav\u00edrus: \u00e9 cedo para comemorar avan\u00e7o anunciado pelo governo na busca por rem\u00e9dio, dizem pesquisadores - CNPEM\" \/>\n<meta property=\"og:description\" content=\"BBC em 15\/04\/2020 Andr\u00e9 Shalders Da BBC News Brasil em Bras\u00edlia Na manh\u00e3 desta quarta-feira (15\/04), o ministro da Ci\u00eancia e Tecnologia, Marcos Pontes, anunciou o in\u00edcio dos testes cl\u00ednicos&hellip;\" \/>\n<meta property=\"og:url\" content=\"https:\/\/cnpem.br\/coronavirus-e-cedo-para-comemorar-avanco-anunciado-pelo-governo-na-busca-por-remedio-dizem-pesquisadores\/\" \/>\n<meta property=\"og:site_name\" content=\"CNPEM\" \/>\n<meta property=\"article:published_time\" content=\"2020-05-04T18:31:45+00:00\" \/>\n<meta property=\"article:modified_time\" content=\"2026-03-02T18:59:24+00:00\" \/>\n<meta name=\"author\" content=\"Gustavo Moreno\" \/>\n<meta name=\"twitter:card\" content=\"summary_large_image\" \/>\n<meta name=\"twitter:label1\" content=\"Written by\" \/>\n\t<meta name=\"twitter:data1\" content=\"Gustavo Moreno\" \/>\n\t<meta name=\"twitter:label2\" content=\"Est. reading time\" \/>\n\t<meta name=\"twitter:data2\" content=\"6 minutes\" \/>\n<script type=\"application\/ld+json\" class=\"yoast-schema-graph\">{\"@context\":\"https:\\\/\\\/schema.org\",\"@graph\":[{\"@type\":\"Article\",\"@id\":\"https:\\\/\\\/cnpem.br\\\/coronavirus-e-cedo-para-comemorar-avanco-anunciado-pelo-governo-na-busca-por-remedio-dizem-pesquisadores\\\/#article\",\"isPartOf\":{\"@id\":\"https:\\\/\\\/cnpem.br\\\/coronavirus-e-cedo-para-comemorar-avanco-anunciado-pelo-governo-na-busca-por-remedio-dizem-pesquisadores\\\/\"},\"author\":{\"name\":\"Gustavo Moreno\",\"@id\":\"https:\\\/\\\/cnpem.br\\\/#\\\/schema\\\/person\\\/142f9b4066e599dd651a3b9600c2c0ca\"},\"headline\":\"Coronav\u00edrus: \u00e9 cedo para comemorar avan\u00e7o anunciado pelo governo na busca por rem\u00e9dio, dizem pesquisadores\",\"datePublished\":\"2020-05-04T18:31:45+00:00\",\"dateModified\":\"2026-03-02T18:59:24+00:00\",\"mainEntityOfPage\":{\"@id\":\"https:\\\/\\\/cnpem.br\\\/coronavirus-e-cedo-para-comemorar-avanco-anunciado-pelo-governo-na-busca-por-remedio-dizem-pesquisadores\\\/\"},\"wordCount\":1179,\"articleSection\":[\"CNPEM na M\u00eddia\",\"COVID\",\"LNBio na M\u00eddia\"],\"inLanguage\":\"en-US\"},{\"@type\":\"WebPage\",\"@id\":\"https:\\\/\\\/cnpem.br\\\/coronavirus-e-cedo-para-comemorar-avanco-anunciado-pelo-governo-na-busca-por-remedio-dizem-pesquisadores\\\/\",\"url\":\"https:\\\/\\\/cnpem.br\\\/coronavirus-e-cedo-para-comemorar-avanco-anunciado-pelo-governo-na-busca-por-remedio-dizem-pesquisadores\\\/\",\"name\":\"Coronav\u00edrus: \u00e9 cedo para comemorar avan\u00e7o anunciado pelo governo na busca por rem\u00e9dio, dizem pesquisadores - CNPEM\",\"isPartOf\":{\"@id\":\"https:\\\/\\\/cnpem.br\\\/#website\"},\"datePublished\":\"2020-05-04T18:31:45+00:00\",\"dateModified\":\"2026-03-02T18:59:24+00:00\",\"author\":{\"@id\":\"https:\\\/\\\/cnpem.br\\\/#\\\/schema\\\/person\\\/142f9b4066e599dd651a3b9600c2c0ca\"},\"breadcrumb\":{\"@id\":\"https:\\\/\\\/cnpem.br\\\/coronavirus-e-cedo-para-comemorar-avanco-anunciado-pelo-governo-na-busca-por-remedio-dizem-pesquisadores\\\/#breadcrumb\"},\"inLanguage\":\"en-US\",\"potentialAction\":[{\"@type\":\"ReadAction\",\"target\":[\"https:\\\/\\\/cnpem.br\\\/coronavirus-e-cedo-para-comemorar-avanco-anunciado-pelo-governo-na-busca-por-remedio-dizem-pesquisadores\\\/\"]}]},{\"@type\":\"BreadcrumbList\",\"@id\":\"https:\\\/\\\/cnpem.br\\\/coronavirus-e-cedo-para-comemorar-avanco-anunciado-pelo-governo-na-busca-por-remedio-dizem-pesquisadores\\\/#breadcrumb\",\"itemListElement\":[{\"@type\":\"ListItem\",\"position\":1,\"name\":\"In\u00edcio\",\"item\":\"https:\\\/\\\/cnpem.br\\\/en\\\/\"},{\"@type\":\"ListItem\",\"position\":2,\"name\":\"Coronav\u00edrus: \u00e9 cedo para comemorar avan\u00e7o anunciado pelo governo na busca por rem\u00e9dio, dizem pesquisadores\"}]},{\"@type\":\"WebSite\",\"@id\":\"https:\\\/\\\/cnpem.br\\\/#website\",\"url\":\"https:\\\/\\\/cnpem.br\\\/\",\"name\":\"Centro Nacional de Pesquisa em Energia e Materiais\",\"description\":\"Centro Nacional de Pesquisa em Energia e Materiais\",\"alternateName\":\"CNPEM\",\"potentialAction\":[{\"@type\":\"SearchAction\",\"target\":{\"@type\":\"EntryPoint\",\"urlTemplate\":\"https:\\\/\\\/cnpem.br\\\/?s={search_term_string}\"},\"query-input\":{\"@type\":\"PropertyValueSpecification\",\"valueRequired\":true,\"valueName\":\"search_term_string\"}}],\"inLanguage\":\"en-US\"},{\"@type\":\"Person\",\"@id\":\"https:\\\/\\\/cnpem.br\\\/#\\\/schema\\\/person\\\/142f9b4066e599dd651a3b9600c2c0ca\",\"name\":\"Gustavo Moreno\",\"url\":\"\"}]}<\/script>\n<!-- \/ Yoast SEO plugin. -->","yoast_head_json":{"title":"Coronav\u00edrus: \u00e9 cedo para comemorar avan\u00e7o anunciado pelo governo na busca por rem\u00e9dio, dizem pesquisadores - CNPEM","robots":{"index":"index","follow":"follow","max-snippet":"max-snippet:-1","max-image-preview":"max-image-preview:large","max-video-preview":"max-video-preview:-1"},"canonical":"https:\/\/cnpem.br\/coronavirus-e-cedo-para-comemorar-avanco-anunciado-pelo-governo-na-busca-por-remedio-dizem-pesquisadores\/","og_locale":"en_US","og_type":"article","og_title":"Coronav\u00edrus: \u00e9 cedo para comemorar avan\u00e7o anunciado pelo governo na busca por rem\u00e9dio, dizem pesquisadores - CNPEM","og_description":"BBC em 15\/04\/2020 Andr\u00e9 Shalders Da BBC News Brasil em Bras\u00edlia Na manh\u00e3 desta quarta-feira (15\/04), o ministro da Ci\u00eancia e Tecnologia, Marcos Pontes, anunciou o in\u00edcio dos testes cl\u00ednicos&hellip;","og_url":"https:\/\/cnpem.br\/coronavirus-e-cedo-para-comemorar-avanco-anunciado-pelo-governo-na-busca-por-remedio-dizem-pesquisadores\/","og_site_name":"CNPEM","article_published_time":"2020-05-04T18:31:45+00:00","article_modified_time":"2026-03-02T18:59:24+00:00","author":"Gustavo Moreno","twitter_card":"summary_large_image","twitter_misc":{"Written by":"Gustavo Moreno","Est. reading time":"6 minutes"},"schema":{"@context":"https:\/\/schema.org","@graph":[{"@type":"Article","@id":"https:\/\/cnpem.br\/coronavirus-e-cedo-para-comemorar-avanco-anunciado-pelo-governo-na-busca-por-remedio-dizem-pesquisadores\/#article","isPartOf":{"@id":"https:\/\/cnpem.br\/coronavirus-e-cedo-para-comemorar-avanco-anunciado-pelo-governo-na-busca-por-remedio-dizem-pesquisadores\/"},"author":{"name":"Gustavo Moreno","@id":"https:\/\/cnpem.br\/#\/schema\/person\/142f9b4066e599dd651a3b9600c2c0ca"},"headline":"Coronav\u00edrus: \u00e9 cedo para comemorar avan\u00e7o anunciado pelo governo na busca por rem\u00e9dio, dizem pesquisadores","datePublished":"2020-05-04T18:31:45+00:00","dateModified":"2026-03-02T18:59:24+00:00","mainEntityOfPage":{"@id":"https:\/\/cnpem.br\/coronavirus-e-cedo-para-comemorar-avanco-anunciado-pelo-governo-na-busca-por-remedio-dizem-pesquisadores\/"},"wordCount":1179,"articleSection":["CNPEM na M\u00eddia","COVID","LNBio na M\u00eddia"],"inLanguage":"en-US"},{"@type":"WebPage","@id":"https:\/\/cnpem.br\/coronavirus-e-cedo-para-comemorar-avanco-anunciado-pelo-governo-na-busca-por-remedio-dizem-pesquisadores\/","url":"https:\/\/cnpem.br\/coronavirus-e-cedo-para-comemorar-avanco-anunciado-pelo-governo-na-busca-por-remedio-dizem-pesquisadores\/","name":"Coronav\u00edrus: \u00e9 cedo para comemorar avan\u00e7o anunciado pelo governo na busca por rem\u00e9dio, dizem pesquisadores - CNPEM","isPartOf":{"@id":"https:\/\/cnpem.br\/#website"},"datePublished":"2020-05-04T18:31:45+00:00","dateModified":"2026-03-02T18:59:24+00:00","author":{"@id":"https:\/\/cnpem.br\/#\/schema\/person\/142f9b4066e599dd651a3b9600c2c0ca"},"breadcrumb":{"@id":"https:\/\/cnpem.br\/coronavirus-e-cedo-para-comemorar-avanco-anunciado-pelo-governo-na-busca-por-remedio-dizem-pesquisadores\/#breadcrumb"},"inLanguage":"en-US","potentialAction":[{"@type":"ReadAction","target":["https:\/\/cnpem.br\/coronavirus-e-cedo-para-comemorar-avanco-anunciado-pelo-governo-na-busca-por-remedio-dizem-pesquisadores\/"]}]},{"@type":"BreadcrumbList","@id":"https:\/\/cnpem.br\/coronavirus-e-cedo-para-comemorar-avanco-anunciado-pelo-governo-na-busca-por-remedio-dizem-pesquisadores\/#breadcrumb","itemListElement":[{"@type":"ListItem","position":1,"name":"In\u00edcio","item":"https:\/\/cnpem.br\/en\/"},{"@type":"ListItem","position":2,"name":"Coronav\u00edrus: \u00e9 cedo para comemorar avan\u00e7o anunciado pelo governo na busca por rem\u00e9dio, dizem pesquisadores"}]},{"@type":"WebSite","@id":"https:\/\/cnpem.br\/#website","url":"https:\/\/cnpem.br\/","name":"Centro Nacional de Pesquisa em Energia e Materiais","description":"Centro Nacional de Pesquisa em Energia e Materiais","alternateName":"CNPEM","potentialAction":[{"@type":"SearchAction","target":{"@type":"EntryPoint","urlTemplate":"https:\/\/cnpem.br\/?s={search_term_string}"},"query-input":{"@type":"PropertyValueSpecification","valueRequired":true,"valueName":"search_term_string"}}],"inLanguage":"en-US"},{"@type":"Person","@id":"https:\/\/cnpem.br\/#\/schema\/person\/142f9b4066e599dd651a3b9600c2c0ca","name":"Gustavo Moreno","url":""}]}},"jetpack_featured_media_url":"","jetpack_sharing_enabled":true,"jetpack_shortlink":"https:\/\/wp.me\/per0Mi-5Ns","_links":{"self":[{"href":"https:\/\/cnpem.br\/en\/wp-json\/wp\/v2\/posts\/22286","targetHints":{"allow":["GET"]}}],"collection":[{"href":"https:\/\/cnpem.br\/en\/wp-json\/wp\/v2\/posts"}],"about":[{"href":"https:\/\/cnpem.br\/en\/wp-json\/wp\/v2\/types\/post"}],"author":[{"embeddable":true,"href":"https:\/\/cnpem.br\/en\/wp-json\/wp\/v2\/users\/3"}],"replies":[{"embeddable":true,"href":"https:\/\/cnpem.br\/en\/wp-json\/wp\/v2\/comments?post=22286"}],"version-history":[{"count":0,"href":"https:\/\/cnpem.br\/en\/wp-json\/wp\/v2\/posts\/22286\/revisions"}],"wp:attachment":[{"href":"https:\/\/cnpem.br\/en\/wp-json\/wp\/v2\/media?parent=22286"}],"wp:term":[{"taxonomy":"category","embeddable":true,"href":"https:\/\/cnpem.br\/en\/wp-json\/wp\/v2\/categories?post=22286"},{"taxonomy":"post_tag","embeddable":true,"href":"https:\/\/cnpem.br\/en\/wp-json\/wp\/v2\/tags?post=22286"}],"curies":[{"name":"wp","href":"https:\/\/api.w.org\/{rel}","templated":true}]}}