{"id":22037,"date":"2020-03-23T18:39:02","date_gmt":"2020-03-23T18:39:02","guid":{"rendered":"https:\/\/cnpem.staging.wpengine.com\/?p=22037"},"modified":"2026-03-02T15:59:41","modified_gmt":"2026-03-02T18:59:41","slug":"unicamp-anuncia-investimento-1-milhao-bid-projeto-campus-inteligente-campinas","status":"publish","type":"post","link":"https:\/\/cnpem.br\/en\/unicamp-anuncia-investimento-1-milhao-bid-projeto-campus-inteligente-campinas\/","title":{"rendered":"Unicamp anuncia investimento de US$ 1 milh\u00e3o do BID em projeto do &#8216;campus inteligente&#8217; em Campinas"},"content":{"rendered":"<p><em><a href=\"https:\/\/g1.globo.com\/sp\/campinas-regiao\/noticia\/2020\/03\/10\/unicamp-anuncia-investimento-de-us-1-milhao-do-bid-em-projeto-do-campus-inteligente-em-campinas.ghtml\" target=\"_blank\" rel=\"noopener noreferrer\"><strong>G1<\/strong><\/a>, 10\/03\/2020<\/em><\/p>\n<h2 class=\"content-head__subtitle\">Conv\u00eanio ser\u00e1 assinado entre as institui\u00e7\u00f5es, Prefeitura de Campinas e Governo de SP nesta quarta-feira (11), no Pal\u00e1cio dos Bandeirantes, em S\u00e3o Paulo. Negocia\u00e7\u00f5es com Banco Interamericano de Desenvolvimento duraram 1 ano.<\/h2>\n<p>&nbsp;<\/p>\n<div class=\"row medium-uncollapsed content-media content-video \" data-block-type=\"backstage-video\" data-block-id=\"0\">\n<div class=\"content-media__container column medium-22 large-20 medium-centered\">\n<p class=\"content-media__description\">BID anuncia investimento de US$ 1 milh\u00e3o em projeto de &#8216;campus inteligente&#8217; em Campinas<\/p>\n<\/div>\n<\/div>\n<div class=\"mc-column mc-side-item__container\" data-block-type=\"ads\" data-block-id=\"1\">\n<div class=\"mc-side-item mc-side-item--right content-ads content-ads--side-ad\"><\/div>\n<\/div>\n<div class=\"mc-column content-text active-extra-styles \" data-block-type=\"unstyled\" data-block-weight=\"57\" data-block-id=\"2\">\n<div class=\"mc-column content-text active-extra-styles \" data-block-type=\"unstyled\" data-block-weight=\"57\" data-block-id=\"2\">\n<p class=\"content-text__container \" style=\"text-align: justify;\" data-track-category=\"Link no Texto\" data-track-links=\"\">A Universidade Estadual de Campinas (Unicamp) anunciou investimento de US$ 1 milh\u00e3o do Banco Interamericano de Desenvolvimento (BID) para o projeto do <a href=\"https:\/\/www.hids.depi.unicamp.br\/evento\/assinatura-convenio-bid-prefeitura-de-campinas-e-unicamp\/\" target=\"_blank\" rel=\"noopener noreferrer\">Hub Internacional para o Desenvolvimento Sustent\u00e1vel (HIDS)<\/a>, uma esp\u00e9cie de &#8220;campus inteligente&#8221; que reunir\u00e1 institui\u00e7\u00f5es de ensino e pesquisa no munic\u00edpio. O conv\u00eanio ser\u00e1 assinado nesta quarta-feira (11) no Pal\u00e1cio dos Bandeirantes, na capital paulista.<\/p>\n<\/div>\n<div class=\"wall protected-content\">\n<div class=\"mc-column content-text active-extra-styles \" style=\"text-align: justify;\" data-block-type=\"unstyled\" data-block-weight=\"67\" data-block-id=\"3\">\n<p class=\"content-text__container \" data-track-category=\"Link no Texto\" data-track-links=\"\"><a href=\"https:\/\/g1.globo.com\/sp\/campinas-regiao\/noticia\/unicamp-e-puc-estudam-compartilhar-projetos-sustentaveis-em-campus-inteligente-com-potencial-internacional.ghtml\">O <strong>G1<\/strong> acompanha desde 2018 os estudos para viabilizar um local para ampliar a \u00e1rea de coopera\u00e7\u00e3o acad\u00eamica<\/a>, que envolve tamb\u00e9m a Pontif\u00edcia Universidade Cat\u00f3lica (PUC) de Campinas, al\u00e9m da \u00e1rea da Companhia de Desenvolvimento do Polo de Alta Tecnologia da cidade, onde est\u00e3o locados, por exemplo, o Centro Nacional de Pesquisa em Energia e Materiais (CNPEM) e o Centro de Pesquisa e Desenvolvimento em Telecomunica\u00e7\u00f5es (CPqD).<\/p>\n<\/div>\n<div class=\"mc-column content-text active-extra-styles \" data-block-type=\"unstyled\" data-block-weight=\"43\" data-block-id=\"4\">\n<p class=\"content-text__container \" style=\"text-align: justify;\" data-track-category=\"Link no Texto\" data-track-links=\"\">O espa\u00e7o tem 11,3 milh\u00f5es de metros quadrados, e compreende a Fazenda Argentina, na Unicamp, que j\u00e1 tinha a previs\u00e3o de receber o projeto desde 2018. A Prefeitura de Campinas e o Governo do Estado de S\u00e3o Paulo participam da assinatura do acordo.<\/p>\n<\/div>\n<div class=\"row medium-uncollapsed content-media content-photo\" data-block-type=\"backstage-photo\" data-block-id=\"5\">\n<div class=\"column medium-22 large-20 medium-centered content-media__container\">\n<div class=\"progressive-img can-open-lightbox\" data-min-size=\"1008x563\" data-min-size-url=\"https:\/\/s2.glbimg.com\/FDR7hqa4moWj9JuvvGbJoiv-XsE=\/0x0:1899x1061\/1008x0\/smart\/filters:strip_icc()\/i.s3.glbimg.com\/v1\/AUTH_59edd422c0c84a879bd37670ae4f538a\/internal_photos\/bs\/2020\/T\/G\/XRj5ruR0yDXWskA0PfgQ\/area-campus-inteligente-campinas.jpg\" data-max-size=\"1600x893\" data-max-size-url=\"https:\/\/s2.glbimg.com\/M3o87HdX9G7_73tq6pcVMe46wIM=\/0x0:1899x1061\/1600x0\/smart\/filters:strip_icc()\/i.s3.glbimg.com\/v1\/AUTH_59edd422c0c84a879bd37670ae4f538a\/internal_photos\/bs\/2020\/T\/G\/XRj5ruR0yDXWskA0PfgQ\/area-campus-inteligente-campinas.jpg\" data-media-index=\"0\">\n<div class=\"placeholder-container\"><\/div>\n<picture><source srcset=\"https:\/\/s2.glbimg.com\/FDR7hqa4moWj9JuvvGbJoiv-XsE=\/0x0:1899x1061\/1008x0\/smart\/filters:strip_icc()\/i.s3.glbimg.com\/v1\/AUTH_59edd422c0c84a879bd37670ae4f538a\/internal_photos\/bs\/2020\/T\/G\/XRj5ruR0yDXWskA0PfgQ\/area-campus-inteligente-campinas.jpg 1x, https:\/\/s2.glbimg.com\/tuN6PcyJgPZ7gBgH4F0lpEJ6_Hc=\/0x0:1899x1061\/2016x0\/smart\/filters:strip_icc()\/i.s3.glbimg.com\/v1\/AUTH_59edd422c0c84a879bd37670ae4f538a\/internal_photos\/bs\/2020\/T\/G\/XRj5ruR0yDXWskA0PfgQ\/area-campus-inteligente-campinas.jpg 2x\" media=\"(max-width: 1024px)\" data-src=\"https:\/\/s2.glbimg.com\/FDR7hqa4moWj9JuvvGbJoiv-XsE=\/0x0:1899x1061\/1008x0\/smart\/filters:strip_icc()\/i.s3.glbimg.com\/v1\/AUTH_59edd422c0c84a879bd37670ae4f538a\/internal_photos\/bs\/2020\/T\/G\/XRj5ruR0yDXWskA0PfgQ\/area-campus-inteligente-campinas.jpg 1x, https:\/\/s2.glbimg.com\/tuN6PcyJgPZ7gBgH4F0lpEJ6_Hc=\/0x0:1899x1061\/2016x0\/smart\/filters:strip_icc()\/i.s3.glbimg.com\/v1\/AUTH_59edd422c0c84a879bd37670ae4f538a\/internal_photos\/bs\/2020\/T\/G\/XRj5ruR0yDXWskA0PfgQ\/area-campus-inteligente-campinas.jpg 2x\" \/><source srcset=\"https:\/\/s2.glbimg.com\/6i3OPfaRASBE31JR37cghpVFIf4=\/0x0:1899x1061\/1262x0\/smart\/filters:strip_icc()\/i.s3.glbimg.com\/v1\/AUTH_59edd422c0c84a879bd37670ae4f538a\/internal_photos\/bs\/2020\/T\/G\/XRj5ruR0yDXWskA0PfgQ\/area-campus-inteligente-campinas.jpg 1x, https:\/\/s2.glbimg.com\/aHvT8sXylVTPiedePqcqIDfz79o=\/0x0:1899x1061\/2524x0\/smart\/filters:strip_icc()\/i.s3.glbimg.com\/v1\/AUTH_59edd422c0c84a879bd37670ae4f538a\/internal_photos\/bs\/2020\/T\/G\/XRj5ruR0yDXWskA0PfgQ\/area-campus-inteligente-campinas.jpg 2x\" media=\"(max-width: 1280px)\" data-src=\"https:\/\/s2.glbimg.com\/6i3OPfaRASBE31JR37cghpVFIf4=\/0x0:1899x1061\/1262x0\/smart\/filters:strip_icc()\/i.s3.glbimg.com\/v1\/AUTH_59edd422c0c84a879bd37670ae4f538a\/internal_photos\/bs\/2020\/T\/G\/XRj5ruR0yDXWskA0PfgQ\/area-campus-inteligente-campinas.jpg 1x, https:\/\/s2.glbimg.com\/aHvT8sXylVTPiedePqcqIDfz79o=\/0x0:1899x1061\/2524x0\/smart\/filters:strip_icc()\/i.s3.glbimg.com\/v1\/AUTH_59edd422c0c84a879bd37670ae4f538a\/internal_photos\/bs\/2020\/T\/G\/XRj5ruR0yDXWskA0PfgQ\/area-campus-inteligente-campinas.jpg 2x\" \/><source srcset=\"https:\/\/s2.glbimg.com\/3ZWXC-2KQTaRIuZPEPhXEviBJYM=\/0x0:1899x1061\/1344x0\/smart\/filters:strip_icc()\/i.s3.glbimg.com\/v1\/AUTH_59edd422c0c84a879bd37670ae4f538a\/internal_photos\/bs\/2020\/T\/G\/XRj5ruR0yDXWskA0PfgQ\/area-campus-inteligente-campinas.jpg 1x, https:\/\/s2.glbimg.com\/Sc4DLoepjMDrgPJkW7boRoT7GXs=\/0x0:1899x1061\/2688x0\/smart\/filters:strip_icc()\/i.s3.glbimg.com\/v1\/AUTH_59edd422c0c84a879bd37670ae4f538a\/internal_photos\/bs\/2020\/T\/G\/XRj5ruR0yDXWskA0PfgQ\/area-campus-inteligente-campinas.jpg 2x\" media=\"(max-width: 1360px)\" data-src=\"https:\/\/s2.glbimg.com\/3ZWXC-2KQTaRIuZPEPhXEviBJYM=\/0x0:1899x1061\/1344x0\/smart\/filters:strip_icc()\/i.s3.glbimg.com\/v1\/AUTH_59edd422c0c84a879bd37670ae4f538a\/internal_photos\/bs\/2020\/T\/G\/XRj5ruR0yDXWskA0PfgQ\/area-campus-inteligente-campinas.jpg 1x, https:\/\/s2.glbimg.com\/Sc4DLoepjMDrgPJkW7boRoT7GXs=\/0x0:1899x1061\/2688x0\/smart\/filters:strip_icc()\/i.s3.glbimg.com\/v1\/AUTH_59edd422c0c84a879bd37670ae4f538a\/internal_photos\/bs\/2020\/T\/G\/XRj5ruR0yDXWskA0PfgQ\/area-campus-inteligente-campinas.jpg 2x\" \/><source srcset=\"https:\/\/s2.glbimg.com\/M3o87HdX9G7_73tq6pcVMe46wIM=\/0x0:1899x1061\/1600x0\/smart\/filters:strip_icc()\/i.s3.glbimg.com\/v1\/AUTH_59edd422c0c84a879bd37670ae4f538a\/internal_photos\/bs\/2020\/T\/G\/XRj5ruR0yDXWskA0PfgQ\/area-campus-inteligente-campinas.jpg 1x, https:\/\/s2.glbimg.com\/-VjRkMtosFt3tUE3Eo64YOHN0Nw=\/0x0:1899x1061\/3200x0\/smart\/filters:strip_icc()\/i.s3.glbimg.com\/v1\/AUTH_59edd422c0c84a879bd37670ae4f538a\/internal_photos\/bs\/2020\/T\/G\/XRj5ruR0yDXWskA0PfgQ\/area-campus-inteligente-campinas.jpg 2x\" media=\"(min-width: 1361px)\" data-src=\"https:\/\/s2.glbimg.com\/M3o87HdX9G7_73tq6pcVMe46wIM=\/0x0:1899x1061\/1600x0\/smart\/filters:strip_icc()\/i.s3.glbimg.com\/v1\/AUTH_59edd422c0c84a879bd37670ae4f538a\/internal_photos\/bs\/2020\/T\/G\/XRj5ruR0yDXWskA0PfgQ\/area-campus-inteligente-campinas.jpg 1x, https:\/\/s2.glbimg.com\/-VjRkMtosFt3tUE3Eo64YOHN0Nw=\/0x0:1899x1061\/3200x0\/smart\/filters:strip_icc()\/i.s3.glbimg.com\/v1\/AUTH_59edd422c0c84a879bd37670ae4f538a\/internal_photos\/bs\/2020\/T\/G\/XRj5ruR0yDXWskA0PfgQ\/area-campus-inteligente-campinas.jpg 2x\" \/><source srcset=\"https:\/\/s2.glbimg.com\/FDR7hqa4moWj9JuvvGbJoiv-XsE=\/0x0:1899x1061\/1008x0\/smart\/filters:strip_icc()\/i.s3.glbimg.com\/v1\/AUTH_59edd422c0c84a879bd37670ae4f538a\/internal_photos\/bs\/2020\/T\/G\/XRj5ruR0yDXWskA0PfgQ\/area-campus-inteligente-campinas.jpg\" data-src=\"https:\/\/s2.glbimg.com\/FDR7hqa4moWj9JuvvGbJoiv-XsE=\/0x0:1899x1061\/1008x0\/smart\/filters:strip_icc()\/i.s3.glbimg.com\/v1\/AUTH_59edd422c0c84a879bd37670ae4f538a\/internal_photos\/bs\/2020\/T\/G\/XRj5ruR0yDXWskA0PfgQ\/area-campus-inteligente-campinas.jpg\" \/><img data-recalc-dims=\"1\" decoding=\"async\" class=\"image content-media__image progressive-loaded\" title=\"Imagens \u00e1reas da \u00e1rea que ir\u00e1 abrigar o campus inteligente, em Campinas (SP) \u2014 Foto: Carlos A. Coutinho\" src=\"https:\/\/i0.wp.com\/s2.glbimg.com\/FDR7hqa4moWj9JuvvGbJoiv-XsE%3D\/0x0%3A1899x1061\/1008x0\/smart\/filters%3Astrip_icc%28%29\/i.s3.glbimg.com\/v1\/AUTH_59edd422c0c84a879bd37670ae4f538a\/internal_photos\/bs\/2020\/T\/G\/XRj5ruR0yDXWskA0PfgQ\/area-campus-inteligente-campinas.jpg?w=1200&#038;ssl=1\" alt=\"Imagens \u00e1reas da \u00e1rea que ir\u00e1 abrigar o campus inteligente, em Campinas (SP) \u2014 Foto: Carlos A. Coutinho\" data-src=\"https:\/\/s2.glbimg.com\/FDR7hqa4moWj9JuvvGbJoiv-XsE=\/0x0:1899x1061\/1008x0\/smart\/filters:strip_icc()\/i.s3.glbimg.com\/v1\/AUTH_59edd422c0c84a879bd37670ae4f538a\/internal_photos\/bs\/2020\/T\/G\/XRj5ruR0yDXWskA0PfgQ\/area-campus-inteligente-campinas.jpg\" \/><\/picture>\n<\/div>\n<p class=\"content-media__description \">Imagens \u00e1reas da \u00e1rea que ir\u00e1 abrigar o campus inteligente, em Campinas (SP) \u2014 Foto: Carlos A. Coutinho<\/p>\n<\/div>\n<\/div>\n<div class=\"content-ads content-ads--reveal\" data-block-type=\"ads\" data-block-id=\"6\"><\/div>\n<div class=\"mc-column content-text active-extra-styles \" data-block-type=\"unstyled\" data-block-weight=\"68\" data-block-id=\"7\">\n<p class=\"content-text__container \" style=\"text-align: justify;\" data-track-category=\"Link no Texto\" data-track-links=\"\">Coordenador do projeto, o professor Marco Aur\u00e9lio Pinheiro Lima lembra que a ideia inicial abrangia o uso da \u00e1rea da Fazenda Argentina, mas que foi ampliado para uso misto do territ\u00f3rio. &#8220;\u00c9 um lugar onde n\u00f3s temos de buscar a sinergia entre as institui\u00e7\u00f5es que j\u00e1 est\u00e3o aqui. Um distrito tecnol\u00f3gico, antes de mais nada, ele tem de fortalecer o modelo de neg\u00f3cio de todas as institui\u00e7\u00f5es&#8221;, defende.<\/p>\n<\/div>\n<div class=\"mc-column content-text active-extra-styles \" data-block-type=\"unstyled\" data-block-weight=\"58\" data-block-id=\"8\">\n<p class=\"content-text__container \" style=\"text-align: justify;\" data-track-category=\"Link no Texto\" data-track-links=\"\">Segundo Lima, o territ\u00f3rio ampliado permite uma variedade grande de aplica\u00e7\u00f5es e possibilidades. &#8220;Dentro do territ\u00f3rio temos \u00e1reas de prote\u00e7\u00e3o ambiental (APA). Na universidade, temos um Instituto de Biologia que pode ajudar n\u00e3o s\u00f3 a agregar valor nessa \u00e1rea, mas fazer disso um laborat\u00f3rio vivo, onde voc\u00ea pode acompanhar a parte da natureza integrada ao urbanismo&#8221;, diz.<\/p>\n<\/div>\n<div class=\"row medium-uncollapsed content-media content-photo\" data-block-type=\"backstage-photo\" data-block-id=\"9\">\n<div class=\"mc-column content-media__container\">\n<div class=\"progressive-img can-open-lightbox\" data-min-size=\"1008x653\" data-min-size-url=\"https:\/\/s2.glbimg.com\/aBkJ6YGBNFh1QHYDLJ9QXwHug-U=\/0x72:3936x2624\/1008x0\/smart\/filters:strip_icc()\/i.s3.glbimg.com\/v1\/AUTH_59edd422c0c84a879bd37670ae4f538a\/internal_photos\/bs\/2018\/Y\/O\/YWu0NLRIyWoT4xGf7jFw\/unicamp1.jpg\" data-max-size=\"1600x1037\" data-max-size-url=\"https:\/\/s2.glbimg.com\/KzDgs4oOoTD48c1yhRNKbxVWqLM=\/0x72:3936x2624\/1600x0\/smart\/filters:strip_icc()\/i.s3.glbimg.com\/v1\/AUTH_59edd422c0c84a879bd37670ae4f538a\/internal_photos\/bs\/2018\/Y\/O\/YWu0NLRIyWoT4xGf7jFw\/unicamp1.jpg\" data-media-index=\"1\">\n<div class=\"placeholder-container\"><\/div>\n<picture><source srcset=\"https:\/\/s2.glbimg.com\/MBN2r5MhQsPjFWhgQ8c9tf6290U=\/0x72:3936x2624\/600x0\/smart\/filters:strip_icc()\/i.s3.glbimg.com\/v1\/AUTH_59edd422c0c84a879bd37670ae4f538a\/internal_photos\/bs\/2018\/Y\/O\/YWu0NLRIyWoT4xGf7jFw\/unicamp1.jpg 1x, https:\/\/s2.glbimg.com\/sSCePP41rR1uyJI0j_DL7QPi1XI=\/0x72:3936x2624\/1200x0\/smart\/filters:strip_icc()\/i.s3.glbimg.com\/v1\/AUTH_59edd422c0c84a879bd37670ae4f538a\/internal_photos\/bs\/2018\/Y\/O\/YWu0NLRIyWoT4xGf7jFw\/unicamp1.jpg 2x\" media=\"(max-width: 1024px)\" data-src=\"https:\/\/s2.glbimg.com\/MBN2r5MhQsPjFWhgQ8c9tf6290U=\/0x72:3936x2624\/600x0\/smart\/filters:strip_icc()\/i.s3.glbimg.com\/v1\/AUTH_59edd422c0c84a879bd37670ae4f538a\/internal_photos\/bs\/2018\/Y\/O\/YWu0NLRIyWoT4xGf7jFw\/unicamp1.jpg 1x, https:\/\/s2.glbimg.com\/sSCePP41rR1uyJI0j_DL7QPi1XI=\/0x72:3936x2624\/1200x0\/smart\/filters:strip_icc()\/i.s3.glbimg.com\/v1\/AUTH_59edd422c0c84a879bd37670ae4f538a\/internal_photos\/bs\/2018\/Y\/O\/YWu0NLRIyWoT4xGf7jFw\/unicamp1.jpg 2x\" \/><source srcset=\"https:\/\/s2.glbimg.com\/cPHhwluxjDzslcREu5GhBU9CzIA=\/0x72:3936x2624\/640x0\/smart\/filters:strip_icc()\/i.s3.glbimg.com\/v1\/AUTH_59edd422c0c84a879bd37670ae4f538a\/internal_photos\/bs\/2018\/Y\/O\/YWu0NLRIyWoT4xGf7jFw\/unicamp1.jpg 1x, https:\/\/s2.glbimg.com\/X4uTXuZt3SQWL7vba1EYpULfwig=\/0x72:3936x2624\/1280x0\/smart\/filters:strip_icc()\/i.s3.glbimg.com\/v1\/AUTH_59edd422c0c84a879bd37670ae4f538a\/internal_photos\/bs\/2018\/Y\/O\/YWu0NLRIyWoT4xGf7jFw\/unicamp1.jpg 2x\" media=\"(max-width: 1280px)\" data-src=\"https:\/\/s2.glbimg.com\/cPHhwluxjDzslcREu5GhBU9CzIA=\/0x72:3936x2624\/640x0\/smart\/filters:strip_icc()\/i.s3.glbimg.com\/v1\/AUTH_59edd422c0c84a879bd37670ae4f538a\/internal_photos\/bs\/2018\/Y\/O\/YWu0NLRIyWoT4xGf7jFw\/unicamp1.jpg 1x, https:\/\/s2.glbimg.com\/X4uTXuZt3SQWL7vba1EYpULfwig=\/0x72:3936x2624\/1280x0\/smart\/filters:strip_icc()\/i.s3.glbimg.com\/v1\/AUTH_59edd422c0c84a879bd37670ae4f538a\/internal_photos\/bs\/2018\/Y\/O\/YWu0NLRIyWoT4xGf7jFw\/unicamp1.jpg 2x\" \/><source srcset=\"https:\/\/s2.glbimg.com\/hQQF0zb-keErRek0LZq8rXx4340=\/0x72:3936x2624\/984x0\/smart\/filters:strip_icc()\/i.s3.glbimg.com\/v1\/AUTH_59edd422c0c84a879bd37670ae4f538a\/internal_photos\/bs\/2018\/Y\/O\/YWu0NLRIyWoT4xGf7jFw\/unicamp1.jpg 1x, https:\/\/s2.glbimg.com\/_rJyF1C0jrYqXk74rqbFWh-ZJZw=\/0x72:3936x2624\/1968x0\/smart\/filters:strip_icc()\/i.s3.glbimg.com\/v1\/AUTH_59edd422c0c84a879bd37670ae4f538a\/internal_photos\/bs\/2018\/Y\/O\/YWu0NLRIyWoT4xGf7jFw\/unicamp1.jpg 2x\" media=\"(max-width: 1360px)\" data-src=\"https:\/\/s2.glbimg.com\/hQQF0zb-keErRek0LZq8rXx4340=\/0x72:3936x2624\/984x0\/smart\/filters:strip_icc()\/i.s3.glbimg.com\/v1\/AUTH_59edd422c0c84a879bd37670ae4f538a\/internal_photos\/bs\/2018\/Y\/O\/YWu0NLRIyWoT4xGf7jFw\/unicamp1.jpg 1x, https:\/\/s2.glbimg.com\/_rJyF1C0jrYqXk74rqbFWh-ZJZw=\/0x72:3936x2624\/1968x0\/smart\/filters:strip_icc()\/i.s3.glbimg.com\/v1\/AUTH_59edd422c0c84a879bd37670ae4f538a\/internal_photos\/bs\/2018\/Y\/O\/YWu0NLRIyWoT4xGf7jFw\/unicamp1.jpg 2x\" \/><source srcset=\"https:\/\/s2.glbimg.com\/1V_n8MhoE9sucfk7Bfb6J0wkXOE=\/0x72:3936x2624\/1000x0\/smart\/filters:strip_icc()\/i.s3.glbimg.com\/v1\/AUTH_59edd422c0c84a879bd37670ae4f538a\/internal_photos\/bs\/2018\/Y\/O\/YWu0NLRIyWoT4xGf7jFw\/unicamp1.jpg 1x, https:\/\/s2.glbimg.com\/q11NbCIlhXypiKQEh9eFLB4cj1w=\/0x72:3936x2624\/2000x0\/smart\/filters:strip_icc()\/i.s3.glbimg.com\/v1\/AUTH_59edd422c0c84a879bd37670ae4f538a\/internal_photos\/bs\/2018\/Y\/O\/YWu0NLRIyWoT4xGf7jFw\/unicamp1.jpg 2x\" media=\"(min-width: 1361px)\" data-src=\"https:\/\/s2.glbimg.com\/1V_n8MhoE9sucfk7Bfb6J0wkXOE=\/0x72:3936x2624\/1000x0\/smart\/filters:strip_icc()\/i.s3.glbimg.com\/v1\/AUTH_59edd422c0c84a879bd37670ae4f538a\/internal_photos\/bs\/2018\/Y\/O\/YWu0NLRIyWoT4xGf7jFw\/unicamp1.jpg 1x, https:\/\/s2.glbimg.com\/q11NbCIlhXypiKQEh9eFLB4cj1w=\/0x72:3936x2624\/2000x0\/smart\/filters:strip_icc()\/i.s3.glbimg.com\/v1\/AUTH_59edd422c0c84a879bd37670ae4f538a\/internal_photos\/bs\/2018\/Y\/O\/YWu0NLRIyWoT4xGf7jFw\/unicamp1.jpg 2x\" \/><source srcset=\"https:\/\/s2.glbimg.com\/hQQF0zb-keErRek0LZq8rXx4340=\/0x72:3936x2624\/984x0\/smart\/filters:strip_icc()\/i.s3.glbimg.com\/v1\/AUTH_59edd422c0c84a879bd37670ae4f538a\/internal_photos\/bs\/2018\/Y\/O\/YWu0NLRIyWoT4xGf7jFw\/unicamp1.jpg\" data-src=\"https:\/\/s2.glbimg.com\/hQQF0zb-keErRek0LZq8rXx4340=\/0x72:3936x2624\/984x0\/smart\/filters:strip_icc()\/i.s3.glbimg.com\/v1\/AUTH_59edd422c0c84a879bd37670ae4f538a\/internal_photos\/bs\/2018\/Y\/O\/YWu0NLRIyWoT4xGf7jFw\/unicamp1.jpg\" \/><img data-recalc-dims=\"1\" decoding=\"async\" class=\"image content-media__image progressive-loaded\" title=\"Professor Marco Aur\u00e9lio Pinheiro Lima, respons\u00e1vel pelo Plano Diretor da Unicamp, mostra planejamento de hub internacional em 2018 \u2014 Foto: Antoninho Perri\/Ascom\/Unicamp\" src=\"https:\/\/i0.wp.com\/s2.glbimg.com\/hQQF0zb-keErRek0LZq8rXx4340%3D\/0x72%3A3936x2624\/984x0\/smart\/filters%3Astrip_icc%28%29\/i.s3.glbimg.com\/v1\/AUTH_59edd422c0c84a879bd37670ae4f538a\/internal_photos\/bs\/2018\/Y\/O\/YWu0NLRIyWoT4xGf7jFw\/unicamp1.jpg?w=1200&#038;ssl=1\" alt=\"Professor Marco Aur\u00e9lio Pinheiro Lima, respons\u00e1vel pelo Plano Diretor da Unicamp, mostra planejamento de hub internacional em 2018 \u2014 Foto: Antoninho Perri\/Ascom\/Unicamp\" data-src=\"https:\/\/s2.glbimg.com\/hQQF0zb-keErRek0LZq8rXx4340=\/0x72:3936x2624\/984x0\/smart\/filters:strip_icc()\/i.s3.glbimg.com\/v1\/AUTH_59edd422c0c84a879bd37670ae4f538a\/internal_photos\/bs\/2018\/Y\/O\/YWu0NLRIyWoT4xGf7jFw\/unicamp1.jpg\" \/><\/picture>\n<div class=\"row medium-uncollapsed content-media content-photo\" data-block-type=\"backstage-photo\" data-block-id=\"9\">\n<div class=\"mc-column content-media__container\">\n<p class=\"content-media__description \">Professor Marco Aur\u00e9lio Pinheiro Lima, respons\u00e1vel pelo Plano Diretor da Unicamp, mostra planejamento de hub internacional em 2018 \u2014 Foto: Antoninho Perri\/Ascom\/Unicamp<\/p>\n<\/div>\n<\/div>\n<div class=\"mc-column content-text active-extra-styles\" data-block-type=\"raw\" data-block-weight=\"4\" data-block-id=\"10\">\n<div class=\"content-intertitle\">\n<h2>1 ano de negocia\u00e7\u00f5es<\/h2>\n<\/div>\n<\/div>\n<div class=\"mc-column content-text active-extra-styles \" data-block-type=\"unstyled\" data-block-weight=\"28\" data-block-id=\"11\">\n<p class=\"content-text__container \" data-track-category=\"Link no Texto\" data-track-links=\"\">Reitor da Unicamp, Marcelo Knobel afirma que o investimento do BID vem sendo negociado h\u00e1 um ano, e que o dinheiro ser\u00e1 usado no plano diretor do complexo.<\/p>\n<\/div>\n<div class=\"mc-column content-text active-extra-styles\" data-block-type=\"raw\" data-block-weight=\"40\" data-block-id=\"12\">\n<blockquote class=\"content-blockquote theme-border-color-primary-before\"><p>&#8220;[O investimento] vai envolver toda a parte arquitet\u00f4nica, a parte de governan\u00e7a, como ser\u00e3o feitos os cons\u00f3rcios e parcerias, todas as quest\u00f5es relacionadas ao funcionamento efetivo do hub. S\u00e3o estudos preliminares para a implanta\u00e7\u00e3o. \u00c9 um projeto ousado, complexo&#8221;, explica.<\/p><\/blockquote>\n<\/div>\n<div class=\"mc-column content-text active-extra-styles \" data-block-type=\"unstyled\" data-block-weight=\"43\" data-block-id=\"13\">\n<p class=\"content-text__container \" style=\"text-align: justify;\" data-track-category=\"Link no Texto\" data-track-links=\"\">Ap\u00f3s a assinatura do acordo, cada subprojeto receber\u00e1 seu or\u00e7amento para iniciar os trabalhos, que incluem a abertura para parcerias p\u00fablico-privadas. &#8220;O valor \u00e9 dividido em cronograma de cada subprojeto, cada um tem o seu or\u00e7amento, um plano de execu\u00e7\u00e3o diferente&#8221;, diz Knobel.<\/p>\n<\/div>\n<div class=\"content-ads content-ads--reveal\" data-block-type=\"ads\" data-block-id=\"14\"><\/div>\n<div class=\"row medium-uncollapsed content-media content-photo\" data-block-type=\"backstage-photo\" data-block-id=\"15\">\n<div class=\"mc-column content-media__container\">\n<div class=\"progressive-img can-open-lightbox\" data-min-size=\"1008x567\" data-min-size-url=\"https:\/\/s2.glbimg.com\/5dHd5TwZEte0SGxkIJsBXRrLpGo=\/0x0:1280x720\/1008x0\/smart\/filters:strip_icc()\/i.s3.glbimg.com\/v1\/AUTH_59edd422c0c84a879bd37670ae4f538a\/internal_photos\/bs\/2019\/1\/4\/PxOlzvR62gb3swp4C4Lw\/sirius-cnpem.jpg\" data-max-size=\"1600x900\" data-max-size-url=\"https:\/\/s2.glbimg.com\/WdYyWxreHouULFWKeNwkCHQelV0=\/0x0:1280x720\/1600x0\/smart\/filters:strip_icc()\/i.s3.glbimg.com\/v1\/AUTH_59edd422c0c84a879bd37670ae4f538a\/internal_photos\/bs\/2019\/1\/4\/PxOlzvR62gb3swp4C4Lw\/sirius-cnpem.jpg\" data-media-index=\"2\">\n<div class=\"placeholder-container\"><\/div>\n<picture><source srcset=\"https:\/\/s2.glbimg.com\/Uc16ev05FTPcDewKTdJH25OzjVs=\/0x0:1280x720\/600x0\/smart\/filters:strip_icc()\/i.s3.glbimg.com\/v1\/AUTH_59edd422c0c84a879bd37670ae4f538a\/internal_photos\/bs\/2019\/1\/4\/PxOlzvR62gb3swp4C4Lw\/sirius-cnpem.jpg 1x, https:\/\/s2.glbimg.com\/Qy33crioMxvUe905yPxOsE5iGa8=\/0x0:1280x720\/1200x0\/smart\/filters:strip_icc()\/i.s3.glbimg.com\/v1\/AUTH_59edd422c0c84a879bd37670ae4f538a\/internal_photos\/bs\/2019\/1\/4\/PxOlzvR62gb3swp4C4Lw\/sirius-cnpem.jpg 2x\" media=\"(max-width: 1024px)\" data-src=\"https:\/\/s2.glbimg.com\/Uc16ev05FTPcDewKTdJH25OzjVs=\/0x0:1280x720\/600x0\/smart\/filters:strip_icc()\/i.s3.glbimg.com\/v1\/AUTH_59edd422c0c84a879bd37670ae4f538a\/internal_photos\/bs\/2019\/1\/4\/PxOlzvR62gb3swp4C4Lw\/sirius-cnpem.jpg 1x, https:\/\/s2.glbimg.com\/Qy33crioMxvUe905yPxOsE5iGa8=\/0x0:1280x720\/1200x0\/smart\/filters:strip_icc()\/i.s3.glbimg.com\/v1\/AUTH_59edd422c0c84a879bd37670ae4f538a\/internal_photos\/bs\/2019\/1\/4\/PxOlzvR62gb3swp4C4Lw\/sirius-cnpem.jpg 2x\" \/><source srcset=\"https:\/\/s2.glbimg.com\/Lnz-j5DxhuD9L-CYFLldqhbv1vA=\/0x0:1280x720\/640x0\/smart\/filters:strip_icc()\/i.s3.glbimg.com\/v1\/AUTH_59edd422c0c84a879bd37670ae4f538a\/internal_photos\/bs\/2019\/1\/4\/PxOlzvR62gb3swp4C4Lw\/sirius-cnpem.jpg 1x, https:\/\/s2.glbimg.com\/G_oDGdh2iZICLu7sPjwVu905Ogs=\/0x0:1280x720\/1280x0\/smart\/filters:strip_icc()\/i.s3.glbimg.com\/v1\/AUTH_59edd422c0c84a879bd37670ae4f538a\/internal_photos\/bs\/2019\/1\/4\/PxOlzvR62gb3swp4C4Lw\/sirius-cnpem.jpg 2x\" media=\"(max-width: 1280px)\" data-src=\"https:\/\/s2.glbimg.com\/Lnz-j5DxhuD9L-CYFLldqhbv1vA=\/0x0:1280x720\/640x0\/smart\/filters:strip_icc()\/i.s3.glbimg.com\/v1\/AUTH_59edd422c0c84a879bd37670ae4f538a\/internal_photos\/bs\/2019\/1\/4\/PxOlzvR62gb3swp4C4Lw\/sirius-cnpem.jpg 1x, https:\/\/s2.glbimg.com\/G_oDGdh2iZICLu7sPjwVu905Ogs=\/0x0:1280x720\/1280x0\/smart\/filters:strip_icc()\/i.s3.glbimg.com\/v1\/AUTH_59edd422c0c84a879bd37670ae4f538a\/internal_photos\/bs\/2019\/1\/4\/PxOlzvR62gb3swp4C4Lw\/sirius-cnpem.jpg 2x\" \/><source srcset=\"https:\/\/s2.glbimg.com\/jsIoDSA_jagm1qoneOyyuNifFXY=\/0x0:1280x720\/984x0\/smart\/filters:strip_icc()\/i.s3.glbimg.com\/v1\/AUTH_59edd422c0c84a879bd37670ae4f538a\/internal_photos\/bs\/2019\/1\/4\/PxOlzvR62gb3swp4C4Lw\/sirius-cnpem.jpg 1x, https:\/\/s2.glbimg.com\/4T5KoXelJoyfyUObkLnSCO6E8Ck=\/0x0:1280x720\/1968x0\/smart\/filters:strip_icc()\/i.s3.glbimg.com\/v1\/AUTH_59edd422c0c84a879bd37670ae4f538a\/internal_photos\/bs\/2019\/1\/4\/PxOlzvR62gb3swp4C4Lw\/sirius-cnpem.jpg 2x\" media=\"(max-width: 1360px)\" data-src=\"https:\/\/s2.glbimg.com\/jsIoDSA_jagm1qoneOyyuNifFXY=\/0x0:1280x720\/984x0\/smart\/filters:strip_icc()\/i.s3.glbimg.com\/v1\/AUTH_59edd422c0c84a879bd37670ae4f538a\/internal_photos\/bs\/2019\/1\/4\/PxOlzvR62gb3swp4C4Lw\/sirius-cnpem.jpg 1x, https:\/\/s2.glbimg.com\/4T5KoXelJoyfyUObkLnSCO6E8Ck=\/0x0:1280x720\/1968x0\/smart\/filters:strip_icc()\/i.s3.glbimg.com\/v1\/AUTH_59edd422c0c84a879bd37670ae4f538a\/internal_photos\/bs\/2019\/1\/4\/PxOlzvR62gb3swp4C4Lw\/sirius-cnpem.jpg 2x\" \/><source srcset=\"https:\/\/s2.glbimg.com\/LTWZ8WKjrQa5DRAeoN5m-nzrCeg=\/0x0:1280x720\/1000x0\/smart\/filters:strip_icc()\/i.s3.glbimg.com\/v1\/AUTH_59edd422c0c84a879bd37670ae4f538a\/internal_photos\/bs\/2019\/1\/4\/PxOlzvR62gb3swp4C4Lw\/sirius-cnpem.jpg 1x, https:\/\/s2.glbimg.com\/lz0P2i-SK0KwKgEEfyG49uzantE=\/0x0:1280x720\/2000x0\/smart\/filters:strip_icc()\/i.s3.glbimg.com\/v1\/AUTH_59edd422c0c84a879bd37670ae4f538a\/internal_photos\/bs\/2019\/1\/4\/PxOlzvR62gb3swp4C4Lw\/sirius-cnpem.jpg 2x\" media=\"(min-width: 1361px)\" data-src=\"https:\/\/s2.glbimg.com\/LTWZ8WKjrQa5DRAeoN5m-nzrCeg=\/0x0:1280x720\/1000x0\/smart\/filters:strip_icc()\/i.s3.glbimg.com\/v1\/AUTH_59edd422c0c84a879bd37670ae4f538a\/internal_photos\/bs\/2019\/1\/4\/PxOlzvR62gb3swp4C4Lw\/sirius-cnpem.jpg 1x, https:\/\/s2.glbimg.com\/lz0P2i-SK0KwKgEEfyG49uzantE=\/0x0:1280x720\/2000x0\/smart\/filters:strip_icc()\/i.s3.glbimg.com\/v1\/AUTH_59edd422c0c84a879bd37670ae4f538a\/internal_photos\/bs\/2019\/1\/4\/PxOlzvR62gb3swp4C4Lw\/sirius-cnpem.jpg 2x\" \/><source srcset=\"https:\/\/s2.glbimg.com\/jsIoDSA_jagm1qoneOyyuNifFXY=\/0x0:1280x720\/984x0\/smart\/filters:strip_icc()\/i.s3.glbimg.com\/v1\/AUTH_59edd422c0c84a879bd37670ae4f538a\/internal_photos\/bs\/2019\/1\/4\/PxOlzvR62gb3swp4C4Lw\/sirius-cnpem.jpg\" data-src=\"https:\/\/s2.glbimg.com\/jsIoDSA_jagm1qoneOyyuNifFXY=\/0x0:1280x720\/984x0\/smart\/filters:strip_icc()\/i.s3.glbimg.com\/v1\/AUTH_59edd422c0c84a879bd37670ae4f538a\/internal_photos\/bs\/2019\/1\/4\/PxOlzvR62gb3swp4C4Lw\/sirius-cnpem.jpg\" \/><img data-recalc-dims=\"1\" decoding=\"async\" class=\"image content-media__image progressive-loaded\" title=\"Sirius: maior estrutura cient\u00edfica do pa\u00eds, instalada no CNPEM, que far\u00e1 parte do hub internacional. \u2014 Foto: CNPEM\/Sirius\/Divulga\u00e7\u00e3o\" src=\"https:\/\/i0.wp.com\/s2.glbimg.com\/jsIoDSA_jagm1qoneOyyuNifFXY%3D\/0x0%3A1280x720\/984x0\/smart\/filters%3Astrip_icc%28%29\/i.s3.glbimg.com\/v1\/AUTH_59edd422c0c84a879bd37670ae4f538a\/internal_photos\/bs\/2019\/1\/4\/PxOlzvR62gb3swp4C4Lw\/sirius-cnpem.jpg?w=1200&#038;ssl=1\" alt=\"Sirius: maior estrutura cient\u00edfica do pa\u00eds, instalada no CNPEM, que far\u00e1 parte do hub internacional. \u2014 Foto: CNPEM\/Sirius\/Divulga\u00e7\u00e3o\" data-src=\"https:\/\/s2.glbimg.com\/jsIoDSA_jagm1qoneOyyuNifFXY=\/0x0:1280x720\/984x0\/smart\/filters:strip_icc()\/i.s3.glbimg.com\/v1\/AUTH_59edd422c0c84a879bd37670ae4f538a\/internal_photos\/bs\/2019\/1\/4\/PxOlzvR62gb3swp4C4Lw\/sirius-cnpem.jpg\" \/><\/picture>\n<\/div>\n<p class=\"content-media__description \">Sirius: maior estrutura cient\u00edfica do pa\u00eds, instalada no CNPEM, que far\u00e1 parte do hub internacional. \u2014 Foto: CNPEM\/Sirius\/Divulga\u00e7\u00e3o<\/p>\n<\/div>\n<\/div>\n<div class=\"mc-column content-text active-extra-styles\" data-block-type=\"raw\" data-block-weight=\"5\" data-block-id=\"16\">\n<div class=\"content-intertitle\">\n<h2>Primeiros projetos em 1 ano<\/h2>\n<\/div>\n<\/div>\n<div class=\"mc-column content-text active-extra-styles \" data-block-type=\"unstyled\" data-block-weight=\"21\" data-block-id=\"17\">\n<p class=\"content-text__container \" style=\"text-align: justify;\" data-track-category=\"Link no Texto\" data-track-links=\"\">A expectativa do reitor \u00e9 que no prazo de um ano j\u00e1 se tenha os projetos preliminares na \u00e1rea de sustentabilidade.<\/p>\n<\/div>\n<div class=\"mc-column content-text active-extra-styles \" style=\"text-align: justify;\" data-block-type=\"unstyled\" data-block-weight=\"21\" data-block-id=\"18\">\n<p class=\"content-text__container \" data-track-category=\"Link no Texto\" data-track-links=\"\">&#8220;Os projetos preliminares, o arranjo jur\u00eddico, o estabelecimento eventual de uma legisla\u00e7\u00e3o espec\u00edfica, de que maneira os parceiros v\u00e3o colaborar&#8221;, explica.<\/p>\n<\/div>\n<div class=\"mc-column content-text active-extra-styles \" data-block-type=\"unstyled\" data-block-weight=\"39\" data-block-id=\"19\">\n<p class=\"content-text__container \" style=\"text-align: justify;\" data-track-category=\"Link no Texto\" data-track-links=\"\">Ap\u00f3s o hist\u00f3rico de cortes e contingenciamento nos gastos com pesquisa no pa\u00eds no ano passado, que <a href=\"https:\/\/g1.globo.com\/sp\/campinas-regiao\/noticia\/2019\/09\/04\/unicamp-cria-grupo-de-ajuda-emergencial-a-pesquisadores-afetados-com-cortes-de-bolsas-cnpq-e-capes.ghtml\">culminou no corte de bolsas de pesquisa da Unicamp<\/a>, o reitor acredita que o hub n\u00e3o passar\u00e1 por esse aperto financeiro.<\/p>\n<\/div>\n<div class=\"mc-column content-text active-extra-styles\" data-block-type=\"raw\" data-block-weight=\"51\" data-block-id=\"20\">\n<blockquote class=\"content-blockquote theme-border-color-primary-before\"><p>&#8220;Temos diversos parceiros eventualmente interessados em fazer centros de pesquisa naquela regi\u00e3o, a possibilidade da implanta\u00e7\u00e3o de pesquisas na \u00e1rea biom\u00e9dica. Vai depender da evolu\u00e7\u00e3o, da velocidade com que isso vai acontecer. A possibilidade de parcerias p\u00fablico-privadas, um projeto de grande envergadura e que o pa\u00eds precisa aprender a construir&#8221;, completa.<\/p><\/blockquote>\n<\/div>\n<div class=\"mc-column content-text active-extra-styles\" data-block-type=\"raw\" data-block-weight=\"2\" data-block-id=\"21\">\n<div class=\"content-intertitle\">\n<h2>Localiza\u00e7\u00e3o estrat\u00e9gica<\/h2>\n<\/div>\n<\/div>\n<div class=\"mc-column content-text active-extra-styles \" data-block-type=\"unstyled\" data-block-weight=\"35\" data-block-id=\"22\">\n<p class=\"content-text__container \" style=\"text-align: justify;\" data-track-category=\"Link no Texto\" data-track-links=\"\">Al\u00e9m de ser constru\u00eddo no n\u00facleo de tecnologia de Campinas, o complexo ficar\u00e1 pr\u00f3ximo das rodovias Governador Doutor Adhemar Pereira de Barros, conhecida como Campinas-Mogi-Mirim, Dom Pedro I (SP-065) e do sistema Anhanguera-Bandeirantes.<\/p>\n<\/div>\n<div class=\"mc-column content-text active-extra-styles \" data-block-type=\"unstyled\" data-block-weight=\"10\" data-block-id=\"23\">\n<p class=\"content-text__container \" style=\"text-align: justify;\" data-track-category=\"Link no Texto\" data-track-links=\"\">Na metr\u00f3pole, tamb\u00e9m est\u00e1 localizado o Aeroporto Internacional de Viracopos.<\/p>\n<\/div>\n<div class=\"row medium-uncollapsed content-media content-photo\" data-block-type=\"backstage-photo\" data-block-id=\"24\">\n<div class=\"mc-column content-media__container\">\n<div class=\"progressive-img can-open-lightbox\" data-min-size=\"1008x670\" data-min-size-url=\"https:\/\/s2.glbimg.com\/jWHqBFbAvDRs52YR9jC6dre9-SA=\/0x0:3008x2000\/1008x0\/smart\/filters:strip_icc()\/i.s3.glbimg.com\/v1\/AUTH_59edd422c0c84a879bd37670ae4f538a\/internal_photos\/bs\/2018\/I\/3\/pQvAdDTBK2P1OKDRctAw\/aerea-unicamp.jpg\" data-max-size=\"1600x1063\" data-max-size-url=\"https:\/\/s2.glbimg.com\/Cihrpj-DRFZ54BH5lNmD5w-bvZI=\/0x0:3008x2000\/1600x0\/smart\/filters:strip_icc()\/i.s3.glbimg.com\/v1\/AUTH_59edd422c0c84a879bd37670ae4f538a\/internal_photos\/bs\/2018\/I\/3\/pQvAdDTBK2P1OKDRctAw\/aerea-unicamp.jpg\" data-media-index=\"3\">\n<div class=\"placeholder-container\"><\/div>\n<picture><source srcset=\"https:\/\/s2.glbimg.com\/iLh2ltk2maIbRTqgKXTYo8y63Eg=\/0x0:3008x2000\/600x0\/smart\/filters:strip_icc()\/i.s3.glbimg.com\/v1\/AUTH_59edd422c0c84a879bd37670ae4f538a\/internal_photos\/bs\/2018\/I\/3\/pQvAdDTBK2P1OKDRctAw\/aerea-unicamp.jpg 1x, https:\/\/s2.glbimg.com\/xh7WZHxLkQCtJYlu6XbgXMnPY9Q=\/0x0:3008x2000\/1200x0\/smart\/filters:strip_icc()\/i.s3.glbimg.com\/v1\/AUTH_59edd422c0c84a879bd37670ae4f538a\/internal_photos\/bs\/2018\/I\/3\/pQvAdDTBK2P1OKDRctAw\/aerea-unicamp.jpg 2x\" media=\"(max-width: 1024px)\" data-src=\"https:\/\/s2.glbimg.com\/iLh2ltk2maIbRTqgKXTYo8y63Eg=\/0x0:3008x2000\/600x0\/smart\/filters:strip_icc()\/i.s3.glbimg.com\/v1\/AUTH_59edd422c0c84a879bd37670ae4f538a\/internal_photos\/bs\/2018\/I\/3\/pQvAdDTBK2P1OKDRctAw\/aerea-unicamp.jpg 1x, https:\/\/s2.glbimg.com\/xh7WZHxLkQCtJYlu6XbgXMnPY9Q=\/0x0:3008x2000\/1200x0\/smart\/filters:strip_icc()\/i.s3.glbimg.com\/v1\/AUTH_59edd422c0c84a879bd37670ae4f538a\/internal_photos\/bs\/2018\/I\/3\/pQvAdDTBK2P1OKDRctAw\/aerea-unicamp.jpg 2x\" \/><source srcset=\"https:\/\/s2.glbimg.com\/MzKPcTHFJoJblGzgc_AOwCt4qiM=\/0x0:3008x2000\/640x0\/smart\/filters:strip_icc()\/i.s3.glbimg.com\/v1\/AUTH_59edd422c0c84a879bd37670ae4f538a\/internal_photos\/bs\/2018\/I\/3\/pQvAdDTBK2P1OKDRctAw\/aerea-unicamp.jpg 1x, https:\/\/s2.glbimg.com\/1Nhs2UwT4IeUUlWm5_tpoA4ztBc=\/0x0:3008x2000\/1280x0\/smart\/filters:strip_icc()\/i.s3.glbimg.com\/v1\/AUTH_59edd422c0c84a879bd37670ae4f538a\/internal_photos\/bs\/2018\/I\/3\/pQvAdDTBK2P1OKDRctAw\/aerea-unicamp.jpg 2x\" media=\"(max-width: 1280px)\" data-src=\"https:\/\/s2.glbimg.com\/MzKPcTHFJoJblGzgc_AOwCt4qiM=\/0x0:3008x2000\/640x0\/smart\/filters:strip_icc()\/i.s3.glbimg.com\/v1\/AUTH_59edd422c0c84a879bd37670ae4f538a\/internal_photos\/bs\/2018\/I\/3\/pQvAdDTBK2P1OKDRctAw\/aerea-unicamp.jpg 1x, https:\/\/s2.glbimg.com\/1Nhs2UwT4IeUUlWm5_tpoA4ztBc=\/0x0:3008x2000\/1280x0\/smart\/filters:strip_icc()\/i.s3.glbimg.com\/v1\/AUTH_59edd422c0c84a879bd37670ae4f538a\/internal_photos\/bs\/2018\/I\/3\/pQvAdDTBK2P1OKDRctAw\/aerea-unicamp.jpg 2x\" \/><source srcset=\"https:\/\/s2.glbimg.com\/8gQ8sqejFHqNG69CT2w-8LnygjQ=\/0x0:3008x2000\/984x0\/smart\/filters:strip_icc()\/i.s3.glbimg.com\/v1\/AUTH_59edd422c0c84a879bd37670ae4f538a\/internal_photos\/bs\/2018\/I\/3\/pQvAdDTBK2P1OKDRctAw\/aerea-unicamp.jpg 1x, https:\/\/s2.glbimg.com\/GgNocAAK5jFm6-XziCMUw9rK88M=\/0x0:3008x2000\/1968x0\/smart\/filters:strip_icc()\/i.s3.glbimg.com\/v1\/AUTH_59edd422c0c84a879bd37670ae4f538a\/internal_photos\/bs\/2018\/I\/3\/pQvAdDTBK2P1OKDRctAw\/aerea-unicamp.jpg 2x\" media=\"(max-width: 1360px)\" data-src=\"https:\/\/s2.glbimg.com\/8gQ8sqejFHqNG69CT2w-8LnygjQ=\/0x0:3008x2000\/984x0\/smart\/filters:strip_icc()\/i.s3.glbimg.com\/v1\/AUTH_59edd422c0c84a879bd37670ae4f538a\/internal_photos\/bs\/2018\/I\/3\/pQvAdDTBK2P1OKDRctAw\/aerea-unicamp.jpg 1x, https:\/\/s2.glbimg.com\/GgNocAAK5jFm6-XziCMUw9rK88M=\/0x0:3008x2000\/1968x0\/smart\/filters:strip_icc()\/i.s3.glbimg.com\/v1\/AUTH_59edd422c0c84a879bd37670ae4f538a\/internal_photos\/bs\/2018\/I\/3\/pQvAdDTBK2P1OKDRctAw\/aerea-unicamp.jpg 2x\" \/><source srcset=\"https:\/\/s2.glbimg.com\/u1whgLqrHDQzDmwriZfzBYWYukI=\/0x0:3008x2000\/1000x0\/smart\/filters:strip_icc()\/i.s3.glbimg.com\/v1\/AUTH_59edd422c0c84a879bd37670ae4f538a\/internal_photos\/bs\/2018\/I\/3\/pQvAdDTBK2P1OKDRctAw\/aerea-unicamp.jpg 1x, https:\/\/s2.glbimg.com\/n_xNC2ocYPMi5gmjI-gTNVPfl6c=\/0x0:3008x2000\/2000x0\/smart\/filters:strip_icc()\/i.s3.glbimg.com\/v1\/AUTH_59edd422c0c84a879bd37670ae4f538a\/internal_photos\/bs\/2018\/I\/3\/pQvAdDTBK2P1OKDRctAw\/aerea-unicamp.jpg 2x\" media=\"(min-width: 1361px)\" data-src=\"https:\/\/s2.glbimg.com\/u1whgLqrHDQzDmwriZfzBYWYukI=\/0x0:3008x2000\/1000x0\/smart\/filters:strip_icc()\/i.s3.glbimg.com\/v1\/AUTH_59edd422c0c84a879bd37670ae4f538a\/internal_photos\/bs\/2018\/I\/3\/pQvAdDTBK2P1OKDRctAw\/aerea-unicamp.jpg 1x, https:\/\/s2.glbimg.com\/n_xNC2ocYPMi5gmjI-gTNVPfl6c=\/0x0:3008x2000\/2000x0\/smart\/filters:strip_icc()\/i.s3.glbimg.com\/v1\/AUTH_59edd422c0c84a879bd37670ae4f538a\/internal_photos\/bs\/2018\/I\/3\/pQvAdDTBK2P1OKDRctAw\/aerea-unicamp.jpg 2x\" \/><source srcset=\"https:\/\/s2.glbimg.com\/8gQ8sqejFHqNG69CT2w-8LnygjQ=\/0x0:3008x2000\/984x0\/smart\/filters:strip_icc()\/i.s3.glbimg.com\/v1\/AUTH_59edd422c0c84a879bd37670ae4f538a\/internal_photos\/bs\/2018\/I\/3\/pQvAdDTBK2P1OKDRctAw\/aerea-unicamp.jpg\" data-src=\"https:\/\/s2.glbimg.com\/8gQ8sqejFHqNG69CT2w-8LnygjQ=\/0x0:3008x2000\/984x0\/smart\/filters:strip_icc()\/i.s3.glbimg.com\/v1\/AUTH_59edd422c0c84a879bd37670ae4f538a\/internal_photos\/bs\/2018\/I\/3\/pQvAdDTBK2P1OKDRctAw\/aerea-unicamp.jpg\" \/><img data-recalc-dims=\"1\" decoding=\"async\" class=\"image content-media__image progressive-loaded\" title=\"Vista a\u00e9rea da Unicamp, em Campinas \u2014 Foto: Antoninho Perri\/Ascom\/Unicamp\" src=\"https:\/\/i0.wp.com\/s2.glbimg.com\/8gQ8sqejFHqNG69CT2w-8LnygjQ%3D\/0x0%3A3008x2000\/984x0\/smart\/filters%3Astrip_icc%28%29\/i.s3.glbimg.com\/v1\/AUTH_59edd422c0c84a879bd37670ae4f538a\/internal_photos\/bs\/2018\/I\/3\/pQvAdDTBK2P1OKDRctAw\/aerea-unicamp.jpg?w=1200&#038;ssl=1\" alt=\"Vista a\u00e9rea da Unicamp, em Campinas \u2014 Foto: Antoninho Perri\/Ascom\/Unicamp\" data-src=\"https:\/\/s2.glbimg.com\/8gQ8sqejFHqNG69CT2w-8LnygjQ=\/0x0:3008x2000\/984x0\/smart\/filters:strip_icc()\/i.s3.glbimg.com\/v1\/AUTH_59edd422c0c84a879bd37670ae4f538a\/internal_photos\/bs\/2018\/I\/3\/pQvAdDTBK2P1OKDRctAw\/aerea-unicamp.jpg\" \/><\/picture>\n<\/div>\n<p class=\"content-media__description \">Vista a\u00e9rea da Unicamp, em Campinas \u2014 Foto: Antoninho Perri\/Ascom\/Unicamp<\/p>\n<\/div>\n<\/div>\n<\/div>\n<\/div>\n<\/div>\n<\/div>\n<\/div>\n","protected":false},"excerpt":{"rendered":"<p>G1, 10\/03\/2020 Conv\u00eanio ser\u00e1 assinado entre as institui\u00e7\u00f5es, Prefeitura de Campinas e Governo de SP nesta quarta-feira (11), no Pal\u00e1cio dos Bandeirantes, em S\u00e3o Paulo. Negocia\u00e7\u00f5es com Banco Interamericano de&hellip;<\/p>\n","protected":false},"author":17,"featured_media":0,"comment_status":"closed","ping_status":"closed","sticky":false,"template":"","format":"standard","meta":{"_acf_changed":false,"_jetpack_newsletter_access":"","_jetpack_dont_email_post_to_subs":false,"_jetpack_newsletter_tier_id":0,"_jetpack_memberships_contains_paywalled_content":false,"_jetpack_memberships_contains_paid_content":false,"footnotes":"","_links_to":"","_links_to_target":""},"categories":[1163],"tags":[],"class_list":["post-22037","post","type-post","status-publish","format-standard","hentry","category-clipping-cnpem","category-1163","description-off"],"acf":[],"yoast_head":"<!-- This site is optimized with the Yoast SEO plugin v27.5 - https:\/\/yoast.com\/product\/yoast-seo-wordpress\/ -->\n<title>Unicamp anuncia investimento de US$ 1 milh\u00e3o do BID em projeto do &#039;campus inteligente&#039; em Campinas - CNPEM<\/title>\n<meta name=\"robots\" content=\"index, follow, max-snippet:-1, max-image-preview:large, max-video-preview:-1\" \/>\n<link rel=\"canonical\" href=\"https:\/\/cnpem.br\/unicamp-anuncia-investimento-1-milhao-bid-projeto-campus-inteligente-campinas\/\" \/>\n<meta property=\"og:locale\" content=\"en_US\" \/>\n<meta property=\"og:type\" content=\"article\" \/>\n<meta property=\"og:title\" content=\"Unicamp anuncia investimento de US$ 1 milh\u00e3o do BID em projeto do &#039;campus inteligente&#039; em Campinas - CNPEM\" \/>\n<meta property=\"og:description\" content=\"G1, 10\/03\/2020 Conv\u00eanio ser\u00e1 assinado entre as institui\u00e7\u00f5es, Prefeitura de Campinas e Governo de SP nesta quarta-feira (11), no Pal\u00e1cio dos Bandeirantes, em S\u00e3o Paulo. Negocia\u00e7\u00f5es com Banco Interamericano de&hellip;\" \/>\n<meta property=\"og:url\" content=\"https:\/\/cnpem.br\/unicamp-anuncia-investimento-1-milhao-bid-projeto-campus-inteligente-campinas\/\" \/>\n<meta property=\"og:site_name\" content=\"CNPEM\" \/>\n<meta property=\"article:published_time\" content=\"2020-03-23T18:39:02+00:00\" \/>\n<meta property=\"article:modified_time\" content=\"2026-03-02T18:59:41+00:00\" \/>\n<meta property=\"og:image\" content=\"https:\/\/s2.glbimg.com\/FDR7hqa4moWj9JuvvGbJoiv-XsE=\/0x0:1899x1061\/1008x0\/smart\/filters:strip_icc()\/i.s3.glbimg.com\/v1\/AUTH_59edd422c0c84a879bd37670ae4f538a\/internal_photos\/bs\/2020\/T\/G\/XRj5ruR0yDXWskA0PfgQ\/area-campus-inteligente-campinas.jpg\" \/>\n<meta name=\"author\" content=\"Erik Medina\" \/>\n<meta name=\"twitter:card\" content=\"summary_large_image\" \/>\n<meta name=\"twitter:label1\" content=\"Written by\" \/>\n\t<meta name=\"twitter:data1\" content=\"Erik Medina\" \/>\n\t<meta name=\"twitter:label2\" content=\"Est. reading time\" \/>\n\t<meta name=\"twitter:data2\" content=\"4 minutes\" \/>\n<script type=\"application\/ld+json\" class=\"yoast-schema-graph\">{\"@context\":\"https:\\\/\\\/schema.org\",\"@graph\":[{\"@type\":\"Article\",\"@id\":\"https:\\\/\\\/cnpem.br\\\/unicamp-anuncia-investimento-1-milhao-bid-projeto-campus-inteligente-campinas\\\/#article\",\"isPartOf\":{\"@id\":\"https:\\\/\\\/cnpem.br\\\/unicamp-anuncia-investimento-1-milhao-bid-projeto-campus-inteligente-campinas\\\/\"},\"author\":{\"name\":\"Erik Medina\",\"@id\":\"https:\\\/\\\/cnpem.br\\\/#\\\/schema\\\/person\\\/b957a8048be4b70d687484cae6b978ef\"},\"headline\":\"Unicamp anuncia investimento de US$ 1 milh\u00e3o do BID em projeto do &#8216;campus inteligente&#8217; em Campinas\",\"datePublished\":\"2020-03-23T18:39:02+00:00\",\"dateModified\":\"2026-03-02T18:59:41+00:00\",\"mainEntityOfPage\":{\"@id\":\"https:\\\/\\\/cnpem.br\\\/unicamp-anuncia-investimento-1-milhao-bid-projeto-campus-inteligente-campinas\\\/\"},\"wordCount\":787,\"image\":{\"@id\":\"https:\\\/\\\/cnpem.br\\\/unicamp-anuncia-investimento-1-milhao-bid-projeto-campus-inteligente-campinas\\\/#primaryimage\"},\"thumbnailUrl\":\"https:\\\/\\\/s2.glbimg.com\\\/FDR7hqa4moWj9JuvvGbJoiv-XsE=\\\/0x0:1899x1061\\\/1008x0\\\/smart\\\/filters:strip_icc()\\\/i.s3.glbimg.com\\\/v1\\\/AUTH_59edd422c0c84a879bd37670ae4f538a\\\/internal_photos\\\/bs\\\/2020\\\/T\\\/G\\\/XRj5ruR0yDXWskA0PfgQ\\\/area-campus-inteligente-campinas.jpg\",\"articleSection\":[\"CNPEM na M\u00eddia\"],\"inLanguage\":\"en-US\"},{\"@type\":\"WebPage\",\"@id\":\"https:\\\/\\\/cnpem.br\\\/unicamp-anuncia-investimento-1-milhao-bid-projeto-campus-inteligente-campinas\\\/\",\"url\":\"https:\\\/\\\/cnpem.br\\\/unicamp-anuncia-investimento-1-milhao-bid-projeto-campus-inteligente-campinas\\\/\",\"name\":\"Unicamp anuncia investimento de US$ 1 milh\u00e3o do BID em projeto do 'campus inteligente' em Campinas - CNPEM\",\"isPartOf\":{\"@id\":\"https:\\\/\\\/cnpem.br\\\/#website\"},\"primaryImageOfPage\":{\"@id\":\"https:\\\/\\\/cnpem.br\\\/unicamp-anuncia-investimento-1-milhao-bid-projeto-campus-inteligente-campinas\\\/#primaryimage\"},\"image\":{\"@id\":\"https:\\\/\\\/cnpem.br\\\/unicamp-anuncia-investimento-1-milhao-bid-projeto-campus-inteligente-campinas\\\/#primaryimage\"},\"thumbnailUrl\":\"https:\\\/\\\/s2.glbimg.com\\\/FDR7hqa4moWj9JuvvGbJoiv-XsE=\\\/0x0:1899x1061\\\/1008x0\\\/smart\\\/filters:strip_icc()\\\/i.s3.glbimg.com\\\/v1\\\/AUTH_59edd422c0c84a879bd37670ae4f538a\\\/internal_photos\\\/bs\\\/2020\\\/T\\\/G\\\/XRj5ruR0yDXWskA0PfgQ\\\/area-campus-inteligente-campinas.jpg\",\"datePublished\":\"2020-03-23T18:39:02+00:00\",\"dateModified\":\"2026-03-02T18:59:41+00:00\",\"author\":{\"@id\":\"https:\\\/\\\/cnpem.br\\\/#\\\/schema\\\/person\\\/b957a8048be4b70d687484cae6b978ef\"},\"breadcrumb\":{\"@id\":\"https:\\\/\\\/cnpem.br\\\/unicamp-anuncia-investimento-1-milhao-bid-projeto-campus-inteligente-campinas\\\/#breadcrumb\"},\"inLanguage\":\"en-US\",\"potentialAction\":[{\"@type\":\"ReadAction\",\"target\":[\"https:\\\/\\\/cnpem.br\\\/unicamp-anuncia-investimento-1-milhao-bid-projeto-campus-inteligente-campinas\\\/\"]}]},{\"@type\":\"ImageObject\",\"inLanguage\":\"en-US\",\"@id\":\"https:\\\/\\\/cnpem.br\\\/unicamp-anuncia-investimento-1-milhao-bid-projeto-campus-inteligente-campinas\\\/#primaryimage\",\"url\":\"https:\\\/\\\/s2.glbimg.com\\\/FDR7hqa4moWj9JuvvGbJoiv-XsE=\\\/0x0:1899x1061\\\/1008x0\\\/smart\\\/filters:strip_icc()\\\/i.s3.glbimg.com\\\/v1\\\/AUTH_59edd422c0c84a879bd37670ae4f538a\\\/internal_photos\\\/bs\\\/2020\\\/T\\\/G\\\/XRj5ruR0yDXWskA0PfgQ\\\/area-campus-inteligente-campinas.jpg\",\"contentUrl\":\"https:\\\/\\\/s2.glbimg.com\\\/FDR7hqa4moWj9JuvvGbJoiv-XsE=\\\/0x0:1899x1061\\\/1008x0\\\/smart\\\/filters:strip_icc()\\\/i.s3.glbimg.com\\\/v1\\\/AUTH_59edd422c0c84a879bd37670ae4f538a\\\/internal_photos\\\/bs\\\/2020\\\/T\\\/G\\\/XRj5ruR0yDXWskA0PfgQ\\\/area-campus-inteligente-campinas.jpg\"},{\"@type\":\"BreadcrumbList\",\"@id\":\"https:\\\/\\\/cnpem.br\\\/unicamp-anuncia-investimento-1-milhao-bid-projeto-campus-inteligente-campinas\\\/#breadcrumb\",\"itemListElement\":[{\"@type\":\"ListItem\",\"position\":1,\"name\":\"In\u00edcio\",\"item\":\"https:\\\/\\\/cnpem.br\\\/en\\\/\"},{\"@type\":\"ListItem\",\"position\":2,\"name\":\"Unicamp anuncia investimento de US$ 1 milh\u00e3o do BID em projeto do 'campus inteligente' em Campinas\"}]},{\"@type\":\"WebSite\",\"@id\":\"https:\\\/\\\/cnpem.br\\\/#website\",\"url\":\"https:\\\/\\\/cnpem.br\\\/\",\"name\":\"Centro Nacional de Pesquisa em Energia e Materiais\",\"description\":\"Centro Nacional de Pesquisa em Energia e Materiais\",\"alternateName\":\"CNPEM\",\"potentialAction\":[{\"@type\":\"SearchAction\",\"target\":{\"@type\":\"EntryPoint\",\"urlTemplate\":\"https:\\\/\\\/cnpem.br\\\/?s={search_term_string}\"},\"query-input\":{\"@type\":\"PropertyValueSpecification\",\"valueRequired\":true,\"valueName\":\"search_term_string\"}}],\"inLanguage\":\"en-US\"},{\"@type\":\"Person\",\"@id\":\"https:\\\/\\\/cnpem.br\\\/#\\\/schema\\\/person\\\/b957a8048be4b70d687484cae6b978ef\",\"name\":\"Erik Medina\",\"url\":\"\"}]}<\/script>\n<!-- \/ Yoast SEO plugin. -->","yoast_head_json":{"title":"Unicamp anuncia investimento de US$ 1 milh\u00e3o do BID em projeto do 'campus inteligente' em Campinas - CNPEM","robots":{"index":"index","follow":"follow","max-snippet":"max-snippet:-1","max-image-preview":"max-image-preview:large","max-video-preview":"max-video-preview:-1"},"canonical":"https:\/\/cnpem.br\/unicamp-anuncia-investimento-1-milhao-bid-projeto-campus-inteligente-campinas\/","og_locale":"en_US","og_type":"article","og_title":"Unicamp anuncia investimento de US$ 1 milh\u00e3o do BID em projeto do 'campus inteligente' em Campinas - CNPEM","og_description":"G1, 10\/03\/2020 Conv\u00eanio ser\u00e1 assinado entre as institui\u00e7\u00f5es, Prefeitura de Campinas e Governo de SP nesta quarta-feira (11), no Pal\u00e1cio dos Bandeirantes, em S\u00e3o Paulo. Negocia\u00e7\u00f5es com Banco Interamericano de&hellip;","og_url":"https:\/\/cnpem.br\/unicamp-anuncia-investimento-1-milhao-bid-projeto-campus-inteligente-campinas\/","og_site_name":"CNPEM","article_published_time":"2020-03-23T18:39:02+00:00","article_modified_time":"2026-03-02T18:59:41+00:00","og_image":[{"url":"https:\/\/s2.glbimg.com\/FDR7hqa4moWj9JuvvGbJoiv-XsE=\/0x0:1899x1061\/1008x0\/smart\/filters:strip_icc()\/i.s3.glbimg.com\/v1\/AUTH_59edd422c0c84a879bd37670ae4f538a\/internal_photos\/bs\/2020\/T\/G\/XRj5ruR0yDXWskA0PfgQ\/area-campus-inteligente-campinas.jpg","type":"","width":"","height":""}],"author":"Erik Medina","twitter_card":"summary_large_image","twitter_misc":{"Written by":"Erik Medina","Est. reading time":"4 minutes"},"schema":{"@context":"https:\/\/schema.org","@graph":[{"@type":"Article","@id":"https:\/\/cnpem.br\/unicamp-anuncia-investimento-1-milhao-bid-projeto-campus-inteligente-campinas\/#article","isPartOf":{"@id":"https:\/\/cnpem.br\/unicamp-anuncia-investimento-1-milhao-bid-projeto-campus-inteligente-campinas\/"},"author":{"name":"Erik Medina","@id":"https:\/\/cnpem.br\/#\/schema\/person\/b957a8048be4b70d687484cae6b978ef"},"headline":"Unicamp anuncia investimento de US$ 1 milh\u00e3o do BID em projeto do &#8216;campus inteligente&#8217; em Campinas","datePublished":"2020-03-23T18:39:02+00:00","dateModified":"2026-03-02T18:59:41+00:00","mainEntityOfPage":{"@id":"https:\/\/cnpem.br\/unicamp-anuncia-investimento-1-milhao-bid-projeto-campus-inteligente-campinas\/"},"wordCount":787,"image":{"@id":"https:\/\/cnpem.br\/unicamp-anuncia-investimento-1-milhao-bid-projeto-campus-inteligente-campinas\/#primaryimage"},"thumbnailUrl":"https:\/\/s2.glbimg.com\/FDR7hqa4moWj9JuvvGbJoiv-XsE=\/0x0:1899x1061\/1008x0\/smart\/filters:strip_icc()\/i.s3.glbimg.com\/v1\/AUTH_59edd422c0c84a879bd37670ae4f538a\/internal_photos\/bs\/2020\/T\/G\/XRj5ruR0yDXWskA0PfgQ\/area-campus-inteligente-campinas.jpg","articleSection":["CNPEM na M\u00eddia"],"inLanguage":"en-US"},{"@type":"WebPage","@id":"https:\/\/cnpem.br\/unicamp-anuncia-investimento-1-milhao-bid-projeto-campus-inteligente-campinas\/","url":"https:\/\/cnpem.br\/unicamp-anuncia-investimento-1-milhao-bid-projeto-campus-inteligente-campinas\/","name":"Unicamp anuncia investimento de US$ 1 milh\u00e3o do BID em projeto do 'campus inteligente' em Campinas - CNPEM","isPartOf":{"@id":"https:\/\/cnpem.br\/#website"},"primaryImageOfPage":{"@id":"https:\/\/cnpem.br\/unicamp-anuncia-investimento-1-milhao-bid-projeto-campus-inteligente-campinas\/#primaryimage"},"image":{"@id":"https:\/\/cnpem.br\/unicamp-anuncia-investimento-1-milhao-bid-projeto-campus-inteligente-campinas\/#primaryimage"},"thumbnailUrl":"https:\/\/s2.glbimg.com\/FDR7hqa4moWj9JuvvGbJoiv-XsE=\/0x0:1899x1061\/1008x0\/smart\/filters:strip_icc()\/i.s3.glbimg.com\/v1\/AUTH_59edd422c0c84a879bd37670ae4f538a\/internal_photos\/bs\/2020\/T\/G\/XRj5ruR0yDXWskA0PfgQ\/area-campus-inteligente-campinas.jpg","datePublished":"2020-03-23T18:39:02+00:00","dateModified":"2026-03-02T18:59:41+00:00","author":{"@id":"https:\/\/cnpem.br\/#\/schema\/person\/b957a8048be4b70d687484cae6b978ef"},"breadcrumb":{"@id":"https:\/\/cnpem.br\/unicamp-anuncia-investimento-1-milhao-bid-projeto-campus-inteligente-campinas\/#breadcrumb"},"inLanguage":"en-US","potentialAction":[{"@type":"ReadAction","target":["https:\/\/cnpem.br\/unicamp-anuncia-investimento-1-milhao-bid-projeto-campus-inteligente-campinas\/"]}]},{"@type":"ImageObject","inLanguage":"en-US","@id":"https:\/\/cnpem.br\/unicamp-anuncia-investimento-1-milhao-bid-projeto-campus-inteligente-campinas\/#primaryimage","url":"https:\/\/s2.glbimg.com\/FDR7hqa4moWj9JuvvGbJoiv-XsE=\/0x0:1899x1061\/1008x0\/smart\/filters:strip_icc()\/i.s3.glbimg.com\/v1\/AUTH_59edd422c0c84a879bd37670ae4f538a\/internal_photos\/bs\/2020\/T\/G\/XRj5ruR0yDXWskA0PfgQ\/area-campus-inteligente-campinas.jpg","contentUrl":"https:\/\/s2.glbimg.com\/FDR7hqa4moWj9JuvvGbJoiv-XsE=\/0x0:1899x1061\/1008x0\/smart\/filters:strip_icc()\/i.s3.glbimg.com\/v1\/AUTH_59edd422c0c84a879bd37670ae4f538a\/internal_photos\/bs\/2020\/T\/G\/XRj5ruR0yDXWskA0PfgQ\/area-campus-inteligente-campinas.jpg"},{"@type":"BreadcrumbList","@id":"https:\/\/cnpem.br\/unicamp-anuncia-investimento-1-milhao-bid-projeto-campus-inteligente-campinas\/#breadcrumb","itemListElement":[{"@type":"ListItem","position":1,"name":"In\u00edcio","item":"https:\/\/cnpem.br\/en\/"},{"@type":"ListItem","position":2,"name":"Unicamp anuncia investimento de US$ 1 milh\u00e3o do BID em projeto do 'campus inteligente' em Campinas"}]},{"@type":"WebSite","@id":"https:\/\/cnpem.br\/#website","url":"https:\/\/cnpem.br\/","name":"Centro Nacional de Pesquisa em Energia e Materiais","description":"Centro Nacional de Pesquisa em Energia e Materiais","alternateName":"CNPEM","potentialAction":[{"@type":"SearchAction","target":{"@type":"EntryPoint","urlTemplate":"https:\/\/cnpem.br\/?s={search_term_string}"},"query-input":{"@type":"PropertyValueSpecification","valueRequired":true,"valueName":"search_term_string"}}],"inLanguage":"en-US"},{"@type":"Person","@id":"https:\/\/cnpem.br\/#\/schema\/person\/b957a8048be4b70d687484cae6b978ef","name":"Erik Medina","url":""}]}},"jetpack_featured_media_url":"","jetpack_sharing_enabled":true,"jetpack_shortlink":"https:\/\/wp.me\/per0Mi-5Jr","_links":{"self":[{"href":"https:\/\/cnpem.br\/en\/wp-json\/wp\/v2\/posts\/22037","targetHints":{"allow":["GET"]}}],"collection":[{"href":"https:\/\/cnpem.br\/en\/wp-json\/wp\/v2\/posts"}],"about":[{"href":"https:\/\/cnpem.br\/en\/wp-json\/wp\/v2\/types\/post"}],"author":[{"embeddable":true,"href":"https:\/\/cnpem.br\/en\/wp-json\/wp\/v2\/users\/17"}],"replies":[{"embeddable":true,"href":"https:\/\/cnpem.br\/en\/wp-json\/wp\/v2\/comments?post=22037"}],"version-history":[{"count":0,"href":"https:\/\/cnpem.br\/en\/wp-json\/wp\/v2\/posts\/22037\/revisions"}],"wp:attachment":[{"href":"https:\/\/cnpem.br\/en\/wp-json\/wp\/v2\/media?parent=22037"}],"wp:term":[{"taxonomy":"category","embeddable":true,"href":"https:\/\/cnpem.br\/en\/wp-json\/wp\/v2\/categories?post=22037"},{"taxonomy":"post_tag","embeddable":true,"href":"https:\/\/cnpem.br\/en\/wp-json\/wp\/v2\/tags?post=22037"}],"curies":[{"name":"wp","href":"https:\/\/api.w.org\/{rel}","templated":true}]}}