{"id":21746,"date":"2020-01-13T20:00:12","date_gmt":"2020-01-13T20:00:12","guid":{"rendered":"https:\/\/cnpem.staging.wpengine.com\/?p=21746"},"modified":"2026-03-02T15:59:47","modified_gmt":"2026-03-02T18:59:47","slug":"laboratorio-nacional-de-luz-sincrotron-tem-novo-diretor","status":"publish","type":"post","link":"https:\/\/cnpem.br\/en\/laboratorio-nacional-de-luz-sincrotron-tem-novo-diretor\/","title":{"rendered":"Laborat\u00f3rio Nacional de Luz S\u00edncrotron tem novo diretor"},"content":{"rendered":"<p><img data-recalc-dims=\"1\" loading=\"lazy\" decoding=\"async\" class=\"aligncenter wp-image-21747 size-full\" src=\"https:\/\/i0.wp.com\/cnpem.staging.wpengine.com\/wp-content\/uploads\/2020\/01\/IMG_0216-scaled.jpg?resize=1200%2C800&#038;ssl=1\" alt=\"\" width=\"1200\" height=\"800\" srcset=\"https:\/\/i0.wp.com\/cnpem.br\/wp-content\/uploads\/2020\/01\/IMG_0216-scaled.jpg?w=2560&amp;ssl=1 2560w, https:\/\/i0.wp.com\/cnpem.br\/wp-content\/uploads\/2020\/01\/IMG_0216-scaled.jpg?resize=600%2C400&amp;ssl=1 600w, https:\/\/i0.wp.com\/cnpem.br\/wp-content\/uploads\/2020\/01\/IMG_0216-scaled.jpg?resize=300%2C200&amp;ssl=1 300w, https:\/\/i0.wp.com\/cnpem.br\/wp-content\/uploads\/2020\/01\/IMG_0216-scaled.jpg?resize=1030%2C687&amp;ssl=1 1030w, https:\/\/i0.wp.com\/cnpem.br\/wp-content\/uploads\/2020\/01\/IMG_0216-scaled.jpg?resize=768%2C512&amp;ssl=1 768w, https:\/\/i0.wp.com\/cnpem.br\/wp-content\/uploads\/2020\/01\/IMG_0216-scaled.jpg?resize=1536%2C1024&amp;ssl=1 1536w, https:\/\/i0.wp.com\/cnpem.br\/wp-content\/uploads\/2020\/01\/IMG_0216-scaled.jpg?resize=2048%2C1365&amp;ssl=1 2048w, https:\/\/i0.wp.com\/cnpem.br\/wp-content\/uploads\/2020\/01\/IMG_0216-scaled.jpg?resize=1500%2C1000&amp;ssl=1 1500w, https:\/\/i0.wp.com\/cnpem.br\/wp-content\/uploads\/2020\/01\/IMG_0216-scaled.jpg?resize=705%2C470&amp;ssl=1 705w, https:\/\/i0.wp.com\/cnpem.br\/wp-content\/uploads\/2020\/01\/IMG_0216-scaled.jpg?w=2400&amp;ssl=1 2400w\" sizes=\"auto, (max-width: 1200px) 100vw, 1200px\" \/><\/p>\n<p><em>Harry Westfahl Jr. ocupava a diretoria cient\u00edfica do LNLS desde 2013, atuando na coordena\u00e7\u00e3o das esta\u00e7\u00f5es experimentais do Sirius<\/em><\/p>\n<p>O novo diretor do Laborat\u00f3rio Nacional e Luz S\u00edncrotron (LNLS), Harry Westfahl Junior, tomou posse do cargo nesta segunda-feira (13) em cerim\u00f4nia realizada no Centro Nacional de Pesquisa em Energia (CNPEM) em Campinas, SP. Harry atua no CNPEM desde 2001, e h\u00e1 sete anos ocupava o cargo de diretor cient\u00edfico do LNLS. Desde ent\u00e3o, tem coordenado o projeto e a constru\u00e7\u00e3o das linhas de luz do Sirius. Harry Westfahl sucede o f\u00edsico franc\u00eas Yves Petroff, um dos maiores especialistas em luz s\u00edncrotron do mundo.<\/p>\n<p><a href=\"https:\/\/i0.wp.com\/cnpem.staging.wpengine.com\/wp-content\/uploads\/2020\/01\/IMG_0221-scaled.jpg?ssl=1\"><img data-recalc-dims=\"1\" loading=\"lazy\" decoding=\"async\" class=\"wp-image-21749 alignleft\" src=\"https:\/\/i0.wp.com\/cnpem.staging.wpengine.com\/wp-content\/uploads\/2020\/01\/IMG_0221-scaled.jpg?resize=380%2C253&#038;ssl=1\" alt=\"\" width=\"380\" height=\"253\" srcset=\"https:\/\/i0.wp.com\/cnpem.br\/wp-content\/uploads\/2020\/01\/IMG_0221-scaled.jpg?w=2560&amp;ssl=1 2560w, https:\/\/i0.wp.com\/cnpem.br\/wp-content\/uploads\/2020\/01\/IMG_0221-scaled.jpg?resize=600%2C400&amp;ssl=1 600w, https:\/\/i0.wp.com\/cnpem.br\/wp-content\/uploads\/2020\/01\/IMG_0221-scaled.jpg?resize=300%2C200&amp;ssl=1 300w, https:\/\/i0.wp.com\/cnpem.br\/wp-content\/uploads\/2020\/01\/IMG_0221-scaled.jpg?resize=1030%2C687&amp;ssl=1 1030w, https:\/\/i0.wp.com\/cnpem.br\/wp-content\/uploads\/2020\/01\/IMG_0221-scaled.jpg?resize=768%2C512&amp;ssl=1 768w, https:\/\/i0.wp.com\/cnpem.br\/wp-content\/uploads\/2020\/01\/IMG_0221-scaled.jpg?resize=1536%2C1024&amp;ssl=1 1536w, https:\/\/i0.wp.com\/cnpem.br\/wp-content\/uploads\/2020\/01\/IMG_0221-scaled.jpg?resize=2048%2C1365&amp;ssl=1 2048w, https:\/\/i0.wp.com\/cnpem.br\/wp-content\/uploads\/2020\/01\/IMG_0221-scaled.jpg?resize=1500%2C1000&amp;ssl=1 1500w, https:\/\/i0.wp.com\/cnpem.br\/wp-content\/uploads\/2020\/01\/IMG_0221-scaled.jpg?resize=705%2C470&amp;ssl=1 705w, https:\/\/i0.wp.com\/cnpem.br\/wp-content\/uploads\/2020\/01\/IMG_0221-scaled.jpg?w=2400&amp;ssl=1 2400w\" sizes=\"auto, (max-width: 380px) 100vw, 380px\" \/><\/a>Durante a cerim\u00f4nia de posse, o diretor-geral do CNPEM, Antonio Jos\u00e9 Roque da Silva destacou a compet\u00eancia do novo diretor: \u201cNeste momento-chave para a institui\u00e7\u00e3o, em que teremos que estruturar o in\u00edcio das opera\u00e7\u00f5es no Sirius, a experi\u00eancia, compet\u00eancia e a forma\u00e7\u00e3o multidisciplinar do Harry ser\u00e3o fundamentais\u201d.<\/p>\n<p>Estiveram presentes na cerim\u00f4nia o Presidente do Conselho de Administra\u00e7\u00e3o do CNPEM, Rog\u00e9rio Cezar de Cerqueira Leite, e os membros do conselho Marcelo Knobel, Reitor da Universidade de Campinas, e o Oswaldo Luiz Alves, Professor Titular do Instituto de Qu\u00edmica da Unicamp.<\/p>\n<p>Estiveram presentes, ainda, a diretora de administra\u00e7\u00e3o do CNPEM, Cleonice Ywamoto, o diretor do Laborat\u00f3rio Nacional de Bioci\u00eancias (LNBio), Kleber Franchini, e o diretor do Laborat\u00f3rio Nacional de Biorrenov\u00e1veis (LNBR) Eduardo Couto e Silva.<\/p>\n<p><strong>Quem \u00e9 Harry Westfahl Junior?<\/strong><\/p>\n<p>Harry possui Doutorado em F\u00edsica pela Universidade Estadual de Campinas, conclu\u00eddo em 1998. De 1998 a 2000, atuou como pesquisador p\u00f3s-doutor na Universidade de Ilinois, em Urbana-Champaign, sob a supervis\u00e3o de Anthony James Leggett, laureado com o Pr\u00eamio Nobel de F\u00edsica (2003). Em seguida, atuou como p\u00f3s-doutor no Ames Laboratory do Departmento de Energia (DOE), nos Estados Unidos, at\u00e9 2001.<\/p>\n<p>Tem experi\u00eancia no uso de radia\u00e7\u00e3o s\u00edncrotron para o estudo de materiais e na f\u00edsica da mat\u00e9ria condensada, com \u00eanfase em pol\u00edmeros e materiais magn\u00e9ticos e no desenvolvimento de instrumenta\u00e7\u00e3o para luz s\u00edncrotron.<\/p>\n<p>Harry juntou-se ao quadro de pesquisadores do LNLS em 2001. De 2004 a 2009, foi gerente do programa de Pesquisa e desenvolvimento das linhas de luz do LNLS e, em 2009, tornou-se coordenador das linhas de espalhamento de raios-X do Laborat\u00f3rio.<\/p>\n<p>Em 2013, Harry assumiu a diretoria cient\u00edfica do Laborat\u00f3rio Nacional de Luz S\u00edncrotron e, desde ent\u00e3o, atuou na coordena\u00e7\u00e3o do projeto e constru\u00e7\u00e3o das primeiras linhas de luz da nova fonte de luz s\u00edncrotron brasileira, Sirius.<\/p>\n","protected":false},"excerpt":{"rendered":"<p>Harry Westfahl Jr. ocupava a diretoria cient\u00edfica do LNLS desde 2013, atuando na coordena\u00e7\u00e3o das esta\u00e7\u00f5es experimentais do Sirius O novo diretor do Laborat\u00f3rio Nacional e Luz S\u00edncrotron (LNLS), Harry&hellip;<\/p>\n","protected":false},"author":3,"featured_media":21749,"comment_status":"closed","ping_status":"closed","sticky":false,"template":"","format":"standard","meta":{"_acf_changed":false,"_jetpack_newsletter_access":"","_jetpack_dont_email_post_to_subs":false,"_jetpack_newsletter_tier_id":0,"_jetpack_memberships_contains_paywalled_content":false,"_jetpack_memberships_contains_paid_content":false,"footnotes":"","_links_to":"","_links_to_target":""},"categories":[1163,1208,615,1164],"tags":[],"class_list":["post-21746","post","type-post","status-publish","format-standard","has-post-thumbnail","hentry","category-clipping-cnpem","category-releases-cnpem","category-releases-lnls","category-noticia-home","category-1163","category-1208","category-615","category-1164","description-off"],"acf":[],"yoast_head":"<!-- This site is optimized with the Yoast SEO plugin v27.4 - https:\/\/yoast.com\/product\/yoast-seo-wordpress\/ -->\n<title>Laborat\u00f3rio Nacional de Luz S\u00edncrotron tem novo diretor - CNPEM<\/title>\n<meta name=\"robots\" content=\"index, follow, max-snippet:-1, max-image-preview:large, max-video-preview:-1\" \/>\n<link rel=\"canonical\" href=\"https:\/\/cnpem.br\/laboratorio-nacional-de-luz-sincrotron-tem-novo-diretor\/\" \/>\n<meta property=\"og:locale\" content=\"en_US\" \/>\n<meta property=\"og:type\" content=\"article\" \/>\n<meta property=\"og:title\" content=\"Laborat\u00f3rio Nacional de Luz S\u00edncrotron tem novo diretor - CNPEM\" \/>\n<meta property=\"og:description\" content=\"Harry Westfahl Jr. ocupava a diretoria cient\u00edfica do LNLS desde 2013, atuando na coordena\u00e7\u00e3o das esta\u00e7\u00f5es experimentais do Sirius O novo diretor do Laborat\u00f3rio Nacional e Luz S\u00edncrotron (LNLS), Harry&hellip;\" \/>\n<meta property=\"og:url\" content=\"https:\/\/cnpem.br\/laboratorio-nacional-de-luz-sincrotron-tem-novo-diretor\/\" \/>\n<meta property=\"og:site_name\" content=\"CNPEM\" \/>\n<meta property=\"article:published_time\" content=\"2020-01-13T20:00:12+00:00\" \/>\n<meta property=\"article:modified_time\" content=\"2026-03-02T18:59:47+00:00\" \/>\n<meta property=\"og:image\" content=\"https:\/\/cnpem.br\/wp-content\/uploads\/2020\/01\/IMG_0221-scaled.jpg\" \/>\n\t<meta property=\"og:image:width\" content=\"2560\" \/>\n\t<meta property=\"og:image:height\" content=\"1707\" \/>\n\t<meta property=\"og:image:type\" content=\"image\/jpeg\" \/>\n<meta name=\"author\" content=\"Gustavo Moreno\" \/>\n<meta name=\"twitter:card\" content=\"summary_large_image\" \/>\n<meta name=\"twitter:label1\" content=\"Written by\" \/>\n\t<meta name=\"twitter:data1\" content=\"Gustavo Moreno\" \/>\n\t<meta name=\"twitter:label2\" content=\"Est. reading time\" \/>\n\t<meta name=\"twitter:data2\" content=\"2 minutes\" \/>\n<script type=\"application\/ld+json\" class=\"yoast-schema-graph\">{\"@context\":\"https:\\\/\\\/schema.org\",\"@graph\":[{\"@type\":\"Article\",\"@id\":\"https:\\\/\\\/cnpem.br\\\/laboratorio-nacional-de-luz-sincrotron-tem-novo-diretor\\\/#article\",\"isPartOf\":{\"@id\":\"https:\\\/\\\/cnpem.br\\\/laboratorio-nacional-de-luz-sincrotron-tem-novo-diretor\\\/\"},\"author\":{\"name\":\"Gustavo Moreno\",\"@id\":\"https:\\\/\\\/cnpem.br\\\/#\\\/schema\\\/person\\\/142f9b4066e599dd651a3b9600c2c0ca\"},\"headline\":\"Laborat\u00f3rio Nacional de Luz S\u00edncrotron tem novo diretor\",\"datePublished\":\"2020-01-13T20:00:12+00:00\",\"dateModified\":\"2026-03-02T18:59:47+00:00\",\"mainEntityOfPage\":{\"@id\":\"https:\\\/\\\/cnpem.br\\\/laboratorio-nacional-de-luz-sincrotron-tem-novo-diretor\\\/\"},\"wordCount\":451,\"image\":{\"@id\":\"https:\\\/\\\/cnpem.br\\\/laboratorio-nacional-de-luz-sincrotron-tem-novo-diretor\\\/#primaryimage\"},\"thumbnailUrl\":\"https:\\\/\\\/cnpem.br\\\/wp-content\\\/uploads\\\/2020\\\/01\\\/IMG_0221-scaled.jpg\",\"articleSection\":[\"CNPEM na M\u00eddia\",\"Comunica\u00e7\u00e3o CNPEM\",\"Comunica\u00e7\u00e3o LNLS\",\"Not\u00edcia Home\"],\"inLanguage\":\"en-US\"},{\"@type\":\"WebPage\",\"@id\":\"https:\\\/\\\/cnpem.br\\\/laboratorio-nacional-de-luz-sincrotron-tem-novo-diretor\\\/\",\"url\":\"https:\\\/\\\/cnpem.br\\\/laboratorio-nacional-de-luz-sincrotron-tem-novo-diretor\\\/\",\"name\":\"Laborat\u00f3rio Nacional de Luz S\u00edncrotron tem novo diretor - CNPEM\",\"isPartOf\":{\"@id\":\"https:\\\/\\\/cnpem.br\\\/#website\"},\"primaryImageOfPage\":{\"@id\":\"https:\\\/\\\/cnpem.br\\\/laboratorio-nacional-de-luz-sincrotron-tem-novo-diretor\\\/#primaryimage\"},\"image\":{\"@id\":\"https:\\\/\\\/cnpem.br\\\/laboratorio-nacional-de-luz-sincrotron-tem-novo-diretor\\\/#primaryimage\"},\"thumbnailUrl\":\"https:\\\/\\\/cnpem.br\\\/wp-content\\\/uploads\\\/2020\\\/01\\\/IMG_0221-scaled.jpg\",\"datePublished\":\"2020-01-13T20:00:12+00:00\",\"dateModified\":\"2026-03-02T18:59:47+00:00\",\"author\":{\"@id\":\"https:\\\/\\\/cnpem.br\\\/#\\\/schema\\\/person\\\/142f9b4066e599dd651a3b9600c2c0ca\"},\"breadcrumb\":{\"@id\":\"https:\\\/\\\/cnpem.br\\\/laboratorio-nacional-de-luz-sincrotron-tem-novo-diretor\\\/#breadcrumb\"},\"inLanguage\":\"en-US\",\"potentialAction\":[{\"@type\":\"ReadAction\",\"target\":[\"https:\\\/\\\/cnpem.br\\\/laboratorio-nacional-de-luz-sincrotron-tem-novo-diretor\\\/\"]}]},{\"@type\":\"ImageObject\",\"inLanguage\":\"en-US\",\"@id\":\"https:\\\/\\\/cnpem.br\\\/laboratorio-nacional-de-luz-sincrotron-tem-novo-diretor\\\/#primaryimage\",\"url\":\"https:\\\/\\\/cnpem.br\\\/wp-content\\\/uploads\\\/2020\\\/01\\\/IMG_0221-scaled.jpg\",\"contentUrl\":\"https:\\\/\\\/cnpem.br\\\/wp-content\\\/uploads\\\/2020\\\/01\\\/IMG_0221-scaled.jpg\",\"width\":2560,\"height\":1707},{\"@type\":\"BreadcrumbList\",\"@id\":\"https:\\\/\\\/cnpem.br\\\/laboratorio-nacional-de-luz-sincrotron-tem-novo-diretor\\\/#breadcrumb\",\"itemListElement\":[{\"@type\":\"ListItem\",\"position\":1,\"name\":\"In\u00edcio\",\"item\":\"https:\\\/\\\/cnpem.br\\\/en\\\/\"},{\"@type\":\"ListItem\",\"position\":2,\"name\":\"Laborat\u00f3rio Nacional de Luz S\u00edncrotron tem novo diretor\"}]},{\"@type\":\"WebSite\",\"@id\":\"https:\\\/\\\/cnpem.br\\\/#website\",\"url\":\"https:\\\/\\\/cnpem.br\\\/\",\"name\":\"Centro Nacional de Pesquisa em Energia e Materiais\",\"description\":\"Centro Nacional de Pesquisa em Energia e Materiais\",\"alternateName\":\"CNPEM\",\"potentialAction\":[{\"@type\":\"SearchAction\",\"target\":{\"@type\":\"EntryPoint\",\"urlTemplate\":\"https:\\\/\\\/cnpem.br\\\/?s={search_term_string}\"},\"query-input\":{\"@type\":\"PropertyValueSpecification\",\"valueRequired\":true,\"valueName\":\"search_term_string\"}}],\"inLanguage\":\"en-US\"},{\"@type\":\"Person\",\"@id\":\"https:\\\/\\\/cnpem.br\\\/#\\\/schema\\\/person\\\/142f9b4066e599dd651a3b9600c2c0ca\",\"name\":\"Gustavo Moreno\",\"url\":\"\"}]}<\/script>\n<!-- \/ Yoast SEO plugin. -->","yoast_head_json":{"title":"Laborat\u00f3rio Nacional de Luz S\u00edncrotron tem novo diretor - CNPEM","robots":{"index":"index","follow":"follow","max-snippet":"max-snippet:-1","max-image-preview":"max-image-preview:large","max-video-preview":"max-video-preview:-1"},"canonical":"https:\/\/cnpem.br\/laboratorio-nacional-de-luz-sincrotron-tem-novo-diretor\/","og_locale":"en_US","og_type":"article","og_title":"Laborat\u00f3rio Nacional de Luz S\u00edncrotron tem novo diretor - CNPEM","og_description":"Harry Westfahl Jr. ocupava a diretoria cient\u00edfica do LNLS desde 2013, atuando na coordena\u00e7\u00e3o das esta\u00e7\u00f5es experimentais do Sirius O novo diretor do Laborat\u00f3rio Nacional e Luz S\u00edncrotron (LNLS), Harry&hellip;","og_url":"https:\/\/cnpem.br\/laboratorio-nacional-de-luz-sincrotron-tem-novo-diretor\/","og_site_name":"CNPEM","article_published_time":"2020-01-13T20:00:12+00:00","article_modified_time":"2026-03-02T18:59:47+00:00","og_image":[{"width":2560,"height":1707,"url":"https:\/\/cnpem.br\/wp-content\/uploads\/2020\/01\/IMG_0221-scaled.jpg","type":"image\/jpeg"}],"author":"Gustavo Moreno","twitter_card":"summary_large_image","twitter_misc":{"Written by":"Gustavo Moreno","Est. reading time":"2 minutes"},"schema":{"@context":"https:\/\/schema.org","@graph":[{"@type":"Article","@id":"https:\/\/cnpem.br\/laboratorio-nacional-de-luz-sincrotron-tem-novo-diretor\/#article","isPartOf":{"@id":"https:\/\/cnpem.br\/laboratorio-nacional-de-luz-sincrotron-tem-novo-diretor\/"},"author":{"name":"Gustavo Moreno","@id":"https:\/\/cnpem.br\/#\/schema\/person\/142f9b4066e599dd651a3b9600c2c0ca"},"headline":"Laborat\u00f3rio Nacional de Luz S\u00edncrotron tem novo diretor","datePublished":"2020-01-13T20:00:12+00:00","dateModified":"2026-03-02T18:59:47+00:00","mainEntityOfPage":{"@id":"https:\/\/cnpem.br\/laboratorio-nacional-de-luz-sincrotron-tem-novo-diretor\/"},"wordCount":451,"image":{"@id":"https:\/\/cnpem.br\/laboratorio-nacional-de-luz-sincrotron-tem-novo-diretor\/#primaryimage"},"thumbnailUrl":"https:\/\/cnpem.br\/wp-content\/uploads\/2020\/01\/IMG_0221-scaled.jpg","articleSection":["CNPEM na M\u00eddia","Comunica\u00e7\u00e3o CNPEM","Comunica\u00e7\u00e3o LNLS","Not\u00edcia Home"],"inLanguage":"en-US"},{"@type":"WebPage","@id":"https:\/\/cnpem.br\/laboratorio-nacional-de-luz-sincrotron-tem-novo-diretor\/","url":"https:\/\/cnpem.br\/laboratorio-nacional-de-luz-sincrotron-tem-novo-diretor\/","name":"Laborat\u00f3rio Nacional de Luz S\u00edncrotron tem novo diretor - CNPEM","isPartOf":{"@id":"https:\/\/cnpem.br\/#website"},"primaryImageOfPage":{"@id":"https:\/\/cnpem.br\/laboratorio-nacional-de-luz-sincrotron-tem-novo-diretor\/#primaryimage"},"image":{"@id":"https:\/\/cnpem.br\/laboratorio-nacional-de-luz-sincrotron-tem-novo-diretor\/#primaryimage"},"thumbnailUrl":"https:\/\/cnpem.br\/wp-content\/uploads\/2020\/01\/IMG_0221-scaled.jpg","datePublished":"2020-01-13T20:00:12+00:00","dateModified":"2026-03-02T18:59:47+00:00","author":{"@id":"https:\/\/cnpem.br\/#\/schema\/person\/142f9b4066e599dd651a3b9600c2c0ca"},"breadcrumb":{"@id":"https:\/\/cnpem.br\/laboratorio-nacional-de-luz-sincrotron-tem-novo-diretor\/#breadcrumb"},"inLanguage":"en-US","potentialAction":[{"@type":"ReadAction","target":["https:\/\/cnpem.br\/laboratorio-nacional-de-luz-sincrotron-tem-novo-diretor\/"]}]},{"@type":"ImageObject","inLanguage":"en-US","@id":"https:\/\/cnpem.br\/laboratorio-nacional-de-luz-sincrotron-tem-novo-diretor\/#primaryimage","url":"https:\/\/cnpem.br\/wp-content\/uploads\/2020\/01\/IMG_0221-scaled.jpg","contentUrl":"https:\/\/cnpem.br\/wp-content\/uploads\/2020\/01\/IMG_0221-scaled.jpg","width":2560,"height":1707},{"@type":"BreadcrumbList","@id":"https:\/\/cnpem.br\/laboratorio-nacional-de-luz-sincrotron-tem-novo-diretor\/#breadcrumb","itemListElement":[{"@type":"ListItem","position":1,"name":"In\u00edcio","item":"https:\/\/cnpem.br\/en\/"},{"@type":"ListItem","position":2,"name":"Laborat\u00f3rio Nacional de Luz S\u00edncrotron tem novo diretor"}]},{"@type":"WebSite","@id":"https:\/\/cnpem.br\/#website","url":"https:\/\/cnpem.br\/","name":"Centro Nacional de Pesquisa em Energia e Materiais","description":"Centro Nacional de Pesquisa em Energia e Materiais","alternateName":"CNPEM","potentialAction":[{"@type":"SearchAction","target":{"@type":"EntryPoint","urlTemplate":"https:\/\/cnpem.br\/?s={search_term_string}"},"query-input":{"@type":"PropertyValueSpecification","valueRequired":true,"valueName":"search_term_string"}}],"inLanguage":"en-US"},{"@type":"Person","@id":"https:\/\/cnpem.br\/#\/schema\/person\/142f9b4066e599dd651a3b9600c2c0ca","name":"Gustavo Moreno","url":""}]}},"jetpack_featured_media_url":"https:\/\/cnpem.br\/wp-content\/uploads\/2020\/01\/IMG_0221-scaled.jpg","jetpack_sharing_enabled":true,"jetpack_shortlink":"https:\/\/wp.me\/per0Mi-5EK","_links":{"self":[{"href":"https:\/\/cnpem.br\/en\/wp-json\/wp\/v2\/posts\/21746","targetHints":{"allow":["GET"]}}],"collection":[{"href":"https:\/\/cnpem.br\/en\/wp-json\/wp\/v2\/posts"}],"about":[{"href":"https:\/\/cnpem.br\/en\/wp-json\/wp\/v2\/types\/post"}],"author":[{"embeddable":true,"href":"https:\/\/cnpem.br\/en\/wp-json\/wp\/v2\/users\/3"}],"replies":[{"embeddable":true,"href":"https:\/\/cnpem.br\/en\/wp-json\/wp\/v2\/comments?post=21746"}],"version-history":[{"count":0,"href":"https:\/\/cnpem.br\/en\/wp-json\/wp\/v2\/posts\/21746\/revisions"}],"wp:featuredmedia":[{"embeddable":true,"href":"https:\/\/cnpem.br\/en\/wp-json\/wp\/v2\/media\/21749"}],"wp:attachment":[{"href":"https:\/\/cnpem.br\/en\/wp-json\/wp\/v2\/media?parent=21746"}],"wp:term":[{"taxonomy":"category","embeddable":true,"href":"https:\/\/cnpem.br\/en\/wp-json\/wp\/v2\/categories?post=21746"},{"taxonomy":"post_tag","embeddable":true,"href":"https:\/\/cnpem.br\/en\/wp-json\/wp\/v2\/tags?post=21746"}],"curies":[{"name":"wp","href":"https:\/\/api.w.org\/{rel}","templated":true}]}}