{"id":21238,"date":"2019-08-19T12:50:16","date_gmt":"2019-08-19T12:50:16","guid":{"rendered":"https:\/\/cnpem.staging.wpengine.com\/?p=21238"},"modified":"2026-03-02T16:00:02","modified_gmt":"2026-03-02T19:00:02","slug":"entenda-o-que-ja-se-sabe-sobre-o-future-se-e-o-que-ainda-falta-esclarecer","status":"publish","type":"post","link":"https:\/\/cnpem.br\/en\/entenda-o-que-ja-se-sabe-sobre-o-future-se-e-o-que-ainda-falta-esclarecer\/","title":{"rendered":"Entenda o que j\u00e1 se sabe sobre o Future-se e o que ainda falta esclarecer"},"content":{"rendered":"<p><em><a href=\"https:\/\/g1.globo.com\/educacao\/noticia\/2019\/08\/03\/entenda-o-que-ja-se-sabe-sobre-o-future-se-e-o-que-ainda-falta-esclarecer.ghtml\" target=\"_blank\" rel=\"noopener noreferrer\">G1<\/a>, 03\/08\/2019<\/em><\/p>\n<p>&nbsp;<\/p>\n<div class=\"row content-head non-featured \">\n<div class=\"medium-centered subtitle\">\n<h2 class=\"content-head__subtitle\">Lan\u00e7ada h\u00e1 duas semanas pelo Minist\u00e9rio da Educa\u00e7\u00e3o, proposta de contrata\u00e7\u00e3o de Organiza\u00e7\u00f5es Sociais e fomento de financiamento por meio de fundos privados ainda \u00e9 alvo de discuss\u00e3o na comunidade acad\u00eamica.<\/h2>\n<\/div>\n<\/div>\n<div class=\"content__signa-share\">\n<div class=\"content__signature\">\n<div class=\"content-publication-data\">\n<div class=\"content-publication-data__text\">\n<div class=\"mc-column content-text active-extra-styles active-capital-letter\" data-block-type=\"unstyled\" data-block-weight=\"64\" data-block-id=\"1\">\n<p class=\"content-text__container theme-color-primary-first-letter\" data-track-category=\"Link no Texto\" data-track-links=\"\">Desde que foi lan\u00e7ada, em 17 de julho, a proposta do Future-se, do <a href=\"https:\/\/g1.globo.com\/tudo-sobre\/ministerio-da-educacao\/\">Minist\u00e9rio da Educa\u00e7\u00e3o<\/a>, tem sido alvo de discuss\u00f5es dentro e fora da comunidade acad\u00eamica. Nas duas primeiras semanas, segundo dados divulgados pelo MEC ao <strong>G1<\/strong>, 21.262 pessoas fizeram cadastro para acessar a \u00edntegra do texto em consulta p\u00fablica, e 6.444 delas j\u00e1 enviaram algum coment\u00e1rio sobre a proposta do MEC.<\/p>\n<\/div>\n<div class=\"wall protected-content\">\n<div class=\"mc-column content-text active-extra-styles\" data-block-type=\"raw\" data-block-weight=\"15\" data-block-id=\"2\">\n<ul class=\"content-unordered-list\">\n<li><a href=\"https:\/\/g1.globo.com\/educacao\/noticia\/2019\/07\/17\/future-se-leia-a-integra-da-proposta-do-mec-sobre-mudancas-na-gestao-das-universidades-federais.ghtml\">Leia a \u00edntegra da proposta em consulta p\u00fablica<\/a><\/li>\n<li><a href=\"https:\/\/g1.globo.com\/educacao\/noticia\/2019\/07\/19\/future-se-quer-alterar-a-ldb-e-outras-16-leis-em-vigor-leia-o-texto-preliminar-elaborado-pelo-mec.ghtml\">Entenda o rascunho do projeto de lei<\/a><\/li>\n<\/ul>\n<\/div>\n<div class=\"mc-column content-text active-extra-styles \" data-block-type=\"unstyled\" data-block-weight=\"33\" data-block-id=\"3\">\n<p class=\"content-text__container \" data-track-category=\"Link no Texto\" data-track-links=\"\">Por enquanto, universidades criaram <a href=\"https:\/\/g1.globo.com\/mg\/minas-gerais\/noticia\/2019\/07\/23\/anuncio-de-programa-do-mec-deixa-reitores-de-universidades-federais-apreensivos.ghtml\">grupos de trabalho<\/a> para avaliar os documentos j\u00e1 divulgados pela pasta, e <a href=\"https:\/\/g1.globo.com\/educacao\/noticia\/2019\/07\/18\/reitores-dizem-nao-serem-contra-novas-fontes-de-recursos-mas-consideram-proposta-do-mec-para-novo-modelo-pouco-detalhada.ghtml\">associa\u00e7\u00f5es j\u00e1 deram suas primeiras impress\u00f5es<\/a>, mas todas afirmaram que ainda h\u00e1 muitos detalhes a serem esclarecidos.<\/p>\n<\/div>\n<div class=\"mc-column content-text active-extra-styles \" data-block-type=\"unstyled\" data-block-weight=\"15\" data-block-id=\"4\">\n<p class=\"content-text__container \" data-track-category=\"Link no Texto\" data-track-links=\"\">Leia abaixo os detalhes j\u00e1 conhecidos sobre o projeto, e o que ainda falta saber:<\/p>\n<\/div>\n<div class=\"mc-column content-text active-extra-styles\" data-block-type=\"raw\" data-block-weight=\"7\" data-block-id=\"5\">\n<div class=\"content-intertitle\">\n<h2>O que \u00e9, em s\u00edntese, o Future-se?<\/h2>\n<\/div>\n<\/div>\n<div class=\"mc-column content-text active-extra-styles \" data-block-type=\"unstyled\" data-block-weight=\"57\" data-block-id=\"6\">\n<p class=\"content-text__container \" data-track-category=\"Link no Texto\" data-track-links=\"\">O Future-se \u00e9 uma iniciativa proposta pelo Minist\u00e9rio da Educa\u00e7\u00e3o (MEC), com o objetivo de aumentar a autonomia administrativa das universidades federais. Como essas institui\u00e7\u00f5es sofrem com contingenciamentos e alegam que t\u00eam suas atividades prejudicadas com os bloqueios de or\u00e7amento, a solu\u00e7\u00e3o apresentada pelo governo \u00e9 firmar parcerias entre a Uni\u00e3o, as universidades e as organiza\u00e7\u00f5es sociais.<\/p>\n<\/div>\n<div class=\"mc-column content-text active-extra-styles \" data-block-type=\"unstyled\" data-block-weight=\"54\" data-block-id=\"7\">\n<p class=\"content-text__container \" data-track-category=\"Link no Texto\" data-track-links=\"\">Al\u00e9m disso, o Future-se tamb\u00e9m estimularia que as institui\u00e7\u00f5es captassem recursos pr\u00f3prios, que auxiliassem na sua manuten\u00e7\u00e3o. O MEC refor\u00e7a que n\u00e3o se trata de privatizar o ensino p\u00fablico, e sim de criar uma nova forma de financi\u00e1-lo. A cobran\u00e7a de mensalidades em cursos de gradua\u00e7\u00e3o, mestrado e doutorado est\u00e1 descartada, segundo o governo.<\/p>\n<div class=\"progressive-img can-open-lightbox\" data-min-size=\"1008x564\" data-min-size-url=\"https:\/\/s2.glbimg.com\/WIBQD_grLk29gfIAqpF25jep01o=\/0x0:1164x652\/1008x0\/smart\/filters:strip_icc()\/i.s3.glbimg.com\/v1\/AUTH_59edd422c0c84a879bd37670ae4f538a\/internal_photos\/bs\/2019\/K\/h\/ddEGBoTaGLvb4vLgPz6w\/futurese.jpg\" data-max-size=\"1600x896\" data-max-size-url=\"https:\/\/s2.glbimg.com\/ZgHVkT59eRBqsc2DVD0gyOVqdO0=\/0x0:1164x652\/1600x0\/smart\/filters:strip_icc()\/i.s3.glbimg.com\/v1\/AUTH_59edd422c0c84a879bd37670ae4f538a\/internal_photos\/bs\/2019\/K\/h\/ddEGBoTaGLvb4vLgPz6w\/futurese.jpg\" data-media-index=\"0\"><picture><img data-recalc-dims=\"1\" decoding=\"async\" class=\"image content-media__image progressive-loaded\" title=\"Ministro da Educa\u00e7\u00e3o, Abraham Weintraub, apresenta o programa 'Future-se'. \u2014 Foto: Reprodu\u00e7\u00e3o\/Facebook\/Minist\u00e9rio da Educa\u00e7\u00e3o - MEC\" src=\"https:\/\/i0.wp.com\/s2.glbimg.com\/WIBQD_grLk29gfIAqpF25jep01o%3D\/0x0%3A1164x652\/1008x0\/smart\/filters%3Astrip_icc%28%29\/i.s3.glbimg.com\/v1\/AUTH_59edd422c0c84a879bd37670ae4f538a\/internal_photos\/bs\/2019\/K\/h\/ddEGBoTaGLvb4vLgPz6w\/futurese.jpg?w=1200&#038;ssl=1\" alt=\"Ministro da Educa\u00e7\u00e3o, Abraham Weintraub, apresenta o programa 'Future-se'. \u2014 Foto: Reprodu\u00e7\u00e3o\/Facebook\/Minist\u00e9rio da Educa\u00e7\u00e3o - MEC\" data-src=\"https:\/\/s2.glbimg.com\/WIBQD_grLk29gfIAqpF25jep01o=\/0x0:1164x652\/1008x0\/smart\/filters:strip_icc()\/i.s3.glbimg.com\/v1\/AUTH_59edd422c0c84a879bd37670ae4f538a\/internal_photos\/bs\/2019\/K\/h\/ddEGBoTaGLvb4vLgPz6w\/futurese.jpg\" \/><\/picture><\/div>\n<p class=\"content-media__description \">Ministro da Educa\u00e7\u00e3o, Abraham Weintraub, apresenta o programa &#8216;Future-se&#8217;. \u2014 Foto: Reprodu\u00e7\u00e3o\/Facebook\/Minist\u00e9rio da Educa\u00e7\u00e3o &#8211; MEC<\/p>\n<div class=\"mc-column content-text active-extra-styles\" data-block-type=\"raw\" data-block-weight=\"5\" data-block-id=\"10\">\n<div class=\"content-intertitle\">\n<h2>O Future-se j\u00e1 est\u00e1 valendo?<\/h2>\n<\/div>\n<\/div>\n<div class=\"mc-column content-text active-extra-styles \" data-block-type=\"unstyled\" data-block-weight=\"36\" data-block-id=\"11\">\n<p class=\"content-text__container \" data-track-category=\"Link no Texto\" data-track-links=\"\"><a href=\"https:\/\/g1.globo.com\/educacao\/noticia\/2019\/07\/19\/future-se-quer-alterar-a-ldb-e-outras-16-leis-em-vigor-leia-o-texto-preliminar-elaborado-pelo-mec.ghtml\">N\u00e3o. Ele, por enquanto, \u00e9 apenas um \u201crascunho\u201d, um projeto.<\/a> At\u00e9 o dia 15 de agosto, qualquer cidad\u00e3o pode se cadastrar na consulta p\u00fablica e fazer sugest\u00f5es e coment\u00e1rios sobre a ideia que foi apresentada.<\/p>\n<\/div>\n<div class=\"mc-column content-text active-extra-styles \" data-block-type=\"unstyled\" data-block-weight=\"43\" data-block-id=\"12\">\n<p class=\"content-text__container \" data-track-category=\"Link no Texto\" data-track-links=\"\">Depois, o MEC ir\u00e1 compilar as respostas e analisar se far\u00e1 mudan\u00e7as no texto. S\u00f3 ent\u00e3o o Future-se ser\u00e1 apresentado ao Congresso Nacional \u2013 segundo a pasta, sob a forma de um projeto de lei ou de um decreto do Poder Executivo.<\/p>\n<\/div>\n<div class=\"mc-column content-text active-extra-styles \" data-block-type=\"unstyled\" data-block-weight=\"14\" data-block-id=\"13\">\n<p class=\"content-text__container \" data-track-category=\"Link no Texto\" data-track-links=\"\">Supondo que se torne um PL, o caminho a ser percorrido \u00e9 o seguinte:<\/p>\n<\/div>\n<div class=\"mc-column content-text active-extra-styles\" data-block-type=\"raw\" data-block-weight=\"67\" data-block-id=\"14\">\n<ul class=\"content-unordered-list\">\n<li>Ser apresentado na C\u00e2mara ou no Senado. Se come\u00e7ar a tramitar na C\u00e2mara, vai depois para o Senado \u2013 e vice-versa.<\/li>\n<li>Em cada uma das Casas, os parlamentares analisam, discutem e votam a proposta original. Podem sugerir mudan\u00e7as.<\/li>\n<li>Depois de aprovado pelo Congresso, \u00e9 enviado ao presidente da Rep\u00fablica, que analisa o texto. Ele pode vetar o projeto inteiro ou partes dele.<\/li>\n<li>Se concordar, sanciona a lei.<\/li>\n<\/ul>\n<\/div>\n<div class=\"mc-column content-text active-extra-styles\" data-block-type=\"raw\" data-block-weight=\"5\" data-block-id=\"15\">\n<div class=\"content-intertitle\">\n<h2>O que s\u00e3o organiza\u00e7\u00f5es sociais?<\/h2>\n<\/div>\n<\/div>\n<div class=\"mc-column content-text active-extra-styles \" data-block-type=\"unstyled\" data-block-weight=\"44\" data-block-id=\"16\">\n<p class=\"content-text__container \" data-track-category=\"Link no Texto\" data-track-links=\"\">As organiza\u00e7\u00f5es sociais s\u00e3o entidades privadas, sem fins lucrativos: s\u00e3o obrigadas a investir na pr\u00f3pria atividade todo o dinheiro excedente. Devem atuar em \u00e1reas relacionadas ao ensino, \u00e0 pesquisa cient\u00edfica, ao desenvolvimento tecnol\u00f3gico, \u00e0 preserva\u00e7\u00e3o do meio ambiente, \u00e0 cultura e \u00e0 sa\u00fade.<\/p>\n<\/div>\n<div class=\"mc-column content-text active-extra-styles \" data-block-type=\"unstyled\" data-block-weight=\"18\" data-block-id=\"17\">\n<p class=\"content-text__container \" data-track-category=\"Link no Texto\" data-track-links=\"\">Elas foram criadas na gest\u00e3o do ex-presidente Fernando Henrique Cardoso, em 1998, pela Lei das Organiza\u00e7\u00f5es Sociais.<\/p>\n<\/div>\n<div class=\"mc-column content-text active-extra-styles \" data-block-type=\"unstyled\" data-block-weight=\"21\" data-block-id=\"18\">\n<p class=\"content-text__container \" data-track-category=\"Link no Texto\" data-track-links=\"\">Podem ser parceiras de \u00f3rg\u00e3os p\u00fablicos, como de hospitais ou universidades. At\u00e9 hoje, os conv\u00eanios ocorreram principalmente no setor de sa\u00fade.<\/p>\n<\/div>\n<div class=\"mc-column content-text active-extra-styles \" data-block-type=\"unstyled\" data-block-weight=\"61\" data-block-id=\"19\">\n<p class=\"content-text__container \" data-track-category=\"Link no Texto\" data-track-links=\"\">Em 2015, o Supremo Tribunal Federal (STF) decidiu que as organiza\u00e7\u00f5es sociais poderiam, de fato, prestar servi\u00e7os no poder p\u00fablico, dispensando licita\u00e7\u00f5es. Segundo os ministros, a condi\u00e7\u00e3o \u00e9 que o trabalho seja conduzido de forma objetiva e impessoal, seguindo os princ\u00edpios constitucionais. Na a\u00e7\u00e3o, o Partido dos Trabalhadores (PT) e o Partido Democr\u00e1tico Trabalhista (PDT) questionavam a validade dessas parcerias.<\/p>\n<div class=\"mc-column content-text active-extra-styles\" data-block-type=\"raw\" data-block-weight=\"5\" data-block-id=\"21\">\n<div class=\"content-intertitle\">\n<h2>Quais organiza\u00e7\u00f5es sociais poderiam participar?<\/h2>\n<\/div>\n<\/div>\n<div class=\"mc-column content-text active-extra-styles \" data-block-type=\"unstyled\" data-block-weight=\"55\" data-block-id=\"22\">\n<p class=\"content-text__container \" data-track-category=\"Link no Texto\" data-track-links=\"\">As organiza\u00e7\u00f5es sociais que poder\u00e3o participar do Future-se, caso ele seja aprovado, precisam ser ligadas a ensino, pesquisa cient\u00edfica, desenvolvimento tecnol\u00f3gico ou cultura. Em entrevista ao <strong>G1<\/strong> em julho, Arnaldo Barbosa de Lima Junior, secret\u00e1rio de Educa\u00e7\u00e3o Superior do MEC, afirmou que, em um primeiro momento, <a href=\"https:\/\/g1.globo.com\/educacao\/noticia\/2019\/07\/24\/future-se-usara-num-primeiro-momento-apenas-organizacoes-sociais-ja-qualificadas-diz-secretario.ghtml\">apenas OS j\u00e1 qualificadas pelo governo federal poderiam participar<\/a>.<\/p>\n<\/div>\n<div class=\"mc-column content-text active-extra-styles \" data-block-type=\"unstyled\" data-block-weight=\"26\" data-block-id=\"23\">\n<p class=\"content-text__container \" data-track-category=\"Link no Texto\" data-track-links=\"\">Elas t\u00eam de ser credenciadas pelo Minist\u00e9rio da Educa\u00e7\u00e3o ou por outros minist\u00e9rios. Alguns exemplos de OS vinculadas ao Minist\u00e9rio da Ci\u00eancia, Tecnologia, Inova\u00e7\u00f5es e Comunica\u00e7\u00f5es:<\/p>\n<\/div>\n<div class=\"mc-column content-text active-extra-styles\" data-block-type=\"raw\" data-block-weight=\"94\" data-block-id=\"24\">\n<ul class=\"content-unordered-list\">\n<li><strong>Empresa Brasileira de Pesquisa e Inova\u00e7\u00e3o Industrial (Embrapii): <\/strong>busca estimular projetos de coopera\u00e7\u00e3o entre empresas nacionais e institui\u00e7\u00f5es de pesquisa para gerar inova\u00e7\u00e3o em produtos e projetos.<\/li>\n<li><strong>Centro Nacional de Pesquisa em Energia e Materiais (CNPEM):<\/strong>fomenta a pesquisa e o desenvolvimento tecnol\u00f3gico de alta performance na Am\u00e9rica Latina, nas \u00e1reas de ci\u00eancia dos materiais, bioci\u00eancias, nanotecnologia e bioenergia. Pesquisadores utilizam os laborat\u00f3rios do CNPEM.<\/li>\n<li><strong>Instituto Nacional De Matem\u00e1tica Pura e Aplicada (Impa): <\/strong>faz pesquisas em matem\u00e1tica, forma pesquisadores, dissemina o conhecimento matem\u00e1tico e o integra \u00e0s \u00e1reas da ci\u00eancia, cultura e educa\u00e7\u00e3o.<\/li>\n<\/ul>\n<\/div>\n<div class=\"mc-column content-text active-extra-styles \" data-block-type=\"unstyled\" data-block-weight=\"6\" data-block-id=\"25\">\n<p class=\"content-text__container \" data-track-category=\"Link no Texto\" data-track-links=\"\">E um exemplo vinculado ao MEC:<\/p>\n<\/div>\n<div class=\"mc-column content-text active-extra-styles\" data-block-type=\"raw\" data-block-weight=\"41\" data-block-id=\"26\">\n<ul class=\"content-unordered-list\">\n<li><strong>Empresa Brasileira de Servi\u00e7os Hospitalares (Ebserh): <\/strong>presta servi\u00e7os de apoio ao ensino, \u00e0 pesquisa e \u00e0 extens\u00e3o na forma\u00e7\u00e3o de profissionais de sa\u00fade em institui\u00e7\u00f5es federais. \u00c9 a maior rede de hospitais p\u00fablicos do Brasil \u2013 atua em 40 hospitais universit\u00e1rios.<\/li>\n<\/ul>\n<\/div>\n<div class=\"mc-column content-text active-extra-styles \" data-block-type=\"unstyled\" data-block-weight=\"21\" data-block-id=\"27\">\n<p class=\"content-text__container \" data-track-category=\"Link no Texto\" data-track-links=\"\">Ainda n\u00e3o se sabe se haver\u00e1 um processo de qualifica\u00e7\u00e3o para selecionar as que est\u00e3o aptas a entrar no programa.<\/p>\n<\/div>\n<div class=\"mc-column content-text active-extra-styles \" data-block-type=\"unstyled\" data-block-weight=\"37\" data-block-id=\"28\">\n<p class=\"content-text__container \" data-track-category=\"Link no Texto\" data-track-links=\"\">Tamb\u00e9m n\u00e3o est\u00e1 definido um n\u00famero de organiza\u00e7\u00f5es que poderiam ser contratadas, se uma mesma OS poderia atuar em mais de uma universidade ou se uma institui\u00e7\u00e3o de ensino poderia ter mais de uma OS como parceira.<\/p>\n<div class=\"mc-column content-text active-extra-styles \" data-block-type=\"unstyled\" data-block-weight=\"37\" data-block-id=\"28\">\n<p class=\"content-text__container \" data-track-category=\"Link no Texto\" data-track-links=\"\">\n<\/div>\n<div class=\"mc-column content-media content-video\" data-block-type=\"backstage-video\" data-block-id=\"29\">\n<div class=\"content-media__container\">\n<div class=\"content-video__bigger-player-description-fixer content-media__container--loaded\">\n<div class=\"content-video__video\">\n<div id=\"wp3-player-1\" class=\"clappr-player\" tabindex=\"9999\" data-player=\"\">\n<div class=\"dfp-ad-overlay dfp-ad-overlay--poster-mode\">\n<div class=\"container master-container pointer-enabled\" data-container=\"\" data-pip=\"\">\n<div class=\"poster\">\n<div class=\"id-playback\" data-id-playback=\"\">\n<p><video id=\"c31\" poster=\"https:\/\/s02.video.glbimg.com\/x720\/7773485.jpg\" preload=\"none\" width=\"300\" height=\"150\" data-html5-video=\"\" data-mce-fragment=\"1\"><\/video><\/p>\n<div class=\"media-control media-control-hide\">\n<div class=\"media-control-panel\">\n<div class=\"media-control-panel__back-layer\">\n<div class=\"media-control-position__right\"><\/div>\n<\/div>\n<div class=\"media-control-panel__upper\">\n<div class=\"opposites-container\">\n<div class=\"media-control-position__left\">\n<div class=\"video-info media-control-element video-info--inline\" data-video-info=\"\">\n<div class=\"video-info__data\">\n<div class=\"video-info__data-title\">\u2018Future-se\u2019: governo quer incentivar capta\u00e7\u00e3o de verba privada em universidades p\u00fablicas<\/div>\n<div class=\"video-info__data-program\">Jornal das Dez<\/div>\n<\/div>\n<\/div>\n<\/div>\n<div class=\"media-control-panel__middle\">\n<div class=\"quick-seek hidden media-control-element\">\n<div class=\"media-control-panel__between\">\n<div class=\"media-control-position__between\">\n<div class=\"quick-seek-hint hidden media-control-element\">\n<div class=\"media-control-panel__modal\"><\/div>\n<\/div>\n<div class=\"content-video__height\"><\/div>\n<div class=\"content-video__placeholder\" data-video-id=\"7773485\"><img data-recalc-dims=\"1\" decoding=\"async\" class=\"content-video__placeholder__thumb\" title=\"\u2018Future-se\u2019: governo quer incentivar capta\u00e7\u00e3o de verba privada em universidades p\u00fablicas\" src=\"https:\/\/i0.wp.com\/s02.video.glbimg.com\/x720\/7773485.jpg?w=1200&#038;ssl=1\" alt=\"\u2018Future-se\u2019: governo quer incentivar capta\u00e7\u00e3o de verba privada em universidades p\u00fablicas\" \/><\/div>\n<\/div>\n<\/div>\n<\/div>\n<div class=\"content-ads content-ads--reveal\" data-block-type=\"ads\" data-block-id=\"30\">\n<div id=\"banner_materia__35c8bfc5-97cb-4466-a21a-1b3983d031c8\" class=\"tag-manager-publicidade-container mc-has-reveal mc-has-ad-lazyload tag-manager-publicidade-banner_materia__35c8bfc5-97cb-4466-a21a-1b3983d031c8 tag-manager-publicidade-container--carregado tag-manager-publicidade-container--visivel\" data-id=\"banner_materia__35c8bfc5-97cb-4466-a21a-1b3983d031c8\" data-google-query-id=\"COHGx4_7juQCFSrJ4QodgjUNjw\" data-cid=\"138281023613\" data-lid=\"5142478727\"><\/div>\n<\/div>\n<\/div>\n<\/div>\n<\/div>\n<\/div>\n<\/div>\n<\/div>\n<\/div>\n<\/div>\n<\/div>\n<\/div>\n<\/div>\n<\/div>\n<\/div>\n<\/div>\n<\/div>\n<div class=\"mc-column content-text active-extra-styles\" data-block-type=\"raw\" data-block-weight=\"7\" data-block-id=\"31\">\n<div class=\"content-intertitle\">\n<h2>Quais s\u00e3o os principais pontos do Future-se?<\/h2>\n<\/div>\n<\/div>\n<div class=\"mc-column content-text active-extra-styles \" data-block-type=\"unstyled\" data-block-weight=\"21\" data-block-id=\"32\">\n<p class=\"content-text__container \" data-track-category=\"Link no Texto\" data-track-links=\"\">Segundo a minuta divulgada pelo MEC e o texto disponibilizado para consulta p\u00fablica, os principais eixos do Future-se seriam os seguintes:<\/p>\n<\/div>\n<div class=\"mc-column content-text active-extra-styles\" data-block-type=\"raw\" data-block-weight=\"5\" data-block-id=\"33\">\n<ul class=\"content-unordered-list\">\n<li><strong>1- Governan\u00e7a, gest\u00e3o e empreendedorismo: <\/strong><\/li>\n<\/ul>\n<\/div>\n<div class=\"mc-column content-text active-extra-styles \" data-block-type=\"unstyled\" data-block-weight=\"38\" data-block-id=\"34\">\n<p class=\"content-text__container \" data-track-category=\"Link no Texto\" data-track-links=\"\">O conv\u00eanio com as organiza\u00e7\u00f5es sociais ajudaria na administra\u00e7\u00e3o de recursos, na ouvidoria e no est\u00edmulo a parcerias com o setor empresarial, como startups. A universidade passaria tamb\u00e9m a participar de fundos de investimento (mais explica\u00e7\u00f5es abaixo).<\/p>\n<\/div>\n<div class=\"mc-column content-text active-extra-styles \" data-block-type=\"unstyled\" data-block-weight=\"44\" data-block-id=\"35\">\n<p class=\"content-text__container \" data-track-category=\"Link no Texto\" data-track-links=\"\">Al\u00e9m disso, como acontece em est\u00e1dios de futebol, a institui\u00e7\u00e3o de ensino poderia receber alguma compensa\u00e7\u00e3o financeira para nomear um local ou um evento com o nome de uma empresa ou de uma pessoa (um audit\u00f3rio, uma feira de livros, uma sala de computadores).<\/p>\n<\/div>\n<div class=\"mc-column content-text active-extra-styles\" data-block-type=\"raw\" data-block-weight=\"4\" data-block-id=\"36\">\n<ul class=\"content-unordered-list\">\n<li><strong>2- Pesquisa e inova\u00e7\u00e3o:<\/strong><\/li>\n<\/ul>\n<\/div>\n<div class=\"mc-column content-text active-extra-styles \" data-block-type=\"unstyled\" data-block-weight=\"29\" data-block-id=\"37\">\n<p class=\"content-text__container \" data-track-category=\"Link no Texto\" data-track-links=\"\">O Future-se, por meio das organiza\u00e7\u00f5es sociais, aumentaria a rela\u00e7\u00e3o das universidades com o setor empresarial, melhoraria as pesquisas, atrairia a instala\u00e7\u00e3o de laborat\u00f3rios, facilitaria parceria com universidades estrangeiras.<\/p>\n<\/div>\n<div class=\"mc-column content-text active-extra-styles \" data-block-type=\"unstyled\" data-block-weight=\"14\" data-block-id=\"38\">\n<p class=\"content-text__container \" data-track-category=\"Link no Texto\" data-track-links=\"\">Servidores p\u00fablicos, como professores universit\u00e1rios, poderiam prestar atividades nesse sentido, mas como algo privado.<\/p>\n<\/div>\n<div class=\"mc-column content-text active-extra-styles\" data-block-type=\"raw\" data-block-weight=\"2\" data-block-id=\"39\">\n<ul class=\"content-unordered-list\">\n<li><strong>3- Internacionaliza\u00e7\u00e3o: <\/strong><\/li>\n<\/ul>\n<\/div>\n<div class=\"mc-column content-text active-extra-styles \" data-block-type=\"unstyled\" data-block-weight=\"46\" data-block-id=\"40\">\n<p class=\"content-text__container \" data-track-category=\"Link no Texto\" data-track-links=\"\">As universidades e as organiza\u00e7\u00f5es sociais passariam a promover cursos de idiomas para os professores, a partir de parcerias com institui\u00e7\u00f5es privadas; interc\u00e2mbio entre universidades e bolsas para alunos em institui\u00e7\u00f5es estrangeiras. Tamb\u00e9m premiariam alunos com \u201cdestaque intelectual\u201d e promoveriam o fluxo de professores em interc\u00e2mbios.<\/p>\n<\/div>\n<div class=\"mc-column content-text active-extra-styles \" data-block-type=\"unstyled\" data-block-weight=\"36\" data-block-id=\"41\">\n<p class=\"content-text__container \" data-track-category=\"Link no Texto\" data-track-links=\"\">Nesse segmento, inclusive, haveria uma mudan\u00e7a na Lei de Diretrizes e Bases da Educa\u00e7\u00e3o Nacional (LDB): o programa facilitaria o reconhecimento de diplomas estrangeiros, inclusive em universidades privadas. Atualmente, o processo ocorre apenas em institui\u00e7\u00f5es p\u00fablicas.<\/p>\n<\/div>\n<div class=\"mc-column content-text active-extra-styles\" data-block-type=\"raw\" data-block-weight=\"4\" data-block-id=\"42\">\n<div class=\"content-intertitle\">\n<h2>Haveria um contrato formal?<\/h2>\n<\/div>\n<\/div>\n<div class=\"mc-column content-text active-extra-styles \" data-block-type=\"unstyled\" data-block-weight=\"16\" data-block-id=\"43\">\n<p class=\"content-text__container \" data-track-category=\"Link no Texto\" data-track-links=\"\">Sim, o contrato seria firmado entre a Uni\u00e3o, a universidade federal e a organiza\u00e7\u00e3o social.<\/p>\n<\/div>\n<div class=\"mc-column content-text active-extra-styles \" data-block-type=\"unstyled\" data-block-weight=\"62\" data-block-id=\"44\">\n<p class=\"content-text__container \" data-track-category=\"Link no Texto\" data-track-links=\"\">Ele teria um plano de a\u00e7\u00e3o para os pr\u00f3ximos 4 anos, com metas de desempenho e prazos; acompanhamento de resultados; diretrizes de governan\u00e7a e de gest\u00e3o da pol\u00edtica de pessoal &#8211; com crit\u00e9rios para ocupa\u00e7\u00e3o de cargos de dire\u00e7\u00e3o e condi\u00e7\u00f5es para suspender contrato. Isso gera d\u00favida sobre a interfer\u00eancia da organiza\u00e7\u00e3o social na defini\u00e7\u00e3o do quadro de funcion\u00e1rios da universidade.<\/p>\n<div class=\"mc-column content-text active-extra-styles \" data-block-type=\"unstyled\" data-block-weight=\"48\" data-block-id=\"46\">\n<p class=\"content-text__container \" data-track-category=\"Link no Texto\" data-track-links=\"\">N\u00e3o est\u00e1 especificado, por enquanto, at\u00e9 que ponto a organiza\u00e7\u00e3o social poderia agir na candidatura e na sele\u00e7\u00e3o de pessoas para cargos da institui\u00e7\u00e3o de ensino. O documento afirma apenas que o \u201cComit\u00ea Gestor\u201d definiria os crit\u00e9rios para aceita\u00e7\u00e3o de certifica\u00e7\u00f5es, usados na elei\u00e7\u00e3o de reitores.<\/p>\n<\/div>\n<div class=\"mc-column content-text active-extra-styles\" data-block-type=\"raw\" data-block-weight=\"6\" data-block-id=\"47\">\n<div class=\"content-intertitle\">\n<h2>O que \u00e9 o Comit\u00ea Gestor?<\/h2>\n<\/div>\n<\/div>\n<div class=\"mc-column content-text active-extra-styles \" data-block-type=\"unstyled\" data-block-weight=\"46\" data-block-id=\"48\">\n<p class=\"content-text__container \" data-track-category=\"Link no Texto\" data-track-links=\"\">Um \u201cComit\u00ea Gestor\u201d vai \u201cdefinir as diretrizes de a\u00e7\u00e3o, fazer avalia\u00e7\u00f5es de desempenho, assessorar as universidades na governan\u00e7a; definir crit\u00e9rio para aceita\u00e7\u00e3o de certifica\u00e7\u00f5es, usados na elei\u00e7\u00e3o de reitores; garantir limites de gasto com pessoal; assegurar que os recursos v\u00e3o ser destinados aos setores certos\u201d.<\/p>\n<\/div>\n<div class=\"mc-column content-text active-extra-styles \" data-block-type=\"unstyled\" data-block-weight=\"68\" data-block-id=\"49\">\n<p class=\"content-text__container \" data-track-category=\"Link no Texto\" data-track-links=\"\">A exist\u00eancia desse comit\u00ea gerou pol\u00eamica nas institui\u00e7\u00f5es de ensino. Em comunicado, universidades federais do Rio de Janeiro afirmaram: \u201ca proposta tem aspecto de uma carta branca para que um \u00f3rg\u00e3o externo, composto por membros ainda desconhecidos, e sem necessidade de licita\u00e7\u00e3o p\u00fablica, intervenha n\u00e3o somente na gest\u00e3o, mas nas pol\u00edticas acad\u00eamicas do ensino superior, o que pode configurar um atentado ao princ\u00edpio constitucional da autonomia das universidades\u201d.<\/p>\n<\/div>\n<div class=\"mc-column content-text active-extra-styles\" data-block-type=\"raw\" data-block-weight=\"6\" data-block-id=\"50\">\n<div class=\"content-intertitle\">\n<h2>A ades\u00e3o ao Future-se \u00e9 obrigat\u00f3ria?<\/h2>\n<\/div>\n<\/div>\n<div class=\"mc-column content-text active-extra-styles \" data-block-type=\"unstyled\" data-block-weight=\"38\" data-block-id=\"51\">\n<p class=\"content-text__container \" data-track-category=\"Link no Texto\" data-track-links=\"\">N\u00e3o. Cada universidade decide se quer aderir ao programa. O ministro da Educa\u00e7\u00e3o, Abraham Weintraub, definiu o modelo como \u201ctudo ou nada\u201d: as institui\u00e7\u00f5es que aceitarem participar ter\u00e3o de cumprir integralmente o que est\u00e1 estabelecido nas normas.<\/p>\n<\/div>\n<div class=\"mc-column content-text active-extra-styles\" data-block-type=\"raw\" data-block-weight=\"7\" data-block-id=\"52\">\n<div class=\"content-intertitle\">\n<h2>Quais seriam as tarefas da organiza\u00e7\u00e3o social?<\/h2>\n<\/div>\n<\/div>\n<div class=\"mc-column content-text active-extra-styles \" data-block-type=\"unstyled\" data-block-weight=\"27\" data-block-id=\"53\">\n<p class=\"content-text__container \" data-track-category=\"Link no Texto\" data-track-links=\"\">As atividades da organiza\u00e7\u00e3o social n\u00e3o ficariam limitadas a tarefas como vigil\u00e2ncia, manuten\u00e7\u00e3o e limpeza: seriam &#8220;dirigidas ao ensino, \u00e0 pesquisa cient\u00edfica, ao desenvolvimento tecnol\u00f3gico, \u00e0 cultura\u201d.<\/p>\n<\/div>\n<div class=\"mc-column content-text active-extra-styles \" data-block-type=\"unstyled\" data-block-weight=\"3\" data-block-id=\"54\">\n<p class=\"content-text__container \" data-track-category=\"Link no Texto\" data-track-links=\"\">Isso envolveria:<\/p>\n<\/div>\n<div class=\"mc-column content-text active-extra-styles\" data-block-type=\"raw\" data-block-weight=\"58\" data-block-id=\"55\">\n<ul class=\"content-unordered-list\">\n<li>Apoiar atividades de internacionaliza\u00e7\u00e3o, gest\u00e3o e pesquisa;<\/li>\n<li>Fazer processos de gest\u00e3o de recursos para investimentos em empreendedorismo e em pesquisa;<\/li>\n<li>Auxiliar na execu\u00e7\u00e3o de planos de ensino, pesquisa e extens\u00e3o;<\/li>\n<li>Ajudar na gest\u00e3o dos im\u00f3veis da universidade;<\/li>\n<li>Informar sempre sobre receitas e despesas; sal\u00e1rios de seus colaboradores; metas; presta\u00e7\u00e3o de contas;<\/li>\n<li>Ter c\u00f3digo de \u00e9tica e de conduta.<\/li>\n<\/ul>\n<div class=\"mc-column content-text active-extra-styles \" data-block-type=\"unstyled\" data-block-weight=\"18\" data-block-id=\"57\">\n<p class=\"content-text__container \" data-track-category=\"Link no Texto\" data-track-links=\"\">Em uma mesma universidade, haveria funcion\u00e1rios contratados pela organiza\u00e7\u00e3o social, em regime CLT, e profissionais da universidade, concursados.<\/p>\n<\/div>\n<div class=\"mc-column content-text active-extra-styles\" data-block-type=\"raw\" data-block-weight=\"7\" data-block-id=\"58\">\n<div class=\"content-intertitle\">\n<h2>A universidade perderia autonomia com o Future-se?<\/h2>\n<\/div>\n<\/div>\n<div class=\"mc-column content-text active-extra-styles \" data-block-type=\"unstyled\" data-block-weight=\"67\" data-block-id=\"59\">\n<p class=\"content-text__container \" data-track-category=\"Link no Texto\" data-track-links=\"\">Esse \u00e9 um ponto de discuss\u00e3o. Os cr\u00edticos ao projeto afirmam que sim: o texto do Future-se menciona que as institui\u00e7\u00f5es de ensino precisariam seguir as diretrizes de governan\u00e7a definidas pelo MEC (algo ainda em aberto, sem detalhes). Isso poderia abrir uma brecha para a perda de autonomia na gest\u00e3o. Tamb\u00e9m mencionam que a organiza\u00e7\u00e3o social n\u00e3o poderia interferir nas disciplinas oferecidas e nos conte\u00fados ensinados.<\/p>\n<\/div>\n<div class=\"mc-column content-text active-extra-styles \" data-block-type=\"unstyled\" data-block-weight=\"39\" data-block-id=\"60\">\n<p class=\"content-text__container \" data-track-category=\"Link no Texto\" data-track-links=\"\">Al\u00e9m disso, reitores de universidades federais afirmam que a preocupa\u00e7\u00e3o com inova\u00e7\u00f5es tecnol\u00f3gicas e a aproxima\u00e7\u00e3o com empresas pode reger as pesquisas segundo as vontades do mercado. As ci\u00eancias humanas, consequentemente, correriam risco de ficarem \u00e0 margem dos investimentos.<\/p>\n<\/div>\n<div class=\"mc-column content-text active-extra-styles \" data-block-type=\"unstyled\" data-block-weight=\"10\" data-block-id=\"61\">\n<p class=\"content-text__container \" data-track-category=\"Link no Texto\" data-track-links=\"\">H\u00e1 tamb\u00e9m a quest\u00e3o da escolha de reitores, mencionada acima.<\/p>\n<\/div>\n<div class=\"mc-column content-text active-extra-styles \" data-block-type=\"unstyled\" data-block-weight=\"20\" data-block-id=\"62\">\n<p class=\"content-text__container \" data-track-category=\"Link no Texto\" data-track-links=\"\">O MEC nega que o projeto represente uma privatiza\u00e7\u00e3o da rede federal. E refor\u00e7a que as universidades n\u00e3o perderiam autonomia.<\/p>\n<\/div>\n<div class=\"mc-column content-text active-extra-styles\" data-block-type=\"raw\" data-block-weight=\"9\" data-block-id=\"63\">\n<div class=\"content-intertitle\">\n<h2>Como o Future-se altera as quest\u00f5es financeiras das universidades?<\/h2>\n<\/div>\n<\/div>\n<div class=\"mc-column content-text active-extra-styles \" data-block-type=\"unstyled\" data-block-weight=\"58\" data-block-id=\"64\">\n<p class=\"content-text__container \" data-track-category=\"Link no Texto\" data-track-links=\"\">Existiria um fundo, vinculado ao MEC, que teria como recursos: receitas vindas da presta\u00e7\u00e3o de servi\u00e7o (estudos, pesquisas, consultorias), comercializa\u00e7\u00e3o de bens e produtos com a marca da institui\u00e7\u00e3o, aplica\u00e7\u00f5es financeiras, alugu\u00e9is, explora\u00e7\u00e3o de direitos de propriedade intelectual, matr\u00edculas e mensalidades de p\u00f3s gradua\u00e7\u00e3o LATO SENSU (especializa\u00e7\u00f5es); doa\u00e7\u00f5es, ganhos de capital, quantia vinda de leis de incentivo fiscal.<\/p>\n<\/div>\n<div class=\"mc-column content-text active-extra-styles \" data-block-type=\"unstyled\" data-block-weight=\"39\" data-block-id=\"65\">\n<p class=\"content-text__container \" data-track-category=\"Link no Texto\" data-track-links=\"\">N\u00e3o se sabe se seria um \u00fanico fundo para todas as universidades participantes \u2013 ou se cada uma teria o seu. Tamb\u00e9m n\u00e3o est\u00e1 claro como os recursos seriam distribu\u00eddos entre as institui\u00e7\u00f5es de ensino: quais seriam os crit\u00e9rios?<\/p>\n<\/div>\n<div class=\"mc-column content-text active-extra-styles \" data-block-type=\"unstyled\" data-block-weight=\"5\" data-block-id=\"66\">\n<p class=\"content-text__container \" data-track-category=\"Link no Texto\" data-track-links=\"\">Al\u00e9m disso, pelo Future-se:<\/p>\n<\/div>\n<div class=\"mc-column content-text active-extra-styles\" data-block-type=\"raw\" data-block-weight=\"148\" data-block-id=\"67\">\n<ul class=\"content-unordered-list\">\n<li>A Uni\u00e3o e a universidade poderiam repassar recursos or\u00e7ament\u00e1rios para a organiza\u00e7\u00e3o social. E tamb\u00e9m permitir que ela use bens p\u00fablicos.<\/li>\n<li>Alguns im\u00f3veis (ociosos) seriam transferidos para o MEC, para servirem como fonte de renda para o Future-se. As organiza\u00e7\u00f5es sociais que recebessem um desses im\u00f3veis deveriam coloc\u00e1-lo em um fundo de investimento, para gerar receita e fomentar atividades de ensino e pesquisa na universidade.<\/li>\n<li>O MEC poderia ter uma cota em fundos de investimento privados, que ainda v\u00e3o ser selecionados.<\/li>\n<li>O MEC poderia doar a renda das contas dos fundos para as organiza\u00e7\u00f5es sociais.<\/li>\n<li>Empresas e ex-alunos poderiam fazer doa\u00e7\u00f5es aos fundos.<\/li>\n<li>Parcerias p\u00fablico-privadas seriam permitidas.<\/li>\n<li>Como j\u00e1 mencionado no in\u00edcio do texto, empresas ou pessoas poderiam pagar para nomear um local da universidade ou um evento (um audit\u00f3rio, uma feira de livros, uma sala de computadores). O mesmo que ocorre com est\u00e1dios de futebol, por exemplo.<\/li>\n<\/ul>\n<div class=\"mc-column content-text active-extra-styles\" data-block-type=\"raw\" data-block-weight=\"8\" data-block-id=\"69\">\n<div class=\"content-intertitle\">\n<h2>J\u00e1 ocorreram irregularidades em parcerias com organiza\u00e7\u00f5es sociais?<\/h2>\n<\/div>\n<\/div>\n<div class=\"mc-column content-text active-extra-styles \" data-block-type=\"unstyled\" data-block-weight=\"30\" data-block-id=\"70\">\n<p class=\"content-text__container \" data-track-category=\"Link no Texto\" data-track-links=\"\">Sim. Entre 2007 e 2009, a gest\u00e3o do Programa de Sa\u00fade da Fam\u00edlia (PSF), em Porto Alegre, pelo Instituto Sollus, resultou em um desvio milion\u00e1rio de recursos p\u00fablicos municipais.<\/p>\n<\/div>\n<div class=\"mc-column content-text active-extra-styles \" data-block-type=\"unstyled\" data-block-weight=\"29\" data-block-id=\"71\">\n<p class=\"content-text__container \" data-track-category=\"Link no Texto\" data-track-links=\"\">Neste ano, em S\u00e3o Paulo, a Secretaria de Assist\u00eancia e Desenvolvimento Social teve de suspender contratos com organiza\u00e7\u00f5es sociais respons\u00e1veis pela gest\u00e3o de abrigos, que estavam em p\u00e9ssimas condi\u00e7\u00f5es.<\/p>\n<\/div>\n<div class=\"mc-column content-text active-extra-styles\" data-block-type=\"raw\" data-block-weight=\"8\" data-block-id=\"72\">\n<div class=\"content-intertitle\">\n<h2>O Future-se altera alguma lei j\u00e1 em vigor?<\/h2>\n<\/div>\n<\/div>\n<div class=\"mc-column content-text active-extra-styles \" data-block-type=\"unstyled\" data-block-weight=\"19\" data-block-id=\"73\">\n<p class=\"content-text__container \" data-track-category=\"Link no Texto\" data-track-links=\"\">Sim, <a href=\"https:\/\/g1.globo.com\/educacao\/noticia\/2019\/07\/19\/future-se-quer-alterar-a-ldb-e-outras-16-leis-em-vigor-leia-o-texto-preliminar-elaborado-pelo-mec.ghtml\">o projeto quer alterar 17 leis em vigor<\/a>. As duas principais s\u00e3o a LDB e a Lei Rouanet:<\/p>\n<\/div>\n<div class=\"mc-column content-text active-extra-styles \" data-block-type=\"unstyled\" data-block-weight=\"41\" data-block-id=\"74\">\n<p class=\"content-text__container \" data-track-category=\"Link no Texto\" data-track-links=\"\">Na <strong>Lei de Diretrizes e Bases da Educa\u00e7\u00e3o Nacional (LDB)<\/strong>, haveria duas altera\u00e7\u00f5es. Uma delas, j\u00e1 explicada nesta reportagem, permitiria que as universidades particulares tamb\u00e9m reconhecessem e revalidassem diplomas expedidos no exterior. Atualmente, apenas as p\u00fablicas podem desempenhar essa fun\u00e7\u00e3o.<\/p>\n<\/div>\n<div class=\"mc-column content-text active-extra-styles \" data-block-type=\"unstyled\" data-block-weight=\"23\" data-block-id=\"75\">\n<p class=\"content-text__container \" data-track-category=\"Link no Texto\" data-track-links=\"\">N\u00e3o ficou claro o porqu\u00ea de essa medida estar no Future-se, j\u00e1 que n\u00e3o possui rela\u00e7\u00e3o com a situa\u00e7\u00e3o or\u00e7ament\u00e1ria das federais.<\/p>\n<\/div>\n<div class=\"mc-column content-text active-extra-styles \" data-block-type=\"unstyled\" data-block-weight=\"48\" data-block-id=\"76\">\n<p class=\"content-text__container \" data-track-category=\"Link no Texto\" data-track-links=\"\">A outra decis\u00e3o seria aceitar o \u201cnot\u00f3rio saber\u201d de um profissional: em vez de a universidade exigir um t\u00edtulo acad\u00eamico para contratar algu\u00e9m, poderia reconhecer a capacidade de quem fez trabalhos importantes, contribuiu com o desenvolvimento do pa\u00eds e demonstrou alta qualifica\u00e7\u00e3o em um campo de conhecimento.<\/p>\n<\/div>\n<div class=\"mc-column content-text active-extra-styles \" data-block-type=\"unstyled\" data-block-weight=\"24\" data-block-id=\"77\">\n<p class=\"content-text__container \" data-track-category=\"Link no Texto\" data-track-links=\"\">A <strong>Lei Rouanet<\/strong>, que fomenta projetos culturais, poderia financiar tamb\u00e9m atividades de pesquisa e de extens\u00e3o, al\u00e9m de bancar museus e bibliotecas universit\u00e1rias.<\/p>\n<\/div>\n<div class=\"mc-column content-text active-extra-styles\" data-block-type=\"raw\" data-block-weight=\"5\" data-block-id=\"78\">\n<div class=\"content-intertitle\">\n<h2>Outras d\u00favidas, ainda n\u00e3o respondidas:<\/h2>\n<\/div>\n<\/div>\n<div class=\"mc-column content-text active-extra-styles\" data-block-type=\"raw\" data-block-weight=\"114\" data-block-id=\"79\">\n<ul class=\"content-unordered-list\">\n<li>N\u00e3o se sabe <a href=\"https:\/\/g1.globo.com\/educacao\/noticia\/2019\/07\/25\/ausencia-do-sistema-nacional-de-desenvolvimento-da-ciencia-no-future-se-e-preocupante-e-equivoco-grave-diz-confies.ghtml\">como ficar\u00e1 a situa\u00e7\u00e3o das funda\u00e7\u00f5es de apoio<\/a> \u2013 entidades privadas, sem fins lucrativos, que j\u00e1 s\u00e3o parceiras de institutos e universidades federais na capta\u00e7\u00e3o de recursos.<\/li>\n<li>N\u00e3o ficou claro at\u00e9 que ponto a organiza\u00e7\u00e3o social poder\u00e1 interferir na sele\u00e7\u00e3o dos reitores, por exemplo.<\/li>\n<li>N\u00e3o est\u00e1 definido qual o n\u00famero de professores que participariam do interc\u00e2mbio com universidades estrangeiras \u2013 nem quantos receberiam cursos de idiomas aqui no Brasil.<\/li>\n<li>O texto da consulta p\u00fablica tem diferen\u00e7as em rela\u00e7\u00e3o ao projeto de lei divulgado. N\u00e3o se sabe qual ser\u00e1 a vers\u00e3o que receber\u00e1 as contribui\u00e7\u00f5es da consulta p\u00fablica.<\/li>\n<li>O sistema de \u201cgovernan\u00e7a\u201d, desempenhado pelas organiza\u00e7\u00f5es sociais nas universidades, tamb\u00e9m n\u00e3o foi detalhado.<\/li>\n<\/ul>\n<\/div>\n<\/div>\n<\/div>\n<\/div>\n<\/div>\n<\/div>\n<\/div>\n<\/div>\n<\/div>\n<\/div>\n<\/div>\n","protected":false},"excerpt":{"rendered":"<p>G1, 03\/08\/2019 &nbsp; Lan\u00e7ada h\u00e1 duas semanas pelo Minist\u00e9rio da Educa\u00e7\u00e3o, proposta de contrata\u00e7\u00e3o de Organiza\u00e7\u00f5es Sociais e fomento de financiamento por meio de fundos privados ainda \u00e9 alvo de&hellip;<\/p>\n","protected":false},"author":17,"featured_media":0,"comment_status":"closed","ping_status":"closed","sticky":false,"template":"","format":"standard","meta":{"_acf_changed":false,"_jetpack_newsletter_access":"","_jetpack_dont_email_post_to_subs":false,"_jetpack_newsletter_tier_id":0,"_jetpack_memberships_contains_paywalled_content":false,"_jetpack_memberships_contains_paid_content":false,"footnotes":"","_links_to":"","_links_to_target":""},"categories":[1163,1164],"tags":[],"class_list":["post-21238","post","type-post","status-publish","format-standard","hentry","category-clipping-cnpem","category-noticia-home","category-1163","category-1164","description-off"],"acf":[],"yoast_head":"<!-- This site is optimized with the Yoast SEO plugin v27.5 - https:\/\/yoast.com\/product\/yoast-seo-wordpress\/ -->\n<title>Entenda o que j\u00e1 se sabe sobre o Future-se e o que ainda falta esclarecer - CNPEM<\/title>\n<meta name=\"robots\" content=\"index, follow, max-snippet:-1, max-image-preview:large, max-video-preview:-1\" \/>\n<link rel=\"canonical\" href=\"https:\/\/cnpem.br\/entenda-o-que-ja-se-sabe-sobre-o-future-se-e-o-que-ainda-falta-esclarecer\/\" \/>\n<meta property=\"og:locale\" content=\"en_US\" \/>\n<meta property=\"og:type\" content=\"article\" \/>\n<meta property=\"og:title\" content=\"Entenda o que j\u00e1 se sabe sobre o Future-se e o que ainda falta esclarecer - CNPEM\" \/>\n<meta property=\"og:description\" content=\"G1, 03\/08\/2019 &nbsp; Lan\u00e7ada h\u00e1 duas semanas pelo Minist\u00e9rio da Educa\u00e7\u00e3o, proposta de contrata\u00e7\u00e3o de Organiza\u00e7\u00f5es Sociais e fomento de financiamento por meio de fundos privados ainda \u00e9 alvo de&hellip;\" \/>\n<meta property=\"og:url\" content=\"https:\/\/cnpem.br\/entenda-o-que-ja-se-sabe-sobre-o-future-se-e-o-que-ainda-falta-esclarecer\/\" \/>\n<meta property=\"og:site_name\" content=\"CNPEM\" \/>\n<meta property=\"article:published_time\" content=\"2019-08-19T12:50:16+00:00\" \/>\n<meta property=\"article:modified_time\" content=\"2026-03-02T19:00:02+00:00\" \/>\n<meta property=\"og:image\" content=\"https:\/\/s2.glbimg.com\/WIBQD_grLk29gfIAqpF25jep01o=\/0x0:1164x652\/1008x0\/smart\/filters:strip_icc()\/i.s3.glbimg.com\/v1\/AUTH_59edd422c0c84a879bd37670ae4f538a\/internal_photos\/bs\/2019\/K\/h\/ddEGBoTaGLvb4vLgPz6w\/futurese.jpg\" \/>\n<meta name=\"author\" content=\"Erik Medina\" \/>\n<meta name=\"twitter:card\" content=\"summary_large_image\" \/>\n<meta name=\"twitter:label1\" content=\"Written by\" \/>\n\t<meta name=\"twitter:data1\" content=\"Erik Medina\" \/>\n\t<meta name=\"twitter:label2\" content=\"Est. reading time\" \/>\n\t<meta name=\"twitter:data2\" content=\"13 minutes\" \/>\n<script type=\"application\/ld+json\" class=\"yoast-schema-graph\">{\"@context\":\"https:\\\/\\\/schema.org\",\"@graph\":[{\"@type\":\"Article\",\"@id\":\"https:\\\/\\\/cnpem.br\\\/entenda-o-que-ja-se-sabe-sobre-o-future-se-e-o-que-ainda-falta-esclarecer\\\/#article\",\"isPartOf\":{\"@id\":\"https:\\\/\\\/cnpem.br\\\/entenda-o-que-ja-se-sabe-sobre-o-future-se-e-o-que-ainda-falta-esclarecer\\\/\"},\"author\":{\"name\":\"Erik Medina\",\"@id\":\"https:\\\/\\\/cnpem.br\\\/#\\\/schema\\\/person\\\/b957a8048be4b70d687484cae6b978ef\"},\"headline\":\"Entenda o que j\u00e1 se sabe sobre o Future-se e o que ainda falta esclarecer\",\"datePublished\":\"2019-08-19T12:50:16+00:00\",\"dateModified\":\"2026-03-02T19:00:02+00:00\",\"mainEntityOfPage\":{\"@id\":\"https:\\\/\\\/cnpem.br\\\/entenda-o-que-ja-se-sabe-sobre-o-future-se-e-o-que-ainda-falta-esclarecer\\\/\"},\"wordCount\":2608,\"image\":{\"@id\":\"https:\\\/\\\/cnpem.br\\\/entenda-o-que-ja-se-sabe-sobre-o-future-se-e-o-que-ainda-falta-esclarecer\\\/#primaryimage\"},\"thumbnailUrl\":\"https:\\\/\\\/s2.glbimg.com\\\/WIBQD_grLk29gfIAqpF25jep01o=\\\/0x0:1164x652\\\/1008x0\\\/smart\\\/filters:strip_icc()\\\/i.s3.glbimg.com\\\/v1\\\/AUTH_59edd422c0c84a879bd37670ae4f538a\\\/internal_photos\\\/bs\\\/2019\\\/K\\\/h\\\/ddEGBoTaGLvb4vLgPz6w\\\/futurese.jpg\",\"articleSection\":[\"CNPEM na M\u00eddia\",\"Not\u00edcia Home\"],\"inLanguage\":\"en-US\"},{\"@type\":\"WebPage\",\"@id\":\"https:\\\/\\\/cnpem.br\\\/entenda-o-que-ja-se-sabe-sobre-o-future-se-e-o-que-ainda-falta-esclarecer\\\/\",\"url\":\"https:\\\/\\\/cnpem.br\\\/entenda-o-que-ja-se-sabe-sobre-o-future-se-e-o-que-ainda-falta-esclarecer\\\/\",\"name\":\"Entenda o que j\u00e1 se sabe sobre o Future-se e o que ainda falta esclarecer - CNPEM\",\"isPartOf\":{\"@id\":\"https:\\\/\\\/cnpem.br\\\/#website\"},\"primaryImageOfPage\":{\"@id\":\"https:\\\/\\\/cnpem.br\\\/entenda-o-que-ja-se-sabe-sobre-o-future-se-e-o-que-ainda-falta-esclarecer\\\/#primaryimage\"},\"image\":{\"@id\":\"https:\\\/\\\/cnpem.br\\\/entenda-o-que-ja-se-sabe-sobre-o-future-se-e-o-que-ainda-falta-esclarecer\\\/#primaryimage\"},\"thumbnailUrl\":\"https:\\\/\\\/s2.glbimg.com\\\/WIBQD_grLk29gfIAqpF25jep01o=\\\/0x0:1164x652\\\/1008x0\\\/smart\\\/filters:strip_icc()\\\/i.s3.glbimg.com\\\/v1\\\/AUTH_59edd422c0c84a879bd37670ae4f538a\\\/internal_photos\\\/bs\\\/2019\\\/K\\\/h\\\/ddEGBoTaGLvb4vLgPz6w\\\/futurese.jpg\",\"datePublished\":\"2019-08-19T12:50:16+00:00\",\"dateModified\":\"2026-03-02T19:00:02+00:00\",\"author\":{\"@id\":\"https:\\\/\\\/cnpem.br\\\/#\\\/schema\\\/person\\\/b957a8048be4b70d687484cae6b978ef\"},\"breadcrumb\":{\"@id\":\"https:\\\/\\\/cnpem.br\\\/entenda-o-que-ja-se-sabe-sobre-o-future-se-e-o-que-ainda-falta-esclarecer\\\/#breadcrumb\"},\"inLanguage\":\"en-US\",\"potentialAction\":[{\"@type\":\"ReadAction\",\"target\":[\"https:\\\/\\\/cnpem.br\\\/entenda-o-que-ja-se-sabe-sobre-o-future-se-e-o-que-ainda-falta-esclarecer\\\/\"]}]},{\"@type\":\"ImageObject\",\"inLanguage\":\"en-US\",\"@id\":\"https:\\\/\\\/cnpem.br\\\/entenda-o-que-ja-se-sabe-sobre-o-future-se-e-o-que-ainda-falta-esclarecer\\\/#primaryimage\",\"url\":\"https:\\\/\\\/s2.glbimg.com\\\/WIBQD_grLk29gfIAqpF25jep01o=\\\/0x0:1164x652\\\/1008x0\\\/smart\\\/filters:strip_icc()\\\/i.s3.glbimg.com\\\/v1\\\/AUTH_59edd422c0c84a879bd37670ae4f538a\\\/internal_photos\\\/bs\\\/2019\\\/K\\\/h\\\/ddEGBoTaGLvb4vLgPz6w\\\/futurese.jpg\",\"contentUrl\":\"https:\\\/\\\/s2.glbimg.com\\\/WIBQD_grLk29gfIAqpF25jep01o=\\\/0x0:1164x652\\\/1008x0\\\/smart\\\/filters:strip_icc()\\\/i.s3.glbimg.com\\\/v1\\\/AUTH_59edd422c0c84a879bd37670ae4f538a\\\/internal_photos\\\/bs\\\/2019\\\/K\\\/h\\\/ddEGBoTaGLvb4vLgPz6w\\\/futurese.jpg\"},{\"@type\":\"BreadcrumbList\",\"@id\":\"https:\\\/\\\/cnpem.br\\\/entenda-o-que-ja-se-sabe-sobre-o-future-se-e-o-que-ainda-falta-esclarecer\\\/#breadcrumb\",\"itemListElement\":[{\"@type\":\"ListItem\",\"position\":1,\"name\":\"In\u00edcio\",\"item\":\"https:\\\/\\\/cnpem.br\\\/en\\\/\"},{\"@type\":\"ListItem\",\"position\":2,\"name\":\"Entenda o que j\u00e1 se sabe sobre o Future-se e o que ainda falta esclarecer\"}]},{\"@type\":\"WebSite\",\"@id\":\"https:\\\/\\\/cnpem.br\\\/#website\",\"url\":\"https:\\\/\\\/cnpem.br\\\/\",\"name\":\"Centro Nacional de Pesquisa em Energia e Materiais\",\"description\":\"Centro Nacional de Pesquisa em Energia e Materiais\",\"alternateName\":\"CNPEM\",\"potentialAction\":[{\"@type\":\"SearchAction\",\"target\":{\"@type\":\"EntryPoint\",\"urlTemplate\":\"https:\\\/\\\/cnpem.br\\\/?s={search_term_string}\"},\"query-input\":{\"@type\":\"PropertyValueSpecification\",\"valueRequired\":true,\"valueName\":\"search_term_string\"}}],\"inLanguage\":\"en-US\"},{\"@type\":\"Person\",\"@id\":\"https:\\\/\\\/cnpem.br\\\/#\\\/schema\\\/person\\\/b957a8048be4b70d687484cae6b978ef\",\"name\":\"Erik Medina\",\"url\":\"\"}]}<\/script>\n<!-- \/ Yoast SEO plugin. -->","yoast_head_json":{"title":"Entenda o que j\u00e1 se sabe sobre o Future-se e o que ainda falta esclarecer - CNPEM","robots":{"index":"index","follow":"follow","max-snippet":"max-snippet:-1","max-image-preview":"max-image-preview:large","max-video-preview":"max-video-preview:-1"},"canonical":"https:\/\/cnpem.br\/entenda-o-que-ja-se-sabe-sobre-o-future-se-e-o-que-ainda-falta-esclarecer\/","og_locale":"en_US","og_type":"article","og_title":"Entenda o que j\u00e1 se sabe sobre o Future-se e o que ainda falta esclarecer - CNPEM","og_description":"G1, 03\/08\/2019 &nbsp; Lan\u00e7ada h\u00e1 duas semanas pelo Minist\u00e9rio da Educa\u00e7\u00e3o, proposta de contrata\u00e7\u00e3o de Organiza\u00e7\u00f5es Sociais e fomento de financiamento por meio de fundos privados ainda \u00e9 alvo de&hellip;","og_url":"https:\/\/cnpem.br\/entenda-o-que-ja-se-sabe-sobre-o-future-se-e-o-que-ainda-falta-esclarecer\/","og_site_name":"CNPEM","article_published_time":"2019-08-19T12:50:16+00:00","article_modified_time":"2026-03-02T19:00:02+00:00","og_image":[{"url":"https:\/\/s2.glbimg.com\/WIBQD_grLk29gfIAqpF25jep01o=\/0x0:1164x652\/1008x0\/smart\/filters:strip_icc()\/i.s3.glbimg.com\/v1\/AUTH_59edd422c0c84a879bd37670ae4f538a\/internal_photos\/bs\/2019\/K\/h\/ddEGBoTaGLvb4vLgPz6w\/futurese.jpg","type":"","width":"","height":""}],"author":"Erik Medina","twitter_card":"summary_large_image","twitter_misc":{"Written by":"Erik Medina","Est. reading time":"13 minutes"},"schema":{"@context":"https:\/\/schema.org","@graph":[{"@type":"Article","@id":"https:\/\/cnpem.br\/entenda-o-que-ja-se-sabe-sobre-o-future-se-e-o-que-ainda-falta-esclarecer\/#article","isPartOf":{"@id":"https:\/\/cnpem.br\/entenda-o-que-ja-se-sabe-sobre-o-future-se-e-o-que-ainda-falta-esclarecer\/"},"author":{"name":"Erik Medina","@id":"https:\/\/cnpem.br\/#\/schema\/person\/b957a8048be4b70d687484cae6b978ef"},"headline":"Entenda o que j\u00e1 se sabe sobre o Future-se e o que ainda falta esclarecer","datePublished":"2019-08-19T12:50:16+00:00","dateModified":"2026-03-02T19:00:02+00:00","mainEntityOfPage":{"@id":"https:\/\/cnpem.br\/entenda-o-que-ja-se-sabe-sobre-o-future-se-e-o-que-ainda-falta-esclarecer\/"},"wordCount":2608,"image":{"@id":"https:\/\/cnpem.br\/entenda-o-que-ja-se-sabe-sobre-o-future-se-e-o-que-ainda-falta-esclarecer\/#primaryimage"},"thumbnailUrl":"https:\/\/s2.glbimg.com\/WIBQD_grLk29gfIAqpF25jep01o=\/0x0:1164x652\/1008x0\/smart\/filters:strip_icc()\/i.s3.glbimg.com\/v1\/AUTH_59edd422c0c84a879bd37670ae4f538a\/internal_photos\/bs\/2019\/K\/h\/ddEGBoTaGLvb4vLgPz6w\/futurese.jpg","articleSection":["CNPEM na M\u00eddia","Not\u00edcia Home"],"inLanguage":"en-US"},{"@type":"WebPage","@id":"https:\/\/cnpem.br\/entenda-o-que-ja-se-sabe-sobre-o-future-se-e-o-que-ainda-falta-esclarecer\/","url":"https:\/\/cnpem.br\/entenda-o-que-ja-se-sabe-sobre-o-future-se-e-o-que-ainda-falta-esclarecer\/","name":"Entenda o que j\u00e1 se sabe sobre o Future-se e o que ainda falta esclarecer - CNPEM","isPartOf":{"@id":"https:\/\/cnpem.br\/#website"},"primaryImageOfPage":{"@id":"https:\/\/cnpem.br\/entenda-o-que-ja-se-sabe-sobre-o-future-se-e-o-que-ainda-falta-esclarecer\/#primaryimage"},"image":{"@id":"https:\/\/cnpem.br\/entenda-o-que-ja-se-sabe-sobre-o-future-se-e-o-que-ainda-falta-esclarecer\/#primaryimage"},"thumbnailUrl":"https:\/\/s2.glbimg.com\/WIBQD_grLk29gfIAqpF25jep01o=\/0x0:1164x652\/1008x0\/smart\/filters:strip_icc()\/i.s3.glbimg.com\/v1\/AUTH_59edd422c0c84a879bd37670ae4f538a\/internal_photos\/bs\/2019\/K\/h\/ddEGBoTaGLvb4vLgPz6w\/futurese.jpg","datePublished":"2019-08-19T12:50:16+00:00","dateModified":"2026-03-02T19:00:02+00:00","author":{"@id":"https:\/\/cnpem.br\/#\/schema\/person\/b957a8048be4b70d687484cae6b978ef"},"breadcrumb":{"@id":"https:\/\/cnpem.br\/entenda-o-que-ja-se-sabe-sobre-o-future-se-e-o-que-ainda-falta-esclarecer\/#breadcrumb"},"inLanguage":"en-US","potentialAction":[{"@type":"ReadAction","target":["https:\/\/cnpem.br\/entenda-o-que-ja-se-sabe-sobre-o-future-se-e-o-que-ainda-falta-esclarecer\/"]}]},{"@type":"ImageObject","inLanguage":"en-US","@id":"https:\/\/cnpem.br\/entenda-o-que-ja-se-sabe-sobre-o-future-se-e-o-que-ainda-falta-esclarecer\/#primaryimage","url":"https:\/\/s2.glbimg.com\/WIBQD_grLk29gfIAqpF25jep01o=\/0x0:1164x652\/1008x0\/smart\/filters:strip_icc()\/i.s3.glbimg.com\/v1\/AUTH_59edd422c0c84a879bd37670ae4f538a\/internal_photos\/bs\/2019\/K\/h\/ddEGBoTaGLvb4vLgPz6w\/futurese.jpg","contentUrl":"https:\/\/s2.glbimg.com\/WIBQD_grLk29gfIAqpF25jep01o=\/0x0:1164x652\/1008x0\/smart\/filters:strip_icc()\/i.s3.glbimg.com\/v1\/AUTH_59edd422c0c84a879bd37670ae4f538a\/internal_photos\/bs\/2019\/K\/h\/ddEGBoTaGLvb4vLgPz6w\/futurese.jpg"},{"@type":"BreadcrumbList","@id":"https:\/\/cnpem.br\/entenda-o-que-ja-se-sabe-sobre-o-future-se-e-o-que-ainda-falta-esclarecer\/#breadcrumb","itemListElement":[{"@type":"ListItem","position":1,"name":"In\u00edcio","item":"https:\/\/cnpem.br\/en\/"},{"@type":"ListItem","position":2,"name":"Entenda o que j\u00e1 se sabe sobre o Future-se e o que ainda falta esclarecer"}]},{"@type":"WebSite","@id":"https:\/\/cnpem.br\/#website","url":"https:\/\/cnpem.br\/","name":"Centro Nacional de Pesquisa em Energia e Materiais","description":"Centro Nacional de Pesquisa em Energia e Materiais","alternateName":"CNPEM","potentialAction":[{"@type":"SearchAction","target":{"@type":"EntryPoint","urlTemplate":"https:\/\/cnpem.br\/?s={search_term_string}"},"query-input":{"@type":"PropertyValueSpecification","valueRequired":true,"valueName":"search_term_string"}}],"inLanguage":"en-US"},{"@type":"Person","@id":"https:\/\/cnpem.br\/#\/schema\/person\/b957a8048be4b70d687484cae6b978ef","name":"Erik Medina","url":""}]}},"jetpack_featured_media_url":"","jetpack_sharing_enabled":true,"jetpack_shortlink":"https:\/\/wp.me\/per0Mi-5wy","_links":{"self":[{"href":"https:\/\/cnpem.br\/en\/wp-json\/wp\/v2\/posts\/21238","targetHints":{"allow":["GET"]}}],"collection":[{"href":"https:\/\/cnpem.br\/en\/wp-json\/wp\/v2\/posts"}],"about":[{"href":"https:\/\/cnpem.br\/en\/wp-json\/wp\/v2\/types\/post"}],"author":[{"embeddable":true,"href":"https:\/\/cnpem.br\/en\/wp-json\/wp\/v2\/users\/17"}],"replies":[{"embeddable":true,"href":"https:\/\/cnpem.br\/en\/wp-json\/wp\/v2\/comments?post=21238"}],"version-history":[{"count":0,"href":"https:\/\/cnpem.br\/en\/wp-json\/wp\/v2\/posts\/21238\/revisions"}],"wp:attachment":[{"href":"https:\/\/cnpem.br\/en\/wp-json\/wp\/v2\/media?parent=21238"}],"wp:term":[{"taxonomy":"category","embeddable":true,"href":"https:\/\/cnpem.br\/en\/wp-json\/wp\/v2\/categories?post=21238"},{"taxonomy":"post_tag","embeddable":true,"href":"https:\/\/cnpem.br\/en\/wp-json\/wp\/v2\/tags?post=21238"}],"curies":[{"name":"wp","href":"https:\/\/api.w.org\/{rel}","templated":true}]}}