{"id":20815,"date":"2019-04-26T15:05:11","date_gmt":"2019-04-26T15:05:11","guid":{"rendered":"https:\/\/cnpem.staging.wpengine.com\/?p=20815"},"modified":"2026-03-02T16:00:07","modified_gmt":"2026-03-02T19:00:07","slug":"marcos-pontes-tenta-reverter-metade-do-corte-no-orcamento-do-ministerio-da-ciencia","status":"publish","type":"post","link":"https:\/\/cnpem.br\/en\/marcos-pontes-tenta-reverter-metade-do-corte-no-orcamento-do-ministerio-da-ciencia\/","title":{"rendered":"Marcos Pontes tenta reverter metade do corte no or\u00e7amento do minist\u00e9rio da Ci\u00eancia"},"content":{"rendered":"<p><em>Folha de S.Paulo em 17\/04\/2019<\/em><\/p>\n<p><strong>LINK<\/strong>: https:\/\/www1.folha.uol.com.br\/ciencia\/2019\/04\/marcos-pontes-tenta-reverter-metade-do-corte-no-orcamento-do-ministerio-da-ciencia.shtml<\/p>\n<p>O ministro da Ci\u00eancia e Tecnologia, o astronauta Marcos Pontes, disse que negocia com a \u00e1rea econ\u00f4mica do governo federal a revers\u00e3o de ao menos metade do corte anunciado para a pasta neste ano. O que representaria um valor de R$ 1 bilh\u00e3o.<\/p>\n<p>Pontes ressaltou que a libera\u00e7\u00e3o \u00e9 imprescind\u00edvel para a continuidade de tr\u00eas a\u00e7\u00f5es priorit\u00e1rias da pasta: a manuten\u00e7\u00e3o do pagamento de bolsas para pesquisadores, de recursos para unidades de pesquisa de todo pa\u00eds e o prosseguimento do projeto Sirius, acelerador de part\u00edculas brasileiro que, em alguns aspectos, ser\u00e1 o melhor do mundo.<\/p>\n<p>O Minist\u00e9rio da Economia anunciou, no fim de mar\u00e7o, um corte de 42% no or\u00e7amento do MCTIC (Minist\u00e9rio da Ci\u00eancia, Tecnologia, Inova\u00e7\u00f5es e Comunica\u00e7\u00f5es), equivalente a R$ 2,1 bilh\u00f5es.<\/p>\n<p>&#8220;Bolsas do CNPq, or\u00e7amento das unidades de pesquisa, que j\u00e1 \u00e9 restrito, e o Sirius s\u00e3o as prioridades. N\u00e3o quer dizer que n\u00e3o ser\u00e3o afetados. Dependendo do tamanho do corte, se temos prioridade, o corte n\u00e3o \u00e9 linear&#8221;, disse. Pontes afirmou que j\u00e1 teve conversas com o ministro da Economia, Paulo Guedes, e com o presidente Jair Bolsonaro (PSL) sobre o assunto. Tamb\u00e9m disse que articula com parlamentares para tentar garantir recursos para o or\u00e7amento de 2020.<\/p>\n<p>&#8220;O problema \u00e9 que nosso or\u00e7amento j\u00e1 estava baixo, \u00e9 um corte em cima de corte&#8221;, disse. &#8220;A ci\u00eancia e tecnologia n\u00e3o s\u00e3o gatos, mas investimento, isso tem que ficar claro. E as pesquisas n\u00e3o podem parar.&#8221;<\/p>\n<p>O CNPq, ag\u00eancia de fomento \u00e0 pesquisa ligada \u00e0 pasta, tem um d\u00e9ficit de R$ 300 milh\u00f5es neste ano (mesmo antes do corte). O or\u00e7amento s\u00f3 garantiria o pagamento de bolsas at\u00e9 setembro.<\/p>\n<p>Os recursos para a ci\u00eancia e tecnologia t\u00eam sido enxugado desde 2013. Naquele ano, a pasta tinha R$ 9,5 bilh\u00f5es, contra R$ 2,95 bi\u00a0neste ano ap\u00f3s o corte da \u00e1rea econ\u00f4mica.<\/p>\n<p>O contingenciamento tamb\u00e9m atingiu outros minist\u00e9rios. No total, representam R$ 29,6 bilh\u00f5es.<\/p>\n<p>O ministro falou sobre o tema ap\u00f3s lan\u00e7amento do projeto Ci\u00eancia na Escola, que busca aprimorar o ensino de ci\u00eancia na educa\u00e7\u00e3o b\u00e1sica. A iniciativa prev\u00ea investimento total de R$ 120 milh\u00f5es, sendo R$ 100 milh\u00f5es oriundos do cofre do Minist\u00e9rio da Educa\u00e7\u00e3o.<\/p>\n<p>O Ci\u00eancia na Escola vai financiar projetos que busquem aproximar a ci\u00eancia das escolas de educa\u00e7\u00e3o b\u00e1sica e tamb\u00e9m pesquisas sobre o tema. O projeto ainda articula um curso a dist\u00e2ncia de especializa\u00e7\u00e3o para professores de ci\u00eancia e refor\u00e7o nas a\u00e7\u00f5es da Olimp\u00edada Nacional de Ci\u00eancia.<\/p>\n<p><strong>Repercuss\u00e3o: <\/strong><a href=\"https:\/\/www.bemparana.com.br\/noticia\/marcos-pontes-tenta-reverter-metade-do-corte-no-orcamento-do-ministerio-da-ciencia#.XMMdD2hKjs0\">Bem Paran\u00e1<\/a>; <a href=\"https:\/\/www.mixvale.com.br\/2019\/04\/17\/marcos-pontes-tenta-reverter-metade-do-corte-no-orcamento-do-ministerio-da-ciencia\/\">Mix Vale<\/a>; <a href=\"https:\/\/www.portaldoholanda.com.br\/variedades\/marcos-pontes-tenta-reverter-metade-do-corte-no-orcamento-do-ministerio-da-ciencia\">Portal do Holanda<\/a>; <a href=\"https:\/\/www.jb.com.br\/ciencia_e_tecnologia\/2019\/04\/995766-marcos-pontes-tenta-reverter-metade-do-corte-no-orcamento-do-ministerio-da-ciencia.html\">Jornal do Brasil<\/a>; <a href=\"https:\/\/www.folhape.com.br\/economia\/economia\/orcamento\/2019\/04\/17\/NWS,102319,10,1040,ECONOMIA,2373-MARCOS-PONTES-TENTA-REVERTER-METADE-CORTE-ORCAMENTO-MINISTERIO-CIENCIA.aspx\">Folha PE<\/a>; <a href=\"https:\/\/www.bahianoticias.com.br\/folha\/noticia\/36317-marcos-pontes-tenta-reverter-metade-do-corte-no-orcamento-do-ministerio-da-ciencia.html\">Bahia Not\u00edcias<\/a>; <a href=\"https:\/\/www.diarioonline.com.br\/noticias\/brasil\/noticia-589954-marcos-pontes-tenta-reverter-metade-do-corte-no-orcamento-do-ministerio-da-ciencia.html?v=350\">Di\u00e1rio Online<\/a>;\u00a0 <a href=\"https:\/\/salvadordez.net\/noticias\/marcos-pontes-tenta-reverter-metade-do-corte-no-orcamento-do-ministerio-da-ciencia-104789\">Salvador Dez<\/a>; <a href=\"https:\/\/www.jornaloexecutivo.com.br\/marcos-pontes-tenta-reverter-metade-do-corte-no-orcamento-do-ministerio-da-ciencia\/\">Jornal O Executivo<\/a>; <a href=\"https:\/\/www.imparcial.com.br\/noticiafolhapress\/marcos-pontes-tenta-reverter-metade-do-corte-no-orcamento-do-ministerio-da-ciencia,61340\">O Imparcial<\/a>;<\/p>\n","protected":false},"excerpt":{"rendered":"<p>Folha de S.Paulo em 17\/04\/2019 LINK: https:\/\/www1.folha.uol.com.br\/ciencia\/2019\/04\/marcos-pontes-tenta-reverter-metade-do-corte-no-orcamento-do-ministerio-da-ciencia.shtml O ministro da Ci\u00eancia e Tecnologia, o astronauta Marcos Pontes, disse que negocia com a \u00e1rea econ\u00f4mica do governo federal a revers\u00e3o de&hellip;<\/p>\n","protected":false},"author":3,"featured_media":0,"comment_status":"closed","ping_status":"closed","sticky":false,"template":"","format":"standard","meta":{"_acf_changed":false,"_jetpack_newsletter_access":"","_jetpack_dont_email_post_to_subs":false,"_jetpack_newsletter_tier_id":0,"_jetpack_memberships_contains_paywalled_content":false,"_jetpack_memberships_contains_paid_content":false,"footnotes":"","_links_to":"","_links_to_target":""},"categories":[1163],"tags":[],"class_list":["post-20815","post","type-post","status-publish","format-standard","hentry","category-clipping-cnpem","category-1163","description-off"],"acf":[],"yoast_head":"<!-- This site is optimized with the Yoast SEO plugin v27.5 - https:\/\/yoast.com\/product\/yoast-seo-wordpress\/ -->\n<title>Marcos Pontes tenta reverter metade do corte no or\u00e7amento do minist\u00e9rio da Ci\u00eancia - CNPEM<\/title>\n<meta name=\"robots\" content=\"index, follow, max-snippet:-1, max-image-preview:large, max-video-preview:-1\" \/>\n<link rel=\"canonical\" href=\"https:\/\/cnpem.br\/marcos-pontes-tenta-reverter-metade-do-corte-no-orcamento-do-ministerio-da-ciencia\/\" \/>\n<meta property=\"og:locale\" content=\"en_US\" \/>\n<meta property=\"og:type\" content=\"article\" \/>\n<meta property=\"og:title\" content=\"Marcos Pontes tenta reverter metade do corte no or\u00e7amento do minist\u00e9rio da Ci\u00eancia - CNPEM\" \/>\n<meta property=\"og:description\" content=\"Folha de S.Paulo em 17\/04\/2019 LINK: https:\/\/www1.folha.uol.com.br\/ciencia\/2019\/04\/marcos-pontes-tenta-reverter-metade-do-corte-no-orcamento-do-ministerio-da-ciencia.shtml O ministro da Ci\u00eancia e Tecnologia, o astronauta Marcos Pontes, disse que negocia com a \u00e1rea econ\u00f4mica do governo federal a revers\u00e3o de&hellip;\" \/>\n<meta property=\"og:url\" content=\"https:\/\/cnpem.br\/marcos-pontes-tenta-reverter-metade-do-corte-no-orcamento-do-ministerio-da-ciencia\/\" \/>\n<meta property=\"og:site_name\" content=\"CNPEM\" \/>\n<meta property=\"article:published_time\" content=\"2019-04-26T15:05:11+00:00\" \/>\n<meta property=\"article:modified_time\" content=\"2026-03-02T19:00:07+00:00\" \/>\n<meta name=\"author\" content=\"Gustavo Moreno\" \/>\n<meta name=\"twitter:card\" content=\"summary_large_image\" \/>\n<meta name=\"twitter:label1\" content=\"Written by\" \/>\n\t<meta name=\"twitter:data1\" content=\"Gustavo Moreno\" \/>\n\t<meta name=\"twitter:label2\" content=\"Est. reading time\" \/>\n\t<meta name=\"twitter:data2\" content=\"2 minutes\" \/>\n<script type=\"application\/ld+json\" class=\"yoast-schema-graph\">{\"@context\":\"https:\\\/\\\/schema.org\",\"@graph\":[{\"@type\":\"Article\",\"@id\":\"https:\\\/\\\/cnpem.br\\\/marcos-pontes-tenta-reverter-metade-do-corte-no-orcamento-do-ministerio-da-ciencia\\\/#article\",\"isPartOf\":{\"@id\":\"https:\\\/\\\/cnpem.br\\\/marcos-pontes-tenta-reverter-metade-do-corte-no-orcamento-do-ministerio-da-ciencia\\\/\"},\"author\":{\"name\":\"Gustavo Moreno\",\"@id\":\"https:\\\/\\\/cnpem.br\\\/#\\\/schema\\\/person\\\/142f9b4066e599dd651a3b9600c2c0ca\"},\"headline\":\"Marcos Pontes tenta reverter metade do corte no or\u00e7amento do minist\u00e9rio da Ci\u00eancia\",\"datePublished\":\"2019-04-26T15:05:11+00:00\",\"dateModified\":\"2026-03-02T19:00:07+00:00\",\"mainEntityOfPage\":{\"@id\":\"https:\\\/\\\/cnpem.br\\\/marcos-pontes-tenta-reverter-metade-do-corte-no-orcamento-do-ministerio-da-ciencia\\\/\"},\"wordCount\":511,\"articleSection\":[\"CNPEM na M\u00eddia\"],\"inLanguage\":\"en-US\"},{\"@type\":\"WebPage\",\"@id\":\"https:\\\/\\\/cnpem.br\\\/marcos-pontes-tenta-reverter-metade-do-corte-no-orcamento-do-ministerio-da-ciencia\\\/\",\"url\":\"https:\\\/\\\/cnpem.br\\\/marcos-pontes-tenta-reverter-metade-do-corte-no-orcamento-do-ministerio-da-ciencia\\\/\",\"name\":\"Marcos Pontes tenta reverter metade do corte no or\u00e7amento do minist\u00e9rio da Ci\u00eancia - CNPEM\",\"isPartOf\":{\"@id\":\"https:\\\/\\\/cnpem.br\\\/#website\"},\"datePublished\":\"2019-04-26T15:05:11+00:00\",\"dateModified\":\"2026-03-02T19:00:07+00:00\",\"author\":{\"@id\":\"https:\\\/\\\/cnpem.br\\\/#\\\/schema\\\/person\\\/142f9b4066e599dd651a3b9600c2c0ca\"},\"breadcrumb\":{\"@id\":\"https:\\\/\\\/cnpem.br\\\/marcos-pontes-tenta-reverter-metade-do-corte-no-orcamento-do-ministerio-da-ciencia\\\/#breadcrumb\"},\"inLanguage\":\"en-US\",\"potentialAction\":[{\"@type\":\"ReadAction\",\"target\":[\"https:\\\/\\\/cnpem.br\\\/marcos-pontes-tenta-reverter-metade-do-corte-no-orcamento-do-ministerio-da-ciencia\\\/\"]}]},{\"@type\":\"BreadcrumbList\",\"@id\":\"https:\\\/\\\/cnpem.br\\\/marcos-pontes-tenta-reverter-metade-do-corte-no-orcamento-do-ministerio-da-ciencia\\\/#breadcrumb\",\"itemListElement\":[{\"@type\":\"ListItem\",\"position\":1,\"name\":\"In\u00edcio\",\"item\":\"https:\\\/\\\/cnpem.br\\\/en\\\/\"},{\"@type\":\"ListItem\",\"position\":2,\"name\":\"Marcos Pontes tenta reverter metade do corte no or\u00e7amento do minist\u00e9rio da Ci\u00eancia\"}]},{\"@type\":\"WebSite\",\"@id\":\"https:\\\/\\\/cnpem.br\\\/#website\",\"url\":\"https:\\\/\\\/cnpem.br\\\/\",\"name\":\"Centro Nacional de Pesquisa em Energia e Materiais\",\"description\":\"Centro Nacional de Pesquisa em Energia e Materiais\",\"alternateName\":\"CNPEM\",\"potentialAction\":[{\"@type\":\"SearchAction\",\"target\":{\"@type\":\"EntryPoint\",\"urlTemplate\":\"https:\\\/\\\/cnpem.br\\\/?s={search_term_string}\"},\"query-input\":{\"@type\":\"PropertyValueSpecification\",\"valueRequired\":true,\"valueName\":\"search_term_string\"}}],\"inLanguage\":\"en-US\"},{\"@type\":\"Person\",\"@id\":\"https:\\\/\\\/cnpem.br\\\/#\\\/schema\\\/person\\\/142f9b4066e599dd651a3b9600c2c0ca\",\"name\":\"Gustavo Moreno\",\"url\":\"\"}]}<\/script>\n<!-- \/ Yoast SEO plugin. -->","yoast_head_json":{"title":"Marcos Pontes tenta reverter metade do corte no or\u00e7amento do minist\u00e9rio da Ci\u00eancia - CNPEM","robots":{"index":"index","follow":"follow","max-snippet":"max-snippet:-1","max-image-preview":"max-image-preview:large","max-video-preview":"max-video-preview:-1"},"canonical":"https:\/\/cnpem.br\/marcos-pontes-tenta-reverter-metade-do-corte-no-orcamento-do-ministerio-da-ciencia\/","og_locale":"en_US","og_type":"article","og_title":"Marcos Pontes tenta reverter metade do corte no or\u00e7amento do minist\u00e9rio da Ci\u00eancia - CNPEM","og_description":"Folha de S.Paulo em 17\/04\/2019 LINK: https:\/\/www1.folha.uol.com.br\/ciencia\/2019\/04\/marcos-pontes-tenta-reverter-metade-do-corte-no-orcamento-do-ministerio-da-ciencia.shtml O ministro da Ci\u00eancia e Tecnologia, o astronauta Marcos Pontes, disse que negocia com a \u00e1rea econ\u00f4mica do governo federal a revers\u00e3o de&hellip;","og_url":"https:\/\/cnpem.br\/marcos-pontes-tenta-reverter-metade-do-corte-no-orcamento-do-ministerio-da-ciencia\/","og_site_name":"CNPEM","article_published_time":"2019-04-26T15:05:11+00:00","article_modified_time":"2026-03-02T19:00:07+00:00","author":"Gustavo Moreno","twitter_card":"summary_large_image","twitter_misc":{"Written by":"Gustavo Moreno","Est. reading time":"2 minutes"},"schema":{"@context":"https:\/\/schema.org","@graph":[{"@type":"Article","@id":"https:\/\/cnpem.br\/marcos-pontes-tenta-reverter-metade-do-corte-no-orcamento-do-ministerio-da-ciencia\/#article","isPartOf":{"@id":"https:\/\/cnpem.br\/marcos-pontes-tenta-reverter-metade-do-corte-no-orcamento-do-ministerio-da-ciencia\/"},"author":{"name":"Gustavo Moreno","@id":"https:\/\/cnpem.br\/#\/schema\/person\/142f9b4066e599dd651a3b9600c2c0ca"},"headline":"Marcos Pontes tenta reverter metade do corte no or\u00e7amento do minist\u00e9rio da Ci\u00eancia","datePublished":"2019-04-26T15:05:11+00:00","dateModified":"2026-03-02T19:00:07+00:00","mainEntityOfPage":{"@id":"https:\/\/cnpem.br\/marcos-pontes-tenta-reverter-metade-do-corte-no-orcamento-do-ministerio-da-ciencia\/"},"wordCount":511,"articleSection":["CNPEM na M\u00eddia"],"inLanguage":"en-US"},{"@type":"WebPage","@id":"https:\/\/cnpem.br\/marcos-pontes-tenta-reverter-metade-do-corte-no-orcamento-do-ministerio-da-ciencia\/","url":"https:\/\/cnpem.br\/marcos-pontes-tenta-reverter-metade-do-corte-no-orcamento-do-ministerio-da-ciencia\/","name":"Marcos Pontes tenta reverter metade do corte no or\u00e7amento do minist\u00e9rio da Ci\u00eancia - CNPEM","isPartOf":{"@id":"https:\/\/cnpem.br\/#website"},"datePublished":"2019-04-26T15:05:11+00:00","dateModified":"2026-03-02T19:00:07+00:00","author":{"@id":"https:\/\/cnpem.br\/#\/schema\/person\/142f9b4066e599dd651a3b9600c2c0ca"},"breadcrumb":{"@id":"https:\/\/cnpem.br\/marcos-pontes-tenta-reverter-metade-do-corte-no-orcamento-do-ministerio-da-ciencia\/#breadcrumb"},"inLanguage":"en-US","potentialAction":[{"@type":"ReadAction","target":["https:\/\/cnpem.br\/marcos-pontes-tenta-reverter-metade-do-corte-no-orcamento-do-ministerio-da-ciencia\/"]}]},{"@type":"BreadcrumbList","@id":"https:\/\/cnpem.br\/marcos-pontes-tenta-reverter-metade-do-corte-no-orcamento-do-ministerio-da-ciencia\/#breadcrumb","itemListElement":[{"@type":"ListItem","position":1,"name":"In\u00edcio","item":"https:\/\/cnpem.br\/en\/"},{"@type":"ListItem","position":2,"name":"Marcos Pontes tenta reverter metade do corte no or\u00e7amento do minist\u00e9rio da Ci\u00eancia"}]},{"@type":"WebSite","@id":"https:\/\/cnpem.br\/#website","url":"https:\/\/cnpem.br\/","name":"Centro Nacional de Pesquisa em Energia e Materiais","description":"Centro Nacional de Pesquisa em Energia e Materiais","alternateName":"CNPEM","potentialAction":[{"@type":"SearchAction","target":{"@type":"EntryPoint","urlTemplate":"https:\/\/cnpem.br\/?s={search_term_string}"},"query-input":{"@type":"PropertyValueSpecification","valueRequired":true,"valueName":"search_term_string"}}],"inLanguage":"en-US"},{"@type":"Person","@id":"https:\/\/cnpem.br\/#\/schema\/person\/142f9b4066e599dd651a3b9600c2c0ca","name":"Gustavo Moreno","url":""}]}},"jetpack_featured_media_url":"","jetpack_sharing_enabled":true,"jetpack_shortlink":"https:\/\/wp.me\/per0Mi-5pJ","_links":{"self":[{"href":"https:\/\/cnpem.br\/en\/wp-json\/wp\/v2\/posts\/20815","targetHints":{"allow":["GET"]}}],"collection":[{"href":"https:\/\/cnpem.br\/en\/wp-json\/wp\/v2\/posts"}],"about":[{"href":"https:\/\/cnpem.br\/en\/wp-json\/wp\/v2\/types\/post"}],"author":[{"embeddable":true,"href":"https:\/\/cnpem.br\/en\/wp-json\/wp\/v2\/users\/3"}],"replies":[{"embeddable":true,"href":"https:\/\/cnpem.br\/en\/wp-json\/wp\/v2\/comments?post=20815"}],"version-history":[{"count":0,"href":"https:\/\/cnpem.br\/en\/wp-json\/wp\/v2\/posts\/20815\/revisions"}],"wp:attachment":[{"href":"https:\/\/cnpem.br\/en\/wp-json\/wp\/v2\/media?parent=20815"}],"wp:term":[{"taxonomy":"category","embeddable":true,"href":"https:\/\/cnpem.br\/en\/wp-json\/wp\/v2\/categories?post=20815"},{"taxonomy":"post_tag","embeddable":true,"href":"https:\/\/cnpem.br\/en\/wp-json\/wp\/v2\/tags?post=20815"}],"curies":[{"name":"wp","href":"https:\/\/api.w.org\/{rel}","templated":true}]}}