{"id":19594,"date":"2018-07-20T11:56:37","date_gmt":"2018-07-20T11:56:37","guid":{"rendered":"https:\/\/cnpem.staging.wpengine.com\/?p=19594"},"modified":"2026-03-12T11:44:43","modified_gmt":"2026-03-12T14:44:43","slug":"cnpem-recebe-verba-do-mec-para-criar-programa-de-graduacao","status":"publish","type":"post","link":"https:\/\/cnpem.br\/en\/cnpem-recebe-verba-do-mec-para-criar-programa-de-graduacao\/","title":{"rendered":"CNPEM recebe verba do MEC para criar programa de gradua\u00e7\u00e3o"},"content":{"rendered":"<p><em><a href=\"https:\/\/agenciabrasil.ebc.com.br\/educacao\/noticia\/2018-07\/cnpem-recebe-verba-do-mec-para-criar-programa-de-graduacao\" target=\"_blank\" rel=\"noopener\">Ag\u00eancia Brasil<\/a>, 12\/07\/2018<\/em><\/p>\n<p>&nbsp;<\/p>\n<h3>Organiza\u00e7\u00e3o social paulista faz pesquisa avan\u00e7ada em luz s\u00edncroton<\/h3>\n<p>&nbsp;<\/p>\n<p>O Centro Nacional de Pesquisa em Energia e Materiais (CNPEM), em Campinas (SP), vai receber recursos do Minist\u00e9rio da Educa\u00e7\u00e3o (MEC) para serem utilizados na transforma\u00e7\u00e3o do centro em uma institui\u00e7\u00e3o formadora de pesquisadores, como ocorre nas\u00a0universidades. Segundo o ministro da Educa\u00e7\u00e3o, Rossieli Soares, o montante, inicialmente de R$ 15 milh\u00f5es, j\u00e1 est\u00e1 dispon\u00edvel.<\/p>\n<p>\u201cAqui n\u00f3s temos muitas quest\u00f5es de vanguarda, em que a pesquisa brasileira precisa ser incentivada. Assim, melhorar a parceria com o CNPEM, na distribui\u00e7\u00e3o de bolsas para a gradua\u00e7\u00e3o e p\u00f3s-gradua\u00e7\u00e3o, \u00e9 fundamental para o pa\u00eds, al\u00e9m de desenvolver aqui um programa de cursos de ver\u00e3o, com apoio do MEC\u201d, disse o ministro, ap\u00f3s visitar o local.\u00a0\u201cEstamos nos tr\u00e2mites finais e o recurso j\u00e1 est\u00e1 dispon\u00edvel para a utiliza\u00e7\u00e3o\u201d, informou o ministro.<\/p>\n<p>O CNPEM \u00e9 uma organiza\u00e7\u00e3o social voltada \u00e0 pesquisa em tecnologia nas \u00e1reas de nanoci\u00eancias, materiais, ci\u00eancias da vida, f\u00edsica e qu\u00edmica. Hoje, o ministro visitou os quatro laborat\u00f3rios nacionais operados pelo CNPEM:\u00a0 S\u00edncrotron (LNLS), Bioci\u00eancias (LNBio), Bioetanol (CTBE) e Nanotecnologia (LNNano). Segundo o minist\u00e9rio, os espa\u00e7os s\u00e3o refer\u00eancias mundiais e est\u00e3o dispon\u00edveis para uso por pesquisadores e empresas nacionais e de outros pa\u00edses.<\/p>\n<p>\u201cPara o MEC, olhar essa infraestrutura e o potencial disso nos d\u00e1 cada vez mais vontade de investir, especialmente na possibilidade de ter mais pessoas acessando o CNPEM no processo educacional deles, na gradua\u00e7\u00e3o, na p\u00f3s-gradua\u00e7\u00e3o e qui\u00e7\u00e1 em uma parceria para trazer alunos de destaque no ensino m\u00e9dio para ter aqui pequenas experi\u00eancias\u201d, disse.<\/p>\n<p>&nbsp;<\/p>\n<p>Repercuss\u00e3o: Aqui Acontece; Correio Capixaba; Central da Pauta; ISTO\u00c9 Online; Isto \u00e9 dinheiro online; Folha PA; Jornal do Brasil; BOL Not\u00edcias; A Cr\u00edtica de Campo Grande-MS; Tudo Rondonia; Portal O Dia; Regi\u00e3o Noroeste; Click Sergipe; Espa\u00e7o Livre Not\u00edcias; Digoreste Not\u00edcias; Cen\u00e1rio MT; Primeira Edi\u00e7\u00e3o; Poliarquia; Info TC; FaxAju; Leconomico; Mix Vale; Plant\u00e3o News; Jornal Floripa; GRNEWS; LiberaPensando<\/p>\n","protected":false},"excerpt":{"rendered":"<p>Ag\u00eancia Brasil, 12\/07\/2018 &nbsp; Organiza\u00e7\u00e3o social paulista faz pesquisa avan\u00e7ada em luz s\u00edncroton &nbsp; O Centro Nacional de Pesquisa em Energia e Materiais (CNPEM), em Campinas (SP), vai receber recursos&hellip;<\/p>\n","protected":false},"author":17,"featured_media":0,"comment_status":"closed","ping_status":"closed","sticky":false,"template":"","format":"standard","meta":{"_acf_changed":false,"_jetpack_newsletter_access":"","_jetpack_dont_email_post_to_subs":false,"_jetpack_newsletter_tier_id":0,"_jetpack_memberships_contains_paywalled_content":false,"_jetpack_memberships_contains_paid_content":false,"footnotes":"","_links_to":"","_links_to_target":""},"categories":[1],"tags":[],"class_list":["post-19594","post","type-post","status-publish","format-standard","hentry","category-uncategorized","category-1","description-off"],"acf":[],"yoast_head":"<!-- This site is optimized with the Yoast SEO plugin v27.4 - https:\/\/yoast.com\/product\/yoast-seo-wordpress\/ -->\n<title>CNPEM recebe verba do MEC para criar programa de gradua\u00e7\u00e3o - CNPEM<\/title>\n<meta name=\"robots\" content=\"index, follow, max-snippet:-1, max-image-preview:large, max-video-preview:-1\" \/>\n<link rel=\"canonical\" href=\"https:\/\/cnpem.br\/cnpem-recebe-verba-do-mec-para-criar-programa-de-graduacao\/\" \/>\n<meta property=\"og:locale\" content=\"en_US\" \/>\n<meta property=\"og:type\" content=\"article\" \/>\n<meta property=\"og:title\" content=\"CNPEM recebe verba do MEC para criar programa de gradua\u00e7\u00e3o - CNPEM\" \/>\n<meta property=\"og:description\" content=\"Ag\u00eancia Brasil, 12\/07\/2018 &nbsp; Organiza\u00e7\u00e3o social paulista faz pesquisa avan\u00e7ada em luz s\u00edncroton &nbsp; O Centro Nacional de Pesquisa em Energia e Materiais (CNPEM), em Campinas (SP), vai receber recursos&hellip;\" \/>\n<meta property=\"og:url\" content=\"https:\/\/cnpem.br\/cnpem-recebe-verba-do-mec-para-criar-programa-de-graduacao\/\" \/>\n<meta property=\"og:site_name\" content=\"CNPEM\" \/>\n<meta property=\"article:published_time\" content=\"2018-07-20T11:56:37+00:00\" \/>\n<meta property=\"article:modified_time\" content=\"2026-03-12T14:44:43+00:00\" \/>\n<meta name=\"author\" content=\"Erik Medina\" \/>\n<meta name=\"twitter:card\" content=\"summary_large_image\" \/>\n<meta name=\"twitter:label1\" content=\"Written by\" \/>\n\t<meta name=\"twitter:data1\" content=\"Erik Medina\" \/>\n\t<meta name=\"twitter:label2\" content=\"Est. reading time\" \/>\n\t<meta name=\"twitter:data2\" content=\"2 minutes\" \/>\n<script type=\"application\/ld+json\" class=\"yoast-schema-graph\">{\"@context\":\"https:\\\/\\\/schema.org\",\"@graph\":[{\"@type\":\"Article\",\"@id\":\"https:\\\/\\\/cnpem.br\\\/cnpem-recebe-verba-do-mec-para-criar-programa-de-graduacao\\\/#article\",\"isPartOf\":{\"@id\":\"https:\\\/\\\/cnpem.br\\\/cnpem-recebe-verba-do-mec-para-criar-programa-de-graduacao\\\/\"},\"author\":{\"name\":\"Erik Medina\",\"@id\":\"https:\\\/\\\/cnpem.br\\\/#\\\/schema\\\/person\\\/b957a8048be4b70d687484cae6b978ef\"},\"headline\":\"CNPEM recebe verba do MEC para criar programa de gradua\u00e7\u00e3o\",\"datePublished\":\"2018-07-20T11:56:37+00:00\",\"dateModified\":\"2026-03-12T14:44:43+00:00\",\"mainEntityOfPage\":{\"@id\":\"https:\\\/\\\/cnpem.br\\\/cnpem-recebe-verba-do-mec-para-criar-programa-de-graduacao\\\/\"},\"wordCount\":378,\"inLanguage\":\"en-US\"},{\"@type\":\"WebPage\",\"@id\":\"https:\\\/\\\/cnpem.br\\\/cnpem-recebe-verba-do-mec-para-criar-programa-de-graduacao\\\/\",\"url\":\"https:\\\/\\\/cnpem.br\\\/cnpem-recebe-verba-do-mec-para-criar-programa-de-graduacao\\\/\",\"name\":\"CNPEM recebe verba do MEC para criar programa de gradua\u00e7\u00e3o - CNPEM\",\"isPartOf\":{\"@id\":\"https:\\\/\\\/cnpem.br\\\/#website\"},\"datePublished\":\"2018-07-20T11:56:37+00:00\",\"dateModified\":\"2026-03-12T14:44:43+00:00\",\"author\":{\"@id\":\"https:\\\/\\\/cnpem.br\\\/#\\\/schema\\\/person\\\/b957a8048be4b70d687484cae6b978ef\"},\"breadcrumb\":{\"@id\":\"https:\\\/\\\/cnpem.br\\\/cnpem-recebe-verba-do-mec-para-criar-programa-de-graduacao\\\/#breadcrumb\"},\"inLanguage\":\"en-US\",\"potentialAction\":[{\"@type\":\"ReadAction\",\"target\":[\"https:\\\/\\\/cnpem.br\\\/cnpem-recebe-verba-do-mec-para-criar-programa-de-graduacao\\\/\"]}]},{\"@type\":\"BreadcrumbList\",\"@id\":\"https:\\\/\\\/cnpem.br\\\/cnpem-recebe-verba-do-mec-para-criar-programa-de-graduacao\\\/#breadcrumb\",\"itemListElement\":[{\"@type\":\"ListItem\",\"position\":1,\"name\":\"In\u00edcio\",\"item\":\"https:\\\/\\\/cnpem.br\\\/en\\\/\"},{\"@type\":\"ListItem\",\"position\":2,\"name\":\"CNPEM recebe verba do MEC para criar programa de gradua\u00e7\u00e3o\"}]},{\"@type\":\"WebSite\",\"@id\":\"https:\\\/\\\/cnpem.br\\\/#website\",\"url\":\"https:\\\/\\\/cnpem.br\\\/\",\"name\":\"Centro Nacional de Pesquisa em Energia e Materiais\",\"description\":\"Centro Nacional de Pesquisa em Energia e Materiais\",\"alternateName\":\"CNPEM\",\"potentialAction\":[{\"@type\":\"SearchAction\",\"target\":{\"@type\":\"EntryPoint\",\"urlTemplate\":\"https:\\\/\\\/cnpem.br\\\/?s={search_term_string}\"},\"query-input\":{\"@type\":\"PropertyValueSpecification\",\"valueRequired\":true,\"valueName\":\"search_term_string\"}}],\"inLanguage\":\"en-US\"},{\"@type\":\"Person\",\"@id\":\"https:\\\/\\\/cnpem.br\\\/#\\\/schema\\\/person\\\/b957a8048be4b70d687484cae6b978ef\",\"name\":\"Erik Medina\",\"url\":\"\"}]}<\/script>\n<!-- \/ Yoast SEO plugin. -->","yoast_head_json":{"title":"CNPEM recebe verba do MEC para criar programa de gradua\u00e7\u00e3o - CNPEM","robots":{"index":"index","follow":"follow","max-snippet":"max-snippet:-1","max-image-preview":"max-image-preview:large","max-video-preview":"max-video-preview:-1"},"canonical":"https:\/\/cnpem.br\/cnpem-recebe-verba-do-mec-para-criar-programa-de-graduacao\/","og_locale":"en_US","og_type":"article","og_title":"CNPEM recebe verba do MEC para criar programa de gradua\u00e7\u00e3o - CNPEM","og_description":"Ag\u00eancia Brasil, 12\/07\/2018 &nbsp; Organiza\u00e7\u00e3o social paulista faz pesquisa avan\u00e7ada em luz s\u00edncroton &nbsp; O Centro Nacional de Pesquisa em Energia e Materiais (CNPEM), em Campinas (SP), vai receber recursos&hellip;","og_url":"https:\/\/cnpem.br\/cnpem-recebe-verba-do-mec-para-criar-programa-de-graduacao\/","og_site_name":"CNPEM","article_published_time":"2018-07-20T11:56:37+00:00","article_modified_time":"2026-03-12T14:44:43+00:00","author":"Erik Medina","twitter_card":"summary_large_image","twitter_misc":{"Written by":"Erik Medina","Est. reading time":"2 minutes"},"schema":{"@context":"https:\/\/schema.org","@graph":[{"@type":"Article","@id":"https:\/\/cnpem.br\/cnpem-recebe-verba-do-mec-para-criar-programa-de-graduacao\/#article","isPartOf":{"@id":"https:\/\/cnpem.br\/cnpem-recebe-verba-do-mec-para-criar-programa-de-graduacao\/"},"author":{"name":"Erik Medina","@id":"https:\/\/cnpem.br\/#\/schema\/person\/b957a8048be4b70d687484cae6b978ef"},"headline":"CNPEM recebe verba do MEC para criar programa de gradua\u00e7\u00e3o","datePublished":"2018-07-20T11:56:37+00:00","dateModified":"2026-03-12T14:44:43+00:00","mainEntityOfPage":{"@id":"https:\/\/cnpem.br\/cnpem-recebe-verba-do-mec-para-criar-programa-de-graduacao\/"},"wordCount":378,"inLanguage":"en-US"},{"@type":"WebPage","@id":"https:\/\/cnpem.br\/cnpem-recebe-verba-do-mec-para-criar-programa-de-graduacao\/","url":"https:\/\/cnpem.br\/cnpem-recebe-verba-do-mec-para-criar-programa-de-graduacao\/","name":"CNPEM recebe verba do MEC para criar programa de gradua\u00e7\u00e3o - CNPEM","isPartOf":{"@id":"https:\/\/cnpem.br\/#website"},"datePublished":"2018-07-20T11:56:37+00:00","dateModified":"2026-03-12T14:44:43+00:00","author":{"@id":"https:\/\/cnpem.br\/#\/schema\/person\/b957a8048be4b70d687484cae6b978ef"},"breadcrumb":{"@id":"https:\/\/cnpem.br\/cnpem-recebe-verba-do-mec-para-criar-programa-de-graduacao\/#breadcrumb"},"inLanguage":"en-US","potentialAction":[{"@type":"ReadAction","target":["https:\/\/cnpem.br\/cnpem-recebe-verba-do-mec-para-criar-programa-de-graduacao\/"]}]},{"@type":"BreadcrumbList","@id":"https:\/\/cnpem.br\/cnpem-recebe-verba-do-mec-para-criar-programa-de-graduacao\/#breadcrumb","itemListElement":[{"@type":"ListItem","position":1,"name":"In\u00edcio","item":"https:\/\/cnpem.br\/en\/"},{"@type":"ListItem","position":2,"name":"CNPEM recebe verba do MEC para criar programa de gradua\u00e7\u00e3o"}]},{"@type":"WebSite","@id":"https:\/\/cnpem.br\/#website","url":"https:\/\/cnpem.br\/","name":"Centro Nacional de Pesquisa em Energia e Materiais","description":"Centro Nacional de Pesquisa em Energia e Materiais","alternateName":"CNPEM","potentialAction":[{"@type":"SearchAction","target":{"@type":"EntryPoint","urlTemplate":"https:\/\/cnpem.br\/?s={search_term_string}"},"query-input":{"@type":"PropertyValueSpecification","valueRequired":true,"valueName":"search_term_string"}}],"inLanguage":"en-US"},{"@type":"Person","@id":"https:\/\/cnpem.br\/#\/schema\/person\/b957a8048be4b70d687484cae6b978ef","name":"Erik Medina","url":""}]}},"jetpack_featured_media_url":"","jetpack_sharing_enabled":true,"jetpack_shortlink":"https:\/\/wp.me\/per0Mi-562","_links":{"self":[{"href":"https:\/\/cnpem.br\/en\/wp-json\/wp\/v2\/posts\/19594","targetHints":{"allow":["GET"]}}],"collection":[{"href":"https:\/\/cnpem.br\/en\/wp-json\/wp\/v2\/posts"}],"about":[{"href":"https:\/\/cnpem.br\/en\/wp-json\/wp\/v2\/types\/post"}],"author":[{"embeddable":true,"href":"https:\/\/cnpem.br\/en\/wp-json\/wp\/v2\/users\/17"}],"replies":[{"embeddable":true,"href":"https:\/\/cnpem.br\/en\/wp-json\/wp\/v2\/comments?post=19594"}],"version-history":[{"count":0,"href":"https:\/\/cnpem.br\/en\/wp-json\/wp\/v2\/posts\/19594\/revisions"}],"wp:attachment":[{"href":"https:\/\/cnpem.br\/en\/wp-json\/wp\/v2\/media?parent=19594"}],"wp:term":[{"taxonomy":"category","embeddable":true,"href":"https:\/\/cnpem.br\/en\/wp-json\/wp\/v2\/categories?post=19594"},{"taxonomy":"post_tag","embeddable":true,"href":"https:\/\/cnpem.br\/en\/wp-json\/wp\/v2\/tags?post=19594"}],"curies":[{"name":"wp","href":"https:\/\/api.w.org\/{rel}","templated":true}]}}