{"id":18917,"date":"2018-03-08T14:13:24","date_gmt":"2018-03-08T14:13:24","guid":{"rendered":"https:\/\/cnpem.staging.wpengine.com\/?p=18917"},"modified":"2022-01-21T15:35:49","modified_gmt":"2022-01-21T18:35:49","slug":"cnpem-sediou-a-2a-reuniao-dos-brics","status":"publish","type":"post","link":"https:\/\/cnpem.br\/en\/cnpem-sediou-a-2a-reuniao-dos-brics\/","title":{"rendered":"Cnpem sediou a 2\u00aa reuni\u00e3o dos Brics"},"content":{"rendered":"<p><a href=\"https:\/\/correio.rac.com.br\/_conteudo\/2018\/03\/campinas_e_rmc\/530915-cnpem-sediou-a-2-reuniao-dos-brics.html\">Correio Popular<\/a>, 5 de mar\u00e7o 2018<\/p>\n<hr \/>\n<p style=\"text-align: left;\">O Centro Nacional de Pesquisa em Energia e Materiais (Cnpem) sediou, nos dias 1\u00ba e 2 de mar\u00e7o, a segunda reuni\u00e3o do Grupo de Trabalho dos Brics (sigla que se refere a Brasil, R\u00fassia, India e China, que se destacam no cen\u00e1rio mundial como pa\u00edses em desenvolvimento), respons\u00e1vel pelos megaprojetos cient\u00edficos e infraestruturas de pesquisa (Research Infrastructure and Mega-Science projects). A primeira reuni\u00e3o do grupo havia ocorrido na R\u00fassia durante os dias 15 e 17 de maio do ano passado.<\/p>\n<p style=\"text-align: left;\">O objetivo do encontro visou permitir a troca de informa\u00e7\u00f5es a respeito das infraestruturas de pesquisa dos pa\u00edses membros e debater possibilidades de compartilhamento dessas instala\u00e7\u00f5es. A programa\u00e7\u00e3o da reuni\u00e3o foi organizada em sess\u00f5es t\u00e9cnicas: visitas \u00e0s instala\u00e7\u00f5es dos laborat\u00f3rios nacionais do Cnpem; apresenta\u00e7\u00e3o dos grandes empreendimentos cient\u00edficos dos cinco pa\u00edses e estrat\u00e9gias para ampliar o engajamento dos Brics em outros projetos cient\u00edficos.<\/p>\n<p style=\"text-align: left;\">Um dos principais t\u00f3picos discutidos no encontro foi o Sirius, um acelerador de el\u00e9trons de \u00faltima gera\u00e7\u00e3o, usado na an\u00e1lise estrutural dos mais diversos materiais, aberta \u00e0 comunidade de pesquisadores do Brasil e de todo o mundo. A nova fonte permitir\u00e1 a realiza\u00e7\u00e3o de experimentos hoje imposs\u00edveis no Pa\u00eds, abrindo novas perspectivas de pesquisa em \u00e1reas estrat\u00e9gicas como energia, biotecnologia, nanotecnologia, ci\u00eancia dos materiais e ambientais. &#8220;Vamos trocar informa\u00e7\u00f5es por meio de uma plataforma que est\u00e1 sendo desenvolvida ainda. Esse portal dar\u00e1 transparecia e levar\u00e1 mais conhecimento \u00e0s comunidades&#8221;, explicou o diretor do Projeto Sirius, Ant\u00f4nio Jos\u00e9 Roque da Silva.<\/p>\n<p style=\"text-align: left;\"><strong>Sirius<\/strong><\/p>\n<p style=\"text-align: left;\">O novo acelerador foi projetado pelo Centro Nacional de Pesquisa em Energia e Materiais. Com cerca de 500m de circunfer\u00eancia, ele ser\u00e1 a maior e mais complexa infraestrutura cient\u00edfica j\u00e1 constru\u00edda no Brasil. Toda essa estrutura ficar\u00e1 abrigada dentro de um edif\u00edcio de 68 mil metros quadrados, constru\u00eddo em uma \u00e1rea de 150 mil metros quadrados. As obras foram iniciadas em dezembro de 2014 e, at\u00e9 agora, cerca de 80% est\u00e3o conclu\u00eddas.<\/p>\n<p style=\"text-align: left;\">Atualmente, existe apenas uma fonte de luz s\u00edncrotron de quarta gera\u00e7\u00e3o no mundo: a m\u00e1quina sueca MAX IV, inaugurada h\u00e1 cerca de um ano. O projeto brasileiro inclui o pr\u00e9dio, as tr\u00eas estruturas aceleradoras (acelerador linear, booster e acelerador principal), 13 esta\u00e7\u00f5es de pesquisa, al\u00e9m de toda m\u00e3o de obra. A abertura da nova fonte de luz para pesquisadores est\u00e1 programada para 2019.<\/p>\n<p style=\"text-align: left;\">Quando o Sirius estiver em atividade, substituindo a atual fonte usada no Laborat\u00f3rio Nacional de Luz S\u00edncrotron, estima-se que uma pesquisa que atualmente \u00e9 feita em dez horas nos equipamentos mais avan\u00e7ados do mundo poder\u00e1 ser conclu\u00edda em dez segundos.<\/p>\n<p style=\"text-align: left;\">Na agricultura, a tecnologia poder\u00e1 ser usada para a produ\u00e7\u00e3o, por exemplo, de fertilizantes mais eficientes e baratos e at\u00e9 menos poluentes. J\u00e1 na sa\u00fade, o desenvolvimento de nanopart\u00edculas poder\u00e1 ajudar no diagn\u00f3stico de c\u00e2ncer e no combate a v\u00edrus e bact\u00e9rias. At\u00e9 a produ\u00e7\u00e3o de novos artigos industrializados como cosm\u00e9ticos podem ser feitos por meio da luz s\u00edncrotron.<\/p>\n<p style=\"text-align: left;\">O pr\u00e9dio est\u00e1 entre as obras civis mais sofisticadas do Brasil, com exig\u00eancias de estabilidade mec\u00e2nica e t\u00e9rmica.<\/p>\n","protected":false},"excerpt":{"rendered":"<p>Correio Popular, 5 de mar\u00e7o 2018 O Centro Nacional de Pesquisa em Energia e Materiais (Cnpem) sediou, nos dias 1\u00ba e 2 de mar\u00e7o, a segunda reuni\u00e3o do Grupo de&hellip;<\/p>\n","protected":false},"author":17,"featured_media":0,"comment_status":"closed","ping_status":"closed","sticky":false,"template":"","format":"standard","meta":{"_acf_changed":false,"_jetpack_newsletter_access":"","_jetpack_dont_email_post_to_subs":false,"_jetpack_newsletter_tier_id":0,"_jetpack_memberships_contains_paywalled_content":false,"_jetpack_memberships_contains_paid_content":false,"footnotes":"","_links_to":"","_links_to_target":""},"categories":[1163],"tags":[],"class_list":["post-18917","post","type-post","status-publish","format-standard","hentry","category-clipping-cnpem","category-1163","description-off"],"acf":[],"yoast_head":"<!-- This site is optimized with the Yoast SEO plugin v27.5 - https:\/\/yoast.com\/product\/yoast-seo-wordpress\/ -->\n<title>Cnpem sediou a 2\u00aa reuni\u00e3o dos Brics - CNPEM<\/title>\n<meta name=\"robots\" content=\"index, follow, max-snippet:-1, max-image-preview:large, max-video-preview:-1\" \/>\n<link rel=\"canonical\" href=\"https:\/\/cnpem.br\/cnpem-sediou-a-2a-reuniao-dos-brics\/\" \/>\n<meta property=\"og:locale\" content=\"en_US\" \/>\n<meta property=\"og:type\" content=\"article\" \/>\n<meta property=\"og:title\" content=\"Cnpem sediou a 2\u00aa reuni\u00e3o dos Brics - CNPEM\" \/>\n<meta property=\"og:description\" content=\"Correio Popular, 5 de mar\u00e7o 2018 O Centro Nacional de Pesquisa em Energia e Materiais (Cnpem) sediou, nos dias 1\u00ba e 2 de mar\u00e7o, a segunda reuni\u00e3o do Grupo de&hellip;\" \/>\n<meta property=\"og:url\" content=\"https:\/\/cnpem.br\/cnpem-sediou-a-2a-reuniao-dos-brics\/\" \/>\n<meta property=\"og:site_name\" content=\"CNPEM\" \/>\n<meta property=\"article:published_time\" content=\"2018-03-08T14:13:24+00:00\" \/>\n<meta property=\"article:modified_time\" content=\"2022-01-21T18:35:49+00:00\" \/>\n<meta name=\"author\" content=\"Erik Medina\" \/>\n<meta name=\"twitter:card\" content=\"summary_large_image\" \/>\n<meta name=\"twitter:label1\" content=\"Written by\" \/>\n\t<meta name=\"twitter:data1\" content=\"Erik Medina\" \/>\n\t<meta name=\"twitter:label2\" content=\"Est. reading time\" \/>\n\t<meta name=\"twitter:data2\" content=\"3 minutes\" \/>\n<script type=\"application\/ld+json\" class=\"yoast-schema-graph\">{\"@context\":\"https:\\\/\\\/schema.org\",\"@graph\":[{\"@type\":\"Article\",\"@id\":\"https:\\\/\\\/cnpem.br\\\/cnpem-sediou-a-2a-reuniao-dos-brics\\\/#article\",\"isPartOf\":{\"@id\":\"https:\\\/\\\/cnpem.br\\\/cnpem-sediou-a-2a-reuniao-dos-brics\\\/\"},\"author\":{\"name\":\"Erik Medina\",\"@id\":\"https:\\\/\\\/cnpem.br\\\/#\\\/schema\\\/person\\\/b957a8048be4b70d687484cae6b978ef\"},\"headline\":\"Cnpem sediou a 2\u00aa reuni\u00e3o dos Brics\",\"datePublished\":\"2018-03-08T14:13:24+00:00\",\"dateModified\":\"2022-01-21T18:35:49+00:00\",\"mainEntityOfPage\":{\"@id\":\"https:\\\/\\\/cnpem.br\\\/cnpem-sediou-a-2a-reuniao-dos-brics\\\/\"},\"wordCount\":563,\"articleSection\":[\"CNPEM na M\u00eddia\"],\"inLanguage\":\"en-US\"},{\"@type\":\"WebPage\",\"@id\":\"https:\\\/\\\/cnpem.br\\\/cnpem-sediou-a-2a-reuniao-dos-brics\\\/\",\"url\":\"https:\\\/\\\/cnpem.br\\\/cnpem-sediou-a-2a-reuniao-dos-brics\\\/\",\"name\":\"Cnpem sediou a 2\u00aa reuni\u00e3o dos Brics - CNPEM\",\"isPartOf\":{\"@id\":\"https:\\\/\\\/cnpem.br\\\/#website\"},\"datePublished\":\"2018-03-08T14:13:24+00:00\",\"dateModified\":\"2022-01-21T18:35:49+00:00\",\"author\":{\"@id\":\"https:\\\/\\\/cnpem.br\\\/#\\\/schema\\\/person\\\/b957a8048be4b70d687484cae6b978ef\"},\"breadcrumb\":{\"@id\":\"https:\\\/\\\/cnpem.br\\\/cnpem-sediou-a-2a-reuniao-dos-brics\\\/#breadcrumb\"},\"inLanguage\":\"en-US\",\"potentialAction\":[{\"@type\":\"ReadAction\",\"target\":[\"https:\\\/\\\/cnpem.br\\\/cnpem-sediou-a-2a-reuniao-dos-brics\\\/\"]}]},{\"@type\":\"BreadcrumbList\",\"@id\":\"https:\\\/\\\/cnpem.br\\\/cnpem-sediou-a-2a-reuniao-dos-brics\\\/#breadcrumb\",\"itemListElement\":[{\"@type\":\"ListItem\",\"position\":1,\"name\":\"In\u00edcio\",\"item\":\"https:\\\/\\\/cnpem.br\\\/en\\\/\"},{\"@type\":\"ListItem\",\"position\":2,\"name\":\"Cnpem sediou a 2\u00aa reuni\u00e3o dos Brics\"}]},{\"@type\":\"WebSite\",\"@id\":\"https:\\\/\\\/cnpem.br\\\/#website\",\"url\":\"https:\\\/\\\/cnpem.br\\\/\",\"name\":\"Centro Nacional de Pesquisa em Energia e Materiais\",\"description\":\"Centro Nacional de Pesquisa em Energia e Materiais\",\"alternateName\":\"CNPEM\",\"potentialAction\":[{\"@type\":\"SearchAction\",\"target\":{\"@type\":\"EntryPoint\",\"urlTemplate\":\"https:\\\/\\\/cnpem.br\\\/?s={search_term_string}\"},\"query-input\":{\"@type\":\"PropertyValueSpecification\",\"valueRequired\":true,\"valueName\":\"search_term_string\"}}],\"inLanguage\":\"en-US\"},{\"@type\":\"Person\",\"@id\":\"https:\\\/\\\/cnpem.br\\\/#\\\/schema\\\/person\\\/b957a8048be4b70d687484cae6b978ef\",\"name\":\"Erik Medina\",\"url\":\"\"}]}<\/script>\n<!-- \/ Yoast SEO plugin. -->","yoast_head_json":{"title":"Cnpem sediou a 2\u00aa reuni\u00e3o dos Brics - CNPEM","robots":{"index":"index","follow":"follow","max-snippet":"max-snippet:-1","max-image-preview":"max-image-preview:large","max-video-preview":"max-video-preview:-1"},"canonical":"https:\/\/cnpem.br\/cnpem-sediou-a-2a-reuniao-dos-brics\/","og_locale":"en_US","og_type":"article","og_title":"Cnpem sediou a 2\u00aa reuni\u00e3o dos Brics - CNPEM","og_description":"Correio Popular, 5 de mar\u00e7o 2018 O Centro Nacional de Pesquisa em Energia e Materiais (Cnpem) sediou, nos dias 1\u00ba e 2 de mar\u00e7o, a segunda reuni\u00e3o do Grupo de&hellip;","og_url":"https:\/\/cnpem.br\/cnpem-sediou-a-2a-reuniao-dos-brics\/","og_site_name":"CNPEM","article_published_time":"2018-03-08T14:13:24+00:00","article_modified_time":"2022-01-21T18:35:49+00:00","author":"Erik Medina","twitter_card":"summary_large_image","twitter_misc":{"Written by":"Erik Medina","Est. reading time":"3 minutes"},"schema":{"@context":"https:\/\/schema.org","@graph":[{"@type":"Article","@id":"https:\/\/cnpem.br\/cnpem-sediou-a-2a-reuniao-dos-brics\/#article","isPartOf":{"@id":"https:\/\/cnpem.br\/cnpem-sediou-a-2a-reuniao-dos-brics\/"},"author":{"name":"Erik Medina","@id":"https:\/\/cnpem.br\/#\/schema\/person\/b957a8048be4b70d687484cae6b978ef"},"headline":"Cnpem sediou a 2\u00aa reuni\u00e3o dos Brics","datePublished":"2018-03-08T14:13:24+00:00","dateModified":"2022-01-21T18:35:49+00:00","mainEntityOfPage":{"@id":"https:\/\/cnpem.br\/cnpem-sediou-a-2a-reuniao-dos-brics\/"},"wordCount":563,"articleSection":["CNPEM na M\u00eddia"],"inLanguage":"en-US"},{"@type":"WebPage","@id":"https:\/\/cnpem.br\/cnpem-sediou-a-2a-reuniao-dos-brics\/","url":"https:\/\/cnpem.br\/cnpem-sediou-a-2a-reuniao-dos-brics\/","name":"Cnpem sediou a 2\u00aa reuni\u00e3o dos Brics - CNPEM","isPartOf":{"@id":"https:\/\/cnpem.br\/#website"},"datePublished":"2018-03-08T14:13:24+00:00","dateModified":"2022-01-21T18:35:49+00:00","author":{"@id":"https:\/\/cnpem.br\/#\/schema\/person\/b957a8048be4b70d687484cae6b978ef"},"breadcrumb":{"@id":"https:\/\/cnpem.br\/cnpem-sediou-a-2a-reuniao-dos-brics\/#breadcrumb"},"inLanguage":"en-US","potentialAction":[{"@type":"ReadAction","target":["https:\/\/cnpem.br\/cnpem-sediou-a-2a-reuniao-dos-brics\/"]}]},{"@type":"BreadcrumbList","@id":"https:\/\/cnpem.br\/cnpem-sediou-a-2a-reuniao-dos-brics\/#breadcrumb","itemListElement":[{"@type":"ListItem","position":1,"name":"In\u00edcio","item":"https:\/\/cnpem.br\/en\/"},{"@type":"ListItem","position":2,"name":"Cnpem sediou a 2\u00aa reuni\u00e3o dos Brics"}]},{"@type":"WebSite","@id":"https:\/\/cnpem.br\/#website","url":"https:\/\/cnpem.br\/","name":"Centro Nacional de Pesquisa em Energia e Materiais","description":"Centro Nacional de Pesquisa em Energia e Materiais","alternateName":"CNPEM","potentialAction":[{"@type":"SearchAction","target":{"@type":"EntryPoint","urlTemplate":"https:\/\/cnpem.br\/?s={search_term_string}"},"query-input":{"@type":"PropertyValueSpecification","valueRequired":true,"valueName":"search_term_string"}}],"inLanguage":"en-US"},{"@type":"Person","@id":"https:\/\/cnpem.br\/#\/schema\/person\/b957a8048be4b70d687484cae6b978ef","name":"Erik Medina","url":""}]}},"jetpack_featured_media_url":"","jetpack_sharing_enabled":true,"jetpack_shortlink":"https:\/\/wp.me\/per0Mi-4V7","_links":{"self":[{"href":"https:\/\/cnpem.br\/en\/wp-json\/wp\/v2\/posts\/18917","targetHints":{"allow":["GET"]}}],"collection":[{"href":"https:\/\/cnpem.br\/en\/wp-json\/wp\/v2\/posts"}],"about":[{"href":"https:\/\/cnpem.br\/en\/wp-json\/wp\/v2\/types\/post"}],"author":[{"embeddable":true,"href":"https:\/\/cnpem.br\/en\/wp-json\/wp\/v2\/users\/17"}],"replies":[{"embeddable":true,"href":"https:\/\/cnpem.br\/en\/wp-json\/wp\/v2\/comments?post=18917"}],"version-history":[{"count":0,"href":"https:\/\/cnpem.br\/en\/wp-json\/wp\/v2\/posts\/18917\/revisions"}],"wp:attachment":[{"href":"https:\/\/cnpem.br\/en\/wp-json\/wp\/v2\/media?parent=18917"}],"wp:term":[{"taxonomy":"category","embeddable":true,"href":"https:\/\/cnpem.br\/en\/wp-json\/wp\/v2\/categories?post=18917"},{"taxonomy":"post_tag","embeddable":true,"href":"https:\/\/cnpem.br\/en\/wp-json\/wp\/v2\/tags?post=18917"}],"curies":[{"name":"wp","href":"https:\/\/api.w.org\/{rel}","templated":true}]}}