{"id":18736,"date":"2018-02-22T16:04:27","date_gmt":"2018-02-22T16:04:27","guid":{"rendered":"https:\/\/cnpem.staging.wpengine.com\/?p=18736"},"modified":"2022-01-21T15:35:56","modified_gmt":"2022-01-21T18:35:56","slug":"diretor-pede-a-temer-r-200-milhoes-para-que-projeto-sirius-decole-ainda-em-agosto","status":"publish","type":"post","link":"https:\/\/cnpem.br\/en\/diretor-pede-a-temer-r-200-milhoes-para-que-projeto-sirius-decole-ainda-em-agosto\/","title":{"rendered":"Diretor pede a Temer R$ 200 milh\u00f5es para que projeto Sirius &#8216;decole&#8217; ainda em agosto"},"content":{"rendered":"<p><em><a href=\"https:\/\/g1.globo.com\/sp\/campinas-regiao\/noticia\/diretor-pede-a-temer-r-200-milhoes-para-que-projeto-sirius-decole-ainda-em-agosto.ghtml\" target=\"_blank\" rel=\"noopener\">G1<\/a>, 15\/02\/2018<\/em><\/p>\n<p>&nbsp;<\/p>\n<h2 class=\"content-head__subtitle\">Ant\u00f4nio Jos\u00e9 Roque da Silva afirma que verba suplementar \u00e9 necess\u00e1ria para manter o cronograma da obra, e realizar a primeira volta de el\u00e9trons ainda este ano.<\/h2>\n<div class=\"content-media__image-centered\">\n<div class=\"progressive-img can-open-lightbox\" data-min-size=\"1008x672\" data-min-size-url=\"https:\/\/s2.glbimg.com\/9QE2cQqALTLTodvfNj1BHvKd6GA=\/0x0:4496x3000\/1008x0\/smart\/filters:strip_icc()\/i.s3.glbimg.com\/v1\/AUTH_59edd422c0c84a879bd37670ae4f538a\/internal_photos\/bs\/2018\/P\/I\/Rv6BJrTQCRs1jQmkjYiw\/temer-sirius-4-.jpg\" data-max-size=\"1600x1067\" data-max-size-url=\"https:\/\/s2.glbimg.com\/FbFM3p1CZObYz0BYy_btDkbSigI=\/0x0:4496x3000\/1600x0\/smart\/filters:strip_icc()\/i.s3.glbimg.com\/v1\/AUTH_59edd422c0c84a879bd37670ae4f538a\/internal_photos\/bs\/2018\/P\/I\/Rv6BJrTQCRs1jQmkjYiw\/temer-sirius-4-.jpg\" data-media-index=\"0\"><picture><img data-recalc-dims=\"1\" decoding=\"async\" class=\"image content-media__image progressive-loaded\" title=\"Presidente Michel Temer e o ministro de Ci\u00eancia e Tecnologia, Gilberto Kassab, visitaram o projeto Sirius nesta quinta-feira (15) (Foto: Fernando Evans\/G1)\" src=\"https:\/\/i0.wp.com\/s2.glbimg.com\/jg-nAlp8EpU_jT-s2EfoPuLSaPM%3D\/0x0%3A4496x3000\/984x0\/smart\/filters%3Astrip_icc%28%29\/i.s3.glbimg.com\/v1\/AUTH_59edd422c0c84a879bd37670ae4f538a\/internal_photos\/bs\/2018\/P\/I\/Rv6BJrTQCRs1jQmkjYiw\/temer-sirius-4-.jpg?w=1200&#038;ssl=1\" alt=\"Presidente Michel Temer e o ministro de Ci\u00eancia e Tecnologia, Gilberto Kassab, visitaram o projeto Sirius nesta quinta-feira (15) (Foto: Fernando Evans\/G1)\" data-src=\"https:\/\/s2.glbimg.com\/jg-nAlp8EpU_jT-s2EfoPuLSaPM=\/0x0:4496x3000\/984x0\/smart\/filters:strip_icc()\/i.s3.glbimg.com\/v1\/AUTH_59edd422c0c84a879bd37670ae4f538a\/internal_photos\/bs\/2018\/P\/I\/Rv6BJrTQCRs1jQmkjYiw\/temer-sirius-4-.jpg\" \/><\/picture><\/div>\n<\/div>\n<div class=\"content-media__description-centered \">\n<p class=\"content-media__description\"><span class=\"content-media__description__caption\">Presidente Michel Temer e o ministro de Ci\u00eancia e Tecnologia, Gilberto Kassab, visitaram o projeto Sirius nesta quinta-feira (15) (Foto: Fernando Evans\/G1)<\/span><\/p>\n<\/div>\n<div class=\"mc-column content-text active-extra-styles active-capital-letter\" data-block-type=\"unstyled\" data-block-weight=\"73\" data-block-id=\"2\">\n<p class=\"content-text__container theme-color-primary-first-letter\" data-track-category=\"Link no Texto\" data-track-links=\"\">Na r\u00e1pida visita que fez esta quinta-feira (15) a Campinas (SP), onde\u00a0<a href=\"https:\/\/g1.globo.com\/sp\/campinas-regiao\/noticia\/temer-chega-a-campinas-para-visitar-obras-do-projeto-sirius.ghtml\">conferiu pela primeira vez a obra do Sirius<\/a>, o presidente Michel Temer recebeu do diretor do projeto o pedido de verba suplementar de R$ 200 milh\u00f5es para manter o cronograma de constru\u00e7\u00e3o do laborat\u00f3rio de luz s\u00edncroton de 4\u00aa gera\u00e7\u00e3o, projetado para ser o mais avan\u00e7ado do mundo e que tem a primeira volta de el\u00e9trons prevista para agosto deste ano.<\/p>\n<\/div>\n<div class=\"mc-column content-text active-extra-styles \" data-block-type=\"unstyled\" data-block-weight=\"62\" data-block-id=\"3\">\n<p class=\"content-text__container \" data-track-category=\"Link no Texto\" data-track-links=\"\">Diretor do Laborat\u00f3rio Nacional de Luz S\u00edncotron e do projeto Sirius, Ant\u00f4nio Jos\u00e9 Roque da Silva disse que, apesar de &#8220;ainda ter 100% garantido os recursos necess\u00e1rios&#8221;, confia no governo. Na reuni\u00e3o com o presidente, houve a assinatura do termo aditivo para libera\u00e7\u00e3o dos R$ 218 milh\u00f5es previstos no or\u00e7amento deste ano, recursos que ele espera come\u00e7ar a receber ainda em fevereiro.<\/p>\n<\/div>\n<div class=\"mc-column content-text active-extra-styles\" data-block-type=\"raw\" data-block-weight=\"42\" data-block-id=\"4\">\n<blockquote class=\"content-blockquote theme-border-color-primary-before\"><p>&#8220;Nossa expectativa \u00e9 que a primeira volta ocorra em agosto (&#8230;) mas depende tanto da libera\u00e7\u00e3o adequada da lei or\u00e7ament\u00e1ria e dessa suplementa\u00e7\u00e3o de R$ 200 milh\u00f5es. O presidente deu ind\u00edcios fortes de que todo esfor\u00e7o ser\u00e1 feito para conseguir essa suplementa\u00e7\u00e3o.&#8221;<\/p><\/blockquote>\n<\/div>\n<div class=\"mc-column content-media content-media--normal  content-photo\" data-block-type=\"backstage-photo\" data-block-id=\"5\">\n<div class=\"content-media__container\">\n<div class=\"content-media__image-centered\">\n<div class=\"progressive-img can-open-lightbox\" data-min-size=\"1008x631\" data-min-size-url=\"https:\/\/s2.glbimg.com\/bHat7UZkJGUz8kDz14RRXmp2XI0=\/0x0:1700x1065\/1008x0\/smart\/filters:strip_icc()\/i.s3.glbimg.com\/v1\/AUTH_59edd422c0c84a879bd37670ae4f538a\/internal_photos\/bs\/2018\/R\/2\/yY0C0KQ2O5xwq862kknA\/cnpem.jpg\" data-max-size=\"1600x1002\" data-max-size-url=\"https:\/\/s2.glbimg.com\/j9bsMZhnBvg6DYndrO3zCixg4-U=\/0x0:1700x1065\/1600x0\/smart\/filters:strip_icc()\/i.s3.glbimg.com\/v1\/AUTH_59edd422c0c84a879bd37670ae4f538a\/internal_photos\/bs\/2018\/R\/2\/yY0C0KQ2O5xwq862kknA\/cnpem.jpg\" data-media-index=\"1\">\n<div class=\"placeholder-container\"><\/div>\n<p><img decoding=\"async\" class=\"progressive-draft\" title=\"Obras do laborat\u00f3rio Sirius no CNPEM, em Campinas (Foto: Renan Picoretti\/CNPEM\/LNLS)\" src=\"data:image\/jpeg;base64,\/9j\/4AAQSkZJRgABAQAAAQABAAD\/2wBDAAMCAgMCAgMDAwMEAwMEBQgFBQQEBQoHBwYIDAoMDAsKCwsNDhIQDQ4RDgsLEBYQERMUFRUVDA8XGBYUGBIUFRT\/2wBDAQMEBAUEBQkFBQkUDQsNFBQUFBQUFBQUFBQUFBQUFBQUFBQUFBQUFBQUFBQUFBQUFBQUFBQUFBQUFBQUFBQUFBT\/wgARCAAQABkDASIAAhEBAxEB\/8QAGAAAAwEBAAAAAAAAAAAAAAAABQYHAwT\/xAAWAQEBAQAAAAAAAAAAAAAAAAADAgT\/2gAMAwEAAhADEAAAAT\/RHqaeTVXPINJ\/\/8QAHBAAAgEFAQAAAAAAAAAAAAAABAUDAAECBxYU\/9oACAEBAAEFAgwHGcpQxkZDIpwmG7FlQL8layttCOSEnYfri6W9f\/\/EABkRAQACAwAAAAAAAAAAAAAAAAEAAwITIf\/aAAgBAwEBPwHXUcCFRlP\/xAAZEQADAAMAAAAAAAAAAAAAAAAAAQISIkL\/2gAIAQIBAT8Bh1S3oyS6P\/\/EACkQAAEDAwEFCQAAAAAAAAAAAAIAAQMREiEEBRQxQVEzNVJTcYGRlNH\/2gAIAQEABj8CAB2hKfiEC4q0dqBHLwcCkNy91vEk0s0PnRyvRvVdvqfl\/wAUWpEzMQKpMJ5LFOaB5tDfK5UIbWe0etealjbRlJFe+MNdHTHXNV3dH9dl\/8QAHxABAAICAgIDAAAAAAAAAAAAAREhAEExUXGBEMHw\/9oACAEBAAE\/IZCoT3D1Bh8ykkkthYd4AoUlOrlXs+Jq+5TMGQ5BrWsQm6wnlCUagw3cnXzhSpiyKc\/dfef\/2gAMAwEAAgADAAAAELIv\/8QAGxEAAgIDAQAAAAAAAAAAAAAAAREAITFxkaH\/2gAIAQMBAT8QYsbI9Vc64OeNET\/\/xAAZEQACAwEAAAAAAAAAAAAAAAABEQBBobH\/2gAIAQIBAT8QYiu65CYhsz\/\/xAAZEAEBAQEBAQAAAAAAAAAAAAABESEAMRD\/2gAIAQEAAT8QDbKgFKig4wunjz7OM38FEDqgnjnS0xVAuBoKgIWkWl476R9xDIVAaqRl4z2y6JArafLcWawawOjlgBmoegX4t\/\/Z\" alt=\"Obras do laborat\u00f3rio Sirius no CNPEM, em Campinas (Foto: Renan Picoretti\/CNPEM\/LNLS)\" \/><picture><source srcset=\"https:\/\/s2.glbimg.com\/2axUqCn6giXjtHHa1mgB7Y_BkKs=\/0x0:1700x1065\/600x0\/smart\/filters:strip_icc()\/i.s3.glbimg.com\/v1\/AUTH_59edd422c0c84a879bd37670ae4f538a\/internal_photos\/bs\/2018\/R\/2\/yY0C0KQ2O5xwq862kknA\/cnpem.jpg 1x, https:\/\/s2.glbimg.com\/n8_4DRa-E7cLxYWSVkKcZ7LKVTo=\/0x0:1700x1065\/1200x0\/smart\/filters:strip_icc()\/i.s3.glbimg.com\/v1\/AUTH_59edd422c0c84a879bd37670ae4f538a\/internal_photos\/bs\/2018\/R\/2\/yY0C0KQ2O5xwq862kknA\/cnpem.jpg 2x\" media=\"(max-width: 1024px)\" data-src=\"https:\/\/s2.glbimg.com\/2axUqCn6giXjtHHa1mgB7Y_BkKs=\/0x0:1700x1065\/600x0\/smart\/filters:strip_icc()\/i.s3.glbimg.com\/v1\/AUTH_59edd422c0c84a879bd37670ae4f538a\/internal_photos\/bs\/2018\/R\/2\/yY0C0KQ2O5xwq862kknA\/cnpem.jpg 1x, https:\/\/s2.glbimg.com\/n8_4DRa-E7cLxYWSVkKcZ7LKVTo=\/0x0:1700x1065\/1200x0\/smart\/filters:strip_icc()\/i.s3.glbimg.com\/v1\/AUTH_59edd422c0c84a879bd37670ae4f538a\/internal_photos\/bs\/2018\/R\/2\/yY0C0KQ2O5xwq862kknA\/cnpem.jpg 2x\" \/><source srcset=\"https:\/\/s2.glbimg.com\/uZxmx5YAgyxqyH3l-4MIP2YeYTI=\/0x0:1700x1065\/640x0\/smart\/filters:strip_icc()\/i.s3.glbimg.com\/v1\/AUTH_59edd422c0c84a879bd37670ae4f538a\/internal_photos\/bs\/2018\/R\/2\/yY0C0KQ2O5xwq862kknA\/cnpem.jpg 1x, https:\/\/s2.glbimg.com\/FguWKUGMGQD3tqwRUL4c4iiWvWs=\/0x0:1700x1065\/1280x0\/smart\/filters:strip_icc()\/i.s3.glbimg.com\/v1\/AUTH_59edd422c0c84a879bd37670ae4f538a\/internal_photos\/bs\/2018\/R\/2\/yY0C0KQ2O5xwq862kknA\/cnpem.jpg 2x\" media=\"(max-width: 1280px)\" data-src=\"https:\/\/s2.glbimg.com\/uZxmx5YAgyxqyH3l-4MIP2YeYTI=\/0x0:1700x1065\/640x0\/smart\/filters:strip_icc()\/i.s3.glbimg.com\/v1\/AUTH_59edd422c0c84a879bd37670ae4f538a\/internal_photos\/bs\/2018\/R\/2\/yY0C0KQ2O5xwq862kknA\/cnpem.jpg 1x, https:\/\/s2.glbimg.com\/FguWKUGMGQD3tqwRUL4c4iiWvWs=\/0x0:1700x1065\/1280x0\/smart\/filters:strip_icc()\/i.s3.glbimg.com\/v1\/AUTH_59edd422c0c84a879bd37670ae4f538a\/internal_photos\/bs\/2018\/R\/2\/yY0C0KQ2O5xwq862kknA\/cnpem.jpg 2x\" \/><source srcset=\"https:\/\/s2.glbimg.com\/LuVa-PYzxtwN_43qZX8vRzyhVtg=\/0x0:1700x1065\/984x0\/smart\/filters:strip_icc()\/i.s3.glbimg.com\/v1\/AUTH_59edd422c0c84a879bd37670ae4f538a\/internal_photos\/bs\/2018\/R\/2\/yY0C0KQ2O5xwq862kknA\/cnpem.jpg 1x, https:\/\/s2.glbimg.com\/tervNDIBNIxFzgkWvmt7-mWs1mU=\/0x0:1700x1065\/1968x0\/smart\/filters:strip_icc()\/i.s3.glbimg.com\/v1\/AUTH_59edd422c0c84a879bd37670ae4f538a\/internal_photos\/bs\/2018\/R\/2\/yY0C0KQ2O5xwq862kknA\/cnpem.jpg 2x\" media=\"(max-width: 1360px)\" data-src=\"https:\/\/s2.glbimg.com\/LuVa-PYzxtwN_43qZX8vRzyhVtg=\/0x0:1700x1065\/984x0\/smart\/filters:strip_icc()\/i.s3.glbimg.com\/v1\/AUTH_59edd422c0c84a879bd37670ae4f538a\/internal_photos\/bs\/2018\/R\/2\/yY0C0KQ2O5xwq862kknA\/cnpem.jpg 1x, https:\/\/s2.glbimg.com\/tervNDIBNIxFzgkWvmt7-mWs1mU=\/0x0:1700x1065\/1968x0\/smart\/filters:strip_icc()\/i.s3.glbimg.com\/v1\/AUTH_59edd422c0c84a879bd37670ae4f538a\/internal_photos\/bs\/2018\/R\/2\/yY0C0KQ2O5xwq862kknA\/cnpem.jpg 2x\" \/><source srcset=\"https:\/\/s2.glbimg.com\/-Bbi2CHTTLOMYbhpHZjyxSZ7NIA=\/0x0:1700x1065\/1000x0\/smart\/filters:strip_icc()\/i.s3.glbimg.com\/v1\/AUTH_59edd422c0c84a879bd37670ae4f538a\/internal_photos\/bs\/2018\/R\/2\/yY0C0KQ2O5xwq862kknA\/cnpem.jpg 1x, https:\/\/s2.glbimg.com\/xPQUZHYcs7qrl1NK4hn8lXHpDYM=\/0x0:1700x1065\/2000x0\/smart\/filters:strip_icc()\/i.s3.glbimg.com\/v1\/AUTH_59edd422c0c84a879bd37670ae4f538a\/internal_photos\/bs\/2018\/R\/2\/yY0C0KQ2O5xwq862kknA\/cnpem.jpg 2x\" media=\"(min-width: 1361px)\" data-src=\"https:\/\/s2.glbimg.com\/-Bbi2CHTTLOMYbhpHZjyxSZ7NIA=\/0x0:1700x1065\/1000x0\/smart\/filters:strip_icc()\/i.s3.glbimg.com\/v1\/AUTH_59edd422c0c84a879bd37670ae4f538a\/internal_photos\/bs\/2018\/R\/2\/yY0C0KQ2O5xwq862kknA\/cnpem.jpg 1x, https:\/\/s2.glbimg.com\/xPQUZHYcs7qrl1NK4hn8lXHpDYM=\/0x0:1700x1065\/2000x0\/smart\/filters:strip_icc()\/i.s3.glbimg.com\/v1\/AUTH_59edd422c0c84a879bd37670ae4f538a\/internal_photos\/bs\/2018\/R\/2\/yY0C0KQ2O5xwq862kknA\/cnpem.jpg 2x\" \/><source srcset=\"https:\/\/s2.glbimg.com\/LuVa-PYzxtwN_43qZX8vRzyhVtg=\/0x0:1700x1065\/984x0\/smart\/filters:strip_icc()\/i.s3.glbimg.com\/v1\/AUTH_59edd422c0c84a879bd37670ae4f538a\/internal_photos\/bs\/2018\/R\/2\/yY0C0KQ2O5xwq862kknA\/cnpem.jpg\" data-src=\"https:\/\/s2.glbimg.com\/LuVa-PYzxtwN_43qZX8vRzyhVtg=\/0x0:1700x1065\/984x0\/smart\/filters:strip_icc()\/i.s3.glbimg.com\/v1\/AUTH_59edd422c0c84a879bd37670ae4f538a\/internal_photos\/bs\/2018\/R\/2\/yY0C0KQ2O5xwq862kknA\/cnpem.jpg\" \/><img data-recalc-dims=\"1\" decoding=\"async\" class=\"image content-media__image progressive-loaded\" title=\"Obras do laborat\u00f3rio Sirius no CNPEM, em Campinas (Foto: Renan Picoretti\/CNPEM\/LNLS)\" src=\"https:\/\/i0.wp.com\/s2.glbimg.com\/LuVa-PYzxtwN_43qZX8vRzyhVtg%3D\/0x0%3A1700x1065\/984x0\/smart\/filters%3Astrip_icc%28%29\/i.s3.glbimg.com\/v1\/AUTH_59edd422c0c84a879bd37670ae4f538a\/internal_photos\/bs\/2018\/R\/2\/yY0C0KQ2O5xwq862kknA\/cnpem.jpg?w=1200&#038;ssl=1\" alt=\"Obras do laborat\u00f3rio Sirius no CNPEM, em Campinas (Foto: Renan Picoretti\/CNPEM\/LNLS)\" data-src=\"https:\/\/s2.glbimg.com\/LuVa-PYzxtwN_43qZX8vRzyhVtg=\/0x0:1700x1065\/984x0\/smart\/filters:strip_icc()\/i.s3.glbimg.com\/v1\/AUTH_59edd422c0c84a879bd37670ae4f538a\/internal_photos\/bs\/2018\/R\/2\/yY0C0KQ2O5xwq862kknA\/cnpem.jpg\" \/><\/picture><\/div>\n<\/div>\n<div class=\"content-media__description-centered \">\n<p class=\"content-media__description\"><i class=\"content-media__description__icon theme-color-primary\"><\/i><span class=\"content-media__description__caption\">Obras do laborat\u00f3rio Sirius no CNPEM, em Campinas (Foto: Renan Picoretti\/CNPEM\/LNLS)<\/span><\/p>\n<\/div>\n<\/div>\n<\/div>\n<div class=\"mc-column content-text active-extra-styles \" data-block-type=\"unstyled\" data-block-weight=\"15\" data-block-id=\"6\">\n<p class=\"content-text__container \" data-track-category=\"Link no Texto\" data-track-links=\"\">Or\u00e7ado em R$ 1,8 bilh\u00e3o, o projeto Sirius j\u00e1 consumiu R$ 930 milh\u00f5es desde 2012.<\/p>\n<\/div>\n<div class=\"mc-column content-text active-extra-styles\" data-block-type=\"raw\" data-block-weight=\"1\" data-block-id=\"7\">\n<div class=\"content-intertitle\">\n<h2>Impressionado<\/h2>\n<\/div>\n<\/div>\n<div class=\"mc-column content-text active-extra-styles \" data-block-type=\"unstyled\" data-block-weight=\"31\" data-block-id=\"8\">\n<p class=\"content-text__container \" data-track-category=\"Link no Texto\" data-track-links=\"\">O projeto Sirius, laborat\u00f3rio de luz s\u00edncroton de 4\u00aa gera\u00e7\u00e3o em constru\u00e7\u00e3o dentro do Centro Nacional de Pesquisas em Energia e Materiais (CNPEM), em Campinas (SP), impressionou o presidente Michel Temer.<\/p>\n<\/div>\n<div class=\"mc-column content-text active-extra-styles \" data-block-type=\"unstyled\" data-block-weight=\"64\" data-block-id=\"10\">\n<p class=\"content-text__container \" data-track-category=\"Link no Texto\" data-track-links=\"\">&#8220;Acabamos de conhecer um projeto extraordin\u00e1rio, uma tecnologia avan\u00e7ad\u00edssima que \u00e9 o projeto Sirius. Recebemos todos uma explica\u00e7\u00e3o muito adequada, muito competente deste projeto, e isto revela as potencialidades do pa\u00eds. [&#8230;] Este fato deve ser divulgado n\u00e3o s\u00f3 ao Brasil, para que os brasileiros tenham cada vez mais orgulho do seu pa\u00eds, da sua p\u00e1tria, mas, se poss\u00edvel, transmitido ao exterior&#8221;, afirma Temer.<\/p>\n<\/div>\n<div class=\"mc-column content-media content-media--normal  content-photo\" data-block-type=\"backstage-photo\" data-block-id=\"11\">\n<div class=\"content-media__container\">\n<div class=\"content-media__image-centered\">\n<div class=\"progressive-img can-open-lightbox\" data-min-size=\"1008x672\" data-min-size-url=\"https:\/\/s2.glbimg.com\/KsCYOADvdaf_aOjlTGQ7AbBJphc=\/0x0:4496x3000\/1008x0\/smart\/filters:strip_icc()\/i.s3.glbimg.com\/v1\/AUTH_59edd422c0c84a879bd37670ae4f538a\/internal_photos\/bs\/2018\/c\/0\/IbUDccSfAxwIVJqU1G8w\/temer-sirius-8-.jpg\" data-max-size=\"1600x1067\" data-max-size-url=\"https:\/\/s2.glbimg.com\/rU9BppLlee147Od0kHy7SI4Hm-w=\/0x0:4496x3000\/1600x0\/smart\/filters:strip_icc()\/i.s3.glbimg.com\/v1\/AUTH_59edd422c0c84a879bd37670ae4f538a\/internal_photos\/bs\/2018\/c\/0\/IbUDccSfAxwIVJqU1G8w\/temer-sirius-8-.jpg\" data-media-index=\"2\">\n<div class=\"placeholder-container\"><\/div>\n<p><img decoding=\"async\" class=\"progressive-draft\" title=\"Ant\u00f4nio Jos\u00e9 Roque da Silva, diretor do projeto Sirius (Foto: Fernando Evans\/G1)\" src=\"data:image\/jpeg;base64,\/9j\/4AAQSkZJRgABAQAAAQABAAD\/2wBDAAMCAgMCAgMDAwMEAwMEBQgFBQQEBQoHBwYIDAoMDAsKCwsNDhIQDQ4RDgsLEBYQERMUFRUVDA8XGBYUGBIUFRT\/2wBDAQMEBAUEBQkFBQkUDQsNFBQUFBQUFBQUFBQUFBQUFBQUFBQUFBQUFBQUFBQUFBQUFBQUFBQUFBQUFBQUFBQUFBT\/wgARCAARABkDASIAAhEBAxEB\/8QAGAAAAwEBAAAAAAAAAAAAAAAAAAQFBgf\/xAAXAQEBAQEAAAAAAAAAAAAAAAAEBQID\/9oADAMBAAIQAxAAAAF6bRlxKFXMv4JnFToAIzO6UCCf\/8QAHhAAAgEEAwEAAAAAAAAAAAAAAwQCAAEFEwYUNTT\/2gAIAQEAAQUCBCIRFMuNZGEWVty1dgUF7tWFYWwuP3N1mvo5D6HB\/Zr\/xAAbEQABBQEBAAAAAAAAAAAAAAAAAQIDERIxQf\/aAAgBAwEBPwGCrVTbNLbSP0d0\/8QAGxEBAAICAwAAAAAAAAAAAAAAAQACAxAREjL\/2gAIAQIBAT8ByCgcQx3KnVj5rr\/\/xAAjEAACAQMEAQUAAAAAAAAAAAABAgADESESMTJxBBBhYpKh\/9oACAEBAAY\/ArtgAZtNT0ms3xuY6gG9PB1CbP8AQwmq4RLbmMlYgH32gqpU1clLJmxvOVf9idR+xPN6Pp\/\/xAAhEAEAAQIFBQAAAAAAAAAAAAABEQAxECFBUfBhcZGxwf\/aAAgBAQABPyF7NKK6k7ubelOm5QwhpeuZfKXtUFvW9D48kiPDSr7uSvdOhGKu5\/Yrg93D\/9oADAMBAAIAAwAAABBeSOD\/xAAcEQEAAgEFAAAAAAAAAAAAAAABABEQITFRccH\/2gAIAQMBAT8QssUkacnXlJv6+mD\/xAAcEQEAAgEFAAAAAAAAAAAAAAABABHBITFhgaH\/2gAIAQIBAT8Qclhe5ZYacOJ7MMNp\/8QAIRABAQABAwMFAAAAAAAAAAAAAREhADFBUWFxECDR8PH\/2gAIAQEAAT8QABcRgBx31baCyldmnjnxoKsu5GrqIzHT0ZIRyEJTEO6yBbphsqsgxXg4lxqFEBPVQQqYEc9Nfu\/PX1e3sR4P\/9k=\" alt=\"Ant\u00f4nio Jos\u00e9 Roque da Silva, diretor do projeto Sirius (Foto: Fernando Evans\/G1)\" \/><picture><source srcset=\"https:\/\/s2.glbimg.com\/KkPiyH5PFo6MP_gUUSLvclDRzzE=\/0x0:4496x3000\/600x0\/smart\/filters:strip_icc()\/i.s3.glbimg.com\/v1\/AUTH_59edd422c0c84a879bd37670ae4f538a\/internal_photos\/bs\/2018\/c\/0\/IbUDccSfAxwIVJqU1G8w\/temer-sirius-8-.jpg 1x, https:\/\/s2.glbimg.com\/5VVndQRybM7KWDQ5NE-eQKwiGQI=\/0x0:4496x3000\/1200x0\/smart\/filters:strip_icc()\/i.s3.glbimg.com\/v1\/AUTH_59edd422c0c84a879bd37670ae4f538a\/internal_photos\/bs\/2018\/c\/0\/IbUDccSfAxwIVJqU1G8w\/temer-sirius-8-.jpg 2x\" media=\"(max-width: 1024px)\" data-src=\"https:\/\/s2.glbimg.com\/KkPiyH5PFo6MP_gUUSLvclDRzzE=\/0x0:4496x3000\/600x0\/smart\/filters:strip_icc()\/i.s3.glbimg.com\/v1\/AUTH_59edd422c0c84a879bd37670ae4f538a\/internal_photos\/bs\/2018\/c\/0\/IbUDccSfAxwIVJqU1G8w\/temer-sirius-8-.jpg 1x, https:\/\/s2.glbimg.com\/5VVndQRybM7KWDQ5NE-eQKwiGQI=\/0x0:4496x3000\/1200x0\/smart\/filters:strip_icc()\/i.s3.glbimg.com\/v1\/AUTH_59edd422c0c84a879bd37670ae4f538a\/internal_photos\/bs\/2018\/c\/0\/IbUDccSfAxwIVJqU1G8w\/temer-sirius-8-.jpg 2x\" \/><source srcset=\"https:\/\/s2.glbimg.com\/PCcMwmXvSeHsk4G_uMHxG_uWz1A=\/0x0:4496x3000\/640x0\/smart\/filters:strip_icc()\/i.s3.glbimg.com\/v1\/AUTH_59edd422c0c84a879bd37670ae4f538a\/internal_photos\/bs\/2018\/c\/0\/IbUDccSfAxwIVJqU1G8w\/temer-sirius-8-.jpg 1x, https:\/\/s2.glbimg.com\/Dw25r_0aqV5k5ooCJu5FzFbdlfk=\/0x0:4496x3000\/1280x0\/smart\/filters:strip_icc()\/i.s3.glbimg.com\/v1\/AUTH_59edd422c0c84a879bd37670ae4f538a\/internal_photos\/bs\/2018\/c\/0\/IbUDccSfAxwIVJqU1G8w\/temer-sirius-8-.jpg 2x\" media=\"(max-width: 1280px)\" data-src=\"https:\/\/s2.glbimg.com\/PCcMwmXvSeHsk4G_uMHxG_uWz1A=\/0x0:4496x3000\/640x0\/smart\/filters:strip_icc()\/i.s3.glbimg.com\/v1\/AUTH_59edd422c0c84a879bd37670ae4f538a\/internal_photos\/bs\/2018\/c\/0\/IbUDccSfAxwIVJqU1G8w\/temer-sirius-8-.jpg 1x, https:\/\/s2.glbimg.com\/Dw25r_0aqV5k5ooCJu5FzFbdlfk=\/0x0:4496x3000\/1280x0\/smart\/filters:strip_icc()\/i.s3.glbimg.com\/v1\/AUTH_59edd422c0c84a879bd37670ae4f538a\/internal_photos\/bs\/2018\/c\/0\/IbUDccSfAxwIVJqU1G8w\/temer-sirius-8-.jpg 2x\" \/><source srcset=\"https:\/\/s2.glbimg.com\/RfMmgwdsBlsWfg2wEaQPdyXl5P4=\/0x0:4496x3000\/984x0\/smart\/filters:strip_icc()\/i.s3.glbimg.com\/v1\/AUTH_59edd422c0c84a879bd37670ae4f538a\/internal_photos\/bs\/2018\/c\/0\/IbUDccSfAxwIVJqU1G8w\/temer-sirius-8-.jpg 1x, https:\/\/s2.glbimg.com\/0IWE_i3-WwX0HQDKS1JnvVNn9eg=\/0x0:4496x3000\/1968x0\/smart\/filters:strip_icc()\/i.s3.glbimg.com\/v1\/AUTH_59edd422c0c84a879bd37670ae4f538a\/internal_photos\/bs\/2018\/c\/0\/IbUDccSfAxwIVJqU1G8w\/temer-sirius-8-.jpg 2x\" media=\"(max-width: 1360px)\" data-src=\"https:\/\/s2.glbimg.com\/RfMmgwdsBlsWfg2wEaQPdyXl5P4=\/0x0:4496x3000\/984x0\/smart\/filters:strip_icc()\/i.s3.glbimg.com\/v1\/AUTH_59edd422c0c84a879bd37670ae4f538a\/internal_photos\/bs\/2018\/c\/0\/IbUDccSfAxwIVJqU1G8w\/temer-sirius-8-.jpg 1x, https:\/\/s2.glbimg.com\/0IWE_i3-WwX0HQDKS1JnvVNn9eg=\/0x0:4496x3000\/1968x0\/smart\/filters:strip_icc()\/i.s3.glbimg.com\/v1\/AUTH_59edd422c0c84a879bd37670ae4f538a\/internal_photos\/bs\/2018\/c\/0\/IbUDccSfAxwIVJqU1G8w\/temer-sirius-8-.jpg 2x\" \/><source srcset=\"https:\/\/s2.glbimg.com\/DkdbMRfX79Ixte9vzqmqn5NAajo=\/0x0:4496x3000\/1000x0\/smart\/filters:strip_icc()\/i.s3.glbimg.com\/v1\/AUTH_59edd422c0c84a879bd37670ae4f538a\/internal_photos\/bs\/2018\/c\/0\/IbUDccSfAxwIVJqU1G8w\/temer-sirius-8-.jpg 1x, https:\/\/s2.glbimg.com\/b8rCiX3Y_n6sldAqxoTUImG_PTI=\/0x0:4496x3000\/2000x0\/smart\/filters:strip_icc()\/i.s3.glbimg.com\/v1\/AUTH_59edd422c0c84a879bd37670ae4f538a\/internal_photos\/bs\/2018\/c\/0\/IbUDccSfAxwIVJqU1G8w\/temer-sirius-8-.jpg 2x\" media=\"(min-width: 1361px)\" data-src=\"https:\/\/s2.glbimg.com\/DkdbMRfX79Ixte9vzqmqn5NAajo=\/0x0:4496x3000\/1000x0\/smart\/filters:strip_icc()\/i.s3.glbimg.com\/v1\/AUTH_59edd422c0c84a879bd37670ae4f538a\/internal_photos\/bs\/2018\/c\/0\/IbUDccSfAxwIVJqU1G8w\/temer-sirius-8-.jpg 1x, https:\/\/s2.glbimg.com\/b8rCiX3Y_n6sldAqxoTUImG_PTI=\/0x0:4496x3000\/2000x0\/smart\/filters:strip_icc()\/i.s3.glbimg.com\/v1\/AUTH_59edd422c0c84a879bd37670ae4f538a\/internal_photos\/bs\/2018\/c\/0\/IbUDccSfAxwIVJqU1G8w\/temer-sirius-8-.jpg 2x\" \/><source srcset=\"https:\/\/s2.glbimg.com\/RfMmgwdsBlsWfg2wEaQPdyXl5P4=\/0x0:4496x3000\/984x0\/smart\/filters:strip_icc()\/i.s3.glbimg.com\/v1\/AUTH_59edd422c0c84a879bd37670ae4f538a\/internal_photos\/bs\/2018\/c\/0\/IbUDccSfAxwIVJqU1G8w\/temer-sirius-8-.jpg\" data-src=\"https:\/\/s2.glbimg.com\/RfMmgwdsBlsWfg2wEaQPdyXl5P4=\/0x0:4496x3000\/984x0\/smart\/filters:strip_icc()\/i.s3.glbimg.com\/v1\/AUTH_59edd422c0c84a879bd37670ae4f538a\/internal_photos\/bs\/2018\/c\/0\/IbUDccSfAxwIVJqU1G8w\/temer-sirius-8-.jpg\" \/><img data-recalc-dims=\"1\" decoding=\"async\" class=\"image content-media__image progressive-loaded\" title=\"Ant\u00f4nio Jos\u00e9 Roque da Silva, diretor do projeto Sirius (Foto: Fernando Evans\/G1)\" src=\"https:\/\/i0.wp.com\/s2.glbimg.com\/RfMmgwdsBlsWfg2wEaQPdyXl5P4%3D\/0x0%3A4496x3000\/984x0\/smart\/filters%3Astrip_icc%28%29\/i.s3.glbimg.com\/v1\/AUTH_59edd422c0c84a879bd37670ae4f538a\/internal_photos\/bs\/2018\/c\/0\/IbUDccSfAxwIVJqU1G8w\/temer-sirius-8-.jpg?w=1200&#038;ssl=1\" alt=\"Ant\u00f4nio Jos\u00e9 Roque da Silva, diretor do projeto Sirius (Foto: Fernando Evans\/G1)\" data-src=\"https:\/\/s2.glbimg.com\/RfMmgwdsBlsWfg2wEaQPdyXl5P4=\/0x0:4496x3000\/984x0\/smart\/filters:strip_icc()\/i.s3.glbimg.com\/v1\/AUTH_59edd422c0c84a879bd37670ae4f538a\/internal_photos\/bs\/2018\/c\/0\/IbUDccSfAxwIVJqU1G8w\/temer-sirius-8-.jpg\" \/><\/picture><\/div>\n<\/div>\n<div class=\"content-media__description-centered \">\n<p class=\"content-media__description\"><i class=\"content-media__description__icon theme-color-primary\"><\/i><span class=\"content-media__description__caption\">Ant\u00f4nio Jos\u00e9 Roque da Silva, diretor do projeto Sirius (Foto: Fernando Evans\/G1)<\/span><\/p>\n<\/div>\n<\/div>\n<\/div>\n<div class=\"mc-column content-text active-extra-styles \" data-block-type=\"unstyled\" data-block-weight=\"37\" data-block-id=\"12\">\n<p class=\"content-text__container \" data-track-category=\"Link no Texto\" data-track-links=\"\">Atualmente h\u00e1 apenas um laborat\u00f3rio da 4\u00aa gera\u00e7\u00e3o de luz s\u00edncroton operando no mundo: o MAX-IV, na Su\u00e9cia.\u00a0<a href=\"https:\/\/g1.globo.com\/sp\/campinas-regiao\/noticia\/sirius-nasce-com-status-de-estrela-cientifica-internacional-e-luta-por-verbas.ghtml\">O Sirius foi projetado para ter o maior brilho do mundo<\/a>\u00a0entre as fontes com sua faixa de energia.<\/p>\n<\/div>\n<div class=\"mc-column content-text active-extra-styles \" data-block-type=\"unstyled\" data-block-weight=\"44\" data-block-id=\"13\">\n<p class=\"content-text__container \" data-track-category=\"Link no Texto\" data-track-links=\"\">Quando o Sirius estiver em atividade &#8211; substituindo a atual fonte de luz usada no Laborat\u00f3rio Nacional de Luz S\u00edncrotron -, estima-se que uma pesquisa que atualmente \u00e9 feita em 10 horas nos equipamentos mais avan\u00e7ados do mundo poder\u00e1 ser conclu\u00edda em 10 segundos.<\/p>\n<\/div>\n<div class=\"mc-column content-text active-extra-styles \" data-block-type=\"unstyled\" data-block-weight=\"26\" data-block-id=\"14\">\n<p class=\"content-text__container \" data-track-category=\"Link no Texto\" data-track-links=\"\">A abertura da nova fonte de luz s\u00edncrotron para pesquisadores est\u00e1 programada para 2019, e a conclus\u00e3o total da obra, com 13 linhas operando, para 2020.<\/p>\n<p data-track-category=\"Link no Texto\" data-track-links=\"\">\n<\/div>\n<p data-track-category=\"Link no Texto\" data-track-links=\"\"><strong>Repercuss\u00e3o:<\/strong> <a href=\"https:\/\/www.litoralhoje.com.br\/noticias-do-brasil\/ciencia-e-saude\/2018\/02\/15\/diretor-pede-a-temer-r-200-milhes-para-que-projeto-sirius-decole-ainda-em-agosto\/\" target=\"_blank\" rel=\"noopener\">Litoral Hoje<\/a>;<\/p>\n","protected":false},"excerpt":{"rendered":"<p>G1, 15\/02\/2018 &nbsp; Ant\u00f4nio Jos\u00e9 Roque da Silva afirma que verba suplementar \u00e9 necess\u00e1ria para manter o cronograma da obra, e realizar a primeira volta de el\u00e9trons ainda este ano.&hellip;<\/p>\n","protected":false},"author":17,"featured_media":0,"comment_status":"closed","ping_status":"closed","sticky":false,"template":"","format":"standard","meta":{"_acf_changed":false,"_jetpack_newsletter_access":"","_jetpack_dont_email_post_to_subs":false,"_jetpack_newsletter_tier_id":0,"_jetpack_memberships_contains_paywalled_content":false,"_jetpack_memberships_contains_paid_content":false,"footnotes":"","_links_to":"","_links_to_target":""},"categories":[1163,12],"tags":[],"class_list":["post-18736","post","type-post","status-publish","format-standard","hentry","category-clipping-cnpem","category-clipping-lnls","category-1163","category-12","description-off"],"acf":[],"yoast_head":"<!-- This site is optimized with the Yoast SEO plugin v27.5 - https:\/\/yoast.com\/product\/yoast-seo-wordpress\/ -->\n<title>Diretor pede a Temer R$ 200 milh\u00f5es para que projeto Sirius &#039;decole&#039; ainda em agosto - CNPEM<\/title>\n<meta name=\"robots\" content=\"index, follow, max-snippet:-1, max-image-preview:large, max-video-preview:-1\" \/>\n<link rel=\"canonical\" href=\"https:\/\/cnpem.br\/diretor-pede-a-temer-r-200-milhoes-para-que-projeto-sirius-decole-ainda-em-agosto\/\" \/>\n<meta property=\"og:locale\" content=\"en_US\" \/>\n<meta property=\"og:type\" content=\"article\" \/>\n<meta property=\"og:title\" content=\"Diretor pede a Temer R$ 200 milh\u00f5es para que projeto Sirius &#039;decole&#039; ainda em agosto - CNPEM\" \/>\n<meta property=\"og:description\" content=\"G1, 15\/02\/2018 &nbsp; Ant\u00f4nio Jos\u00e9 Roque da Silva afirma que verba suplementar \u00e9 necess\u00e1ria para manter o cronograma da obra, e realizar a primeira volta de el\u00e9trons ainda este ano.&hellip;\" \/>\n<meta property=\"og:url\" content=\"https:\/\/cnpem.br\/diretor-pede-a-temer-r-200-milhoes-para-que-projeto-sirius-decole-ainda-em-agosto\/\" \/>\n<meta property=\"og:site_name\" content=\"CNPEM\" \/>\n<meta property=\"article:published_time\" content=\"2018-02-22T16:04:27+00:00\" \/>\n<meta property=\"article:modified_time\" content=\"2022-01-21T18:35:56+00:00\" \/>\n<meta property=\"og:image\" content=\"https:\/\/s2.glbimg.com\/jg-nAlp8EpU_jT-s2EfoPuLSaPM=\/0x0:4496x3000\/984x0\/smart\/filters:strip_icc()\/i.s3.glbimg.com\/v1\/AUTH_59edd422c0c84a879bd37670ae4f538a\/internal_photos\/bs\/2018\/P\/I\/Rv6BJrTQCRs1jQmkjYiw\/temer-sirius-4-.jpg\" \/>\n<meta name=\"author\" content=\"Erik Medina\" \/>\n<meta name=\"twitter:card\" content=\"summary_large_image\" \/>\n<meta name=\"twitter:label1\" content=\"Written by\" \/>\n\t<meta name=\"twitter:data1\" content=\"Erik Medina\" \/>\n\t<meta name=\"twitter:label2\" content=\"Est. reading time\" \/>\n\t<meta name=\"twitter:data2\" content=\"3 minutes\" \/>\n<script type=\"application\/ld+json\" class=\"yoast-schema-graph\">{\"@context\":\"https:\\\/\\\/schema.org\",\"@graph\":[{\"@type\":\"Article\",\"@id\":\"https:\\\/\\\/cnpem.br\\\/diretor-pede-a-temer-r-200-milhoes-para-que-projeto-sirius-decole-ainda-em-agosto\\\/#article\",\"isPartOf\":{\"@id\":\"https:\\\/\\\/cnpem.br\\\/diretor-pede-a-temer-r-200-milhoes-para-que-projeto-sirius-decole-ainda-em-agosto\\\/\"},\"author\":{\"name\":\"Erik Medina\",\"@id\":\"https:\\\/\\\/cnpem.br\\\/#\\\/schema\\\/person\\\/b957a8048be4b70d687484cae6b978ef\"},\"headline\":\"Diretor pede a Temer R$ 200 milh\u00f5es para que projeto Sirius &#8216;decole&#8217; ainda em agosto\",\"datePublished\":\"2018-02-22T16:04:27+00:00\",\"dateModified\":\"2022-01-21T18:35:56+00:00\",\"mainEntityOfPage\":{\"@id\":\"https:\\\/\\\/cnpem.br\\\/diretor-pede-a-temer-r-200-milhoes-para-que-projeto-sirius-decole-ainda-em-agosto\\\/\"},\"wordCount\":526,\"image\":{\"@id\":\"https:\\\/\\\/cnpem.br\\\/diretor-pede-a-temer-r-200-milhoes-para-que-projeto-sirius-decole-ainda-em-agosto\\\/#primaryimage\"},\"thumbnailUrl\":\"https:\\\/\\\/s2.glbimg.com\\\/jg-nAlp8EpU_jT-s2EfoPuLSaPM=\\\/0x0:4496x3000\\\/984x0\\\/smart\\\/filters:strip_icc()\\\/i.s3.glbimg.com\\\/v1\\\/AUTH_59edd422c0c84a879bd37670ae4f538a\\\/internal_photos\\\/bs\\\/2018\\\/P\\\/I\\\/Rv6BJrTQCRs1jQmkjYiw\\\/temer-sirius-4-.jpg\",\"articleSection\":[\"CNPEM na M\u00eddia\",\"LNLS na M\u00eddia\"],\"inLanguage\":\"en-US\"},{\"@type\":\"WebPage\",\"@id\":\"https:\\\/\\\/cnpem.br\\\/diretor-pede-a-temer-r-200-milhoes-para-que-projeto-sirius-decole-ainda-em-agosto\\\/\",\"url\":\"https:\\\/\\\/cnpem.br\\\/diretor-pede-a-temer-r-200-milhoes-para-que-projeto-sirius-decole-ainda-em-agosto\\\/\",\"name\":\"Diretor pede a Temer R$ 200 milh\u00f5es para que projeto Sirius 'decole' ainda em agosto - CNPEM\",\"isPartOf\":{\"@id\":\"https:\\\/\\\/cnpem.br\\\/#website\"},\"primaryImageOfPage\":{\"@id\":\"https:\\\/\\\/cnpem.br\\\/diretor-pede-a-temer-r-200-milhoes-para-que-projeto-sirius-decole-ainda-em-agosto\\\/#primaryimage\"},\"image\":{\"@id\":\"https:\\\/\\\/cnpem.br\\\/diretor-pede-a-temer-r-200-milhoes-para-que-projeto-sirius-decole-ainda-em-agosto\\\/#primaryimage\"},\"thumbnailUrl\":\"https:\\\/\\\/s2.glbimg.com\\\/jg-nAlp8EpU_jT-s2EfoPuLSaPM=\\\/0x0:4496x3000\\\/984x0\\\/smart\\\/filters:strip_icc()\\\/i.s3.glbimg.com\\\/v1\\\/AUTH_59edd422c0c84a879bd37670ae4f538a\\\/internal_photos\\\/bs\\\/2018\\\/P\\\/I\\\/Rv6BJrTQCRs1jQmkjYiw\\\/temer-sirius-4-.jpg\",\"datePublished\":\"2018-02-22T16:04:27+00:00\",\"dateModified\":\"2022-01-21T18:35:56+00:00\",\"author\":{\"@id\":\"https:\\\/\\\/cnpem.br\\\/#\\\/schema\\\/person\\\/b957a8048be4b70d687484cae6b978ef\"},\"breadcrumb\":{\"@id\":\"https:\\\/\\\/cnpem.br\\\/diretor-pede-a-temer-r-200-milhoes-para-que-projeto-sirius-decole-ainda-em-agosto\\\/#breadcrumb\"},\"inLanguage\":\"en-US\",\"potentialAction\":[{\"@type\":\"ReadAction\",\"target\":[\"https:\\\/\\\/cnpem.br\\\/diretor-pede-a-temer-r-200-milhoes-para-que-projeto-sirius-decole-ainda-em-agosto\\\/\"]}]},{\"@type\":\"ImageObject\",\"inLanguage\":\"en-US\",\"@id\":\"https:\\\/\\\/cnpem.br\\\/diretor-pede-a-temer-r-200-milhoes-para-que-projeto-sirius-decole-ainda-em-agosto\\\/#primaryimage\",\"url\":\"https:\\\/\\\/s2.glbimg.com\\\/jg-nAlp8EpU_jT-s2EfoPuLSaPM=\\\/0x0:4496x3000\\\/984x0\\\/smart\\\/filters:strip_icc()\\\/i.s3.glbimg.com\\\/v1\\\/AUTH_59edd422c0c84a879bd37670ae4f538a\\\/internal_photos\\\/bs\\\/2018\\\/P\\\/I\\\/Rv6BJrTQCRs1jQmkjYiw\\\/temer-sirius-4-.jpg\",\"contentUrl\":\"https:\\\/\\\/s2.glbimg.com\\\/jg-nAlp8EpU_jT-s2EfoPuLSaPM=\\\/0x0:4496x3000\\\/984x0\\\/smart\\\/filters:strip_icc()\\\/i.s3.glbimg.com\\\/v1\\\/AUTH_59edd422c0c84a879bd37670ae4f538a\\\/internal_photos\\\/bs\\\/2018\\\/P\\\/I\\\/Rv6BJrTQCRs1jQmkjYiw\\\/temer-sirius-4-.jpg\"},{\"@type\":\"BreadcrumbList\",\"@id\":\"https:\\\/\\\/cnpem.br\\\/diretor-pede-a-temer-r-200-milhoes-para-que-projeto-sirius-decole-ainda-em-agosto\\\/#breadcrumb\",\"itemListElement\":[{\"@type\":\"ListItem\",\"position\":1,\"name\":\"In\u00edcio\",\"item\":\"https:\\\/\\\/cnpem.br\\\/en\\\/\"},{\"@type\":\"ListItem\",\"position\":2,\"name\":\"Diretor pede a Temer R$ 200 milh\u00f5es para que projeto Sirius &#8216;decole&#8217; ainda em agosto\"}]},{\"@type\":\"WebSite\",\"@id\":\"https:\\\/\\\/cnpem.br\\\/#website\",\"url\":\"https:\\\/\\\/cnpem.br\\\/\",\"name\":\"Centro Nacional de Pesquisa em Energia e Materiais\",\"description\":\"Centro Nacional de Pesquisa em Energia e Materiais\",\"alternateName\":\"CNPEM\",\"potentialAction\":[{\"@type\":\"SearchAction\",\"target\":{\"@type\":\"EntryPoint\",\"urlTemplate\":\"https:\\\/\\\/cnpem.br\\\/?s={search_term_string}\"},\"query-input\":{\"@type\":\"PropertyValueSpecification\",\"valueRequired\":true,\"valueName\":\"search_term_string\"}}],\"inLanguage\":\"en-US\"},{\"@type\":\"Person\",\"@id\":\"https:\\\/\\\/cnpem.br\\\/#\\\/schema\\\/person\\\/b957a8048be4b70d687484cae6b978ef\",\"name\":\"Erik Medina\",\"url\":\"\"}]}<\/script>\n<!-- \/ Yoast SEO plugin. -->","yoast_head_json":{"title":"Diretor pede a Temer R$ 200 milh\u00f5es para que projeto Sirius 'decole' ainda em agosto - CNPEM","robots":{"index":"index","follow":"follow","max-snippet":"max-snippet:-1","max-image-preview":"max-image-preview:large","max-video-preview":"max-video-preview:-1"},"canonical":"https:\/\/cnpem.br\/diretor-pede-a-temer-r-200-milhoes-para-que-projeto-sirius-decole-ainda-em-agosto\/","og_locale":"en_US","og_type":"article","og_title":"Diretor pede a Temer R$ 200 milh\u00f5es para que projeto Sirius 'decole' ainda em agosto - CNPEM","og_description":"G1, 15\/02\/2018 &nbsp; Ant\u00f4nio Jos\u00e9 Roque da Silva afirma que verba suplementar \u00e9 necess\u00e1ria para manter o cronograma da obra, e realizar a primeira volta de el\u00e9trons ainda este ano.&hellip;","og_url":"https:\/\/cnpem.br\/diretor-pede-a-temer-r-200-milhoes-para-que-projeto-sirius-decole-ainda-em-agosto\/","og_site_name":"CNPEM","article_published_time":"2018-02-22T16:04:27+00:00","article_modified_time":"2022-01-21T18:35:56+00:00","og_image":[{"url":"https:\/\/s2.glbimg.com\/jg-nAlp8EpU_jT-s2EfoPuLSaPM=\/0x0:4496x3000\/984x0\/smart\/filters:strip_icc()\/i.s3.glbimg.com\/v1\/AUTH_59edd422c0c84a879bd37670ae4f538a\/internal_photos\/bs\/2018\/P\/I\/Rv6BJrTQCRs1jQmkjYiw\/temer-sirius-4-.jpg","type":"","width":"","height":""}],"author":"Erik Medina","twitter_card":"summary_large_image","twitter_misc":{"Written by":"Erik Medina","Est. reading time":"3 minutes"},"schema":{"@context":"https:\/\/schema.org","@graph":[{"@type":"Article","@id":"https:\/\/cnpem.br\/diretor-pede-a-temer-r-200-milhoes-para-que-projeto-sirius-decole-ainda-em-agosto\/#article","isPartOf":{"@id":"https:\/\/cnpem.br\/diretor-pede-a-temer-r-200-milhoes-para-que-projeto-sirius-decole-ainda-em-agosto\/"},"author":{"name":"Erik Medina","@id":"https:\/\/cnpem.br\/#\/schema\/person\/b957a8048be4b70d687484cae6b978ef"},"headline":"Diretor pede a Temer R$ 200 milh\u00f5es para que projeto Sirius &#8216;decole&#8217; ainda em agosto","datePublished":"2018-02-22T16:04:27+00:00","dateModified":"2022-01-21T18:35:56+00:00","mainEntityOfPage":{"@id":"https:\/\/cnpem.br\/diretor-pede-a-temer-r-200-milhoes-para-que-projeto-sirius-decole-ainda-em-agosto\/"},"wordCount":526,"image":{"@id":"https:\/\/cnpem.br\/diretor-pede-a-temer-r-200-milhoes-para-que-projeto-sirius-decole-ainda-em-agosto\/#primaryimage"},"thumbnailUrl":"https:\/\/s2.glbimg.com\/jg-nAlp8EpU_jT-s2EfoPuLSaPM=\/0x0:4496x3000\/984x0\/smart\/filters:strip_icc()\/i.s3.glbimg.com\/v1\/AUTH_59edd422c0c84a879bd37670ae4f538a\/internal_photos\/bs\/2018\/P\/I\/Rv6BJrTQCRs1jQmkjYiw\/temer-sirius-4-.jpg","articleSection":["CNPEM na M\u00eddia","LNLS na M\u00eddia"],"inLanguage":"en-US"},{"@type":"WebPage","@id":"https:\/\/cnpem.br\/diretor-pede-a-temer-r-200-milhoes-para-que-projeto-sirius-decole-ainda-em-agosto\/","url":"https:\/\/cnpem.br\/diretor-pede-a-temer-r-200-milhoes-para-que-projeto-sirius-decole-ainda-em-agosto\/","name":"Diretor pede a Temer R$ 200 milh\u00f5es para que projeto Sirius 'decole' ainda em agosto - CNPEM","isPartOf":{"@id":"https:\/\/cnpem.br\/#website"},"primaryImageOfPage":{"@id":"https:\/\/cnpem.br\/diretor-pede-a-temer-r-200-milhoes-para-que-projeto-sirius-decole-ainda-em-agosto\/#primaryimage"},"image":{"@id":"https:\/\/cnpem.br\/diretor-pede-a-temer-r-200-milhoes-para-que-projeto-sirius-decole-ainda-em-agosto\/#primaryimage"},"thumbnailUrl":"https:\/\/s2.glbimg.com\/jg-nAlp8EpU_jT-s2EfoPuLSaPM=\/0x0:4496x3000\/984x0\/smart\/filters:strip_icc()\/i.s3.glbimg.com\/v1\/AUTH_59edd422c0c84a879bd37670ae4f538a\/internal_photos\/bs\/2018\/P\/I\/Rv6BJrTQCRs1jQmkjYiw\/temer-sirius-4-.jpg","datePublished":"2018-02-22T16:04:27+00:00","dateModified":"2022-01-21T18:35:56+00:00","author":{"@id":"https:\/\/cnpem.br\/#\/schema\/person\/b957a8048be4b70d687484cae6b978ef"},"breadcrumb":{"@id":"https:\/\/cnpem.br\/diretor-pede-a-temer-r-200-milhoes-para-que-projeto-sirius-decole-ainda-em-agosto\/#breadcrumb"},"inLanguage":"en-US","potentialAction":[{"@type":"ReadAction","target":["https:\/\/cnpem.br\/diretor-pede-a-temer-r-200-milhoes-para-que-projeto-sirius-decole-ainda-em-agosto\/"]}]},{"@type":"ImageObject","inLanguage":"en-US","@id":"https:\/\/cnpem.br\/diretor-pede-a-temer-r-200-milhoes-para-que-projeto-sirius-decole-ainda-em-agosto\/#primaryimage","url":"https:\/\/s2.glbimg.com\/jg-nAlp8EpU_jT-s2EfoPuLSaPM=\/0x0:4496x3000\/984x0\/smart\/filters:strip_icc()\/i.s3.glbimg.com\/v1\/AUTH_59edd422c0c84a879bd37670ae4f538a\/internal_photos\/bs\/2018\/P\/I\/Rv6BJrTQCRs1jQmkjYiw\/temer-sirius-4-.jpg","contentUrl":"https:\/\/s2.glbimg.com\/jg-nAlp8EpU_jT-s2EfoPuLSaPM=\/0x0:4496x3000\/984x0\/smart\/filters:strip_icc()\/i.s3.glbimg.com\/v1\/AUTH_59edd422c0c84a879bd37670ae4f538a\/internal_photos\/bs\/2018\/P\/I\/Rv6BJrTQCRs1jQmkjYiw\/temer-sirius-4-.jpg"},{"@type":"BreadcrumbList","@id":"https:\/\/cnpem.br\/diretor-pede-a-temer-r-200-milhoes-para-que-projeto-sirius-decole-ainda-em-agosto\/#breadcrumb","itemListElement":[{"@type":"ListItem","position":1,"name":"In\u00edcio","item":"https:\/\/cnpem.br\/en\/"},{"@type":"ListItem","position":2,"name":"Diretor pede a Temer R$ 200 milh\u00f5es para que projeto Sirius &#8216;decole&#8217; ainda em agosto"}]},{"@type":"WebSite","@id":"https:\/\/cnpem.br\/#website","url":"https:\/\/cnpem.br\/","name":"Centro Nacional de Pesquisa em Energia e Materiais","description":"Centro Nacional de Pesquisa em Energia e Materiais","alternateName":"CNPEM","potentialAction":[{"@type":"SearchAction","target":{"@type":"EntryPoint","urlTemplate":"https:\/\/cnpem.br\/?s={search_term_string}"},"query-input":{"@type":"PropertyValueSpecification","valueRequired":true,"valueName":"search_term_string"}}],"inLanguage":"en-US"},{"@type":"Person","@id":"https:\/\/cnpem.br\/#\/schema\/person\/b957a8048be4b70d687484cae6b978ef","name":"Erik Medina","url":""}]}},"jetpack_featured_media_url":"","jetpack_sharing_enabled":true,"jetpack_shortlink":"https:\/\/wp.me\/per0Mi-4Sc","_links":{"self":[{"href":"https:\/\/cnpem.br\/en\/wp-json\/wp\/v2\/posts\/18736","targetHints":{"allow":["GET"]}}],"collection":[{"href":"https:\/\/cnpem.br\/en\/wp-json\/wp\/v2\/posts"}],"about":[{"href":"https:\/\/cnpem.br\/en\/wp-json\/wp\/v2\/types\/post"}],"author":[{"embeddable":true,"href":"https:\/\/cnpem.br\/en\/wp-json\/wp\/v2\/users\/17"}],"replies":[{"embeddable":true,"href":"https:\/\/cnpem.br\/en\/wp-json\/wp\/v2\/comments?post=18736"}],"version-history":[{"count":0,"href":"https:\/\/cnpem.br\/en\/wp-json\/wp\/v2\/posts\/18736\/revisions"}],"wp:attachment":[{"href":"https:\/\/cnpem.br\/en\/wp-json\/wp\/v2\/media?parent=18736"}],"wp:term":[{"taxonomy":"category","embeddable":true,"href":"https:\/\/cnpem.br\/en\/wp-json\/wp\/v2\/categories?post=18736"},{"taxonomy":"post_tag","embeddable":true,"href":"https:\/\/cnpem.br\/en\/wp-json\/wp\/v2\/tags?post=18736"}],"curies":[{"name":"wp","href":"https:\/\/api.w.org\/{rel}","templated":true}]}}