{"id":17785,"date":"2017-10-19T15:47:41","date_gmt":"2017-10-19T15:47:41","guid":{"rendered":"https:\/\/cnpem.staging.wpengine.com\/?p=17785"},"modified":"2026-03-02T16:05:08","modified_gmt":"2026-03-02T19:05:08","slug":"cnpem-participa-da-semana-nacional-de-ciencia-e-tecnologia","status":"publish","type":"post","link":"https:\/\/cnpem.br\/en\/cnpem-participa-da-semana-nacional-de-ciencia-e-tecnologia\/","title":{"rendered":"CNPEM participa da Semana Nacional de Ci\u00eancia e Tecnologia"},"content":{"rendered":"<p>A programa\u00e7\u00e3o das atividades da Semana Nacional de Ci\u00eancia e Tecnologia (23-27\/out) no Centro Nacional de Pesquisa em Energia e Materiais contou com visita ao primeiro acelerador de el\u00e9trons do Hemisf\u00e9rio Sul. No tour pelo Laborat\u00f3rio Nacional de Luz S\u00edncrotron, mais de 600 visitantes puderam conhecer as aplica\u00e7\u00f5es deste tipo de equipamento, suas hist\u00f3rias e os detalhes de seu sucessor \u2013 o Sirius \u2013 a mais complexa infraestrutura cient\u00edfica do Brasil!<\/p>\n<p>Al\u00e9m do acelerador de el\u00e9trons, os visitantes do CNPEM conferiram as atividades dos demais Laborat\u00f3rios Nacionais que integram o Centro: de Bioci\u00eancias (LNBio), Nanotecnologia (LNNano) e Ci\u00eancia e Tecnologia do Bioetanol (CTBE). Nas esta\u00e7\u00f5es preparadas especificamente para a ocasi\u00e3o, foi poss\u00edvel manusear microsc\u00f3pios para observar objetos do dia a dia, visualizar imagens de microscopia eletr\u00f4nica de animais e alimentos em tr\u00eas dimens\u00f5es, assim como conhecer os passos para a produ\u00e7\u00e3o de etanol a partir do baga\u00e7o de cana-de-a\u00e7\u00facar e muito mais.<\/p>\n<p>Os visitantes tamb\u00e9m viram que \u201cA matem\u00e1tica est\u00e1 em tudo\u201d \u2013 como sugere o tema desta edi\u00e7\u00e3o do evento. Uma s\u00e9rie de funcion\u00e1rios do Centro mostrou como a matem\u00e1tica est\u00e1 envolvida em pesquisas das mais diversas \u00e1reas do conhecimento, da constru\u00e7\u00e3o de um acelerador de el\u00e9trons aos estudos que podem dar origem a novos medicamentos.<\/p>\n<p>As visitas ao CNPEM durante a Semana Nacional de Ci\u00eancia e Tecnologia s\u00e3o pr\u00e9-agendadas por meio do site do Centro ou pela Prefeitura de Campinas.<\/p>\n<p><strong>A Semana Nacional de Ci\u00eancia e Tecnologia<\/strong><\/p>\n<p>A Semana Nacional de Ci\u00eancia e Tecnologia &#8211; SNCT &#8211; foi estabelecida pelo Decreto de 9 de Junho de 2004. Ela \u00e9 realizada sempre no m\u00eas de outubro sob a coordena\u00e7\u00e3o do MCTIC, por meio da Coordena\u00e7\u00e3o-Geral de Populariza\u00e7\u00e3o e Divulga\u00e7\u00e3o da Ci\u00eancia (CGPC\/SEPED) e conta com a colabora\u00e7\u00e3o de secretarias estaduais e municipais, ag\u00eancias de fomento, espa\u00e7os cient\u00edfico-culturais, institui\u00e7\u00f5es de ensino e pesquisa, sociedades cient\u00edficas, escolas, \u00f3rg\u00e3os governamentais, empresas de base tecnol\u00f3gica e entidades da sociedade civil. A SNCT tem o objetivo de aproximar a Ci\u00eancia e Tecnologia da popula\u00e7\u00e3o, promovendo eventos que congregam centenas de institui\u00e7\u00f5es a fim de realizarem atividades de divulga\u00e7\u00e3o cient\u00edfica em todo o Pa\u00eds. A ideia \u00e9 criar uma linguagem acess\u00edvel \u00e0 popula\u00e7\u00e3o, por meios inovadores que estimulem a curiosidade e motivem a popula\u00e7\u00e3o a discutir as implica\u00e7\u00f5es sociais da Ci\u00eancia, al\u00e9m de aprofundarem seus conhecimentos sobre o tema. O per\u00edodo oficial da 14\u00aa SNCT vai de 23 a 29 de outubro de 2017.<\/p>\n","protected":false},"excerpt":{"rendered":"<p>Entre 23 e 27 de outubro, centenas de visitantes passar\u00e3o pelo campus do Centro<\/p>\n","protected":false},"author":9,"featured_media":0,"comment_status":"closed","ping_status":"closed","sticky":false,"template":"","format":"standard","meta":{"_acf_changed":false,"_jetpack_newsletter_access":"","_jetpack_dont_email_post_to_subs":false,"_jetpack_newsletter_tier_id":0,"_jetpack_memberships_contains_paywalled_content":false,"_jetpack_memberships_contains_paid_content":false,"footnotes":"","_links_to":"","_links_to_target":""},"categories":[1163,1208],"tags":[],"class_list":["post-17785","post","type-post","status-publish","format-standard","hentry","category-clipping-cnpem","category-releases-cnpem","category-1163","category-1208","description-off"],"acf":[],"yoast_head":"<!-- This site is optimized with the Yoast SEO plugin v27.5 - https:\/\/yoast.com\/product\/yoast-seo-wordpress\/ -->\n<title>CNPEM participa da Semana Nacional de Ci\u00eancia e Tecnologia - CNPEM<\/title>\n<meta name=\"robots\" content=\"index, follow, max-snippet:-1, max-image-preview:large, max-video-preview:-1\" \/>\n<link rel=\"canonical\" href=\"https:\/\/cnpem.br\/cnpem-participa-da-semana-nacional-de-ciencia-e-tecnologia\/\" \/>\n<meta property=\"og:locale\" content=\"en_US\" \/>\n<meta property=\"og:type\" content=\"article\" \/>\n<meta property=\"og:title\" content=\"CNPEM participa da Semana Nacional de Ci\u00eancia e Tecnologia - CNPEM\" \/>\n<meta property=\"og:description\" content=\"Entre 23 e 27 de outubro, centenas de visitantes passar\u00e3o pelo campus do Centro\" \/>\n<meta property=\"og:url\" content=\"https:\/\/cnpem.br\/cnpem-participa-da-semana-nacional-de-ciencia-e-tecnologia\/\" \/>\n<meta property=\"og:site_name\" content=\"CNPEM\" \/>\n<meta property=\"article:published_time\" content=\"2017-10-19T15:47:41+00:00\" \/>\n<meta property=\"article:modified_time\" content=\"2026-03-02T19:05:08+00:00\" \/>\n<meta name=\"author\" content=\"livia goncalves\" \/>\n<meta name=\"twitter:card\" content=\"summary_large_image\" \/>\n<meta name=\"twitter:label1\" content=\"Written by\" \/>\n\t<meta name=\"twitter:data1\" content=\"livia goncalves\" \/>\n\t<meta name=\"twitter:label2\" content=\"Est. reading time\" \/>\n\t<meta name=\"twitter:data2\" content=\"2 minutes\" \/>\n<script type=\"application\/ld+json\" class=\"yoast-schema-graph\">{\"@context\":\"https:\\\/\\\/schema.org\",\"@graph\":[{\"@type\":\"Article\",\"@id\":\"https:\\\/\\\/cnpem.br\\\/cnpem-participa-da-semana-nacional-de-ciencia-e-tecnologia\\\/#article\",\"isPartOf\":{\"@id\":\"https:\\\/\\\/cnpem.br\\\/cnpem-participa-da-semana-nacional-de-ciencia-e-tecnologia\\\/\"},\"author\":{\"name\":\"livia goncalves\",\"@id\":\"https:\\\/\\\/cnpem.br\\\/#\\\/schema\\\/person\\\/5bc6aa346db3eace1e3d5d061a71fb8d\"},\"headline\":\"CNPEM participa da Semana Nacional de Ci\u00eancia e Tecnologia\",\"datePublished\":\"2017-10-19T15:47:41+00:00\",\"dateModified\":\"2026-03-02T19:05:08+00:00\",\"mainEntityOfPage\":{\"@id\":\"https:\\\/\\\/cnpem.br\\\/cnpem-participa-da-semana-nacional-de-ciencia-e-tecnologia\\\/\"},\"wordCount\":462,\"articleSection\":[\"CNPEM na M\u00eddia\",\"Comunica\u00e7\u00e3o CNPEM\"],\"inLanguage\":\"en-US\"},{\"@type\":\"WebPage\",\"@id\":\"https:\\\/\\\/cnpem.br\\\/cnpem-participa-da-semana-nacional-de-ciencia-e-tecnologia\\\/\",\"url\":\"https:\\\/\\\/cnpem.br\\\/cnpem-participa-da-semana-nacional-de-ciencia-e-tecnologia\\\/\",\"name\":\"CNPEM participa da Semana Nacional de Ci\u00eancia e Tecnologia - CNPEM\",\"isPartOf\":{\"@id\":\"https:\\\/\\\/cnpem.br\\\/#website\"},\"datePublished\":\"2017-10-19T15:47:41+00:00\",\"dateModified\":\"2026-03-02T19:05:08+00:00\",\"author\":{\"@id\":\"https:\\\/\\\/cnpem.br\\\/#\\\/schema\\\/person\\\/5bc6aa346db3eace1e3d5d061a71fb8d\"},\"breadcrumb\":{\"@id\":\"https:\\\/\\\/cnpem.br\\\/cnpem-participa-da-semana-nacional-de-ciencia-e-tecnologia\\\/#breadcrumb\"},\"inLanguage\":\"en-US\",\"potentialAction\":[{\"@type\":\"ReadAction\",\"target\":[\"https:\\\/\\\/cnpem.br\\\/cnpem-participa-da-semana-nacional-de-ciencia-e-tecnologia\\\/\"]}]},{\"@type\":\"BreadcrumbList\",\"@id\":\"https:\\\/\\\/cnpem.br\\\/cnpem-participa-da-semana-nacional-de-ciencia-e-tecnologia\\\/#breadcrumb\",\"itemListElement\":[{\"@type\":\"ListItem\",\"position\":1,\"name\":\"In\u00edcio\",\"item\":\"https:\\\/\\\/cnpem.br\\\/en\\\/\"},{\"@type\":\"ListItem\",\"position\":2,\"name\":\"CNPEM participa da Semana Nacional de Ci\u00eancia e Tecnologia\"}]},{\"@type\":\"WebSite\",\"@id\":\"https:\\\/\\\/cnpem.br\\\/#website\",\"url\":\"https:\\\/\\\/cnpem.br\\\/\",\"name\":\"Centro Nacional de Pesquisa em Energia e Materiais\",\"description\":\"Centro Nacional de Pesquisa em Energia e Materiais\",\"alternateName\":\"CNPEM\",\"potentialAction\":[{\"@type\":\"SearchAction\",\"target\":{\"@type\":\"EntryPoint\",\"urlTemplate\":\"https:\\\/\\\/cnpem.br\\\/?s={search_term_string}\"},\"query-input\":{\"@type\":\"PropertyValueSpecification\",\"valueRequired\":true,\"valueName\":\"search_term_string\"}}],\"inLanguage\":\"en-US\"},{\"@type\":\"Person\",\"@id\":\"https:\\\/\\\/cnpem.br\\\/#\\\/schema\\\/person\\\/5bc6aa346db3eace1e3d5d061a71fb8d\",\"name\":\"livia goncalves\",\"url\":\"\"}]}<\/script>\n<!-- \/ Yoast SEO plugin. -->","yoast_head_json":{"title":"CNPEM participa da Semana Nacional de Ci\u00eancia e Tecnologia - CNPEM","robots":{"index":"index","follow":"follow","max-snippet":"max-snippet:-1","max-image-preview":"max-image-preview:large","max-video-preview":"max-video-preview:-1"},"canonical":"https:\/\/cnpem.br\/cnpem-participa-da-semana-nacional-de-ciencia-e-tecnologia\/","og_locale":"en_US","og_type":"article","og_title":"CNPEM participa da Semana Nacional de Ci\u00eancia e Tecnologia - CNPEM","og_description":"Entre 23 e 27 de outubro, centenas de visitantes passar\u00e3o pelo campus do Centro","og_url":"https:\/\/cnpem.br\/cnpem-participa-da-semana-nacional-de-ciencia-e-tecnologia\/","og_site_name":"CNPEM","article_published_time":"2017-10-19T15:47:41+00:00","article_modified_time":"2026-03-02T19:05:08+00:00","author":"livia goncalves","twitter_card":"summary_large_image","twitter_misc":{"Written by":"livia goncalves","Est. reading time":"2 minutes"},"schema":{"@context":"https:\/\/schema.org","@graph":[{"@type":"Article","@id":"https:\/\/cnpem.br\/cnpem-participa-da-semana-nacional-de-ciencia-e-tecnologia\/#article","isPartOf":{"@id":"https:\/\/cnpem.br\/cnpem-participa-da-semana-nacional-de-ciencia-e-tecnologia\/"},"author":{"name":"livia goncalves","@id":"https:\/\/cnpem.br\/#\/schema\/person\/5bc6aa346db3eace1e3d5d061a71fb8d"},"headline":"CNPEM participa da Semana Nacional de Ci\u00eancia e Tecnologia","datePublished":"2017-10-19T15:47:41+00:00","dateModified":"2026-03-02T19:05:08+00:00","mainEntityOfPage":{"@id":"https:\/\/cnpem.br\/cnpem-participa-da-semana-nacional-de-ciencia-e-tecnologia\/"},"wordCount":462,"articleSection":["CNPEM na M\u00eddia","Comunica\u00e7\u00e3o CNPEM"],"inLanguage":"en-US"},{"@type":"WebPage","@id":"https:\/\/cnpem.br\/cnpem-participa-da-semana-nacional-de-ciencia-e-tecnologia\/","url":"https:\/\/cnpem.br\/cnpem-participa-da-semana-nacional-de-ciencia-e-tecnologia\/","name":"CNPEM participa da Semana Nacional de Ci\u00eancia e Tecnologia - CNPEM","isPartOf":{"@id":"https:\/\/cnpem.br\/#website"},"datePublished":"2017-10-19T15:47:41+00:00","dateModified":"2026-03-02T19:05:08+00:00","author":{"@id":"https:\/\/cnpem.br\/#\/schema\/person\/5bc6aa346db3eace1e3d5d061a71fb8d"},"breadcrumb":{"@id":"https:\/\/cnpem.br\/cnpem-participa-da-semana-nacional-de-ciencia-e-tecnologia\/#breadcrumb"},"inLanguage":"en-US","potentialAction":[{"@type":"ReadAction","target":["https:\/\/cnpem.br\/cnpem-participa-da-semana-nacional-de-ciencia-e-tecnologia\/"]}]},{"@type":"BreadcrumbList","@id":"https:\/\/cnpem.br\/cnpem-participa-da-semana-nacional-de-ciencia-e-tecnologia\/#breadcrumb","itemListElement":[{"@type":"ListItem","position":1,"name":"In\u00edcio","item":"https:\/\/cnpem.br\/en\/"},{"@type":"ListItem","position":2,"name":"CNPEM participa da Semana Nacional de Ci\u00eancia e Tecnologia"}]},{"@type":"WebSite","@id":"https:\/\/cnpem.br\/#website","url":"https:\/\/cnpem.br\/","name":"Centro Nacional de Pesquisa em Energia e Materiais","description":"Centro Nacional de Pesquisa em Energia e Materiais","alternateName":"CNPEM","potentialAction":[{"@type":"SearchAction","target":{"@type":"EntryPoint","urlTemplate":"https:\/\/cnpem.br\/?s={search_term_string}"},"query-input":{"@type":"PropertyValueSpecification","valueRequired":true,"valueName":"search_term_string"}}],"inLanguage":"en-US"},{"@type":"Person","@id":"https:\/\/cnpem.br\/#\/schema\/person\/5bc6aa346db3eace1e3d5d061a71fb8d","name":"livia goncalves","url":""}]}},"jetpack_featured_media_url":"","jetpack_sharing_enabled":true,"jetpack_shortlink":"https:\/\/wp.me\/per0Mi-4CR","_links":{"self":[{"href":"https:\/\/cnpem.br\/en\/wp-json\/wp\/v2\/posts\/17785","targetHints":{"allow":["GET"]}}],"collection":[{"href":"https:\/\/cnpem.br\/en\/wp-json\/wp\/v2\/posts"}],"about":[{"href":"https:\/\/cnpem.br\/en\/wp-json\/wp\/v2\/types\/post"}],"author":[{"embeddable":true,"href":"https:\/\/cnpem.br\/en\/wp-json\/wp\/v2\/users\/9"}],"replies":[{"embeddable":true,"href":"https:\/\/cnpem.br\/en\/wp-json\/wp\/v2\/comments?post=17785"}],"version-history":[{"count":0,"href":"https:\/\/cnpem.br\/en\/wp-json\/wp\/v2\/posts\/17785\/revisions"}],"wp:attachment":[{"href":"https:\/\/cnpem.br\/en\/wp-json\/wp\/v2\/media?parent=17785"}],"wp:term":[{"taxonomy":"category","embeddable":true,"href":"https:\/\/cnpem.br\/en\/wp-json\/wp\/v2\/categories?post=17785"},{"taxonomy":"post_tag","embeddable":true,"href":"https:\/\/cnpem.br\/en\/wp-json\/wp\/v2\/tags?post=17785"}],"curies":[{"name":"wp","href":"https:\/\/api.w.org\/{rel}","templated":true}]}}