{"id":17754,"date":"2017-10-18T18:09:45","date_gmt":"2017-10-18T18:09:45","guid":{"rendered":"https:\/\/cnpem.staging.wpengine.com\/?p=17754"},"modified":"2022-11-10T16:02:47","modified_gmt":"2022-11-10T19:02:47","slug":"diana-bioenergia-realiza-dia-de-campo-com-pesquisadores-e-tecnicos","status":"publish","type":"post","link":"https:\/\/cnpem.br\/en\/diana-bioenergia-realiza-dia-de-campo-com-pesquisadores-e-tecnicos\/","title":{"rendered":"Diana Bioenergia realiza Dia de Campo com pesquisadores e t\u00e9cnicos"},"content":{"rendered":"<p><a href=\"https:\/\/www.udop.com.br\/index.php?item=noticias&amp;cod=1156514\">UDOP<\/a>, 09, outubro de 2017<\/p>\n<p>&nbsp;<\/p>\n<p><a href=\"https:\/\/i0.wp.com\/cnpem.staging.wpengine.com\/wp-content\/uploads\/2017\/10\/09_10_17_imagem_diana.jpg?ssl=1\"><img data-recalc-dims=\"1\" loading=\"lazy\" decoding=\"async\" class=\"alignnone size-full wp-image-17755\" src=\"https:\/\/i0.wp.com\/cnpem.staging.wpengine.com\/wp-content\/uploads\/2017\/10\/09_10_17_imagem_diana.jpg?resize=249%2C175&#038;ssl=1\" alt=\"\" width=\"249\" height=\"175\" \/><\/a><\/p>\n<table border=\"0\" width=\"100%\" cellspacing=\"0\" cellpadding=\"0\">\n<tbody>\n<tr valign=\"top\">\n<td colspan=\"2\" align=\"center\">\n<p id=\"conteudo2\">A\u00a0<b><a href=\"https:\/\/www.udop.com.br\/index.php?item=associadas_conheca&amp;id=20012\" target=\"blank\" rel=\"noopener\">Diana Bioenergia<\/a><\/b>, em parceria com a Stab e a Apta, realizou na \u00faltima quinta-feira (5), o primeiro Dia de Campo com o tema: Problemas causados por Colletotrichum falcatum (fungo que causa a podrid\u00e3o vermelha) em\u00a0<b>cana-de-a\u00e7\u00facar<\/b>. O evento foi realizado no Centro de Capacita\u00e7\u00e3o e Treinamento (CCI).<\/p>\n<p>Cerca de 140 pessoas participaram do Dia de Campo. O objetivo do evento foi reunir profissionais da \u00e1rea que possu\u00edssem o mesmo problema, para que juntos eles pudessem trocar experi\u00eancias e buscar poss\u00edveis solu\u00e7\u00f5es.<\/p>\n<p>De acordo com o Diretor Agr\u00edcola da Diana Bioenergia, Marcio Nono, o evento foi muito produtivo, pois em apenas um \u00fanico dia, as empresas organizadoras do evento conseguiram reunir um p\u00fablico significativo e diverso. &#8220;Ficamos surpresos com a ades\u00e3o, participaram profissionais da parte acad\u00eamica (Esalq, IAC, UFSCAR, EMBRAPA, UNESP, CTBE\/CEPEM), t\u00e9cnicos de usinas e produtores de\u00a0<b>cana<\/b>, tivemos a participa\u00e7\u00e3o de profissionais de todo o Brasil. Em um evento conseguimos reunir palestras t\u00e9cnicas (Dr \u00c1lvaro Sanguino e Enrico Arrigoni) e visita a lavoura, foi objetivo com o tema,&#8221; disse ele.<\/p>\n<p>O n\u00famero de inscritos mostrou que o tema vem sendo cada dia mais pesquisado e que n\u00e3o s\u00e3o s\u00f3 as usinas no noroeste paulista que v\u00eam sofrendo com a doen\u00e7a, o Colletotrichum falcatum vem se espalhando por todo o Brasil.<\/p>\n<p>A Diana Bioenergia se orgulha em poder proporcionar eventos como esse, em prol de um bem comum. Com a troca de experi\u00eancias e conhecimento de todos, se torna mais f\u00e1cil a busca pela preven\u00e7\u00e3o e combate \u00e0 doen\u00e7a.<\/p>\n<p><b>Tudo come\u00e7ou com um grupo no WhatsApp<\/b><\/p>\n<p>A ideia de fazer o evento surgiu de um grupo de WhatsApp, em que o assunto era discutido praticamente todos os dias. De acordo com a pesquisadora da APTA de Piracicaba e tamb\u00e9m secret\u00e1ria tesoureira da Stab (Sociedade dos T\u00e9cnicos A\u00e7ucareiros e Alcooleiros do Brasil), Raffaela Rossetto, ningu\u00e9m sabia ao certo avaliar os danos causados pela doen\u00e7a e nem reconhecer a mesma.<\/p>\n<p>&#8220;Foi a\u00ed que o Diretor Agr\u00edcola da Diana Bioenergia, Marcio Nono, comentou no grupo que esse problema era recorrente na Diana e que estava disseminando em diversas variedades, ent\u00e3o surgiu a ideia de visitarmos a \u00e1rea e trocar informa\u00e7\u00f5es sobre a patologia&#8221;, disse Raffaela.<\/p>\n<p>O grupo chamado &#8220;Cana Brasil&#8221; possui 250 pessoas, o limite m\u00e1ximo que um grupo pode suportar e toda a divulga\u00e7\u00e3o foi feita atrav\u00e9s do aplicativo.<\/td>\n<\/tr>\n<tr valign=\"top\">\n<td colspan=\"2\" height=\"20\"><\/td>\n<\/tr>\n<tr valign=\"top\">\n<td colspan=\"2\" align=\"right\"><i>Fonte: Assessoria de Imprensa Diana Bioenergia<\/i><\/td>\n<\/tr>\n<\/tbody>\n<\/table>\n<p>Repercuss\u00e3o: <a href=\"https:\/\/www.canaonline.com.br\/conteudo\/diana-bioenergia-realiza-dia-de-campo-com-pesquisadores-e-tecnicos.html#.WeeYIEj7aup\">Portal CanaOnline<\/a><\/p>\n","protected":false},"excerpt":{"rendered":"<p>UDOP, 09, outubro de 2017 &nbsp; A\u00a0Diana Bioenergia, em parceria com a Stab e a Apta, realizou na \u00faltima quinta-feira (5), o primeiro Dia de Campo com o tema: Problemas&hellip;<\/p>\n","protected":false},"author":17,"featured_media":0,"comment_status":"closed","ping_status":"closed","sticky":false,"template":"","format":"standard","meta":{"_acf_changed":false,"_jetpack_newsletter_access":"","_jetpack_dont_email_post_to_subs":false,"_jetpack_newsletter_tier_id":0,"_jetpack_memberships_contains_paywalled_content":false,"_jetpack_memberships_contains_paid_content":false,"footnotes":"","_links_to":"","_links_to_target":""},"categories":[1163,1224],"tags":[],"class_list":["post-17754","post","type-post","status-publish","format-standard","hentry","category-clipping-cnpem","category-clipping-lnbr","category-1163","category-1224","description-off"],"acf":[],"yoast_head":"<!-- This site is optimized with the Yoast SEO plugin v27.5 - https:\/\/yoast.com\/product\/yoast-seo-wordpress\/ -->\n<title>Diana Bioenergia realiza Dia de Campo com pesquisadores e t\u00e9cnicos - CNPEM<\/title>\n<meta name=\"robots\" content=\"index, follow, max-snippet:-1, max-image-preview:large, max-video-preview:-1\" \/>\n<link rel=\"canonical\" href=\"https:\/\/cnpem.br\/diana-bioenergia-realiza-dia-de-campo-com-pesquisadores-e-tecnicos\/\" \/>\n<meta property=\"og:locale\" content=\"en_US\" \/>\n<meta property=\"og:type\" content=\"article\" \/>\n<meta property=\"og:title\" content=\"Diana Bioenergia realiza Dia de Campo com pesquisadores e t\u00e9cnicos - CNPEM\" \/>\n<meta property=\"og:description\" content=\"UDOP, 09, outubro de 2017 &nbsp; A\u00a0Diana Bioenergia, em parceria com a Stab e a Apta, realizou na \u00faltima quinta-feira (5), o primeiro Dia de Campo com o tema: Problemas&hellip;\" \/>\n<meta property=\"og:url\" content=\"https:\/\/cnpem.br\/diana-bioenergia-realiza-dia-de-campo-com-pesquisadores-e-tecnicos\/\" \/>\n<meta property=\"og:site_name\" content=\"CNPEM\" \/>\n<meta property=\"article:published_time\" content=\"2017-10-18T18:09:45+00:00\" \/>\n<meta property=\"article:modified_time\" content=\"2022-11-10T19:02:47+00:00\" \/>\n<meta property=\"og:image\" content=\"https:\/\/cnpem.staging.wpengine.com\/wp-content\/uploads\/2017\/10\/09_10_17_imagem_diana.jpg\" \/>\n<meta name=\"author\" content=\"Erik Medina\" \/>\n<meta name=\"twitter:card\" content=\"summary_large_image\" \/>\n<meta name=\"twitter:label1\" content=\"Written by\" \/>\n\t<meta name=\"twitter:data1\" content=\"Erik Medina\" \/>\n\t<meta name=\"twitter:label2\" content=\"Est. reading time\" \/>\n\t<meta name=\"twitter:data2\" content=\"2 minutes\" \/>\n<script type=\"application\/ld+json\" class=\"yoast-schema-graph\">{\"@context\":\"https:\\\/\\\/schema.org\",\"@graph\":[{\"@type\":\"Article\",\"@id\":\"https:\\\/\\\/cnpem.br\\\/diana-bioenergia-realiza-dia-de-campo-com-pesquisadores-e-tecnicos\\\/#article\",\"isPartOf\":{\"@id\":\"https:\\\/\\\/cnpem.br\\\/diana-bioenergia-realiza-dia-de-campo-com-pesquisadores-e-tecnicos\\\/\"},\"author\":{\"name\":\"Erik Medina\",\"@id\":\"https:\\\/\\\/cnpem.br\\\/#\\\/schema\\\/person\\\/b957a8048be4b70d687484cae6b978ef\"},\"headline\":\"Diana Bioenergia realiza Dia de Campo com pesquisadores e t\u00e9cnicos\",\"datePublished\":\"2017-10-18T18:09:45+00:00\",\"dateModified\":\"2022-11-10T19:02:47+00:00\",\"mainEntityOfPage\":{\"@id\":\"https:\\\/\\\/cnpem.br\\\/diana-bioenergia-realiza-dia-de-campo-com-pesquisadores-e-tecnicos\\\/\"},\"wordCount\":446,\"image\":{\"@id\":\"https:\\\/\\\/cnpem.br\\\/diana-bioenergia-realiza-dia-de-campo-com-pesquisadores-e-tecnicos\\\/#primaryimage\"},\"thumbnailUrl\":\"https:\\\/\\\/cnpem.staging.wpengine.com\\\/wp-content\\\/uploads\\\/2017\\\/10\\\/09_10_17_imagem_diana.jpg\",\"articleSection\":[\"CNPEM na M\u00eddia\",\"LNBR na M\u00eddia\"],\"inLanguage\":\"en-US\"},{\"@type\":\"WebPage\",\"@id\":\"https:\\\/\\\/cnpem.br\\\/diana-bioenergia-realiza-dia-de-campo-com-pesquisadores-e-tecnicos\\\/\",\"url\":\"https:\\\/\\\/cnpem.br\\\/diana-bioenergia-realiza-dia-de-campo-com-pesquisadores-e-tecnicos\\\/\",\"name\":\"Diana Bioenergia realiza Dia de Campo com pesquisadores e t\u00e9cnicos - CNPEM\",\"isPartOf\":{\"@id\":\"https:\\\/\\\/cnpem.br\\\/#website\"},\"primaryImageOfPage\":{\"@id\":\"https:\\\/\\\/cnpem.br\\\/diana-bioenergia-realiza-dia-de-campo-com-pesquisadores-e-tecnicos\\\/#primaryimage\"},\"image\":{\"@id\":\"https:\\\/\\\/cnpem.br\\\/diana-bioenergia-realiza-dia-de-campo-com-pesquisadores-e-tecnicos\\\/#primaryimage\"},\"thumbnailUrl\":\"https:\\\/\\\/cnpem.staging.wpengine.com\\\/wp-content\\\/uploads\\\/2017\\\/10\\\/09_10_17_imagem_diana.jpg\",\"datePublished\":\"2017-10-18T18:09:45+00:00\",\"dateModified\":\"2022-11-10T19:02:47+00:00\",\"author\":{\"@id\":\"https:\\\/\\\/cnpem.br\\\/#\\\/schema\\\/person\\\/b957a8048be4b70d687484cae6b978ef\"},\"breadcrumb\":{\"@id\":\"https:\\\/\\\/cnpem.br\\\/diana-bioenergia-realiza-dia-de-campo-com-pesquisadores-e-tecnicos\\\/#breadcrumb\"},\"inLanguage\":\"en-US\",\"potentialAction\":[{\"@type\":\"ReadAction\",\"target\":[\"https:\\\/\\\/cnpem.br\\\/diana-bioenergia-realiza-dia-de-campo-com-pesquisadores-e-tecnicos\\\/\"]}]},{\"@type\":\"ImageObject\",\"inLanguage\":\"en-US\",\"@id\":\"https:\\\/\\\/cnpem.br\\\/diana-bioenergia-realiza-dia-de-campo-com-pesquisadores-e-tecnicos\\\/#primaryimage\",\"url\":\"https:\\\/\\\/cnpem.staging.wpengine.com\\\/wp-content\\\/uploads\\\/2017\\\/10\\\/09_10_17_imagem_diana.jpg\",\"contentUrl\":\"https:\\\/\\\/cnpem.staging.wpengine.com\\\/wp-content\\\/uploads\\\/2017\\\/10\\\/09_10_17_imagem_diana.jpg\"},{\"@type\":\"BreadcrumbList\",\"@id\":\"https:\\\/\\\/cnpem.br\\\/diana-bioenergia-realiza-dia-de-campo-com-pesquisadores-e-tecnicos\\\/#breadcrumb\",\"itemListElement\":[{\"@type\":\"ListItem\",\"position\":1,\"name\":\"In\u00edcio\",\"item\":\"https:\\\/\\\/cnpem.br\\\/en\\\/\"},{\"@type\":\"ListItem\",\"position\":2,\"name\":\"Diana Bioenergia realiza Dia de Campo com pesquisadores e t\u00e9cnicos\"}]},{\"@type\":\"WebSite\",\"@id\":\"https:\\\/\\\/cnpem.br\\\/#website\",\"url\":\"https:\\\/\\\/cnpem.br\\\/\",\"name\":\"Centro Nacional de Pesquisa em Energia e Materiais\",\"description\":\"Centro Nacional de Pesquisa em Energia e Materiais\",\"alternateName\":\"CNPEM\",\"potentialAction\":[{\"@type\":\"SearchAction\",\"target\":{\"@type\":\"EntryPoint\",\"urlTemplate\":\"https:\\\/\\\/cnpem.br\\\/?s={search_term_string}\"},\"query-input\":{\"@type\":\"PropertyValueSpecification\",\"valueRequired\":true,\"valueName\":\"search_term_string\"}}],\"inLanguage\":\"en-US\"},{\"@type\":\"Person\",\"@id\":\"https:\\\/\\\/cnpem.br\\\/#\\\/schema\\\/person\\\/b957a8048be4b70d687484cae6b978ef\",\"name\":\"Erik Medina\",\"url\":\"\"}]}<\/script>\n<!-- \/ Yoast SEO plugin. -->","yoast_head_json":{"title":"Diana Bioenergia realiza Dia de Campo com pesquisadores e t\u00e9cnicos - CNPEM","robots":{"index":"index","follow":"follow","max-snippet":"max-snippet:-1","max-image-preview":"max-image-preview:large","max-video-preview":"max-video-preview:-1"},"canonical":"https:\/\/cnpem.br\/diana-bioenergia-realiza-dia-de-campo-com-pesquisadores-e-tecnicos\/","og_locale":"en_US","og_type":"article","og_title":"Diana Bioenergia realiza Dia de Campo com pesquisadores e t\u00e9cnicos - CNPEM","og_description":"UDOP, 09, outubro de 2017 &nbsp; A\u00a0Diana Bioenergia, em parceria com a Stab e a Apta, realizou na \u00faltima quinta-feira (5), o primeiro Dia de Campo com o tema: Problemas&hellip;","og_url":"https:\/\/cnpem.br\/diana-bioenergia-realiza-dia-de-campo-com-pesquisadores-e-tecnicos\/","og_site_name":"CNPEM","article_published_time":"2017-10-18T18:09:45+00:00","article_modified_time":"2022-11-10T19:02:47+00:00","og_image":[{"url":"https:\/\/cnpem.staging.wpengine.com\/wp-content\/uploads\/2017\/10\/09_10_17_imagem_diana.jpg","type":"","width":"","height":""}],"author":"Erik Medina","twitter_card":"summary_large_image","twitter_misc":{"Written by":"Erik Medina","Est. reading time":"2 minutes"},"schema":{"@context":"https:\/\/schema.org","@graph":[{"@type":"Article","@id":"https:\/\/cnpem.br\/diana-bioenergia-realiza-dia-de-campo-com-pesquisadores-e-tecnicos\/#article","isPartOf":{"@id":"https:\/\/cnpem.br\/diana-bioenergia-realiza-dia-de-campo-com-pesquisadores-e-tecnicos\/"},"author":{"name":"Erik Medina","@id":"https:\/\/cnpem.br\/#\/schema\/person\/b957a8048be4b70d687484cae6b978ef"},"headline":"Diana Bioenergia realiza Dia de Campo com pesquisadores e t\u00e9cnicos","datePublished":"2017-10-18T18:09:45+00:00","dateModified":"2022-11-10T19:02:47+00:00","mainEntityOfPage":{"@id":"https:\/\/cnpem.br\/diana-bioenergia-realiza-dia-de-campo-com-pesquisadores-e-tecnicos\/"},"wordCount":446,"image":{"@id":"https:\/\/cnpem.br\/diana-bioenergia-realiza-dia-de-campo-com-pesquisadores-e-tecnicos\/#primaryimage"},"thumbnailUrl":"https:\/\/cnpem.staging.wpengine.com\/wp-content\/uploads\/2017\/10\/09_10_17_imagem_diana.jpg","articleSection":["CNPEM na M\u00eddia","LNBR na M\u00eddia"],"inLanguage":"en-US"},{"@type":"WebPage","@id":"https:\/\/cnpem.br\/diana-bioenergia-realiza-dia-de-campo-com-pesquisadores-e-tecnicos\/","url":"https:\/\/cnpem.br\/diana-bioenergia-realiza-dia-de-campo-com-pesquisadores-e-tecnicos\/","name":"Diana Bioenergia realiza Dia de Campo com pesquisadores e t\u00e9cnicos - CNPEM","isPartOf":{"@id":"https:\/\/cnpem.br\/#website"},"primaryImageOfPage":{"@id":"https:\/\/cnpem.br\/diana-bioenergia-realiza-dia-de-campo-com-pesquisadores-e-tecnicos\/#primaryimage"},"image":{"@id":"https:\/\/cnpem.br\/diana-bioenergia-realiza-dia-de-campo-com-pesquisadores-e-tecnicos\/#primaryimage"},"thumbnailUrl":"https:\/\/cnpem.staging.wpengine.com\/wp-content\/uploads\/2017\/10\/09_10_17_imagem_diana.jpg","datePublished":"2017-10-18T18:09:45+00:00","dateModified":"2022-11-10T19:02:47+00:00","author":{"@id":"https:\/\/cnpem.br\/#\/schema\/person\/b957a8048be4b70d687484cae6b978ef"},"breadcrumb":{"@id":"https:\/\/cnpem.br\/diana-bioenergia-realiza-dia-de-campo-com-pesquisadores-e-tecnicos\/#breadcrumb"},"inLanguage":"en-US","potentialAction":[{"@type":"ReadAction","target":["https:\/\/cnpem.br\/diana-bioenergia-realiza-dia-de-campo-com-pesquisadores-e-tecnicos\/"]}]},{"@type":"ImageObject","inLanguage":"en-US","@id":"https:\/\/cnpem.br\/diana-bioenergia-realiza-dia-de-campo-com-pesquisadores-e-tecnicos\/#primaryimage","url":"https:\/\/cnpem.staging.wpengine.com\/wp-content\/uploads\/2017\/10\/09_10_17_imagem_diana.jpg","contentUrl":"https:\/\/cnpem.staging.wpengine.com\/wp-content\/uploads\/2017\/10\/09_10_17_imagem_diana.jpg"},{"@type":"BreadcrumbList","@id":"https:\/\/cnpem.br\/diana-bioenergia-realiza-dia-de-campo-com-pesquisadores-e-tecnicos\/#breadcrumb","itemListElement":[{"@type":"ListItem","position":1,"name":"In\u00edcio","item":"https:\/\/cnpem.br\/en\/"},{"@type":"ListItem","position":2,"name":"Diana Bioenergia realiza Dia de Campo com pesquisadores e t\u00e9cnicos"}]},{"@type":"WebSite","@id":"https:\/\/cnpem.br\/#website","url":"https:\/\/cnpem.br\/","name":"Centro Nacional de Pesquisa em Energia e Materiais","description":"Centro Nacional de Pesquisa em Energia e Materiais","alternateName":"CNPEM","potentialAction":[{"@type":"SearchAction","target":{"@type":"EntryPoint","urlTemplate":"https:\/\/cnpem.br\/?s={search_term_string}"},"query-input":{"@type":"PropertyValueSpecification","valueRequired":true,"valueName":"search_term_string"}}],"inLanguage":"en-US"},{"@type":"Person","@id":"https:\/\/cnpem.br\/#\/schema\/person\/b957a8048be4b70d687484cae6b978ef","name":"Erik Medina","url":""}]}},"jetpack_featured_media_url":"","jetpack_sharing_enabled":true,"jetpack_shortlink":"https:\/\/wp.me\/per0Mi-4Cm","_links":{"self":[{"href":"https:\/\/cnpem.br\/en\/wp-json\/wp\/v2\/posts\/17754","targetHints":{"allow":["GET"]}}],"collection":[{"href":"https:\/\/cnpem.br\/en\/wp-json\/wp\/v2\/posts"}],"about":[{"href":"https:\/\/cnpem.br\/en\/wp-json\/wp\/v2\/types\/post"}],"author":[{"embeddable":true,"href":"https:\/\/cnpem.br\/en\/wp-json\/wp\/v2\/users\/17"}],"replies":[{"embeddable":true,"href":"https:\/\/cnpem.br\/en\/wp-json\/wp\/v2\/comments?post=17754"}],"version-history":[{"count":0,"href":"https:\/\/cnpem.br\/en\/wp-json\/wp\/v2\/posts\/17754\/revisions"}],"wp:attachment":[{"href":"https:\/\/cnpem.br\/en\/wp-json\/wp\/v2\/media?parent=17754"}],"wp:term":[{"taxonomy":"category","embeddable":true,"href":"https:\/\/cnpem.br\/en\/wp-json\/wp\/v2\/categories?post=17754"},{"taxonomy":"post_tag","embeddable":true,"href":"https:\/\/cnpem.br\/en\/wp-json\/wp\/v2\/tags?post=17754"}],"curies":[{"name":"wp","href":"https:\/\/api.w.org\/{rel}","templated":true}]}}