{"id":17387,"date":"2017-09-05T12:48:30","date_gmt":"2017-09-05T12:48:30","guid":{"rendered":"https:\/\/cnpem.staging.wpengine.com\/?p=17387\/"},"modified":"2022-11-10T16:02:53","modified_gmt":"2022-11-10T19:02:53","slug":"forum-internacional-dos-produtores-de-agroenergia-discute-solucoes-para-a-sustentabilidade-e-rentabilidade-dos-produtores-de-cana-milho-e-beterraba-acucareira","status":"publish","type":"post","link":"https:\/\/cnpem.br\/en\/forum-internacional-dos-produtores-de-agroenergia-discute-solucoes-para-a-sustentabilidade-e-rentabilidade-dos-produtores-de-cana-milho-e-beterraba-acucareira\/","title":{"rendered":"F\u00f3rum Internacional dos Produtores de Agroenergia discute solu\u00e7\u00f5es para a sustentabilidade e rentabilidade dos produtores de cana, milho e beterraba a\u00e7ucareira"},"content":{"rendered":"<p style=\"text-align: justify;\"><a href=\"https:\/\/www.revistarpanews.com.br\/noticias\/3109-forum-internacional-dos-produtores-de-agroenergia-discute-solucoes-para-a-sustentabilidade-e-rentabilidade-dos-produtores-de-cana-milho-e-beterraba-acucareira\">RPANews<\/a>, 28 de agosto\/2017<\/p>\n<p style=\"text-align: justify;\">Tendo em vista a import\u00e2ncia dos setores de cana, milho e beterraba a\u00e7ucareira para a economia mundial, a Organiza\u00e7\u00e3o dos Plantadores de Cana da Regi\u00e3o Centro-Sul do Brasil (ORPLANA), em parceria com a consultoria Datagro, realizou no \u00faltimo dia 23 de agosto a primeira edi\u00e7\u00e3o do F\u00f3rum Internacional dos Produtores de Agroenergia. O evento, conduzido dentro da Arena do Conhecimento Agr\u00edcola da Fenasucro &amp; Agrocana 2017, maior feira de tecnologia sucroenerg\u00e9tica do mundo, reuniu mais de 300 produtores de cerca de 40 pa\u00edses, al\u00e9m de profissionais de usinas, pesquisadores, consultores, executivos de empresas ligadas ao segmento e autoridades e lideran\u00e7as p\u00fablicas.<\/p>\n<p style=\"text-align: justify;\">Dividida em cinco pain\u00e9is, a programa\u00e7\u00e3o do evento contou com a participa\u00e7\u00e3o de palestrantes nacionais e estrangeiros que apresentaram tecnologias inovadoras que poder\u00e3o contribuir para a prosperidade do produtor rural. Al\u00e9m disso, o F\u00f3rum foi palco para intensos debates sobre desafios de planejamento de produ\u00e7\u00e3o, associativismo, gest\u00e3o, custos de produ\u00e7\u00e3o, entre outros assuntos.<\/p>\n<p style=\"text-align: justify;\">Para o presidente da ORPLANA, Eduardo Vasconcellos Rom\u00e3o, a primeira edi\u00e7\u00e3o do F\u00f3rum foi uma excelente fonte de informa\u00e7\u00e3o para os produtores rurais brasileiros e internacionais que estavam sedentos por conhecimento. \u201cOs fornecedores ser\u00e3o fundamentais caso o Brasil queira honrar o acordo firmado na COP 21. Dessa forma, eventos como este s\u00e3o de extrema import\u00e2ncia para a transfer\u00eancia de tecnologia que possa os auxiliar a maximizar suas produ\u00e7\u00f5es.\u201d<\/p>\n<p style=\"text-align: justify;\">J\u00e1 o presidente da Datagro, Plinio Nastari, se diz honrado e satisfeito de ter reunido, num s\u00f3 evento, aqueles que est\u00e3o na base da produ\u00e7\u00e3o, os produtores agr\u00edcolas que d\u00e3o suporte e vida a uma ind\u00fastria excepcional como a canavieira e que tem diante de si a oportunidade de enfrentar um enorme desafio pela frente: mostrar ao mundo que tem nas m\u00e3os a solu\u00e7\u00e3o para os problemas que afetam a humanidade. \u201cUm dos exemplos \u00e9 o fato de podermos gerar energia com sustentabilidade, ou seja, atendendo as restri\u00e7\u00f5es e objetivos de preserva\u00e7\u00e3o do meio ambiente e, ao mesmo tempo, gerando empregos.\u201d<\/p>\n<p style=\"text-align: justify;\">Um dos pontos altos do evento foi uma homenagem ao presidente da Associa\u00e7\u00e3o dos Plantadores de Cana do Oeste do Estado de S\u00e3o Paulo (CanaOeste) e ex-presidente da ORPLANA, Manoel Ortolan. Na ocasi\u00e3o, foi exibido um v\u00eddeo com depoimentos de diversas personalidades do agroneg\u00f3cio nacional e de familiares e amigos de Maneco. Al\u00e9m disso, foi entregue um quadro com uma pintura que reproduz a fachada do pr\u00e9dio principal da Escola Superior de Agricultura Luiz de Queiroz (ESALQ) da Universidade de S\u00e3o Paulo (USP), local marcante na vida profissional e pessoal de Ortolan.<\/p>\n<p style=\"text-align: justify;\">Durante a homenagem, estava presente no palco o diretor da ORPLANA, Eduardo Rom\u00e3o; o Secret\u00e1rio de Agricultura e Abastecimento do Estado de S\u00e3o Paulo, Arnaldo Jardim; o diretor presidente da Cooperativa dos Plantadores de Cana do Oeste do Estado de S\u00e3o Paulo (Copercana), Antonio Eduardo Tonielo; o diretor da Datagro, Plinio Nastati; a ex-secret\u00e1ria de Agricultura e Abastecimento do Estado de S\u00e3o Paulo, Monika Bergamaschi; e o gestor executivo da ORPLANA, Celso Albano. Em sua fala, Eduardo Rom\u00e3o ressaltou o esp\u00edrito associativista e cooperativista de Maneco, afirmando que foi uma honra suced\u00ea-lo na presid\u00eancia da entidade.<\/p>\n<p style=\"text-align: justify;\"><strong>Ser\u00e1 que \u00e9 um bom neg\u00f3cio produzir beterraba a\u00e7ucareira no Brasil?<\/strong><\/p>\n<p style=\"text-align: justify;\">A Europa tamb\u00e9m produz a\u00e7\u00facar, mas \u00e9 da beterraba a\u00e7ucareira e n\u00e3o da cana. Os pa\u00edses europeus, principalmente a Fran\u00e7a, respondem por 80% da produ\u00e7\u00e3o mundial de a\u00e7\u00facar de beterraba, extra\u00eddo pela primeira vez em 1747. Desde ent\u00e3o, a produ\u00e7\u00e3o de a\u00e7\u00facar a partir da cultura aumentou 20 vezes.<\/p>\n<p style=\"text-align: justify;\">O assunto em quest\u00e3o foi amplamente debatido durante o 1\u00ba F\u00f3rum Internacional dos Produtores de AgroEnergia. Num primeiro momento, o economista da World Association of Beet &amp; Cane Growers (WABCG) da Fran\u00e7a, Timoth\u00e9 Masson, falou sobre os desafios e produtividade da produ\u00e7\u00e3o mundial de beterraba a\u00e7ucareira.<\/p>\n<p style=\"text-align: justify;\">Segundo ele, existem muitas oportunidades para aqueles que desejam cultivar beterraba a\u00e7ucareira em climas tropicais. \u201cPor ser uma cultura de inverno, ela pode ser associada com culturas de ver\u00e3o. Al\u00e9m disso, pode produzir uma maior quantidade de a\u00e7\u00facar do que a cana-de-a\u00e7\u00facar, entregando at\u00e9 15 toneladas por hectare.\u201d<\/p>\n<p style=\"text-align: justify;\">Masson falou, ainda, sobre as dificuldades para a implanta\u00e7\u00e3o da cultura. Uma delas \u00e9 o fato de que a beterraba n\u00e3o pode ser cultivada incessantemente, sen\u00e3o, doen\u00e7as ir\u00e3o surgir nas lavouras. A solu\u00e7\u00e3o \u00e9 fazer rota\u00e7\u00e3o com outras culturas, no m\u00ednimo, a cada quatro anos.<\/p>\n<p style=\"text-align: justify;\">Outro grande desafio \u00e9 relacionado ao aumento de produtividade, que ainda n\u00e3o atingiu o potencial gen\u00e9tico. Atualmente, as maiores produtividades s\u00e3o encontradas na Fran\u00e7a e Alemanha, com 90 toneladas por hectare cada. Em seguida, vem os Estados Unidos (70 ton\/ha), Marrocos (60 ton\/ha) e R\u00fassia e China (40 ton\/ha).<\/p>\n<p style=\"text-align: justify;\">Entretanto, esses n\u00fameros tendem apenas a subir, j\u00e1 que a taxa de crescimento do melhoramento de beterraba \u00e9 de 2% ao ano, enquanto que a taxa de crescimento para o melhoramento da cana-de-a\u00e7\u00facar \u00e9 de 0,5 % ao ano. Atualmente, existem grandes investimentos na \u00e1rea de pesquisa para novas variedades de sementes de beterraba para elevar a produ\u00e7\u00e3o de 100 toneladas por hectare para 150 toneladas, o que deixa o a\u00e7\u00facar de beterraba cada vez mais competitivo em rela\u00e7\u00e3o ao de cana.<\/p>\n<p style=\"text-align: justify;\">O economista falou, ainda, sobre o problema com os custos de produ\u00e7\u00e3o, elevados em fun\u00e7\u00e3o do fato de que os produtores n\u00e3o poderem produzir suas pr\u00f3prias sementes, tendo que adquiri-las no mercado. \u201cNa Fran\u00e7a, cerca de 30% dos custos vari\u00e1veis provem das sementes\u201d, finaliza Masson.<\/p>\n<p style=\"text-align: justify;\">J\u00e1 a colheita da beterraba foi o tema da palestra de Vin\u00edcius Casselli, diretor da VSZ da Alemanha. Segundo ele, os altos custos com m\u00e3o-de-obra para a colheita fizeram com que o mercado corresse para entregar solu\u00e7\u00f5es que minimizassem esses custos. O resultado foi o surgimento de colhedoras que conseguem colher at\u00e9 nove linhas simultaneamente. Um avan\u00e7o significativo, levando em conta o fato de que, at\u00e9 ent\u00e3o, a colheita mecanizada era feita linha por linha.<\/p>\n<p style=\"text-align: justify;\">\u201cEssa mudan\u00e7a contribuiu para um enorme aumento de produtividade. Como s\u00e3o muito eficazes, e um pouco caras, essas m\u00e1quinas n\u00e3o podem ser usadas em n\u00edvel de fazenda \u00fanica, ou seja, a maior parte delas \u00e9 comprada por cons\u00f3rcio de at\u00e9 50 produtores.\u201d<\/p>\n<p style=\"text-align: justify;\"><strong>Ganho de produtividade por meio do Sistema Meiosi + MPB foi um dos destaques do F\u00f3rum<\/strong><\/p>\n<p style=\"text-align: justify;\">O primeiro painel do F\u00f3rum Internacional dos Produtores de Agronergia debateu a tecnologia de Mudas Pr\u00e9-Brotadas (MPB) aliada ao sistema de Meiosi (M\u00e9todo\u00a0Inter Rotacional Ocorrendo Simultaneamente). Para falar sobre o assunto, subiu ao palco um dos maiores especialistas da \u00e1rea: o diretor do Centro de Cana do Instituto Agron\u00f4mico de Campinas (IAC), Marcos Landell. Na ocasi\u00e3o, ele explicou ao p\u00fablico presente que a MPB \u00e9 uma tecnologia de multiplica\u00e7\u00e3o que pode contribuir para a produ\u00e7\u00e3o\u00a0r\u00e1pida de mudas, associando elevado padr\u00e3o de fitossanidade, vigor e uniformidade de plantio. Outro grande benef\u00edcio est\u00e1 na redu\u00e7\u00e3o da quantidade de mudas que vai a campo. Para o plantio de um hectare de cana, o consumo de mudas cai de 18 a 20 toneladas, no plantio convencional, para apenas duas toneladas no MPB. \u201cIsso significa que 18 toneladas que seriam enterradas como mudas ir\u00e3o para a ind\u00fastria produzir \u00e1lcool e a\u00e7\u00facar, gerando ganhos\u201d, afirma.<\/p>\n<p style=\"text-align: justify;\">A tecnologia \u00e9 direcionada a aumentar a efici\u00eancia e os ganhos econ\u00f4micos na implanta\u00e7\u00e3o de viveiros, replantio de \u00e1reas comerciais e possivelmente renova\u00e7\u00e3o e expans\u00e3o de \u00e1reas de cana-de-a\u00e7\u00facar.<\/p>\n<p style=\"text-align: justify;\">Em seguida, subiu ao palco o produtor Ismael Perina J\u00fanior, um dos propriet\u00e1rios da Fazenda Belo Horizonte, em Jaboticabal, SP. Logo no in\u00edcio de sua fala, ele falou sobre como conheceu o sistema de MPB. \u201cH\u00e1 anos atr\u00e1s, estava jogando 25 toneladas de cana por hectare no sulco de plantio. Foi neste momento que vi que uma revolu\u00e7\u00e3o era necess\u00e1ria.\u201d<\/p>\n<p style=\"text-align: justify;\">Em uma conversa com Marcos Landell, o produtor foi apresentado, ent\u00e3o, as MPBs. Foi paix\u00e3o a primeira vista. \u201cEssa tecnologia foi a maior revolu\u00e7\u00e3o que o setor j\u00e1 passou. Quem n\u00e3o est\u00e1 indo nessa linha, est\u00e1 perdendo muito.\u201d<\/p>\n<p style=\"text-align: justify;\">Perina, ali\u00e1s, foi um dos pioneiros na ado\u00e7\u00e3o do sistema de Meiosi com MPB, cuja proposta \u00e9 tombar uma cana sadia em solos revigorados por outras culturas, turbinando, dessa forma, seu desempenho. \u201cQuando adotei esse sistema, h\u00e1 quatro anos, minha taxa de multiplica\u00e7\u00e3o era de 1&#215;7 (1 linha de cana plantada com MPB gerava muda para setes linhas). Hoje, minha taxa de multiplica\u00e7\u00e3o j\u00e1 alcan\u00e7a 1&#215;30.\u201d<\/p>\n<p style=\"text-align: justify;\">Por fim, Perina afirmou que o sistema Meiosi e MPB pode ser adotado por todos os produtores de cana, independente do tamanho.<\/p>\n<p style=\"text-align: justify;\"><strong>Usimat j\u00e1 processa 1200 toneladas de milho por dia na entressafra da cana<\/strong><\/p>\n<p style=\"text-align: justify;\">A produ\u00e7\u00e3o de milho consorciada com a de cana-de-a\u00e7\u00facar tamb\u00e9m foi um tema bastante debatido durante o F\u00f3rum Internacional dos Produtores de Agroenergia. Na ocasi\u00e3o, a Usimat, localizada em Campos de J\u00falio, MT, falou sobre sua experi\u00eancia na \u00e1rea, j\u00e1 que foi pioneira, ainda em 2011, a produzir etanol de milho no pa\u00eds, atrav\u00e9s do projeto da Usimat Flex. De l\u00e1 para c\u00e1, a empresa vem investindo no aprimoramento das opera\u00e7\u00f5es e, na safra passada, j\u00e1 conseguiu produzir 83 milh\u00f5es de litros de etanol de milho. \u201cO milho veio complementar a produ\u00e7\u00e3o de cana-de-a\u00e7\u00facar. Come\u00e7amos moendo 500 toneladas por dia durante a entressafra da cana. Hoje, este\u00a0n\u00famero j\u00e1 saltou para 1200 ton\/dia\u201d, conta Vital Silva Nogueira, gerente industrial da Usimat.<\/p>\n<p style=\"text-align: justify;\">Segundo ele, uma das grandes vantagens do etanol de milho \u00e9 a possibilidade de produ\u00e7\u00e3o 24 horas por dia e 365 dias por ano, independente do clima. Outras vantagens incluem baixo custo de implanta\u00e7\u00e3o, alto \u00edndice de aproveitamento do tempo, baixo custo operacional, pouca m\u00e3o-de-obra, aproveitamento do pessoal existente na planta, aumento da escala de produ\u00e7\u00e3o do etanol, baixo custo de manuten\u00e7\u00e3o mec\u00e2nica e el\u00e9trica, processo com m\u00ednima varia\u00e7\u00e3o operacional, flexibilidade nas paradas e retomadas de produ\u00e7\u00e3o, utiliza\u00e7\u00e3o da palha da cana como biomassa e utiliza\u00e7\u00e3o de energia pr\u00f3pria durante a entressafra da cana<\/p>\n<p style=\"text-align: justify;\"><strong>Empresas e centros de pesquisa apresentaram novidades tecnol\u00f3gicas para o p\u00fablico do F\u00f3rum<\/strong><\/p>\n<p style=\"text-align: justify;\">Um dos pain\u00e9is do evento foi reservado para as empresas de tecnologia que apresentaram ao p\u00fablico suas \u00faltimas inova\u00e7\u00f5es para a produ\u00e7\u00e3o de cana-de-a\u00e7\u00facar. O primeiro palestrante foi o propriet\u00e1rio da FCN Tecnologia, Felix de Castro Neto, que destacou o CentraCana, um equipamento para corte basal, desponte e aleiramento de duas fileiras simult\u00e2neas de cana crua ou queimada. Trata-se de um equipamento apto ao corte de canaviais situados em terrenos com topografia inadequada ao tr\u00e2nsito operacional seguro da colhedora combinada, por\u00e9m pr\u00f3prios ao tr\u00e2nsito sem risco de tratores modelo PCR, preferencialmente 4&#215;4 na faixa de 100 HP de pot\u00eancia, com ou sem carregadora de cana nele instalada.<\/p>\n<p style=\"text-align: justify;\">Em seguida, a Valtra apresentou a BE1035 Mudas, primeira colhedora de mudas de cana do mundo. A m\u00e1quina utiliza um exclusivo sistema de esteiras de borracha substituindo os rolos transportadores, reduzindo em 46%\u00a0os pontos de atrito das mudas no equipamento. O resultado da tecnologia \u00e9 a preserva\u00e7\u00e3o das gemas, parte respons\u00e1vel pela germina\u00e7\u00e3o de novas plantas.<\/p>\n<p style=\"text-align: justify;\">A\u00a0grande novidade da John Deere foi o monitor de colheita, tecnologia voltada para tomadas de decis\u00e3o cujo objetivo \u00e9 otimizar a opera\u00e7\u00e3o em tempo real. O gerente de contas estrat\u00e9gicas da empresa, Carlos Graminha, explica que o monitor \u00e9 composto por sensores \u00f3pticos, posicionados no elevador, que ir\u00e3o captar imagens do material que\u00a0est\u00e1 subindo pelo elevador. Atrav\u00e9s dessas imagens, ser\u00e1 poss\u00edvel identificar o que \u00e9 cana e o que \u00e9 impureza vegetal. \u201cOs volumes obtidos s\u00e3o transformados em massa, ou seja, em toneladas de cana e porcentagem de impureza vegetal. A partir desses dados, v\u00e1rias informa\u00e7\u00f5es ser\u00e3o geradas para o operador, em tempo real, no monitor.\u201d<\/p>\n<p style=\"text-align: justify;\">J\u00e1 a Case IH apresentou seu trator aut\u00f4nomo. Com mais de 300 cv de pot\u00eancia, a m\u00e1quina \u00e9 baseada no modelo Magnum, mas tem visual futurista, sem cabine, e executa as mesmas tarefas de um trator convencional, sendo controlada remotamente por um tablet ou computador. Podendo funcionar 24h por dia, o trator aut\u00f4nomo\u00a0oferecer\u00e1 aos agricultores ainda mais efici\u00eancia operacional para tarefas como preparo do solo, plantio e pulveriza\u00e7\u00e3o. Al\u00e9m disso, ele ajudar\u00e1 a suprir uma demanda por m\u00e3o de obra qualificada durante a temporada de plantio, que \u00e9 um desafio constante em diversas propriedades.<\/p>\n<p style=\"text-align: justify;\">Por fim, o coordenador da divis\u00e3o agr\u00edcola do Laborat\u00f3rio Nacional de Ci\u00eancia e Tecnologia do Bioetanol (CTBE), Henrique Junqueira Franco, apresentou projetos da Entidade que buscam resolver os gargalos da colheita mecanizada de cana crua. Um deles trata da inclus\u00e3o de um triturador de palha montado dentro da colhedora de cana. O engenheiro do CTBE explica que a ideia \u00e9 adicionar dois conjuntos de facas, um com 17 e outro com 19, no mesmo eixo do extrator prim\u00e1rio, pe\u00e7a que atua na limpeza dos colmos, eliminando impurezas minerais e vegetais, por\u00e9m, girando no sentido oposto. Essas facas, segundo ele, ir\u00e3o triturar a palha, deixando-a com apenas 12mm. Posteriormente, a expuls\u00e3o ocorrer\u00e1 de forma tradicional.<\/p>\n<p style=\"text-align: justify;\">Fonte: Cana Online<\/p>\n","protected":false},"excerpt":{"rendered":"<p>RPANews, 28 de agosto\/2017 Tendo em vista a import\u00e2ncia dos setores de cana, milho e beterraba a\u00e7ucareira para a economia mundial, a Organiza\u00e7\u00e3o dos Plantadores de Cana da Regi\u00e3o Centro-Sul&hellip;<\/p>\n","protected":false},"author":17,"featured_media":0,"comment_status":"closed","ping_status":"closed","sticky":false,"template":"","format":"standard","meta":{"_acf_changed":false,"_jetpack_newsletter_access":"","_jetpack_dont_email_post_to_subs":false,"_jetpack_newsletter_tier_id":0,"_jetpack_memberships_contains_paywalled_content":false,"_jetpack_memberships_contains_paid_content":false,"footnotes":"","_links_to":"","_links_to_target":""},"categories":[1163,1224],"tags":[],"class_list":["post-17387","post","type-post","status-publish","format-standard","hentry","category-clipping-cnpem","category-clipping-lnbr","category-1163","category-1224","description-off"],"acf":[],"yoast_head":"<!-- This site is optimized with the Yoast SEO plugin v27.5 - https:\/\/yoast.com\/product\/yoast-seo-wordpress\/ -->\n<title>F\u00f3rum Internacional dos Produtores de Agroenergia discute solu\u00e7\u00f5es para a sustentabilidade e rentabilidade dos produtores de cana, milho e beterraba a\u00e7ucareira - CNPEM<\/title>\n<meta name=\"robots\" content=\"index, follow, max-snippet:-1, max-image-preview:large, max-video-preview:-1\" \/>\n<link rel=\"canonical\" href=\"https:\/\/cnpem.br\/forum-internacional-dos-produtores-de-agroenergia-discute-solucoes-para-a-sustentabilidade-e-rentabilidade-dos-produtores-de-cana-milho-e-beterraba-acucareira\/\" \/>\n<meta property=\"og:locale\" content=\"en_US\" \/>\n<meta property=\"og:type\" content=\"article\" \/>\n<meta property=\"og:title\" content=\"F\u00f3rum Internacional dos Produtores de Agroenergia discute solu\u00e7\u00f5es para a sustentabilidade e rentabilidade dos produtores de cana, milho e beterraba a\u00e7ucareira - CNPEM\" \/>\n<meta property=\"og:description\" content=\"RPANews, 28 de agosto\/2017 Tendo em vista a import\u00e2ncia dos setores de cana, milho e beterraba a\u00e7ucareira para a economia mundial, a Organiza\u00e7\u00e3o dos Plantadores de Cana da Regi\u00e3o Centro-Sul&hellip;\" \/>\n<meta property=\"og:url\" content=\"https:\/\/cnpem.br\/forum-internacional-dos-produtores-de-agroenergia-discute-solucoes-para-a-sustentabilidade-e-rentabilidade-dos-produtores-de-cana-milho-e-beterraba-acucareira\/\" \/>\n<meta property=\"og:site_name\" content=\"CNPEM\" \/>\n<meta property=\"article:published_time\" content=\"2017-09-05T12:48:30+00:00\" \/>\n<meta property=\"article:modified_time\" content=\"2022-11-10T19:02:53+00:00\" \/>\n<meta name=\"author\" content=\"Erik Medina\" \/>\n<meta name=\"twitter:card\" content=\"summary_large_image\" \/>\n<meta name=\"twitter:label1\" content=\"Written by\" \/>\n\t<meta name=\"twitter:data1\" content=\"Erik Medina\" \/>\n\t<meta name=\"twitter:label2\" content=\"Est. reading time\" \/>\n\t<meta name=\"twitter:data2\" content=\"11 minutes\" \/>\n<script type=\"application\/ld+json\" class=\"yoast-schema-graph\">{\"@context\":\"https:\\\/\\\/schema.org\",\"@graph\":[{\"@type\":\"Article\",\"@id\":\"https:\\\/\\\/cnpem.br\\\/forum-internacional-dos-produtores-de-agroenergia-discute-solucoes-para-a-sustentabilidade-e-rentabilidade-dos-produtores-de-cana-milho-e-beterraba-acucareira\\\/#article\",\"isPartOf\":{\"@id\":\"https:\\\/\\\/cnpem.br\\\/forum-internacional-dos-produtores-de-agroenergia-discute-solucoes-para-a-sustentabilidade-e-rentabilidade-dos-produtores-de-cana-milho-e-beterraba-acucareira\\\/\"},\"author\":{\"name\":\"Erik Medina\",\"@id\":\"https:\\\/\\\/cnpem.br\\\/#\\\/schema\\\/person\\\/b957a8048be4b70d687484cae6b978ef\"},\"headline\":\"F\u00f3rum Internacional dos Produtores de Agroenergia discute solu\u00e7\u00f5es para a sustentabilidade e rentabilidade dos produtores de cana, milho e beterraba a\u00e7ucareira\",\"datePublished\":\"2017-09-05T12:48:30+00:00\",\"dateModified\":\"2022-11-10T19:02:53+00:00\",\"mainEntityOfPage\":{\"@id\":\"https:\\\/\\\/cnpem.br\\\/forum-internacional-dos-produtores-de-agroenergia-discute-solucoes-para-a-sustentabilidade-e-rentabilidade-dos-produtores-de-cana-milho-e-beterraba-acucareira\\\/\"},\"wordCount\":2309,\"articleSection\":[\"CNPEM na M\u00eddia\",\"LNBR na M\u00eddia\"],\"inLanguage\":\"en-US\"},{\"@type\":\"WebPage\",\"@id\":\"https:\\\/\\\/cnpem.br\\\/forum-internacional-dos-produtores-de-agroenergia-discute-solucoes-para-a-sustentabilidade-e-rentabilidade-dos-produtores-de-cana-milho-e-beterraba-acucareira\\\/\",\"url\":\"https:\\\/\\\/cnpem.br\\\/forum-internacional-dos-produtores-de-agroenergia-discute-solucoes-para-a-sustentabilidade-e-rentabilidade-dos-produtores-de-cana-milho-e-beterraba-acucareira\\\/\",\"name\":\"F\u00f3rum Internacional dos Produtores de Agroenergia discute solu\u00e7\u00f5es para a sustentabilidade e rentabilidade dos produtores de cana, milho e beterraba a\u00e7ucareira - CNPEM\",\"isPartOf\":{\"@id\":\"https:\\\/\\\/cnpem.br\\\/#website\"},\"datePublished\":\"2017-09-05T12:48:30+00:00\",\"dateModified\":\"2022-11-10T19:02:53+00:00\",\"author\":{\"@id\":\"https:\\\/\\\/cnpem.br\\\/#\\\/schema\\\/person\\\/b957a8048be4b70d687484cae6b978ef\"},\"breadcrumb\":{\"@id\":\"https:\\\/\\\/cnpem.br\\\/forum-internacional-dos-produtores-de-agroenergia-discute-solucoes-para-a-sustentabilidade-e-rentabilidade-dos-produtores-de-cana-milho-e-beterraba-acucareira\\\/#breadcrumb\"},\"inLanguage\":\"en-US\",\"potentialAction\":[{\"@type\":\"ReadAction\",\"target\":[\"https:\\\/\\\/cnpem.br\\\/forum-internacional-dos-produtores-de-agroenergia-discute-solucoes-para-a-sustentabilidade-e-rentabilidade-dos-produtores-de-cana-milho-e-beterraba-acucareira\\\/\"]}]},{\"@type\":\"BreadcrumbList\",\"@id\":\"https:\\\/\\\/cnpem.br\\\/forum-internacional-dos-produtores-de-agroenergia-discute-solucoes-para-a-sustentabilidade-e-rentabilidade-dos-produtores-de-cana-milho-e-beterraba-acucareira\\\/#breadcrumb\",\"itemListElement\":[{\"@type\":\"ListItem\",\"position\":1,\"name\":\"In\u00edcio\",\"item\":\"https:\\\/\\\/cnpem.br\\\/en\\\/\"},{\"@type\":\"ListItem\",\"position\":2,\"name\":\"F\u00f3rum Internacional dos Produtores de Agroenergia discute solu\u00e7\u00f5es para a sustentabilidade e rentabilidade dos produtores de cana, milho e beterraba a\u00e7ucareira\"}]},{\"@type\":\"WebSite\",\"@id\":\"https:\\\/\\\/cnpem.br\\\/#website\",\"url\":\"https:\\\/\\\/cnpem.br\\\/\",\"name\":\"Centro Nacional de Pesquisa em Energia e Materiais\",\"description\":\"Centro Nacional de Pesquisa em Energia e Materiais\",\"alternateName\":\"CNPEM\",\"potentialAction\":[{\"@type\":\"SearchAction\",\"target\":{\"@type\":\"EntryPoint\",\"urlTemplate\":\"https:\\\/\\\/cnpem.br\\\/?s={search_term_string}\"},\"query-input\":{\"@type\":\"PropertyValueSpecification\",\"valueRequired\":true,\"valueName\":\"search_term_string\"}}],\"inLanguage\":\"en-US\"},{\"@type\":\"Person\",\"@id\":\"https:\\\/\\\/cnpem.br\\\/#\\\/schema\\\/person\\\/b957a8048be4b70d687484cae6b978ef\",\"name\":\"Erik Medina\",\"url\":\"\"}]}<\/script>\n<!-- \/ Yoast SEO plugin. -->","yoast_head_json":{"title":"F\u00f3rum Internacional dos Produtores de Agroenergia discute solu\u00e7\u00f5es para a sustentabilidade e rentabilidade dos produtores de cana, milho e beterraba a\u00e7ucareira - CNPEM","robots":{"index":"index","follow":"follow","max-snippet":"max-snippet:-1","max-image-preview":"max-image-preview:large","max-video-preview":"max-video-preview:-1"},"canonical":"https:\/\/cnpem.br\/forum-internacional-dos-produtores-de-agroenergia-discute-solucoes-para-a-sustentabilidade-e-rentabilidade-dos-produtores-de-cana-milho-e-beterraba-acucareira\/","og_locale":"en_US","og_type":"article","og_title":"F\u00f3rum Internacional dos Produtores de Agroenergia discute solu\u00e7\u00f5es para a sustentabilidade e rentabilidade dos produtores de cana, milho e beterraba a\u00e7ucareira - CNPEM","og_description":"RPANews, 28 de agosto\/2017 Tendo em vista a import\u00e2ncia dos setores de cana, milho e beterraba a\u00e7ucareira para a economia mundial, a Organiza\u00e7\u00e3o dos Plantadores de Cana da Regi\u00e3o Centro-Sul&hellip;","og_url":"https:\/\/cnpem.br\/forum-internacional-dos-produtores-de-agroenergia-discute-solucoes-para-a-sustentabilidade-e-rentabilidade-dos-produtores-de-cana-milho-e-beterraba-acucareira\/","og_site_name":"CNPEM","article_published_time":"2017-09-05T12:48:30+00:00","article_modified_time":"2022-11-10T19:02:53+00:00","author":"Erik Medina","twitter_card":"summary_large_image","twitter_misc":{"Written by":"Erik Medina","Est. reading time":"11 minutes"},"schema":{"@context":"https:\/\/schema.org","@graph":[{"@type":"Article","@id":"https:\/\/cnpem.br\/forum-internacional-dos-produtores-de-agroenergia-discute-solucoes-para-a-sustentabilidade-e-rentabilidade-dos-produtores-de-cana-milho-e-beterraba-acucareira\/#article","isPartOf":{"@id":"https:\/\/cnpem.br\/forum-internacional-dos-produtores-de-agroenergia-discute-solucoes-para-a-sustentabilidade-e-rentabilidade-dos-produtores-de-cana-milho-e-beterraba-acucareira\/"},"author":{"name":"Erik Medina","@id":"https:\/\/cnpem.br\/#\/schema\/person\/b957a8048be4b70d687484cae6b978ef"},"headline":"F\u00f3rum Internacional dos Produtores de Agroenergia discute solu\u00e7\u00f5es para a sustentabilidade e rentabilidade dos produtores de cana, milho e beterraba a\u00e7ucareira","datePublished":"2017-09-05T12:48:30+00:00","dateModified":"2022-11-10T19:02:53+00:00","mainEntityOfPage":{"@id":"https:\/\/cnpem.br\/forum-internacional-dos-produtores-de-agroenergia-discute-solucoes-para-a-sustentabilidade-e-rentabilidade-dos-produtores-de-cana-milho-e-beterraba-acucareira\/"},"wordCount":2309,"articleSection":["CNPEM na M\u00eddia","LNBR na M\u00eddia"],"inLanguage":"en-US"},{"@type":"WebPage","@id":"https:\/\/cnpem.br\/forum-internacional-dos-produtores-de-agroenergia-discute-solucoes-para-a-sustentabilidade-e-rentabilidade-dos-produtores-de-cana-milho-e-beterraba-acucareira\/","url":"https:\/\/cnpem.br\/forum-internacional-dos-produtores-de-agroenergia-discute-solucoes-para-a-sustentabilidade-e-rentabilidade-dos-produtores-de-cana-milho-e-beterraba-acucareira\/","name":"F\u00f3rum Internacional dos Produtores de Agroenergia discute solu\u00e7\u00f5es para a sustentabilidade e rentabilidade dos produtores de cana, milho e beterraba a\u00e7ucareira - CNPEM","isPartOf":{"@id":"https:\/\/cnpem.br\/#website"},"datePublished":"2017-09-05T12:48:30+00:00","dateModified":"2022-11-10T19:02:53+00:00","author":{"@id":"https:\/\/cnpem.br\/#\/schema\/person\/b957a8048be4b70d687484cae6b978ef"},"breadcrumb":{"@id":"https:\/\/cnpem.br\/forum-internacional-dos-produtores-de-agroenergia-discute-solucoes-para-a-sustentabilidade-e-rentabilidade-dos-produtores-de-cana-milho-e-beterraba-acucareira\/#breadcrumb"},"inLanguage":"en-US","potentialAction":[{"@type":"ReadAction","target":["https:\/\/cnpem.br\/forum-internacional-dos-produtores-de-agroenergia-discute-solucoes-para-a-sustentabilidade-e-rentabilidade-dos-produtores-de-cana-milho-e-beterraba-acucareira\/"]}]},{"@type":"BreadcrumbList","@id":"https:\/\/cnpem.br\/forum-internacional-dos-produtores-de-agroenergia-discute-solucoes-para-a-sustentabilidade-e-rentabilidade-dos-produtores-de-cana-milho-e-beterraba-acucareira\/#breadcrumb","itemListElement":[{"@type":"ListItem","position":1,"name":"In\u00edcio","item":"https:\/\/cnpem.br\/en\/"},{"@type":"ListItem","position":2,"name":"F\u00f3rum Internacional dos Produtores de Agroenergia discute solu\u00e7\u00f5es para a sustentabilidade e rentabilidade dos produtores de cana, milho e beterraba a\u00e7ucareira"}]},{"@type":"WebSite","@id":"https:\/\/cnpem.br\/#website","url":"https:\/\/cnpem.br\/","name":"Centro Nacional de Pesquisa em Energia e Materiais","description":"Centro Nacional de Pesquisa em Energia e Materiais","alternateName":"CNPEM","potentialAction":[{"@type":"SearchAction","target":{"@type":"EntryPoint","urlTemplate":"https:\/\/cnpem.br\/?s={search_term_string}"},"query-input":{"@type":"PropertyValueSpecification","valueRequired":true,"valueName":"search_term_string"}}],"inLanguage":"en-US"},{"@type":"Person","@id":"https:\/\/cnpem.br\/#\/schema\/person\/b957a8048be4b70d687484cae6b978ef","name":"Erik Medina","url":""}]}},"jetpack_featured_media_url":"","jetpack_sharing_enabled":true,"jetpack_shortlink":"https:\/\/wp.me\/per0Mi-4wr","_links":{"self":[{"href":"https:\/\/cnpem.br\/en\/wp-json\/wp\/v2\/posts\/17387","targetHints":{"allow":["GET"]}}],"collection":[{"href":"https:\/\/cnpem.br\/en\/wp-json\/wp\/v2\/posts"}],"about":[{"href":"https:\/\/cnpem.br\/en\/wp-json\/wp\/v2\/types\/post"}],"author":[{"embeddable":true,"href":"https:\/\/cnpem.br\/en\/wp-json\/wp\/v2\/users\/17"}],"replies":[{"embeddable":true,"href":"https:\/\/cnpem.br\/en\/wp-json\/wp\/v2\/comments?post=17387"}],"version-history":[{"count":0,"href":"https:\/\/cnpem.br\/en\/wp-json\/wp\/v2\/posts\/17387\/revisions"}],"wp:attachment":[{"href":"https:\/\/cnpem.br\/en\/wp-json\/wp\/v2\/media?parent=17387"}],"wp:term":[{"taxonomy":"category","embeddable":true,"href":"https:\/\/cnpem.br\/en\/wp-json\/wp\/v2\/categories?post=17387"},{"taxonomy":"post_tag","embeddable":true,"href":"https:\/\/cnpem.br\/en\/wp-json\/wp\/v2\/tags?post=17387"}],"curies":[{"name":"wp","href":"https:\/\/api.w.org\/{rel}","templated":true}]}}