{"id":16803,"date":"2017-06-23T18:16:37","date_gmt":"2017-06-23T18:16:37","guid":{"rendered":"https:\/\/cnpem.staging.wpengine.com\/?p=16803\/"},"modified":"2026-03-02T16:05:20","modified_gmt":"2026-03-02T19:05:20","slug":"nanotecnologia-integrada-a-industria-e-tema-de-workshop-do-sisnano","status":"publish","type":"post","link":"https:\/\/cnpem.br\/en\/nanotecnologia-integrada-a-industria-e-tema-de-workshop-do-sisnano\/","title":{"rendered":"Nanotecnologia integrada \u00e0 ind\u00fastria \u00e9 tema de Workshop do SisNANO"},"content":{"rendered":"<p><em>Assessoria de Comunica\u00e7\u00e3o CNPEM<\/em><\/p>\n<p><strong><em>Ocasi\u00e3o marca abertura de mais um microsc\u00f3pio eletr\u00f4nico do LNNano para usu\u00e1rios externos<\/em><\/strong><\/p>\n<p><a href=\"https:\/\/i0.wp.com\/cnpem.staging.wpengine.com\/wp-content\/uploads\/2017\/06\/IMG_3612.jpg?ssl=1\"><img data-recalc-dims=\"1\" loading=\"lazy\" decoding=\"async\" class=\"aligncenter wp-image-16804 size-full\" src=\"https:\/\/i0.wp.com\/cnpem.staging.wpengine.com\/wp-content\/uploads\/2017\/06\/IMG_3612.jpg?resize=1200%2C800&#038;ssl=1\" alt=\"\" width=\"1200\" height=\"800\" \/><\/a><\/p>\n<p>As institui\u00e7\u00f5es vinculadas ao Sistema Nacional de Laborat\u00f3rios em Nanotecnologia (SisNANO), do Minist\u00e9rio de Ci\u00eancia, Tecnologia, Inova\u00e7\u00f5es e Comunica\u00e7\u00f5es (MCTIC), se reuniram dias 22 e 23 de junho, para promover e aprofundar a presen\u00e7a da nanotecnologia em diversos setores industriais. O evento foi realizado no Laborat\u00f3rio Nacional de Nanotecnologia (LNNano), do Centro Nacional de Pesquisas em Energia e Materiais (CNPEM), em Campinas-SP.<\/p>\n<p>Na ocasi\u00e3o, o novo microsc\u00f3pio eletr\u00f4nico de transmiss\u00e3o do LNNano, o <em>Titan Cubed Themis<\/em>, foi aberto \u00e0 comunidade cient\u00edfica e empresarial. Primeira m\u00e1quina do tipo na Am\u00e9rica Latina, o <em>Titan<\/em> foi adquirido com recursos provenientes do SisNANO. Trata-se de um dos mais avan\u00e7ados instrumentos no mundo para a caracteriza\u00e7\u00e3o estrutural e espectrosc\u00f3pica local de materiais, alcan\u00e7ando resolu\u00e7\u00e3o anal\u00edtica na ordem de 6 angstroms.<\/p>\n<p>O <em>Titan<\/em> confere ainda mais for\u00e7a tecnol\u00f3gica ao parque de microscopia eletr\u00f4nica do LNNano &#8211; infraestrutura pioneira na Am\u00e9rica Latina, que conta com 8 microsc\u00f3pios eletr\u00f4nicos abertos a pesquisadores acad\u00eamicos e de empresas. No \u00faltimo ano, este parque beneficiou 253 pesquisadores, os quais utilizaram gratuitamente mais de 5000 horas nos equipamentos. \u201cEste microsc\u00f3pio traz grandes desafios e abre novos horizontes para a comunidade cient\u00edfica da Am\u00e9rica Latina\u201d, comenta o Diretor Cient\u00edfico do LNNano, Edson Leite.<\/p>\n<p><a href=\"https:\/\/i0.wp.com\/cnpem.staging.wpengine.com\/wp-content\/uploads\/2017\/06\/IMG_3861.jpg?ssl=1\"><img data-recalc-dims=\"1\" loading=\"lazy\" decoding=\"async\" class=\"aligncenter size-full wp-image-16805\" src=\"https:\/\/i0.wp.com\/cnpem.staging.wpengine.com\/wp-content\/uploads\/2017\/06\/IMG_3861.jpg?resize=1200%2C800&#038;ssl=1\" alt=\"\" width=\"1200\" height=\"800\" \/><\/a><\/p>\n<p>O Segundo <em>Workshop SisNano \u2013 Nanotecnologia Integrada \u00e0 ind\u00fastria<\/em> tamb\u00e9m contou com apresenta\u00e7\u00f5es de resultados de pesquisas dos laborat\u00f3rios estrat\u00e9gicos e associados do SisNano e discuss\u00f5es sobre as perspectivas do Sistema, que compreende v\u00e1rios centros de excel\u00eancia distribu\u00eddos pelo Brasil, com a caracter\u00edstica essencial de serem abertos e multiusu\u00e1rios.<\/p>\n<p>Os participantes do evento ainda puderam conhecer as obras do Sirius, novo acelerador de el\u00e9trons que est\u00e1 sendo constru\u00eddo no campus do CNPEM pelo Laborat\u00f3rio Nacional de Luz S\u00edncrotron (LNLS). O Sirius abrir\u00e1 novas perspectivas de pesquisa em \u00e1reas como ci\u00eancia dos materiais, nanotecnologia, biotecnologia, f\u00edsica, ci\u00eancias ambientais e muitas outras.<\/p>\n<p>Participaram do evento o Secret\u00e1rio de Desenvolvimento Tecnol\u00f3gico e Inova\u00e7\u00e3o (SETEC\/MCTIC), Alvaro Toubes Prata; o Coordenador-Geral de Desenvolvimento e Inova\u00e7\u00e3o em Tecnologias Convergentes e Habilitadoras (CGTC\/SETEC\/MCTIC), Leandro Antunes Berti; o reitor da Universidade Estadual de Campinas (Unicamp), Marcelo Knobel; o Diretor-Geral do Centro Nacional de Pesquisa em Energia e Materiais (CNPEM), Rog\u00e9rio Cezar de Cerqueira Leite; o Diretor do Laborat\u00f3rio Nacional de Nanotecnologia (LNNano), Adalberto Fazzio, al\u00e9m de representantes dos laborat\u00f3rios estrat\u00e9gicos e associados do SisNANO.<\/p>\n<p><strong>Sobre o LNNano<\/strong><\/p>\n<p>O Laborat\u00f3rio Nacional de Nanotecnologia (LNNano) est\u00e1 localizado em Campinas-SP e \u00e9 integrante do Centro Nacional de Pesquisa em Energia e Materiais (CNPEM), uma organiza\u00e7\u00e3o social qualificada pelo Minist\u00e9rio da Ci\u00eancia, Tecnologia e Inova\u00e7\u00e3o (MCTI). O Laborat\u00f3rio, aberto a usu\u00e1rios, busca, por meio de pesquisa <em>in house,<\/em> explorar oportunidades oferecidas pela nanotecnologia para atender \u00e0s necessidades da agricultura, ind\u00fastria e servi\u00e7os, em \u00e2mbito regional, nacional e internacional. O Laborat\u00f3rio atua, tamb\u00e9m, na cria\u00e7\u00e3o e desenvolvimento de produtos e processos sustent\u00e1veis, atrav\u00e9s de seus cinco laborat\u00f3rios: Laborat\u00f3rio de Microscopia Eletr\u00f4nica, de Microfabrica\u00e7\u00e3o, de Ci\u00eancia de Superf\u00edcies, de Materiais Nanoestruturados e de Caracteriza\u00e7\u00e3o e Processamento de Metais.<\/p>\n<p><strong>Sobre o SisNANO<\/strong><\/p>\n<p>O SisNANO (Sistema Nacional de Laborat\u00f3rios em Nanotecnologia) \u00e9 um sistema de laborat\u00f3rios direcionados \u00e0 pesquisa, desenvolvimento e inova\u00e7\u00e3o (P,D&amp;I) em nanoci\u00eancias e nanotecnologia, tendo como caracter\u00edstica essencial o car\u00e1ter multiusu\u00e1rio e de acesso aberto, mediante submiss\u00e3o de propostas de projetos de P,D&amp;I ou de requisi\u00e7\u00e3o de servi\u00e7os.<\/p>\n<p>O SisNANO \u00e9 formado por duas categorias de laborat\u00f3rios: os Laborat\u00f3rios Estrat\u00e9gicos, vinculados diretamente ao Governo Federal e que t\u00eam o compromisso de disponibilizar, no m\u00ednimo, 50% do tempo de uso dos equipamentos para usu\u00e1rios externos; e os Laborat\u00f3rios Associados, vinculados a outros Institutos de Ci\u00eancia e Tecnologia (ICT), e que devem disponibilizar pelo menos 15% do tempo de uso dos equipamentos para usu\u00e1rios externos.<\/p>\n<p>[av_gallery ids=&#8217;16813,16812,16811,16810,16809,16808,16805,16807&#8242; style=&#8217;thumbnails&#8217; preview_size=&#8217;portfolio&#8217; crop_big_preview_thumbnail=&#8217;avia-gallery-big-crop-thumb&#8217; thumb_size=&#8217;portfolio&#8217; columns=&#8217;4&#8242; imagelink=&#8217;lightbox&#8217; lazyload=&#8217;avia_lazyload&#8217; custom_class=&#8221; admin_preview_bg=&#8221; av_uid=&#8217;av-ketjs3&#8242;]<\/p>\n","protected":false},"excerpt":{"rendered":"<p>Ocasi\u00e3o marca abertura de mais um microsc\u00f3pio eletr\u00f4nico do LNNano para usu\u00e1rios externos<\/p>\n","protected":false},"author":3,"featured_media":0,"comment_status":"closed","ping_status":"closed","sticky":false,"template":"","format":"standard","meta":{"_acf_changed":false,"_jetpack_newsletter_access":"","_jetpack_dont_email_post_to_subs":false,"_jetpack_newsletter_tier_id":0,"_jetpack_memberships_contains_paywalled_content":false,"_jetpack_memberships_contains_paid_content":false,"footnotes":"","_links_to":"","_links_to_target":""},"categories":[1163,962],"tags":[],"class_list":["post-16803","post","type-post","status-publish","format-standard","hentry","category-clipping-cnpem","category-releases-lnnano","category-1163","category-962","description-off"],"acf":[],"yoast_head":"<!-- This site is optimized with the Yoast SEO plugin v27.5 - https:\/\/yoast.com\/product\/yoast-seo-wordpress\/ -->\n<title>Nanotecnologia integrada \u00e0 ind\u00fastria \u00e9 tema de Workshop do SisNANO - CNPEM<\/title>\n<meta name=\"robots\" content=\"index, follow, max-snippet:-1, max-image-preview:large, max-video-preview:-1\" \/>\n<link rel=\"canonical\" href=\"https:\/\/cnpem.br\/nanotecnologia-integrada-a-industria-e-tema-de-workshop-do-sisnano\/\" \/>\n<meta property=\"og:locale\" content=\"en_US\" \/>\n<meta property=\"og:type\" content=\"article\" \/>\n<meta property=\"og:title\" content=\"Nanotecnologia integrada \u00e0 ind\u00fastria \u00e9 tema de Workshop do SisNANO - CNPEM\" \/>\n<meta property=\"og:description\" content=\"Ocasi\u00e3o marca abertura de mais um microsc\u00f3pio eletr\u00f4nico do LNNano para usu\u00e1rios externos\" \/>\n<meta property=\"og:url\" content=\"https:\/\/cnpem.br\/nanotecnologia-integrada-a-industria-e-tema-de-workshop-do-sisnano\/\" \/>\n<meta property=\"og:site_name\" content=\"CNPEM\" \/>\n<meta property=\"article:published_time\" content=\"2017-06-23T18:16:37+00:00\" \/>\n<meta property=\"article:modified_time\" content=\"2026-03-02T19:05:20+00:00\" \/>\n<meta property=\"og:image\" content=\"https:\/\/cnpem.staging.wpengine.com\/wp-content\/uploads\/2017\/06\/IMG_3612.jpg\" \/>\n<meta name=\"author\" content=\"Gustavo Moreno\" \/>\n<meta name=\"twitter:card\" content=\"summary_large_image\" \/>\n<meta name=\"twitter:label1\" content=\"Written by\" \/>\n\t<meta name=\"twitter:data1\" content=\"Gustavo Moreno\" \/>\n\t<meta name=\"twitter:label2\" content=\"Est. reading time\" \/>\n\t<meta name=\"twitter:data2\" content=\"4 minutes\" \/>\n<script type=\"application\/ld+json\" class=\"yoast-schema-graph\">{\"@context\":\"https:\\\/\\\/schema.org\",\"@graph\":[{\"@type\":\"Article\",\"@id\":\"https:\\\/\\\/cnpem.br\\\/nanotecnologia-integrada-a-industria-e-tema-de-workshop-do-sisnano\\\/#article\",\"isPartOf\":{\"@id\":\"https:\\\/\\\/cnpem.br\\\/nanotecnologia-integrada-a-industria-e-tema-de-workshop-do-sisnano\\\/\"},\"author\":{\"name\":\"Gustavo Moreno\",\"@id\":\"https:\\\/\\\/cnpem.br\\\/#\\\/schema\\\/person\\\/142f9b4066e599dd651a3b9600c2c0ca\"},\"headline\":\"Nanotecnologia integrada \u00e0 ind\u00fastria \u00e9 tema de Workshop do SisNANO\",\"datePublished\":\"2017-06-23T18:16:37+00:00\",\"dateModified\":\"2026-03-02T19:05:20+00:00\",\"mainEntityOfPage\":{\"@id\":\"https:\\\/\\\/cnpem.br\\\/nanotecnologia-integrada-a-industria-e-tema-de-workshop-do-sisnano\\\/\"},\"wordCount\":754,\"image\":{\"@id\":\"https:\\\/\\\/cnpem.br\\\/nanotecnologia-integrada-a-industria-e-tema-de-workshop-do-sisnano\\\/#primaryimage\"},\"thumbnailUrl\":\"https:\\\/\\\/cnpem.staging.wpengine.com\\\/wp-content\\\/uploads\\\/2017\\\/06\\\/IMG_3612.jpg\",\"articleSection\":[\"CNPEM na M\u00eddia\",\"Comunica\u00e7\u00e3o LNNano\"],\"inLanguage\":\"en-US\"},{\"@type\":\"WebPage\",\"@id\":\"https:\\\/\\\/cnpem.br\\\/nanotecnologia-integrada-a-industria-e-tema-de-workshop-do-sisnano\\\/\",\"url\":\"https:\\\/\\\/cnpem.br\\\/nanotecnologia-integrada-a-industria-e-tema-de-workshop-do-sisnano\\\/\",\"name\":\"Nanotecnologia integrada \u00e0 ind\u00fastria \u00e9 tema de Workshop do SisNANO - CNPEM\",\"isPartOf\":{\"@id\":\"https:\\\/\\\/cnpem.br\\\/#website\"},\"primaryImageOfPage\":{\"@id\":\"https:\\\/\\\/cnpem.br\\\/nanotecnologia-integrada-a-industria-e-tema-de-workshop-do-sisnano\\\/#primaryimage\"},\"image\":{\"@id\":\"https:\\\/\\\/cnpem.br\\\/nanotecnologia-integrada-a-industria-e-tema-de-workshop-do-sisnano\\\/#primaryimage\"},\"thumbnailUrl\":\"https:\\\/\\\/cnpem.staging.wpengine.com\\\/wp-content\\\/uploads\\\/2017\\\/06\\\/IMG_3612.jpg\",\"datePublished\":\"2017-06-23T18:16:37+00:00\",\"dateModified\":\"2026-03-02T19:05:20+00:00\",\"author\":{\"@id\":\"https:\\\/\\\/cnpem.br\\\/#\\\/schema\\\/person\\\/142f9b4066e599dd651a3b9600c2c0ca\"},\"breadcrumb\":{\"@id\":\"https:\\\/\\\/cnpem.br\\\/nanotecnologia-integrada-a-industria-e-tema-de-workshop-do-sisnano\\\/#breadcrumb\"},\"inLanguage\":\"en-US\",\"potentialAction\":[{\"@type\":\"ReadAction\",\"target\":[\"https:\\\/\\\/cnpem.br\\\/nanotecnologia-integrada-a-industria-e-tema-de-workshop-do-sisnano\\\/\"]}]},{\"@type\":\"ImageObject\",\"inLanguage\":\"en-US\",\"@id\":\"https:\\\/\\\/cnpem.br\\\/nanotecnologia-integrada-a-industria-e-tema-de-workshop-do-sisnano\\\/#primaryimage\",\"url\":\"https:\\\/\\\/cnpem.staging.wpengine.com\\\/wp-content\\\/uploads\\\/2017\\\/06\\\/IMG_3612.jpg\",\"contentUrl\":\"https:\\\/\\\/cnpem.staging.wpengine.com\\\/wp-content\\\/uploads\\\/2017\\\/06\\\/IMG_3612.jpg\"},{\"@type\":\"BreadcrumbList\",\"@id\":\"https:\\\/\\\/cnpem.br\\\/nanotecnologia-integrada-a-industria-e-tema-de-workshop-do-sisnano\\\/#breadcrumb\",\"itemListElement\":[{\"@type\":\"ListItem\",\"position\":1,\"name\":\"In\u00edcio\",\"item\":\"https:\\\/\\\/cnpem.br\\\/en\\\/\"},{\"@type\":\"ListItem\",\"position\":2,\"name\":\"Nanotecnologia integrada \u00e0 ind\u00fastria \u00e9 tema de Workshop do SisNANO\"}]},{\"@type\":\"WebSite\",\"@id\":\"https:\\\/\\\/cnpem.br\\\/#website\",\"url\":\"https:\\\/\\\/cnpem.br\\\/\",\"name\":\"Centro Nacional de Pesquisa em Energia e Materiais\",\"description\":\"Centro Nacional de Pesquisa em Energia e Materiais\",\"alternateName\":\"CNPEM\",\"potentialAction\":[{\"@type\":\"SearchAction\",\"target\":{\"@type\":\"EntryPoint\",\"urlTemplate\":\"https:\\\/\\\/cnpem.br\\\/?s={search_term_string}\"},\"query-input\":{\"@type\":\"PropertyValueSpecification\",\"valueRequired\":true,\"valueName\":\"search_term_string\"}}],\"inLanguage\":\"en-US\"},{\"@type\":\"Person\",\"@id\":\"https:\\\/\\\/cnpem.br\\\/#\\\/schema\\\/person\\\/142f9b4066e599dd651a3b9600c2c0ca\",\"name\":\"Gustavo Moreno\",\"url\":\"\"}]}<\/script>\n<!-- \/ Yoast SEO plugin. -->","yoast_head_json":{"title":"Nanotecnologia integrada \u00e0 ind\u00fastria \u00e9 tema de Workshop do SisNANO - CNPEM","robots":{"index":"index","follow":"follow","max-snippet":"max-snippet:-1","max-image-preview":"max-image-preview:large","max-video-preview":"max-video-preview:-1"},"canonical":"https:\/\/cnpem.br\/nanotecnologia-integrada-a-industria-e-tema-de-workshop-do-sisnano\/","og_locale":"en_US","og_type":"article","og_title":"Nanotecnologia integrada \u00e0 ind\u00fastria \u00e9 tema de Workshop do SisNANO - CNPEM","og_description":"Ocasi\u00e3o marca abertura de mais um microsc\u00f3pio eletr\u00f4nico do LNNano para usu\u00e1rios externos","og_url":"https:\/\/cnpem.br\/nanotecnologia-integrada-a-industria-e-tema-de-workshop-do-sisnano\/","og_site_name":"CNPEM","article_published_time":"2017-06-23T18:16:37+00:00","article_modified_time":"2026-03-02T19:05:20+00:00","og_image":[{"url":"https:\/\/cnpem.staging.wpengine.com\/wp-content\/uploads\/2017\/06\/IMG_3612.jpg","type":"","width":"","height":""}],"author":"Gustavo Moreno","twitter_card":"summary_large_image","twitter_misc":{"Written by":"Gustavo Moreno","Est. reading time":"4 minutes"},"schema":{"@context":"https:\/\/schema.org","@graph":[{"@type":"Article","@id":"https:\/\/cnpem.br\/nanotecnologia-integrada-a-industria-e-tema-de-workshop-do-sisnano\/#article","isPartOf":{"@id":"https:\/\/cnpem.br\/nanotecnologia-integrada-a-industria-e-tema-de-workshop-do-sisnano\/"},"author":{"name":"Gustavo Moreno","@id":"https:\/\/cnpem.br\/#\/schema\/person\/142f9b4066e599dd651a3b9600c2c0ca"},"headline":"Nanotecnologia integrada \u00e0 ind\u00fastria \u00e9 tema de Workshop do SisNANO","datePublished":"2017-06-23T18:16:37+00:00","dateModified":"2026-03-02T19:05:20+00:00","mainEntityOfPage":{"@id":"https:\/\/cnpem.br\/nanotecnologia-integrada-a-industria-e-tema-de-workshop-do-sisnano\/"},"wordCount":754,"image":{"@id":"https:\/\/cnpem.br\/nanotecnologia-integrada-a-industria-e-tema-de-workshop-do-sisnano\/#primaryimage"},"thumbnailUrl":"https:\/\/cnpem.staging.wpengine.com\/wp-content\/uploads\/2017\/06\/IMG_3612.jpg","articleSection":["CNPEM na M\u00eddia","Comunica\u00e7\u00e3o LNNano"],"inLanguage":"en-US"},{"@type":"WebPage","@id":"https:\/\/cnpem.br\/nanotecnologia-integrada-a-industria-e-tema-de-workshop-do-sisnano\/","url":"https:\/\/cnpem.br\/nanotecnologia-integrada-a-industria-e-tema-de-workshop-do-sisnano\/","name":"Nanotecnologia integrada \u00e0 ind\u00fastria \u00e9 tema de Workshop do SisNANO - CNPEM","isPartOf":{"@id":"https:\/\/cnpem.br\/#website"},"primaryImageOfPage":{"@id":"https:\/\/cnpem.br\/nanotecnologia-integrada-a-industria-e-tema-de-workshop-do-sisnano\/#primaryimage"},"image":{"@id":"https:\/\/cnpem.br\/nanotecnologia-integrada-a-industria-e-tema-de-workshop-do-sisnano\/#primaryimage"},"thumbnailUrl":"https:\/\/cnpem.staging.wpengine.com\/wp-content\/uploads\/2017\/06\/IMG_3612.jpg","datePublished":"2017-06-23T18:16:37+00:00","dateModified":"2026-03-02T19:05:20+00:00","author":{"@id":"https:\/\/cnpem.br\/#\/schema\/person\/142f9b4066e599dd651a3b9600c2c0ca"},"breadcrumb":{"@id":"https:\/\/cnpem.br\/nanotecnologia-integrada-a-industria-e-tema-de-workshop-do-sisnano\/#breadcrumb"},"inLanguage":"en-US","potentialAction":[{"@type":"ReadAction","target":["https:\/\/cnpem.br\/nanotecnologia-integrada-a-industria-e-tema-de-workshop-do-sisnano\/"]}]},{"@type":"ImageObject","inLanguage":"en-US","@id":"https:\/\/cnpem.br\/nanotecnologia-integrada-a-industria-e-tema-de-workshop-do-sisnano\/#primaryimage","url":"https:\/\/cnpem.staging.wpengine.com\/wp-content\/uploads\/2017\/06\/IMG_3612.jpg","contentUrl":"https:\/\/cnpem.staging.wpengine.com\/wp-content\/uploads\/2017\/06\/IMG_3612.jpg"},{"@type":"BreadcrumbList","@id":"https:\/\/cnpem.br\/nanotecnologia-integrada-a-industria-e-tema-de-workshop-do-sisnano\/#breadcrumb","itemListElement":[{"@type":"ListItem","position":1,"name":"In\u00edcio","item":"https:\/\/cnpem.br\/en\/"},{"@type":"ListItem","position":2,"name":"Nanotecnologia integrada \u00e0 ind\u00fastria \u00e9 tema de Workshop do SisNANO"}]},{"@type":"WebSite","@id":"https:\/\/cnpem.br\/#website","url":"https:\/\/cnpem.br\/","name":"Centro Nacional de Pesquisa em Energia e Materiais","description":"Centro Nacional de Pesquisa em Energia e Materiais","alternateName":"CNPEM","potentialAction":[{"@type":"SearchAction","target":{"@type":"EntryPoint","urlTemplate":"https:\/\/cnpem.br\/?s={search_term_string}"},"query-input":{"@type":"PropertyValueSpecification","valueRequired":true,"valueName":"search_term_string"}}],"inLanguage":"en-US"},{"@type":"Person","@id":"https:\/\/cnpem.br\/#\/schema\/person\/142f9b4066e599dd651a3b9600c2c0ca","name":"Gustavo Moreno","url":""}]}},"jetpack_featured_media_url":"","jetpack_sharing_enabled":true,"jetpack_shortlink":"https:\/\/wp.me\/per0Mi-4n1","_links":{"self":[{"href":"https:\/\/cnpem.br\/en\/wp-json\/wp\/v2\/posts\/16803","targetHints":{"allow":["GET"]}}],"collection":[{"href":"https:\/\/cnpem.br\/en\/wp-json\/wp\/v2\/posts"}],"about":[{"href":"https:\/\/cnpem.br\/en\/wp-json\/wp\/v2\/types\/post"}],"author":[{"embeddable":true,"href":"https:\/\/cnpem.br\/en\/wp-json\/wp\/v2\/users\/3"}],"replies":[{"embeddable":true,"href":"https:\/\/cnpem.br\/en\/wp-json\/wp\/v2\/comments?post=16803"}],"version-history":[{"count":0,"href":"https:\/\/cnpem.br\/en\/wp-json\/wp\/v2\/posts\/16803\/revisions"}],"wp:attachment":[{"href":"https:\/\/cnpem.br\/en\/wp-json\/wp\/v2\/media?parent=16803"}],"wp:term":[{"taxonomy":"category","embeddable":true,"href":"https:\/\/cnpem.br\/en\/wp-json\/wp\/v2\/categories?post=16803"},{"taxonomy":"post_tag","embeddable":true,"href":"https:\/\/cnpem.br\/en\/wp-json\/wp\/v2\/tags?post=16803"}],"curies":[{"name":"wp","href":"https:\/\/api.w.org\/{rel}","templated":true}]}}