{"id":16248,"date":"2017-03-23T15:42:04","date_gmt":"2017-03-23T15:42:04","guid":{"rendered":"https:\/\/cnpem.staging.wpengine.com\/?p=16248\/"},"modified":"2022-01-21T15:47:06","modified_gmt":"2022-01-21T18:47:06","slug":"o-programa-ciencia-as-19-horas-volta-das-ferias-com-a-primeira-palestra-do-ano","status":"publish","type":"post","link":"https:\/\/cnpem.br\/en\/o-programa-ciencia-as-19-horas-volta-das-ferias-com-a-primeira-palestra-do-ano\/","title":{"rendered":"O programa Ci\u00eancia \u00e0s 19 horas volta das f\u00e9rias com a primeira palestra do ano"},"content":{"rendered":"<p>USP em mar\u00e7o\/2017<\/p>\n<p>No dia 21 de mar\u00e7o o programa\u00a0<em>Ci\u00eancia \u00e0s 19 horas<\/em>\u00a0promove a primeira palestra do ano\u00a0<em>Astrobiologia: estudando a vida do universo<\/em>, ministrada por Douglas Galante, pesquisador do Laborat\u00f3rio Nacional de Luz S\u00edncrotron (LNLS), do Instituto de F\u00edsica de S\u00e3o Carlos (IFSC) da USP.<\/p>\n<p>Douglas Galante tenta responder \u00e0 quest\u00e3o \u201cEstamos sozinhos no universo?\u201d. O palestrante\u00a0se apoiar\u00e1 na Astrobiologia, novo campo de pesquisa que re\u00fane pesquisadores de diferentes \u00e1reas, e que tem como objetivo \u201cvasculhar\u201d a vida do planeta Terra, buscando entender como a vida surgiu, evoluiu e, em muitos casos, extinguiu-se com o passar dos anos.<\/p>\n<p>A palestra acontece no audit\u00f3rio do\u00a0IFSC com in\u00edcio \u00e0s 19 horas. \u00c9 gratuita e aberta a todos os interessados. O evento tamb\u00e9m ser\u00e1 transmitido ao vivo atrav\u00e9s do IPTV USP. Para mais informa\u00e7\u00f5es sobre a palestra e\/ou sobre o Ci\u00eancia \u00e0s 19 horas, acesse\u00a0<a href=\"https:\/\/www.ciencia19h.ifsc.usp.br\/\" target=\"_blank\" rel=\"noopener\">o link<\/a>.<\/p>\n<p>&nbsp;<\/p>\n<p>_____________<\/p>\n<p>O programa Ci\u00eancia \u00e0s 19 horas volta das f\u00e9rias com a primeira palestra do ano<\/p>\n<div class=\"evento-tema\">\n<p>O palestrante se apoiar\u00e1 na Astrobiologia, novo campo de pesquisa que re\u00fane pesquisadores de diferentes \u00e1reas, e que tem como objetivo \u201cvasculhar\u201d a vida do planeta Terra.<\/p>\n<\/div>\n<table border=\"0\" width=\"470\" cellspacing=\"1\" cellpadding=\"2\">\n<tbody>\n<tr>\n<td class=\"desc-align\" align=\"right\" width=\"130\">Data<img data-recalc-dims=\"1\" decoding=\"async\" class=\"img-align\" src=\"https:\/\/i0.wp.com\/www.eventos.usp.br\/wp-content\/themes\/eventos2011b\/images\/evento-data-ico.png?w=1200&#038;ssl=1\" alt=\"data\" \/><\/td>\n<td>21\/03\/17 | 19:00 &#8211; 20:00<\/td>\n<\/tr>\n<tr>\n<td class=\"desc-align\" align=\"right\" width=\"130\">Tipo de Evento<img data-recalc-dims=\"1\" decoding=\"async\" class=\"img-align\" src=\"https:\/\/i0.wp.com\/www.eventos.usp.br\/wp-content\/themes\/eventos2011b\/images\/evento-tipo-ico.png?w=1200&#038;ssl=1\" alt=\"data\" \/><\/td>\n<td><a href=\"https:\/\/www.eventos.usp.br\/?event-types=evento-cientifico\">Evento cient\u00edfico<\/a><\/td>\n<\/tr>\n<tr>\n<td class=\"desc-align\" align=\"right\">Site<img data-recalc-dims=\"1\" decoding=\"async\" class=\"img-align\" src=\"https:\/\/i0.wp.com\/www.eventos.usp.br\/wp-content\/themes\/eventos2011b\/images\/evento-site-ico.png?w=1200&#038;ssl=1\" alt=\"data\" \/><\/td>\n<td><a href=\"https:\/\/www.ciencia19h.ifsc.usp.br\/\" target=\"_blank\" rel=\"noopener\">https:\/\/www.ciencia19h.ifsc.usp.br\/<\/a><\/td>\n<\/tr>\n<\/tbody>\n<\/table>\n<table border=\"0\" width=\"470\" cellspacing=\"1\" cellpadding=\"2\">\n<tbody>\n<tr>\n<td class=\"desc-align\" align=\"right\" width=\"130\">Investimento<img data-recalc-dims=\"1\" decoding=\"async\" class=\"img-align\" src=\"https:\/\/i0.wp.com\/www.eventos.usp.br\/wp-content\/themes\/eventos2011b\/images\/evento-investimento-ico.png?w=1200&#038;ssl=1\" alt=\"data\" \/><\/td>\n<td><strong>Evento Gratuito<\/strong><\/td>\n<\/tr>\n<tr>\n<td class=\"desc-align\" align=\"right\" width=\"130\">Inscri\u00e7\u00e3o<img data-recalc-dims=\"1\" decoding=\"async\" class=\"img-align\" src=\"https:\/\/i0.wp.com\/www.eventos.usp.br\/wp-content\/themes\/eventos2011b\/images\/evento-inscricao-ico.png?w=1200&#038;ssl=1\" alt=\"data\" \/><\/td>\n<td><strong>Sem Inscri\u00e7\u00e3o Pr\u00e9via<\/strong><\/td>\n<\/tr>\n<\/tbody>\n<\/table>\n<table border=\"0\" width=\"470\" cellspacing=\"1\" cellpadding=\"2\">\n<tbody>\n<tr>\n<td class=\"desc-align\" align=\"right\" width=\"130\">Local<img data-recalc-dims=\"1\" decoding=\"async\" class=\"img-align\" src=\"https:\/\/i0.wp.com\/www.eventos.usp.br\/wp-content\/themes\/eventos2011b\/images\/evento-mais-info-ico.png?w=1200&#038;ssl=1\" alt=\"data\" \/><\/td>\n<td><strong>S\u00e3o Carlos\u00a0<a title=\"Mais eventos neste local\" href=\"https:\/\/www.eventos.usp.br\/?campi-unidades=sao-carlos\"><img data-recalc-dims=\"1\" decoding=\"async\" src=\"https:\/\/i0.wp.com\/www.eventos.usp.br\/wp-content\/themes\/eventos2011b\/images\/mais.png?w=1200&#038;ssl=1\" border=\"0\" \/><\/a><br \/>\nIFSC &#8211; Instituto de F\u00edsica de S\u00e3o Carlos\u00a0<a title=\"Mais eventos nesta unidade\" href=\"https:\/\/www.eventos.usp.br\/?campi-unidades=ifsc-instituto-de-fisica-de-sao-carlos\"><img data-recalc-dims=\"1\" decoding=\"async\" src=\"https:\/\/i0.wp.com\/www.eventos.usp.br\/wp-content\/themes\/eventos2011b\/images\/mais.png?w=1200&#038;ssl=1\" border=\"0\" \/><\/a><br \/>\n<\/strong>audit\u00f3rio do Instituto de F\u00edsica<\/td>\n<\/tr>\n<tr>\n<td class=\"desc-align\" align=\"right\" width=\"130\">Endere\u00e7o<img data-recalc-dims=\"1\" decoding=\"async\" class=\"img-align\" src=\"https:\/\/i0.wp.com\/www.eventos.usp.br\/wp-content\/themes\/eventos2011b\/images\/evento-endereco-ico.png?w=1200&#038;ssl=1\" alt=\"data\" \/><\/td>\n<td>Avenida Trabalhador Sancarlense, 400 &#8211; Pq. Arnold Schimidt CEP: 13566-590 &#8211; S\u00e3o Carlos &#8211; SP<\/td>\n<\/tr>\n<\/tbody>\n<\/table>\n<table border=\"0\" width=\"470\" cellspacing=\"1\" cellpadding=\"2\">\n<tbody>\n<tr>\n<td class=\"desc-align\" align=\"right\" width=\"130\">Importante<img data-recalc-dims=\"1\" decoding=\"async\" class=\"img-align\" src=\"https:\/\/i0.wp.com\/www.eventos.usp.br\/wp-content\/themes\/eventos2011b\/images\/import.gif?w=1200&#038;ssl=1\" alt=\"data\" \/><\/td>\n<td>As informa\u00e7\u00f5es foram checadas na data de sua publica\u00e7\u00e3o, mas pode haver altera\u00e7\u00f5es ou cancelamentos. Recomendamos entrar em contato com a organiza\u00e7\u00e3o do evento para confirma\u00e7\u00e3o.<\/td>\n<\/tr>\n<\/tbody>\n<\/table>\n<p>&nbsp;<\/p>\n<p>Repercuss\u00e3o: <a href=\"https:\/\/www.saocarlosoficial.com.br\/noticias\/?n=Ciencia+as+19+horas+volta+das+ferias+com+primeira+palestra+de+2017_PVY4D8VCTS\">S\u00e3o Carlos Oficial<\/a>;<\/p>\n","protected":false},"excerpt":{"rendered":"<p>USP em mar\u00e7o\/2017 No dia 21 de mar\u00e7o o programa\u00a0Ci\u00eancia \u00e0s 19 horas\u00a0promove a primeira palestra do ano\u00a0Astrobiologia: estudando a vida do universo, ministrada por Douglas Galante, pesquisador do Laborat\u00f3rio&hellip;<\/p>\n","protected":false},"author":17,"featured_media":0,"comment_status":"closed","ping_status":"closed","sticky":false,"template":"","format":"standard","meta":{"_acf_changed":false,"_jetpack_newsletter_access":"","_jetpack_dont_email_post_to_subs":true,"_jetpack_newsletter_tier_id":0,"_jetpack_memberships_contains_paywalled_content":false,"_jetpack_memberships_contains_paid_content":false,"footnotes":"","_links_to":"","_links_to_target":""},"categories":[1163,12],"tags":[],"class_list":["post-16248","post","type-post","status-publish","format-standard","hentry","category-clipping-cnpem","category-clipping-lnls","category-1163","category-12","description-off"],"acf":[],"yoast_head":"<!-- This site is optimized with the Yoast SEO plugin v27.5 - https:\/\/yoast.com\/product\/yoast-seo-wordpress\/ -->\n<title>O programa Ci\u00eancia \u00e0s 19 horas volta das f\u00e9rias com a primeira palestra do ano - CNPEM<\/title>\n<meta name=\"robots\" content=\"index, follow, max-snippet:-1, max-image-preview:large, max-video-preview:-1\" \/>\n<link rel=\"canonical\" href=\"https:\/\/cnpem.br\/o-programa-ciencia-as-19-horas-volta-das-ferias-com-a-primeira-palestra-do-ano\/\" \/>\n<meta property=\"og:locale\" content=\"en_US\" \/>\n<meta property=\"og:type\" content=\"article\" \/>\n<meta property=\"og:title\" content=\"O programa Ci\u00eancia \u00e0s 19 horas volta das f\u00e9rias com a primeira palestra do ano - CNPEM\" \/>\n<meta property=\"og:description\" content=\"USP em mar\u00e7o\/2017 No dia 21 de mar\u00e7o o programa\u00a0Ci\u00eancia \u00e0s 19 horas\u00a0promove a primeira palestra do ano\u00a0Astrobiologia: estudando a vida do universo, ministrada por Douglas Galante, pesquisador do Laborat\u00f3rio&hellip;\" \/>\n<meta property=\"og:url\" content=\"https:\/\/cnpem.br\/o-programa-ciencia-as-19-horas-volta-das-ferias-com-a-primeira-palestra-do-ano\/\" \/>\n<meta property=\"og:site_name\" content=\"CNPEM\" \/>\n<meta property=\"article:published_time\" content=\"2017-03-23T15:42:04+00:00\" \/>\n<meta property=\"article:modified_time\" content=\"2022-01-21T18:47:06+00:00\" \/>\n<meta property=\"og:image\" content=\"https:\/\/www.eventos.usp.br\/wp-content\/themes\/eventos2011b\/images\/evento-data-ico.png\" \/>\n<meta name=\"author\" content=\"Erik Medina\" \/>\n<meta name=\"twitter:card\" content=\"summary_large_image\" \/>\n<meta name=\"twitter:label1\" content=\"Written by\" \/>\n\t<meta name=\"twitter:data1\" content=\"Erik Medina\" \/>\n\t<meta name=\"twitter:label2\" content=\"Est. reading time\" \/>\n\t<meta name=\"twitter:data2\" content=\"2 minutes\" \/>\n<script type=\"application\/ld+json\" class=\"yoast-schema-graph\">{\"@context\":\"https:\\\/\\\/schema.org\",\"@graph\":[{\"@type\":\"Article\",\"@id\":\"https:\\\/\\\/cnpem.br\\\/o-programa-ciencia-as-19-horas-volta-das-ferias-com-a-primeira-palestra-do-ano\\\/#article\",\"isPartOf\":{\"@id\":\"https:\\\/\\\/cnpem.br\\\/o-programa-ciencia-as-19-horas-volta-das-ferias-com-a-primeira-palestra-do-ano\\\/\"},\"author\":{\"name\":\"Erik Medina\",\"@id\":\"https:\\\/\\\/cnpem.br\\\/#\\\/schema\\\/person\\\/b957a8048be4b70d687484cae6b978ef\"},\"headline\":\"O programa Ci\u00eancia \u00e0s 19 horas volta das f\u00e9rias com a primeira palestra do ano\",\"datePublished\":\"2017-03-23T15:42:04+00:00\",\"dateModified\":\"2022-01-21T18:47:06+00:00\",\"mainEntityOfPage\":{\"@id\":\"https:\\\/\\\/cnpem.br\\\/o-programa-ciencia-as-19-horas-volta-das-ferias-com-a-primeira-palestra-do-ano\\\/\"},\"wordCount\":323,\"image\":{\"@id\":\"https:\\\/\\\/cnpem.br\\\/o-programa-ciencia-as-19-horas-volta-das-ferias-com-a-primeira-palestra-do-ano\\\/#primaryimage\"},\"thumbnailUrl\":\"https:\\\/\\\/www.eventos.usp.br\\\/wp-content\\\/themes\\\/eventos2011b\\\/images\\\/evento-data-ico.png\",\"articleSection\":[\"CNPEM na M\u00eddia\",\"LNLS na M\u00eddia\"],\"inLanguage\":\"en-US\"},{\"@type\":\"WebPage\",\"@id\":\"https:\\\/\\\/cnpem.br\\\/o-programa-ciencia-as-19-horas-volta-das-ferias-com-a-primeira-palestra-do-ano\\\/\",\"url\":\"https:\\\/\\\/cnpem.br\\\/o-programa-ciencia-as-19-horas-volta-das-ferias-com-a-primeira-palestra-do-ano\\\/\",\"name\":\"O programa Ci\u00eancia \u00e0s 19 horas volta das f\u00e9rias com a primeira palestra do ano - CNPEM\",\"isPartOf\":{\"@id\":\"https:\\\/\\\/cnpem.br\\\/#website\"},\"primaryImageOfPage\":{\"@id\":\"https:\\\/\\\/cnpem.br\\\/o-programa-ciencia-as-19-horas-volta-das-ferias-com-a-primeira-palestra-do-ano\\\/#primaryimage\"},\"image\":{\"@id\":\"https:\\\/\\\/cnpem.br\\\/o-programa-ciencia-as-19-horas-volta-das-ferias-com-a-primeira-palestra-do-ano\\\/#primaryimage\"},\"thumbnailUrl\":\"https:\\\/\\\/www.eventos.usp.br\\\/wp-content\\\/themes\\\/eventos2011b\\\/images\\\/evento-data-ico.png\",\"datePublished\":\"2017-03-23T15:42:04+00:00\",\"dateModified\":\"2022-01-21T18:47:06+00:00\",\"author\":{\"@id\":\"https:\\\/\\\/cnpem.br\\\/#\\\/schema\\\/person\\\/b957a8048be4b70d687484cae6b978ef\"},\"breadcrumb\":{\"@id\":\"https:\\\/\\\/cnpem.br\\\/o-programa-ciencia-as-19-horas-volta-das-ferias-com-a-primeira-palestra-do-ano\\\/#breadcrumb\"},\"inLanguage\":\"en-US\",\"potentialAction\":[{\"@type\":\"ReadAction\",\"target\":[\"https:\\\/\\\/cnpem.br\\\/o-programa-ciencia-as-19-horas-volta-das-ferias-com-a-primeira-palestra-do-ano\\\/\"]}]},{\"@type\":\"ImageObject\",\"inLanguage\":\"en-US\",\"@id\":\"https:\\\/\\\/cnpem.br\\\/o-programa-ciencia-as-19-horas-volta-das-ferias-com-a-primeira-palestra-do-ano\\\/#primaryimage\",\"url\":\"https:\\\/\\\/www.eventos.usp.br\\\/wp-content\\\/themes\\\/eventos2011b\\\/images\\\/evento-data-ico.png\",\"contentUrl\":\"https:\\\/\\\/www.eventos.usp.br\\\/wp-content\\\/themes\\\/eventos2011b\\\/images\\\/evento-data-ico.png\"},{\"@type\":\"BreadcrumbList\",\"@id\":\"https:\\\/\\\/cnpem.br\\\/o-programa-ciencia-as-19-horas-volta-das-ferias-com-a-primeira-palestra-do-ano\\\/#breadcrumb\",\"itemListElement\":[{\"@type\":\"ListItem\",\"position\":1,\"name\":\"In\u00edcio\",\"item\":\"https:\\\/\\\/cnpem.br\\\/en\\\/\"},{\"@type\":\"ListItem\",\"position\":2,\"name\":\"O programa Ci\u00eancia \u00e0s 19 horas volta das f\u00e9rias com a primeira palestra do ano\"}]},{\"@type\":\"WebSite\",\"@id\":\"https:\\\/\\\/cnpem.br\\\/#website\",\"url\":\"https:\\\/\\\/cnpem.br\\\/\",\"name\":\"Centro Nacional de Pesquisa em Energia e Materiais\",\"description\":\"Centro Nacional de Pesquisa em Energia e Materiais\",\"alternateName\":\"CNPEM\",\"potentialAction\":[{\"@type\":\"SearchAction\",\"target\":{\"@type\":\"EntryPoint\",\"urlTemplate\":\"https:\\\/\\\/cnpem.br\\\/?s={search_term_string}\"},\"query-input\":{\"@type\":\"PropertyValueSpecification\",\"valueRequired\":true,\"valueName\":\"search_term_string\"}}],\"inLanguage\":\"en-US\"},{\"@type\":\"Person\",\"@id\":\"https:\\\/\\\/cnpem.br\\\/#\\\/schema\\\/person\\\/b957a8048be4b70d687484cae6b978ef\",\"name\":\"Erik Medina\",\"url\":\"\"}]}<\/script>\n<!-- \/ Yoast SEO plugin. -->","yoast_head_json":{"title":"O programa Ci\u00eancia \u00e0s 19 horas volta das f\u00e9rias com a primeira palestra do ano - CNPEM","robots":{"index":"index","follow":"follow","max-snippet":"max-snippet:-1","max-image-preview":"max-image-preview:large","max-video-preview":"max-video-preview:-1"},"canonical":"https:\/\/cnpem.br\/o-programa-ciencia-as-19-horas-volta-das-ferias-com-a-primeira-palestra-do-ano\/","og_locale":"en_US","og_type":"article","og_title":"O programa Ci\u00eancia \u00e0s 19 horas volta das f\u00e9rias com a primeira palestra do ano - CNPEM","og_description":"USP em mar\u00e7o\/2017 No dia 21 de mar\u00e7o o programa\u00a0Ci\u00eancia \u00e0s 19 horas\u00a0promove a primeira palestra do ano\u00a0Astrobiologia: estudando a vida do universo, ministrada por Douglas Galante, pesquisador do Laborat\u00f3rio&hellip;","og_url":"https:\/\/cnpem.br\/o-programa-ciencia-as-19-horas-volta-das-ferias-com-a-primeira-palestra-do-ano\/","og_site_name":"CNPEM","article_published_time":"2017-03-23T15:42:04+00:00","article_modified_time":"2022-01-21T18:47:06+00:00","og_image":[{"url":"https:\/\/www.eventos.usp.br\/wp-content\/themes\/eventos2011b\/images\/evento-data-ico.png","type":"","width":"","height":""}],"author":"Erik Medina","twitter_card":"summary_large_image","twitter_misc":{"Written by":"Erik Medina","Est. reading time":"2 minutes"},"schema":{"@context":"https:\/\/schema.org","@graph":[{"@type":"Article","@id":"https:\/\/cnpem.br\/o-programa-ciencia-as-19-horas-volta-das-ferias-com-a-primeira-palestra-do-ano\/#article","isPartOf":{"@id":"https:\/\/cnpem.br\/o-programa-ciencia-as-19-horas-volta-das-ferias-com-a-primeira-palestra-do-ano\/"},"author":{"name":"Erik Medina","@id":"https:\/\/cnpem.br\/#\/schema\/person\/b957a8048be4b70d687484cae6b978ef"},"headline":"O programa Ci\u00eancia \u00e0s 19 horas volta das f\u00e9rias com a primeira palestra do ano","datePublished":"2017-03-23T15:42:04+00:00","dateModified":"2022-01-21T18:47:06+00:00","mainEntityOfPage":{"@id":"https:\/\/cnpem.br\/o-programa-ciencia-as-19-horas-volta-das-ferias-com-a-primeira-palestra-do-ano\/"},"wordCount":323,"image":{"@id":"https:\/\/cnpem.br\/o-programa-ciencia-as-19-horas-volta-das-ferias-com-a-primeira-palestra-do-ano\/#primaryimage"},"thumbnailUrl":"https:\/\/www.eventos.usp.br\/wp-content\/themes\/eventos2011b\/images\/evento-data-ico.png","articleSection":["CNPEM na M\u00eddia","LNLS na M\u00eddia"],"inLanguage":"en-US"},{"@type":"WebPage","@id":"https:\/\/cnpem.br\/o-programa-ciencia-as-19-horas-volta-das-ferias-com-a-primeira-palestra-do-ano\/","url":"https:\/\/cnpem.br\/o-programa-ciencia-as-19-horas-volta-das-ferias-com-a-primeira-palestra-do-ano\/","name":"O programa Ci\u00eancia \u00e0s 19 horas volta das f\u00e9rias com a primeira palestra do ano - CNPEM","isPartOf":{"@id":"https:\/\/cnpem.br\/#website"},"primaryImageOfPage":{"@id":"https:\/\/cnpem.br\/o-programa-ciencia-as-19-horas-volta-das-ferias-com-a-primeira-palestra-do-ano\/#primaryimage"},"image":{"@id":"https:\/\/cnpem.br\/o-programa-ciencia-as-19-horas-volta-das-ferias-com-a-primeira-palestra-do-ano\/#primaryimage"},"thumbnailUrl":"https:\/\/www.eventos.usp.br\/wp-content\/themes\/eventos2011b\/images\/evento-data-ico.png","datePublished":"2017-03-23T15:42:04+00:00","dateModified":"2022-01-21T18:47:06+00:00","author":{"@id":"https:\/\/cnpem.br\/#\/schema\/person\/b957a8048be4b70d687484cae6b978ef"},"breadcrumb":{"@id":"https:\/\/cnpem.br\/o-programa-ciencia-as-19-horas-volta-das-ferias-com-a-primeira-palestra-do-ano\/#breadcrumb"},"inLanguage":"en-US","potentialAction":[{"@type":"ReadAction","target":["https:\/\/cnpem.br\/o-programa-ciencia-as-19-horas-volta-das-ferias-com-a-primeira-palestra-do-ano\/"]}]},{"@type":"ImageObject","inLanguage":"en-US","@id":"https:\/\/cnpem.br\/o-programa-ciencia-as-19-horas-volta-das-ferias-com-a-primeira-palestra-do-ano\/#primaryimage","url":"https:\/\/www.eventos.usp.br\/wp-content\/themes\/eventos2011b\/images\/evento-data-ico.png","contentUrl":"https:\/\/www.eventos.usp.br\/wp-content\/themes\/eventos2011b\/images\/evento-data-ico.png"},{"@type":"BreadcrumbList","@id":"https:\/\/cnpem.br\/o-programa-ciencia-as-19-horas-volta-das-ferias-com-a-primeira-palestra-do-ano\/#breadcrumb","itemListElement":[{"@type":"ListItem","position":1,"name":"In\u00edcio","item":"https:\/\/cnpem.br\/en\/"},{"@type":"ListItem","position":2,"name":"O programa Ci\u00eancia \u00e0s 19 horas volta das f\u00e9rias com a primeira palestra do ano"}]},{"@type":"WebSite","@id":"https:\/\/cnpem.br\/#website","url":"https:\/\/cnpem.br\/","name":"Centro Nacional de Pesquisa em Energia e Materiais","description":"Centro Nacional de Pesquisa em Energia e Materiais","alternateName":"CNPEM","potentialAction":[{"@type":"SearchAction","target":{"@type":"EntryPoint","urlTemplate":"https:\/\/cnpem.br\/?s={search_term_string}"},"query-input":{"@type":"PropertyValueSpecification","valueRequired":true,"valueName":"search_term_string"}}],"inLanguage":"en-US"},{"@type":"Person","@id":"https:\/\/cnpem.br\/#\/schema\/person\/b957a8048be4b70d687484cae6b978ef","name":"Erik Medina","url":""}]}},"jetpack_featured_media_url":"","jetpack_sharing_enabled":true,"jetpack_shortlink":"https:\/\/wp.me\/per0Mi-4e4","_links":{"self":[{"href":"https:\/\/cnpem.br\/en\/wp-json\/wp\/v2\/posts\/16248","targetHints":{"allow":["GET"]}}],"collection":[{"href":"https:\/\/cnpem.br\/en\/wp-json\/wp\/v2\/posts"}],"about":[{"href":"https:\/\/cnpem.br\/en\/wp-json\/wp\/v2\/types\/post"}],"author":[{"embeddable":true,"href":"https:\/\/cnpem.br\/en\/wp-json\/wp\/v2\/users\/17"}],"replies":[{"embeddable":true,"href":"https:\/\/cnpem.br\/en\/wp-json\/wp\/v2\/comments?post=16248"}],"version-history":[{"count":0,"href":"https:\/\/cnpem.br\/en\/wp-json\/wp\/v2\/posts\/16248\/revisions"}],"wp:attachment":[{"href":"https:\/\/cnpem.br\/en\/wp-json\/wp\/v2\/media?parent=16248"}],"wp:term":[{"taxonomy":"category","embeddable":true,"href":"https:\/\/cnpem.br\/en\/wp-json\/wp\/v2\/categories?post=16248"},{"taxonomy":"post_tag","embeddable":true,"href":"https:\/\/cnpem.br\/en\/wp-json\/wp\/v2\/tags?post=16248"}],"curies":[{"name":"wp","href":"https:\/\/api.w.org\/{rel}","templated":true}]}}