{"id":16079,"date":"2017-03-02T19:44:23","date_gmt":"2017-03-02T19:44:23","guid":{"rendered":"https:\/\/cnpem.staging.wpengine.com\/?p=16079\/"},"modified":"2026-03-02T16:05:34","modified_gmt":"2026-03-02T19:05:34","slug":"pilulas-de-saber-analise-de-minicerebros-artificiais-humanos-por-radiacao-sincrotron","status":"publish","type":"post","link":"https:\/\/cnpem.br\/en\/pilulas-de-saber-analise-de-minicerebros-artificiais-humanos-por-radiacao-sincrotron\/","title":{"rendered":"P\u00edlulas de saber: An\u00e1lise de minic\u00e9rebros artificiais humanos por radia\u00e7\u00e3o sincrotron"},"content":{"rendered":"<p><em>Hora de Santa Catarina em 27\/02\/2017<\/em><\/p>\n<p><strong>LINK<\/strong>:\u00a0<a href=\"https:\/\/horadesantacatarina.clicrbs.com.br\/sc\/geral\/noticia\/2017\/02\/pilulas-de-saber-analise-de-minicerebros-artificiais-humanos-por-radiacao-sincrotron-9730847.html\">https:\/\/horadesantacatarina.clicrbs.com.br\/sc\/geral\/noticia\/2017\/02\/pilulas-de-saber-analise-de-minicerebros-artificiais-humanos-por-radiacao-sincrotron-9730847.html<\/a><\/p>\n<p>Para o feto humano se desenvolver bem,\u00a0diversos fatores como vitaminas e minerais\u00a0precisam estar presentes. Em novo estudo publicado na revista cient\u00edfica\u00a0PeerJ, pesquisadores brasileiros descreveram a composi\u00e7\u00e3o e distribui\u00e7\u00e3o desses\u00a0nutrientes\u00a0em minic\u00e9rebros humanos, estruturas tridimensionais criadas em laborat\u00f3rio a partir de c\u00e9lulas-tronco.\u00a0Mas n\u00e3o se espante, n\u00e3o s\u00e3o c\u00e9rebros que pensam de verdade!<\/p>\n<p>At\u00e9 ent\u00e3o, a investiga\u00e7\u00e3o de nutrientes cerebrais por raio-x em seres humanos s\u00f3 era poss\u00edvel em tecido cerebral sem vida, isto \u00e9, retirados de pessoas mortas.<\/p>\n<p>Os pesquisadores brasileiros utilizaram a radia\u00e7\u00e3o sincrotron, uma esp\u00e9cie de raios-X muito poderoso, para bombardear o tecido cerebral criado no laborat\u00f3rio e registrar como cada \u00e1tomo desse tecido reagia ao bombardeio. Como cada tipo de \u00e1tomo das subst\u00e2ncias vibram de uma maneira diferente quando s\u00e3o atingidos pelos raios-X. A t\u00e9cnica permite identificar, de forma precisa, a composi\u00e7\u00e3o qu\u00edmica dos minic\u00e9rebros, tamb\u00e9m conhecidos como organoides cerebrais. Desta maneira, os cientistas descreveram como o f\u00f3sforo, pot\u00e1ssio, enxofre, c\u00e1lcio, ferro e zinco est\u00e3o distribu\u00eddos durante a forma\u00e7\u00e3o nesse modelo de c\u00e9rebro humano.<\/p>\n<p><b>Modelo v\u00e1lido<\/b><\/p>\n<p>Os minic\u00e9rebros humanos analisados tinham at\u00e9 45 dias desde o in\u00edcio do desenvolvimento, o que equivale a algumas semanas do desenvolvimento fetal. Para entender a distribui\u00e7\u00e3o dos elementos, os pesquisadores analisaram os organoides em duas etapas distintas: um est\u00e1gio mais inicial (dia 30), em que h\u00e1 uma intensa forma\u00e7\u00e3o de neur\u00f4nios; e outra mais tardia (dia 45), quando as c\u00e9lulas come\u00e7am a se organizar em camadas formando circuitos.<\/p>\n<p>Os resultados demonstraram que a concentra\u00e7\u00e3o e distribui\u00e7\u00e3o dos elementos qu\u00edmicos est\u00e3o relacionadas ao est\u00e1gio do desenvolvimento dos minic\u00e9rebros humanos e se assemelham ao observado no c\u00e9rebro humano.<\/p>\n<p>Sabe-se que a dieta de mulheres gr\u00e1vidas tem papel determinante no desenvolvimento fetal. Os elementos qu\u00edmicos encontrados no estudo s\u00e3o essenciais para a forma\u00e7\u00e3o correta do c\u00e9rebro dos beb\u00eas. A sua diminui\u00e7\u00e3o ou aus\u00eancia durante a gesta\u00e7\u00e3o est\u00e1 relacionada a problemas de mem\u00f3ria, e doen\u00e7as psiqui\u00e1tricas, como a esquizofrenia. Desse modo, a descri\u00e7\u00e3o desses elementos no c\u00e9rebro humano em desenvolvimento fornece informa\u00e7\u00f5es importantes sobre as poss\u00edveis consequ\u00eancias geradas pela interrup\u00e7\u00e3o do equil\u00edbrio qu\u00edmico no c\u00e9rebro.<\/p>\n<p><b>Substituindo animais<\/b><\/p>\n<p>Embora ainda hoje o uso de animais de laborat\u00f3rio seja necess\u00e1rio em muitas pesquisas, esse estudo mostra que o desenvolvimento de organoides humanos em laborat\u00f3rio est\u00e1 cada vez mais sofisticado e nos permite prever que o uso de animais como cobaias vai diminuir cada vez mais r\u00e1pido tamb\u00e9m.<\/p>\n<p>De acordo com Stevens Rehen, l\u00edder da pesquisa e cientista do Instituto D&#8217;Or de Pesquisa e Ensino (IDOR) e Instituto de Ci\u00eancias Biom\u00e9dicas da UFRJ, &#8220;o estudo ratifica a import\u00e2ncia dos minic\u00e9rebros para o estudo de diferentes aspectos do desenvolvimento cerebral humano&#8221;.<\/p>\n<p>O estudo foi realizado no IDOR, em colabora\u00e7\u00e3o com pesquisadores do Instituto de Ci\u00eancias Biom\u00e9dicas e Instituto de F\u00edsica da UFRJ, e Laborat\u00f3rio Nacional de Luz S\u00edncrotron (LNLS), e financiado pelo BNDES, FINEP, CNPq, FAPERJ, CAPES e LNLS.<\/p>\n<p>&nbsp;<\/p>\n<p class=\"xmsonormal\" style=\"margin: 0cm; margin-bottom: .0001pt;\"><span style=\"font-family: Calibri; color: black;\">Repercuss\u00e3o: <a href=\"https:\/\/dc.clicrbs.com.br\/sc\/noticias\/noticia\/2017\/02\/pilulas-de-saber-analise-de-minicerebros-artificiais-humanos-por-radiacao-sincrotron-9730847.html\">DC<\/a>; <a href=\"https:\/\/espacosaudedamulher.blogspot.com.br\/2017\/03\/estudo-revela-micronutrientes.html\">Espa\u00e7o Sa\u00fade da Mulher<\/a><\/span><\/p>\n","protected":false},"excerpt":{"rendered":"<p>Hora de Santa Catarina em 27\/02\/2017 LINK:\u00a0https:\/\/horadesantacatarina.clicrbs.com.br\/sc\/geral\/noticia\/2017\/02\/pilulas-de-saber-analise-de-minicerebros-artificiais-humanos-por-radiacao-sincrotron-9730847.html Para o feto humano se desenvolver bem,\u00a0diversos fatores como vitaminas e minerais\u00a0precisam estar presentes. Em novo estudo publicado na revista cient\u00edfica\u00a0PeerJ, pesquisadores brasileiros&hellip;<\/p>\n","protected":false},"author":3,"featured_media":0,"comment_status":"closed","ping_status":"closed","sticky":false,"template":"","format":"standard","meta":{"_acf_changed":false,"_jetpack_newsletter_access":"","_jetpack_dont_email_post_to_subs":true,"_jetpack_newsletter_tier_id":0,"_jetpack_memberships_contains_paywalled_content":false,"_jetpack_memberships_contains_paid_content":false,"footnotes":"","_links_to":"","_links_to_target":""},"categories":[1163,12],"tags":[],"class_list":["post-16079","post","type-post","status-publish","format-standard","hentry","category-clipping-cnpem","category-clipping-lnls","category-1163","category-12","description-off"],"acf":[],"yoast_head":"<!-- This site is optimized with the Yoast SEO plugin v27.4 - https:\/\/yoast.com\/product\/yoast-seo-wordpress\/ -->\n<title>P\u00edlulas de saber: An\u00e1lise de minic\u00e9rebros artificiais humanos por radia\u00e7\u00e3o sincrotron - CNPEM<\/title>\n<meta name=\"robots\" content=\"index, follow, max-snippet:-1, max-image-preview:large, max-video-preview:-1\" \/>\n<link rel=\"canonical\" href=\"https:\/\/cnpem.br\/pilulas-de-saber-analise-de-minicerebros-artificiais-humanos-por-radiacao-sincrotron\/\" \/>\n<meta property=\"og:locale\" content=\"en_US\" \/>\n<meta property=\"og:type\" content=\"article\" \/>\n<meta property=\"og:title\" content=\"P\u00edlulas de saber: An\u00e1lise de minic\u00e9rebros artificiais humanos por radia\u00e7\u00e3o sincrotron - CNPEM\" \/>\n<meta property=\"og:description\" content=\"Hora de Santa Catarina em 27\/02\/2017 LINK:\u00a0https:\/\/horadesantacatarina.clicrbs.com.br\/sc\/geral\/noticia\/2017\/02\/pilulas-de-saber-analise-de-minicerebros-artificiais-humanos-por-radiacao-sincrotron-9730847.html Para o feto humano se desenvolver bem,\u00a0diversos fatores como vitaminas e minerais\u00a0precisam estar presentes. Em novo estudo publicado na revista cient\u00edfica\u00a0PeerJ, pesquisadores brasileiros&hellip;\" \/>\n<meta property=\"og:url\" content=\"https:\/\/cnpem.br\/pilulas-de-saber-analise-de-minicerebros-artificiais-humanos-por-radiacao-sincrotron\/\" \/>\n<meta property=\"og:site_name\" content=\"CNPEM\" \/>\n<meta property=\"article:published_time\" content=\"2017-03-02T19:44:23+00:00\" \/>\n<meta property=\"article:modified_time\" content=\"2026-03-02T19:05:34+00:00\" \/>\n<meta name=\"author\" content=\"Gustavo Moreno\" \/>\n<meta name=\"twitter:card\" content=\"summary_large_image\" \/>\n<meta name=\"twitter:label1\" content=\"Written by\" \/>\n\t<meta name=\"twitter:data1\" content=\"Gustavo Moreno\" \/>\n\t<meta name=\"twitter:label2\" content=\"Est. reading time\" \/>\n\t<meta name=\"twitter:data2\" content=\"3 minutes\" \/>\n<script type=\"application\/ld+json\" class=\"yoast-schema-graph\">{\"@context\":\"https:\\\/\\\/schema.org\",\"@graph\":[{\"@type\":\"Article\",\"@id\":\"https:\\\/\\\/cnpem.br\\\/pilulas-de-saber-analise-de-minicerebros-artificiais-humanos-por-radiacao-sincrotron\\\/#article\",\"isPartOf\":{\"@id\":\"https:\\\/\\\/cnpem.br\\\/pilulas-de-saber-analise-de-minicerebros-artificiais-humanos-por-radiacao-sincrotron\\\/\"},\"author\":{\"name\":\"Gustavo Moreno\",\"@id\":\"https:\\\/\\\/cnpem.br\\\/#\\\/schema\\\/person\\\/142f9b4066e599dd651a3b9600c2c0ca\"},\"headline\":\"P\u00edlulas de saber: An\u00e1lise de minic\u00e9rebros artificiais humanos por radia\u00e7\u00e3o sincrotron\",\"datePublished\":\"2017-03-02T19:44:23+00:00\",\"dateModified\":\"2026-03-02T19:05:34+00:00\",\"mainEntityOfPage\":{\"@id\":\"https:\\\/\\\/cnpem.br\\\/pilulas-de-saber-analise-de-minicerebros-artificiais-humanos-por-radiacao-sincrotron\\\/\"},\"wordCount\":595,\"articleSection\":[\"CNPEM na M\u00eddia\",\"LNLS na M\u00eddia\"],\"inLanguage\":\"en-US\"},{\"@type\":\"WebPage\",\"@id\":\"https:\\\/\\\/cnpem.br\\\/pilulas-de-saber-analise-de-minicerebros-artificiais-humanos-por-radiacao-sincrotron\\\/\",\"url\":\"https:\\\/\\\/cnpem.br\\\/pilulas-de-saber-analise-de-minicerebros-artificiais-humanos-por-radiacao-sincrotron\\\/\",\"name\":\"P\u00edlulas de saber: An\u00e1lise de minic\u00e9rebros artificiais humanos por radia\u00e7\u00e3o sincrotron - CNPEM\",\"isPartOf\":{\"@id\":\"https:\\\/\\\/cnpem.br\\\/#website\"},\"datePublished\":\"2017-03-02T19:44:23+00:00\",\"dateModified\":\"2026-03-02T19:05:34+00:00\",\"author\":{\"@id\":\"https:\\\/\\\/cnpem.br\\\/#\\\/schema\\\/person\\\/142f9b4066e599dd651a3b9600c2c0ca\"},\"breadcrumb\":{\"@id\":\"https:\\\/\\\/cnpem.br\\\/pilulas-de-saber-analise-de-minicerebros-artificiais-humanos-por-radiacao-sincrotron\\\/#breadcrumb\"},\"inLanguage\":\"en-US\",\"potentialAction\":[{\"@type\":\"ReadAction\",\"target\":[\"https:\\\/\\\/cnpem.br\\\/pilulas-de-saber-analise-de-minicerebros-artificiais-humanos-por-radiacao-sincrotron\\\/\"]}]},{\"@type\":\"BreadcrumbList\",\"@id\":\"https:\\\/\\\/cnpem.br\\\/pilulas-de-saber-analise-de-minicerebros-artificiais-humanos-por-radiacao-sincrotron\\\/#breadcrumb\",\"itemListElement\":[{\"@type\":\"ListItem\",\"position\":1,\"name\":\"In\u00edcio\",\"item\":\"https:\\\/\\\/cnpem.br\\\/en\\\/\"},{\"@type\":\"ListItem\",\"position\":2,\"name\":\"P\u00edlulas de saber: An\u00e1lise de minic\u00e9rebros artificiais humanos por radia\u00e7\u00e3o sincrotron\"}]},{\"@type\":\"WebSite\",\"@id\":\"https:\\\/\\\/cnpem.br\\\/#website\",\"url\":\"https:\\\/\\\/cnpem.br\\\/\",\"name\":\"Centro Nacional de Pesquisa em Energia e Materiais\",\"description\":\"Centro Nacional de Pesquisa em Energia e Materiais\",\"alternateName\":\"CNPEM\",\"potentialAction\":[{\"@type\":\"SearchAction\",\"target\":{\"@type\":\"EntryPoint\",\"urlTemplate\":\"https:\\\/\\\/cnpem.br\\\/?s={search_term_string}\"},\"query-input\":{\"@type\":\"PropertyValueSpecification\",\"valueRequired\":true,\"valueName\":\"search_term_string\"}}],\"inLanguage\":\"en-US\"},{\"@type\":\"Person\",\"@id\":\"https:\\\/\\\/cnpem.br\\\/#\\\/schema\\\/person\\\/142f9b4066e599dd651a3b9600c2c0ca\",\"name\":\"Gustavo Moreno\",\"url\":\"\"}]}<\/script>\n<!-- \/ Yoast SEO plugin. -->","yoast_head_json":{"title":"P\u00edlulas de saber: An\u00e1lise de minic\u00e9rebros artificiais humanos por radia\u00e7\u00e3o sincrotron - CNPEM","robots":{"index":"index","follow":"follow","max-snippet":"max-snippet:-1","max-image-preview":"max-image-preview:large","max-video-preview":"max-video-preview:-1"},"canonical":"https:\/\/cnpem.br\/pilulas-de-saber-analise-de-minicerebros-artificiais-humanos-por-radiacao-sincrotron\/","og_locale":"en_US","og_type":"article","og_title":"P\u00edlulas de saber: An\u00e1lise de minic\u00e9rebros artificiais humanos por radia\u00e7\u00e3o sincrotron - CNPEM","og_description":"Hora de Santa Catarina em 27\/02\/2017 LINK:\u00a0https:\/\/horadesantacatarina.clicrbs.com.br\/sc\/geral\/noticia\/2017\/02\/pilulas-de-saber-analise-de-minicerebros-artificiais-humanos-por-radiacao-sincrotron-9730847.html Para o feto humano se desenvolver bem,\u00a0diversos fatores como vitaminas e minerais\u00a0precisam estar presentes. Em novo estudo publicado na revista cient\u00edfica\u00a0PeerJ, pesquisadores brasileiros&hellip;","og_url":"https:\/\/cnpem.br\/pilulas-de-saber-analise-de-minicerebros-artificiais-humanos-por-radiacao-sincrotron\/","og_site_name":"CNPEM","article_published_time":"2017-03-02T19:44:23+00:00","article_modified_time":"2026-03-02T19:05:34+00:00","author":"Gustavo Moreno","twitter_card":"summary_large_image","twitter_misc":{"Written by":"Gustavo Moreno","Est. reading time":"3 minutes"},"schema":{"@context":"https:\/\/schema.org","@graph":[{"@type":"Article","@id":"https:\/\/cnpem.br\/pilulas-de-saber-analise-de-minicerebros-artificiais-humanos-por-radiacao-sincrotron\/#article","isPartOf":{"@id":"https:\/\/cnpem.br\/pilulas-de-saber-analise-de-minicerebros-artificiais-humanos-por-radiacao-sincrotron\/"},"author":{"name":"Gustavo Moreno","@id":"https:\/\/cnpem.br\/#\/schema\/person\/142f9b4066e599dd651a3b9600c2c0ca"},"headline":"P\u00edlulas de saber: An\u00e1lise de minic\u00e9rebros artificiais humanos por radia\u00e7\u00e3o sincrotron","datePublished":"2017-03-02T19:44:23+00:00","dateModified":"2026-03-02T19:05:34+00:00","mainEntityOfPage":{"@id":"https:\/\/cnpem.br\/pilulas-de-saber-analise-de-minicerebros-artificiais-humanos-por-radiacao-sincrotron\/"},"wordCount":595,"articleSection":["CNPEM na M\u00eddia","LNLS na M\u00eddia"],"inLanguage":"en-US"},{"@type":"WebPage","@id":"https:\/\/cnpem.br\/pilulas-de-saber-analise-de-minicerebros-artificiais-humanos-por-radiacao-sincrotron\/","url":"https:\/\/cnpem.br\/pilulas-de-saber-analise-de-minicerebros-artificiais-humanos-por-radiacao-sincrotron\/","name":"P\u00edlulas de saber: An\u00e1lise de minic\u00e9rebros artificiais humanos por radia\u00e7\u00e3o sincrotron - CNPEM","isPartOf":{"@id":"https:\/\/cnpem.br\/#website"},"datePublished":"2017-03-02T19:44:23+00:00","dateModified":"2026-03-02T19:05:34+00:00","author":{"@id":"https:\/\/cnpem.br\/#\/schema\/person\/142f9b4066e599dd651a3b9600c2c0ca"},"breadcrumb":{"@id":"https:\/\/cnpem.br\/pilulas-de-saber-analise-de-minicerebros-artificiais-humanos-por-radiacao-sincrotron\/#breadcrumb"},"inLanguage":"en-US","potentialAction":[{"@type":"ReadAction","target":["https:\/\/cnpem.br\/pilulas-de-saber-analise-de-minicerebros-artificiais-humanos-por-radiacao-sincrotron\/"]}]},{"@type":"BreadcrumbList","@id":"https:\/\/cnpem.br\/pilulas-de-saber-analise-de-minicerebros-artificiais-humanos-por-radiacao-sincrotron\/#breadcrumb","itemListElement":[{"@type":"ListItem","position":1,"name":"In\u00edcio","item":"https:\/\/cnpem.br\/en\/"},{"@type":"ListItem","position":2,"name":"P\u00edlulas de saber: An\u00e1lise de minic\u00e9rebros artificiais humanos por radia\u00e7\u00e3o sincrotron"}]},{"@type":"WebSite","@id":"https:\/\/cnpem.br\/#website","url":"https:\/\/cnpem.br\/","name":"Centro Nacional de Pesquisa em Energia e Materiais","description":"Centro Nacional de Pesquisa em Energia e Materiais","alternateName":"CNPEM","potentialAction":[{"@type":"SearchAction","target":{"@type":"EntryPoint","urlTemplate":"https:\/\/cnpem.br\/?s={search_term_string}"},"query-input":{"@type":"PropertyValueSpecification","valueRequired":true,"valueName":"search_term_string"}}],"inLanguage":"en-US"},{"@type":"Person","@id":"https:\/\/cnpem.br\/#\/schema\/person\/142f9b4066e599dd651a3b9600c2c0ca","name":"Gustavo Moreno","url":""}]}},"jetpack_featured_media_url":"","jetpack_sharing_enabled":true,"jetpack_shortlink":"https:\/\/wp.me\/per0Mi-4bl","_links":{"self":[{"href":"https:\/\/cnpem.br\/en\/wp-json\/wp\/v2\/posts\/16079","targetHints":{"allow":["GET"]}}],"collection":[{"href":"https:\/\/cnpem.br\/en\/wp-json\/wp\/v2\/posts"}],"about":[{"href":"https:\/\/cnpem.br\/en\/wp-json\/wp\/v2\/types\/post"}],"author":[{"embeddable":true,"href":"https:\/\/cnpem.br\/en\/wp-json\/wp\/v2\/users\/3"}],"replies":[{"embeddable":true,"href":"https:\/\/cnpem.br\/en\/wp-json\/wp\/v2\/comments?post=16079"}],"version-history":[{"count":0,"href":"https:\/\/cnpem.br\/en\/wp-json\/wp\/v2\/posts\/16079\/revisions"}],"wp:attachment":[{"href":"https:\/\/cnpem.br\/en\/wp-json\/wp\/v2\/media?parent=16079"}],"wp:term":[{"taxonomy":"category","embeddable":true,"href":"https:\/\/cnpem.br\/en\/wp-json\/wp\/v2\/categories?post=16079"},{"taxonomy":"post_tag","embeddable":true,"href":"https:\/\/cnpem.br\/en\/wp-json\/wp\/v2\/tags?post=16079"}],"curies":[{"name":"wp","href":"https:\/\/api.w.org\/{rel}","templated":true}]}}