{"id":15397,"date":"2016-12-09T15:22:21","date_gmt":"2016-12-09T15:22:21","guid":{"rendered":"https:\/\/cnpem.staging.wpengine.com\/?p=15397\/"},"modified":"2022-01-21T15:51:30","modified_gmt":"2022-01-21T18:51:30","slug":"palestra-a-biomecanica-por-leonardo-da-vinci-abre-seminario-anual-de-iniciacao-cientifica-e-tecnologica-no-ipen","status":"publish","type":"post","link":"https:\/\/cnpem.br\/en\/palestra-a-biomecanica-por-leonardo-da-vinci-abre-seminario-anual-de-iniciacao-cientifica-e-tecnologica-no-ipen\/","title":{"rendered":"Palestra \u2018A Biomec\u00e2nica por Leonardo Da Vinci\u2019 abre Semin\u00e1rio Anual de Inicia\u00e7\u00e3o Cient\u00edfica e Tecnol\u00f3gica no IPEN"},"content":{"rendered":"<p><a href=\"https:\/\/www.cnen.gov.br\/component\/content\/article?id=283\">CNEN<\/a> em Novembro\/2016<\/p>\n<p>&nbsp;<\/p>\n<p><em>Em 2015, o f\u00edsico Antonio Jos\u00e9 Roque da Silva, diretor do Laborat\u00f3rio Nacional de Luz S\u00edncrotron (LNLS), abriu o Semin\u00e1rio com palestra sobre o Projeto Sirius\u00a0<\/em><\/p>\n<p>&nbsp;<\/p>\n<p><span lang=\"PT-BR\">A palestra &#8220;A Biomec\u00e2nica por Leonardo da Vinci\u201d, profe<\/span><span lang=\"PT-BR\">rida pelo f\u00edsico Marcos Duarte, professor titular da Universidade Federal do ABC, abrir\u00e1 o Semin\u00e1rio Anual de Avalia\u00e7\u00e3o dos Programas de Inicia\u00e7\u00e3o Cient\u00edfica e Tecnol\u00f3gica da CNEN \u2013 PIBIC\/PROBIC\/PIBITI, nos dias 7 e 8 de dezembro, no pr\u00e9dio do Ensino localizado no campus do Instituto de Pesquisas Energ\u00e9ticas e Nucleares (IPEN), unidade de pesquisa da Comiss\u00e3o Nacional de Energia Nuclear (CNEN), na Cidade Universit\u00e1ria. Este ano, o cientista homenageado ser\u00e1 o italiano Leonardo da Vinci.<\/span><\/p>\n<p><span lang=\"PT-BR\">De acordo com Martha Marques Ferreira Vieira, gerente do Centro de Ensino e Informa\u00e7\u00e3o (CEI) do IPEN e coordenadora do Semin\u00e1rio, tanto a indica\u00e7\u00e3o do homenageado quanto a escolha do tema da palestra foram motivadas pela realiza\u00e7\u00e3o dos Jogos Ol\u00edmpicos no Brasil. O professor Marcos Duarte tem vasta experi\u00eancia de pesquisa no campo da Engenharia Biom\u00e9dica e a expectativa \u00e9 de que sua abordagem acerca dos estudos de Da Vinci na \u00e1rea de Biomec\u00e2nica ser\u00e1 um atrativo a mais para os nossos alunos.<\/span><\/p>\n<p><span lang=\"PT-BR\">&#8220;A palestra deste ano tem um significado especial porque o professor Marcos Duarte fez Inicia\u00e7\u00e3o Cient\u00edfica, Mestrado e Doutorado no IPEN, sob minha orienta\u00e7\u00e3o. O fato de ele ser um profissional destacado na sua \u00e1rea de atua\u00e7\u00e3o \u00e9 um bom exemplo para os estudantes que est\u00e3o iniciando a sua carreira acad\u00eamica. E neste ano em que tivemos as Olimp\u00edadas no Rio de Janeiro, a abordagem sobre a Biomec\u00e2nica por Leonardo da Vinci, somada \u00e0 experi\u00eancia do Marcos, \u00e9 extremamente interessante e atual&#8221;, afirma Martha.<\/span><\/p>\n<p><span lang=\"PT-BR\">Considerado um ex\u00edmio anatomista, Da Vinci descreveu as propor\u00e7\u00f5es do corpo humano masculino a partir de seu estudo &#8220;Homem Vitruviano\u201d, desenho ainda hoje considerado o &#8220;c\u00e2none das propor\u00e7\u00f5es\u201d. Baseado no tratado \u00e0 \u00e9poca rec\u00e9m-redescoberto do arquiteto romano Vitr\u00favio, no final do s\u00e9culo XV, o Homem Vitruviano acabou se tornando um dos trabalhos mais famosos do cientista e um s\u00edmbolo do esp\u00edrito renascentista e atualmente faz parte da cole\u00e7\u00e3o da Gallerie dell&#8217;Accademia, em Veneza, It\u00e1lia.<\/span><\/p>\n<p><span lang=\"PT-BR\">Avalia\u00e7\u00e3o externa<\/span><\/p>\n<p><span lang=\"PT-BR\">O Semin\u00e1rio \u00e9 organizado em apresenta\u00e7\u00f5es orais e em sess\u00e3o de p\u00f4steres, uma forma de o bolsista aprimorar a atua\u00e7\u00e3o acad\u00eamica nessas duas situa\u00e7\u00f5es. S\u00e3o concedidos pr\u00eamios para os tr\u00eas melhores p\u00f4steres, e, em cada sess\u00e3o de exposi\u00e7\u00e3o oral, \u00e9 escolhido o &#8220;Destaque\u201d de melhor apresenta\u00e7\u00e3o \u2013 escolha feita de comum acordo entre o avaliador e o coordenador da sess\u00e3o. &#8220;Muitos dos nossos premiados depois se destacaram em outros eventos acad\u00eamicos\u201d, salienta Martha.<\/span><\/p>\n<p><span lang=\"PT-BR\">Todos os anos, a avalia\u00e7\u00e3o dos trabalhos \u00e9 feita por pesquisadores representando o Conselho Nacional de Desenvolvimento Cient\u00edfico e Tecnol\u00f3gico (CNPq). Neste ano, est\u00e3o confirmados os professores doutores Cristiano Lu\u00eds Pinto de Oliveira, do Instituto de F\u00edsica da USP \u2013 IFUSP; Daniele Ribeiro de Araujo, da Universidade Federal do ABC \u2013 UFABC; Lilia Coronato Courrol, da Universidade Federal de S\u00e3o Paulo \u2013 UNIFESP; Marly Babinski, do Instituto de Geoci\u00eancias da USP\u2013 IGcUSP; e Thiago Regis Longo Cesar da Paix\u00e3o, do Instituto de Qu\u00edmica da USP \u2013 IQUSP.<\/span><\/p>\n<p><span lang=\"PT-BR\">Modalidades<\/span><\/p>\n<p><span lang=\"PT-BR\">O Semin\u00e1rio Anual re\u00fane tr\u00eas modalidades de Inicia\u00e7\u00e3o Cient\u00edfica e Tecnol\u00f3gica: o Programa Institucional de Bolsas de Inicia\u00e7\u00e3o Cient\u00edfica (PIBIC), o Programa de Bolsas de Inicia\u00e7\u00e3o Cient\u00edfica da CNEN (PROBIC) e o Programa Institucional de Bolsas de Inicia\u00e7\u00e3o em Desenvolvimento Tecnol\u00f3gico e Inova\u00e7\u00e3o (PIBITI). O primeiro foi criado pelo CNPq na d\u00e9cada de 1980 para despertar a voca\u00e7\u00e3o cient\u00edfica e incentivar novos talentos entre os estudantes de gradua\u00e7\u00e3o. No IPEN, teve in\u00edcio em 1994 com uma quota de 30 bolsas.<\/span><\/p>\n<p><span lang=\"PT-BR\">A partir de 2003, essa participa\u00e7\u00e3o foi estendida aos outros institutos vinculados \u00e0 CNEN: o Centro de Desenvolvimento da Tecnologia Nuclear (CDTN), o Centro Regional de Ci\u00eancias Nucleares (CRCN-NE), o Instituto de Engenharia Nuclear (IEN) e o Instituto de Radioprote\u00e7\u00e3o e Dosimetria (IRD). Nessa \u00e9poca, a quota era de 59 bolsas financiadas pelo CNPq. Nessa mesma oportunidade, foi institu\u00eddo o PROBIC, financiado com recursos da pr\u00f3pria CNEN \u2013 inicialmente com 30 bolsas.<\/span><\/p>\n<p><span lang=\"PT-BR\">Desde ent\u00e3o, os Semin\u00e1rios de Avalia\u00e7\u00e3o t\u00eam sido eventos de integra\u00e7\u00e3o, com a participa\u00e7\u00e3o de alunos vindos de Minas Gerais (CDTN), Rio de Janeiro (IEN e IRD) e Recife (CRCN-NE). Atualmente, tamb\u00e9m participam estudantes do Laborat\u00f3rio de Po\u00e7os de Caldas (LAPOC). O Programa conta com 108 bolsas do CNPq e 60 bolsas da CNEN. A partir de 2010, a CNEN passou a integrar o PIBITI, do CNPq. S\u00e3o 9 bolsas dessa modalidade, e pelo quinto ano temos a participa\u00e7\u00e3o de bolsistas PIBITI no evento.<\/span><\/p>\n<p><span lang=\"PT-BR\">Mais informa\u00e7\u00f5es sobre a programa\u00e7\u00e3o e contatos podem ser feitos no link\u00a0<\/span><span lang=\"PT-BR\"><a href=\"https:\/\/pelicano.ipen.br\/pibic\/\">https:\/\/pelicano.ipen.br\/pibic\/<\/a><\/span><\/p>\n<p><span lang=\"PT-BR\">Sobre o palestrante<\/span><\/p>\n<p>Marcos Duarte \u00e9 graduado em F\u00edsica pelo IFUSP, com mestrado e doutorado em Tecnologia Nuclear pelo IPEN\/USP. Tem experi\u00eancia na \u00e1rea de Engenharia Biom\u00e9dica, com \u00eanfase em Modelagem de Fen\u00f4menos Biol\u00f3gicos, atuando principalmente nos seguintes temas: biomec\u00e2nica, controle motor, controle postural, biomec\u00e2nica e an\u00e1lise do movimento. Atualmente, coordena diversos projetos de pesquisa, entre eles um estudo sobre postura e envelhecimento e mecanismos de controle.<\/p>\n<p><span lang=\"PT-BR\">Informa\u00e7\u00f5es adicionais podem ser obtidas na Plataforma Lattes, no link\u00a0<\/span><span lang=\"PT-BR\"><a href=\"https:\/\/buscatextual.cnpq.br\/buscatextual\/visualizacv.do?id=K4782630P1\">https:\/\/buscatextual.cnpq.br\/buscatextual\/visualizacv.do?id=K4782630P1<\/a><\/span><\/p>\n<p><span lang=\"PT-BR\">Servi\u00e7o<\/span><\/p>\n<div><span lang=\"PT-BR\">O que:\u00a0<\/span><span lang=\"PT-BR\">Semin\u00e1rio Anual de Avalia\u00e7\u00e3o dos Programas de Inicia\u00e7\u00e3o Cient\u00edfica e Tecnol\u00f3gica da CNEN \u2013 PIBIC\/PROBIC\/PIBITI<\/span><\/div>\n<div><span lang=\"PT-BR\">Onde:\u00a0<\/span><span lang=\"PT-BR\">Pr\u00e9dio do Ensino do Instituto de Pesquisas Energ\u00e9ticas e Nucleares (IPEN), na Av. Prof. Lineu Prestes, 2242, Cidade Universit\u00e1ria \u2013 Butant\u00e3<\/span><\/div>\n<div>Data \/ Hor\u00e1rio:<\/div>\n<div>7\/12 (9h30 \u2013 12h30) \u2013 (14h00 \u2013 18h30)<\/div>\n<div>8\/12 (8h00 \u2013 12h30) \u2013 (14h00 \u2013 18h00)<\/div>\n","protected":false},"excerpt":{"rendered":"<p>CNEN em Novembro\/2016 &nbsp; Em 2015, o f\u00edsico Antonio Jos\u00e9 Roque da Silva, diretor do Laborat\u00f3rio Nacional de Luz S\u00edncrotron (LNLS), abriu o Semin\u00e1rio com palestra sobre o Projeto Sirius\u00a0&hellip;<\/p>\n","protected":false},"author":17,"featured_media":0,"comment_status":"closed","ping_status":"closed","sticky":false,"template":"","format":"standard","meta":{"_acf_changed":false,"_jetpack_newsletter_access":"","_jetpack_dont_email_post_to_subs":false,"_jetpack_newsletter_tier_id":0,"_jetpack_memberships_contains_paywalled_content":false,"_jetpack_memberships_contains_paid_content":false,"footnotes":"","_links_to":"","_links_to_target":""},"categories":[1163,12],"tags":[],"class_list":["post-15397","post","type-post","status-publish","format-standard","hentry","category-clipping-cnpem","category-clipping-lnls","category-1163","category-12","description-off"],"acf":[],"yoast_head":"<!-- This site is optimized with the Yoast SEO plugin v27.4 - https:\/\/yoast.com\/product\/yoast-seo-wordpress\/ -->\n<title>Palestra \u2018A Biomec\u00e2nica por Leonardo Da Vinci\u2019 abre Semin\u00e1rio Anual de Inicia\u00e7\u00e3o Cient\u00edfica e Tecnol\u00f3gica no IPEN - CNPEM<\/title>\n<meta name=\"robots\" content=\"index, follow, max-snippet:-1, max-image-preview:large, max-video-preview:-1\" \/>\n<link rel=\"canonical\" href=\"https:\/\/cnpem.br\/palestra-a-biomecanica-por-leonardo-da-vinci-abre-seminario-anual-de-iniciacao-cientifica-e-tecnologica-no-ipen\/\" \/>\n<meta property=\"og:locale\" content=\"en_US\" \/>\n<meta property=\"og:type\" content=\"article\" \/>\n<meta property=\"og:title\" content=\"Palestra \u2018A Biomec\u00e2nica por Leonardo Da Vinci\u2019 abre Semin\u00e1rio Anual de Inicia\u00e7\u00e3o Cient\u00edfica e Tecnol\u00f3gica no IPEN - CNPEM\" \/>\n<meta property=\"og:description\" content=\"CNEN em Novembro\/2016 &nbsp; Em 2015, o f\u00edsico Antonio Jos\u00e9 Roque da Silva, diretor do Laborat\u00f3rio Nacional de Luz S\u00edncrotron (LNLS), abriu o Semin\u00e1rio com palestra sobre o Projeto Sirius\u00a0&hellip;\" \/>\n<meta property=\"og:url\" content=\"https:\/\/cnpem.br\/palestra-a-biomecanica-por-leonardo-da-vinci-abre-seminario-anual-de-iniciacao-cientifica-e-tecnologica-no-ipen\/\" \/>\n<meta property=\"og:site_name\" content=\"CNPEM\" \/>\n<meta property=\"article:published_time\" content=\"2016-12-09T15:22:21+00:00\" \/>\n<meta property=\"article:modified_time\" content=\"2022-01-21T18:51:30+00:00\" \/>\n<meta name=\"author\" content=\"Erik Medina\" \/>\n<meta name=\"twitter:card\" content=\"summary_large_image\" \/>\n<meta name=\"twitter:label1\" content=\"Written by\" \/>\n\t<meta name=\"twitter:data1\" content=\"Erik Medina\" \/>\n\t<meta name=\"twitter:label2\" content=\"Est. reading time\" \/>\n\t<meta name=\"twitter:data2\" content=\"5 minutes\" \/>\n<script type=\"application\/ld+json\" class=\"yoast-schema-graph\">{\"@context\":\"https:\\\/\\\/schema.org\",\"@graph\":[{\"@type\":\"Article\",\"@id\":\"https:\\\/\\\/cnpem.br\\\/palestra-a-biomecanica-por-leonardo-da-vinci-abre-seminario-anual-de-iniciacao-cientifica-e-tecnologica-no-ipen\\\/#article\",\"isPartOf\":{\"@id\":\"https:\\\/\\\/cnpem.br\\\/palestra-a-biomecanica-por-leonardo-da-vinci-abre-seminario-anual-de-iniciacao-cientifica-e-tecnologica-no-ipen\\\/\"},\"author\":{\"name\":\"Erik Medina\",\"@id\":\"https:\\\/\\\/cnpem.br\\\/#\\\/schema\\\/person\\\/b957a8048be4b70d687484cae6b978ef\"},\"headline\":\"Palestra \u2018A Biomec\u00e2nica por Leonardo Da Vinci\u2019 abre Semin\u00e1rio Anual de Inicia\u00e7\u00e3o Cient\u00edfica e Tecnol\u00f3gica no IPEN\",\"datePublished\":\"2016-12-09T15:22:21+00:00\",\"dateModified\":\"2022-01-21T18:51:30+00:00\",\"mainEntityOfPage\":{\"@id\":\"https:\\\/\\\/cnpem.br\\\/palestra-a-biomecanica-por-leonardo-da-vinci-abre-seminario-anual-de-iniciacao-cientifica-e-tecnologica-no-ipen\\\/\"},\"wordCount\":1029,\"articleSection\":[\"CNPEM na M\u00eddia\",\"LNLS na M\u00eddia\"],\"inLanguage\":\"en-US\"},{\"@type\":\"WebPage\",\"@id\":\"https:\\\/\\\/cnpem.br\\\/palestra-a-biomecanica-por-leonardo-da-vinci-abre-seminario-anual-de-iniciacao-cientifica-e-tecnologica-no-ipen\\\/\",\"url\":\"https:\\\/\\\/cnpem.br\\\/palestra-a-biomecanica-por-leonardo-da-vinci-abre-seminario-anual-de-iniciacao-cientifica-e-tecnologica-no-ipen\\\/\",\"name\":\"Palestra \u2018A Biomec\u00e2nica por Leonardo Da Vinci\u2019 abre Semin\u00e1rio Anual de Inicia\u00e7\u00e3o Cient\u00edfica e Tecnol\u00f3gica no IPEN - CNPEM\",\"isPartOf\":{\"@id\":\"https:\\\/\\\/cnpem.br\\\/#website\"},\"datePublished\":\"2016-12-09T15:22:21+00:00\",\"dateModified\":\"2022-01-21T18:51:30+00:00\",\"author\":{\"@id\":\"https:\\\/\\\/cnpem.br\\\/#\\\/schema\\\/person\\\/b957a8048be4b70d687484cae6b978ef\"},\"breadcrumb\":{\"@id\":\"https:\\\/\\\/cnpem.br\\\/palestra-a-biomecanica-por-leonardo-da-vinci-abre-seminario-anual-de-iniciacao-cientifica-e-tecnologica-no-ipen\\\/#breadcrumb\"},\"inLanguage\":\"en-US\",\"potentialAction\":[{\"@type\":\"ReadAction\",\"target\":[\"https:\\\/\\\/cnpem.br\\\/palestra-a-biomecanica-por-leonardo-da-vinci-abre-seminario-anual-de-iniciacao-cientifica-e-tecnologica-no-ipen\\\/\"]}]},{\"@type\":\"BreadcrumbList\",\"@id\":\"https:\\\/\\\/cnpem.br\\\/palestra-a-biomecanica-por-leonardo-da-vinci-abre-seminario-anual-de-iniciacao-cientifica-e-tecnologica-no-ipen\\\/#breadcrumb\",\"itemListElement\":[{\"@type\":\"ListItem\",\"position\":1,\"name\":\"In\u00edcio\",\"item\":\"https:\\\/\\\/cnpem.br\\\/en\\\/\"},{\"@type\":\"ListItem\",\"position\":2,\"name\":\"Palestra \u2018A Biomec\u00e2nica por Leonardo Da Vinci\u2019 abre Semin\u00e1rio Anual de Inicia\u00e7\u00e3o Cient\u00edfica e Tecnol\u00f3gica no IPEN\"}]},{\"@type\":\"WebSite\",\"@id\":\"https:\\\/\\\/cnpem.br\\\/#website\",\"url\":\"https:\\\/\\\/cnpem.br\\\/\",\"name\":\"Centro Nacional de Pesquisa em Energia e Materiais\",\"description\":\"Centro Nacional de Pesquisa em Energia e Materiais\",\"alternateName\":\"CNPEM\",\"potentialAction\":[{\"@type\":\"SearchAction\",\"target\":{\"@type\":\"EntryPoint\",\"urlTemplate\":\"https:\\\/\\\/cnpem.br\\\/?s={search_term_string}\"},\"query-input\":{\"@type\":\"PropertyValueSpecification\",\"valueRequired\":true,\"valueName\":\"search_term_string\"}}],\"inLanguage\":\"en-US\"},{\"@type\":\"Person\",\"@id\":\"https:\\\/\\\/cnpem.br\\\/#\\\/schema\\\/person\\\/b957a8048be4b70d687484cae6b978ef\",\"name\":\"Erik Medina\",\"url\":\"\"}]}<\/script>\n<!-- \/ Yoast SEO plugin. -->","yoast_head_json":{"title":"Palestra \u2018A Biomec\u00e2nica por Leonardo Da Vinci\u2019 abre Semin\u00e1rio Anual de Inicia\u00e7\u00e3o Cient\u00edfica e Tecnol\u00f3gica no IPEN - CNPEM","robots":{"index":"index","follow":"follow","max-snippet":"max-snippet:-1","max-image-preview":"max-image-preview:large","max-video-preview":"max-video-preview:-1"},"canonical":"https:\/\/cnpem.br\/palestra-a-biomecanica-por-leonardo-da-vinci-abre-seminario-anual-de-iniciacao-cientifica-e-tecnologica-no-ipen\/","og_locale":"en_US","og_type":"article","og_title":"Palestra \u2018A Biomec\u00e2nica por Leonardo Da Vinci\u2019 abre Semin\u00e1rio Anual de Inicia\u00e7\u00e3o Cient\u00edfica e Tecnol\u00f3gica no IPEN - CNPEM","og_description":"CNEN em Novembro\/2016 &nbsp; Em 2015, o f\u00edsico Antonio Jos\u00e9 Roque da Silva, diretor do Laborat\u00f3rio Nacional de Luz S\u00edncrotron (LNLS), abriu o Semin\u00e1rio com palestra sobre o Projeto Sirius\u00a0&hellip;","og_url":"https:\/\/cnpem.br\/palestra-a-biomecanica-por-leonardo-da-vinci-abre-seminario-anual-de-iniciacao-cientifica-e-tecnologica-no-ipen\/","og_site_name":"CNPEM","article_published_time":"2016-12-09T15:22:21+00:00","article_modified_time":"2022-01-21T18:51:30+00:00","author":"Erik Medina","twitter_card":"summary_large_image","twitter_misc":{"Written by":"Erik Medina","Est. reading time":"5 minutes"},"schema":{"@context":"https:\/\/schema.org","@graph":[{"@type":"Article","@id":"https:\/\/cnpem.br\/palestra-a-biomecanica-por-leonardo-da-vinci-abre-seminario-anual-de-iniciacao-cientifica-e-tecnologica-no-ipen\/#article","isPartOf":{"@id":"https:\/\/cnpem.br\/palestra-a-biomecanica-por-leonardo-da-vinci-abre-seminario-anual-de-iniciacao-cientifica-e-tecnologica-no-ipen\/"},"author":{"name":"Erik Medina","@id":"https:\/\/cnpem.br\/#\/schema\/person\/b957a8048be4b70d687484cae6b978ef"},"headline":"Palestra \u2018A Biomec\u00e2nica por Leonardo Da Vinci\u2019 abre Semin\u00e1rio Anual de Inicia\u00e7\u00e3o Cient\u00edfica e Tecnol\u00f3gica no IPEN","datePublished":"2016-12-09T15:22:21+00:00","dateModified":"2022-01-21T18:51:30+00:00","mainEntityOfPage":{"@id":"https:\/\/cnpem.br\/palestra-a-biomecanica-por-leonardo-da-vinci-abre-seminario-anual-de-iniciacao-cientifica-e-tecnologica-no-ipen\/"},"wordCount":1029,"articleSection":["CNPEM na M\u00eddia","LNLS na M\u00eddia"],"inLanguage":"en-US"},{"@type":"WebPage","@id":"https:\/\/cnpem.br\/palestra-a-biomecanica-por-leonardo-da-vinci-abre-seminario-anual-de-iniciacao-cientifica-e-tecnologica-no-ipen\/","url":"https:\/\/cnpem.br\/palestra-a-biomecanica-por-leonardo-da-vinci-abre-seminario-anual-de-iniciacao-cientifica-e-tecnologica-no-ipen\/","name":"Palestra \u2018A Biomec\u00e2nica por Leonardo Da Vinci\u2019 abre Semin\u00e1rio Anual de Inicia\u00e7\u00e3o Cient\u00edfica e Tecnol\u00f3gica no IPEN - CNPEM","isPartOf":{"@id":"https:\/\/cnpem.br\/#website"},"datePublished":"2016-12-09T15:22:21+00:00","dateModified":"2022-01-21T18:51:30+00:00","author":{"@id":"https:\/\/cnpem.br\/#\/schema\/person\/b957a8048be4b70d687484cae6b978ef"},"breadcrumb":{"@id":"https:\/\/cnpem.br\/palestra-a-biomecanica-por-leonardo-da-vinci-abre-seminario-anual-de-iniciacao-cientifica-e-tecnologica-no-ipen\/#breadcrumb"},"inLanguage":"en-US","potentialAction":[{"@type":"ReadAction","target":["https:\/\/cnpem.br\/palestra-a-biomecanica-por-leonardo-da-vinci-abre-seminario-anual-de-iniciacao-cientifica-e-tecnologica-no-ipen\/"]}]},{"@type":"BreadcrumbList","@id":"https:\/\/cnpem.br\/palestra-a-biomecanica-por-leonardo-da-vinci-abre-seminario-anual-de-iniciacao-cientifica-e-tecnologica-no-ipen\/#breadcrumb","itemListElement":[{"@type":"ListItem","position":1,"name":"In\u00edcio","item":"https:\/\/cnpem.br\/en\/"},{"@type":"ListItem","position":2,"name":"Palestra \u2018A Biomec\u00e2nica por Leonardo Da Vinci\u2019 abre Semin\u00e1rio Anual de Inicia\u00e7\u00e3o Cient\u00edfica e Tecnol\u00f3gica no IPEN"}]},{"@type":"WebSite","@id":"https:\/\/cnpem.br\/#website","url":"https:\/\/cnpem.br\/","name":"Centro Nacional de Pesquisa em Energia e Materiais","description":"Centro Nacional de Pesquisa em Energia e Materiais","alternateName":"CNPEM","potentialAction":[{"@type":"SearchAction","target":{"@type":"EntryPoint","urlTemplate":"https:\/\/cnpem.br\/?s={search_term_string}"},"query-input":{"@type":"PropertyValueSpecification","valueRequired":true,"valueName":"search_term_string"}}],"inLanguage":"en-US"},{"@type":"Person","@id":"https:\/\/cnpem.br\/#\/schema\/person\/b957a8048be4b70d687484cae6b978ef","name":"Erik Medina","url":""}]}},"jetpack_featured_media_url":"","jetpack_sharing_enabled":true,"jetpack_shortlink":"https:\/\/wp.me\/per0Mi-40l","_links":{"self":[{"href":"https:\/\/cnpem.br\/en\/wp-json\/wp\/v2\/posts\/15397","targetHints":{"allow":["GET"]}}],"collection":[{"href":"https:\/\/cnpem.br\/en\/wp-json\/wp\/v2\/posts"}],"about":[{"href":"https:\/\/cnpem.br\/en\/wp-json\/wp\/v2\/types\/post"}],"author":[{"embeddable":true,"href":"https:\/\/cnpem.br\/en\/wp-json\/wp\/v2\/users\/17"}],"replies":[{"embeddable":true,"href":"https:\/\/cnpem.br\/en\/wp-json\/wp\/v2\/comments?post=15397"}],"version-history":[{"count":0,"href":"https:\/\/cnpem.br\/en\/wp-json\/wp\/v2\/posts\/15397\/revisions"}],"wp:attachment":[{"href":"https:\/\/cnpem.br\/en\/wp-json\/wp\/v2\/media?parent=15397"}],"wp:term":[{"taxonomy":"category","embeddable":true,"href":"https:\/\/cnpem.br\/en\/wp-json\/wp\/v2\/categories?post=15397"},{"taxonomy":"post_tag","embeddable":true,"href":"https:\/\/cnpem.br\/en\/wp-json\/wp\/v2\/tags?post=15397"}],"curies":[{"name":"wp","href":"https:\/\/api.w.org\/{rel}","templated":true}]}}