{"id":15310,"date":"2016-11-30T18:43:08","date_gmt":"2016-11-30T18:43:08","guid":{"rendered":"https:\/\/cnpem.staging.wpengine.com\/?p=15310"},"modified":"2026-03-02T16:06:14","modified_gmt":"2026-03-02T19:06:14","slug":"brasil-lancara-missao-a-lua-ate-2020-para-estudar-vida-no-espaco","status":"publish","type":"post","link":"https:\/\/cnpem.br\/en\/brasil-lancara-missao-a-lua-ate-2020-para-estudar-vida-no-espaco\/","title":{"rendered":"Brasil lan\u00e7ar\u00e1 miss\u00e3o \u00e0 Lua at\u00e9 2020 para estudar vida no espa\u00e7o"},"content":{"rendered":"<p><em>Folha de S.Paulo em 29\/11\/2016<\/em><\/p>\n<p><strong>LINK:<\/strong>\u00a0<a href=\"https:\/\/www1.folha.uol.com.br\/ciencia\/2016\/11\/1836371-brasil-lancara-missao-a-lua-em-2020-para-realizacao-de-pesquisa-de-ponta.shtml\">https:\/\/www1.folha.uol.com.br\/ciencia\/2016\/11\/1836371-brasil-lancara-missao-a-lua-em-2020-para-realizacao-de-pesquisa-de-ponta.shtml<\/a><\/p>\n<p>Um time de cientistas de institui\u00e7\u00f5es de ponta do Brasil, com parceria da iniciativa privada, pretende lan\u00e7ar at\u00e9 2020 a primeira miss\u00e3o do pa\u00eds \u00e0 Lua: um nanossat\u00e9lite com experimentos cient\u00edficos.<\/p>\n<p>Batizado de Garat\u00e9a-L, ele ter\u00e1 o objetivo de realizar pesquisas para estudar caracter\u00edsticas da vida no espa\u00e7o.<\/p>\n<p>Os brasileiros pretendem aproveitar um dos nichos mais promissores da explora\u00e7\u00e3o espacial: os nanossat\u00e9lites. Enquanto os dispositivos tradicionais s\u00e3o geringon\u00e7as do tamanho de carros populares que facilmente ultrapassam as tr\u00eas toneladas, os chamados &#8220;cubesats&#8221; s\u00e3o muito mais compactos e podem confortavelmente ficar abaixo dos 8 kg.<\/p>\n<p>&#8220;O fato de eles serem pequenos n\u00e3o os torna menos poderosos. Esta \u00e9 uma \u00e1rea em que muitas empresas eram bastante c\u00e9ticas, mas que hoje recebe bastante investimento. Os bons resultados atra\u00edram as maiores fabricantes do mundo&#8221;, explica Lucas Fonseca, engenheiro espacial da empresa Airvantis e gerente do Garat\u00e9a-L.<\/p>\n<p>O projeto re\u00fane pesquisadores de boa parte dos centros de excel\u00eancia em espa\u00e7o do Brasil: o Inpe (Instituto Nacional de Pesquisas Espaciais), o ITA (Instituto Tecnol\u00f3gico de Aeron\u00e1utica), a USP, o LNLS (Laborat\u00f3rio Nacional de Luz S\u00edncrotron), o Instituto Mau\u00e1 de Tecnologia e a PUC-RS (Pontif\u00edcia Universidade Cat\u00f3lica do Rio Grande do Sul).<\/p>\n<p>Juntos, os cientistas est\u00e3o delimitando os detalhes dos experimentos que ser\u00e3o levados ao espa\u00e7o, mas os projetos iniciais j\u00e1 transparecem a ambi\u00e7\u00e3o do grupo. Al\u00e9m da pesquisa lunar em si, o Garat\u00e9a-L dar\u00e1 \u00eanfase \u00e0 astrobiologia, o ramo que estuda as condi\u00e7\u00f5es de vida no espa\u00e7o.<\/p>\n<p>A miss\u00e3o custar\u00e1 R$ 35 milh\u00f5es e a capta\u00e7\u00e3o de verbas ainda n\u00e3o teve in\u00edcio. O financiamento \u00e9 o principal obst\u00e1culo. &#8220;\u00c9 mais f\u00e1cil fazer ci\u00eancia de ponta na Lua do que conseguir as verbas necess\u00e1rias&#8221;, diz o l\u00edder da miss\u00e3o.<\/p>\n<p>&#8220;\u00c9 mais f\u00e1cil fazer ci\u00eancia de ponta na Lua do que conseguir as verbas necess\u00e1rias&#8221;, compara o l\u00edder da miss\u00e3o.<\/p>\n<p>Nos mais de 50 anos do programa espacial brasileiro, n\u00e3o faltaram planos para explorar o espa\u00e7o profundo, mas as iniciativas geralmente esbarravam na falta de verbas. Por conta do hist\u00f3rico negativo, a equipe que capitaneia o projeto decidiu buscar fontes alternativas de financiamento, al\u00e9m de pleitear verbas de ag\u00eancias de fomento.<\/p>\n<p>&#8220;\u00c9 triste, mas o Brasil n\u00e3o honrou seus compromissos. Nem com a Nasa para a constru\u00e7\u00e3o da Esta\u00e7\u00e3o Espacial Internacional, nem com o ESO (Observat\u00f3rio Europeu do Sul) com os telesc\u00f3pios. Por isso, sendo bem realista, n\u00f3s optamos por uma via que n\u00e3o dependa de recursos do governo&#8221;, justifica o respons\u00e1vel pela miss\u00e3o.<\/p>\n<p>A ideia \u00e9 criar uma combina\u00e7\u00e3o de investimentos privados, tanto atrav\u00e9s de patroc\u00ednio como tamb\u00e9m de negocia\u00e7\u00e3o de royalties e direitos de uso do conhecimento gerado e at\u00e9 de eventuais patentes.<\/p>\n<p><b>BUSCANDO A VIDA<\/b><\/p>\n<p>O nome da miss\u00e3o vem do tupi-guarani, em que garat\u00e9a significa busca vida. A nomenclatura foi escolhida devido ao forte componente da miss\u00e3o de estudo da vida. O &#8220;L&#8221; foi acrescentado no fim para indicar que se trata de uma miss\u00e3o lunar, uma vez que o grupo tamb\u00e9m conduz a Garat\u00e9a em bal\u00f5es de grande altitude (a cerca de 35 km de altura).<\/p>\n<p>Apesar de significar &#8220;busca vida&#8221;, o cientista principal da miss\u00e3o, Douglas Galante, apressa-se a explicar que n\u00e3o se trata de uma tentativa de encontrar vida no sat\u00e9lite da Terra.<\/p>\n<p>&#8220;J\u00e1 sabemos h\u00e1 muito tempo que a Lua \u00e9 um ambiente muito hostil \u00e0 vida. O que n\u00f3s tentamos fazer agora \u00e9 usar um sat\u00e9lite na Lua para testar os limites da vida em ambiente hostil&#8221;, diz o pesquisador do LNLS (Laborat\u00f3rio Nacional de Luz S\u00edncroton) em Campinas.<\/p>\n<p>Quando estamos na Terra, seu campo magn\u00e9tico serve como um escudo contra a perigosa radia\u00e7\u00e3o que vem do espa\u00e7o. Fora do planeta, essa defesa contra os efeitos nocivos dos raios c\u00f3smicos j\u00e1 n\u00e3o existe. E s\u00e3o precisamente os efeitos disso que os pesquisadores querem analisar.<\/p>\n<p>Embora os detalhes dos experimentos ainda n\u00e3o estejam fechados, o grupo pretende enviar pelo menos dois experimentos para avaliar os danos causados a col\u00f4nias de bact\u00e9rias no ambiente in\u00f3spito do espa\u00e7o.<\/p>\n<p>&#8220;Dever\u00e3o ser seis meses de exposi\u00e7\u00e3o intensa a essa radia\u00e7\u00e3o. Algo in\u00e9dito. Vamos testar a resposta de sistemas biol\u00f3gicos a esse fundo de radia\u00e7\u00e3o e outros fatores de estresse&#8221;, completa o pesquisador.<\/p>\n<p>A Garat\u00e9a-L vai expor mais do que bact\u00e9rias aos raios c\u00f3smicos: est\u00e3o previstos tamb\u00e9m experimentos com tecidos humanos. A ideia \u00e9 ver tamb\u00e9m como esse material reage ao ambiente hostil do espa\u00e7o. Segundo o respons\u00e1vel da miss\u00e3o, \u00e9 poss\u00edvel que os dados coletados sejam \u00fateis inclusive para auxiliar na prepara\u00e7\u00e3o de miss\u00f5es tripuladas de longa dura\u00e7\u00e3o, como uma eventual viagem a Marte.<\/p>\n<p>&#8220;O objetivo principal \u00e9 avaliar o efeito da micro-gravidade e da radia\u00e7\u00e3o lunar (espa\u00e7o profundo) numa cultura de c\u00e9lulas humanas. Com isso, busca-se entender como essas c\u00e9lulas se comportam em termos de prolifera\u00e7\u00e3o, sobrevida e altera\u00e7\u00f5es gen\u00e9ticas durante a exposi\u00e7\u00e3o ao ambiente hostil do espa\u00e7o&#8221;, explica Thais Russomano, m\u00e9dica, pesquisadora de medicina espacial da PUC-RS e uma das respons\u00e1veis pelo experimento.<\/p>\n<p>&#8220;As an\u00e1lises das c\u00e9lulas a serem efetuadas durante a miss\u00e3o lunar v\u00e3o depender da capacidade t\u00e9cnica que estar\u00e1 dispon\u00edvel para tanto. N\u00f3s ainda estamos na fase de v\u00e1rias defini\u00e7\u00f5es&#8221;, pondera ela.<\/p>\n<p><b>DESAFIO<\/b><\/p>\n<p>Envolvido na miss\u00e3o Rosetta da ESA (Ag\u00eancia Espacial Europeia) \u2013primeira a conseguir pousar uma sonda em um cometa, em 2014\u2013, o gerente do projeto Garat\u00e9a-L, Lucas Fonseca, diz sempre ter sido um apaixonado pelo espa\u00e7o e que sempre sonhou em fazer pesquisa de ponta nesta \u00e1rea no Brasil.<\/p>\n<p>&#8220;Eu sempre pensei muito em como o Brasil poderia fazer pesquisa em espa\u00e7o profundo com um valor mais em conta, mais adaptado \u00e0 nossa realidade. E os cubesats permitem esse tipo de estudo. \u00c9 revolucion\u00e1rio, a miniaturiza\u00e7\u00e3o permite muita coisa, ao mesmo tempo que \u00e9 tamb\u00e9m um grande desafio de engenharia&#8221;, diz Fonseca.<\/p>\n<p>A ideia do grupo \u00e9 usar a miniaturiza\u00e7\u00e3o e experi\u00eancias anteriores de economia para baratear a miss\u00e3o ao m\u00e1ximo.<\/p>\n<p>Previsto para 2020, o lan\u00e7amento ser\u00e1 uma parceria das ag\u00eancias espaciais europeia e do Reino Unido com duas empresas brit\u00e2nicas, dentro de sua primeira miss\u00e3o comercial de espa\u00e7o profundo \u2013a Pathfinder.<\/p>\n<p>O material ser\u00e1 posto em \u00f3rbita pelo foguete indiano PSLV-C11, o mesmo que enviou com sucesso a miss\u00e3o Chandrayaan-1 para a Lua, em 2008.<\/p>\n<p>Com cerca de 7,2 kg o nanossat\u00e9lite brasileiro ter\u00e1 a companhia de dispositivos semelhantes fabricados por outros pa\u00edses, com diferentes objetivos.<\/p>\n<p>Os respons\u00e1veis pelo Garat\u00e9-L pretendem aproveitar a miss\u00e3o ainda para fazer um trabalho amplo de divulga\u00e7\u00e3o cient\u00edfica e de populariza\u00e7\u00e3o da ci\u00eancia com crian\u00e7as e, em especial, com jovens mulheres.<\/p>\n<p>A apresenta\u00e7\u00e3o p\u00fablica do trabalho ser\u00e1 na noite desta ter\u00e7a-feira (29), na Escola de Engenharia de S\u00e3o Carlos da USP.<\/p>\n<p>&nbsp;<\/p>\n<p><strong>Repercuss\u00e3o: <\/strong><a href=\"https:\/\/blogdobg.com.br\/brasil-lancara-missao-a-lua-ate-2020-para-estudar-vida-no-espaco\/\">Blog do BG<\/a>; <a href=\"https:\/\/www1.folha.uol.com.br\/internacional\/en\/scienceandhealth\/2016\/11\/1836671-brazil-to-launch-its-first-mission-to-the-moon.shtml\">Folha de S.Paulo Internacional<\/a><\/p>\n","protected":false},"excerpt":{"rendered":"<p>Folha de S.Paulo em 29\/11\/2016 LINK:\u00a0https:\/\/www1.folha.uol.com.br\/ciencia\/2016\/11\/1836371-brasil-lancara-missao-a-lua-em-2020-para-realizacao-de-pesquisa-de-ponta.shtml Um time de cientistas de institui\u00e7\u00f5es de ponta do Brasil, com parceria da iniciativa privada, pretende lan\u00e7ar at\u00e9 2020 a primeira miss\u00e3o do pa\u00eds&hellip;<\/p>\n","protected":false},"author":3,"featured_media":0,"comment_status":"closed","ping_status":"closed","sticky":false,"template":"","format":"standard","meta":{"_acf_changed":false,"_jetpack_newsletter_access":"","_jetpack_dont_email_post_to_subs":true,"_jetpack_newsletter_tier_id":0,"_jetpack_memberships_contains_paywalled_content":false,"_jetpack_memberships_contains_paid_content":false,"footnotes":"","_links_to":"","_links_to_target":""},"categories":[1163,12],"tags":[],"class_list":["post-15310","post","type-post","status-publish","format-standard","hentry","category-clipping-cnpem","category-clipping-lnls","category-1163","category-12","description-off"],"acf":[],"yoast_head":"<!-- This site is optimized with the Yoast SEO plugin v27.5 - https:\/\/yoast.com\/product\/yoast-seo-wordpress\/ -->\n<title>Brasil lan\u00e7ar\u00e1 miss\u00e3o \u00e0 Lua at\u00e9 2020 para estudar vida no espa\u00e7o - CNPEM<\/title>\n<meta name=\"robots\" content=\"index, follow, max-snippet:-1, max-image-preview:large, max-video-preview:-1\" \/>\n<link rel=\"canonical\" href=\"https:\/\/cnpem.br\/brasil-lancara-missao-a-lua-ate-2020-para-estudar-vida-no-espaco\/\" \/>\n<meta property=\"og:locale\" content=\"en_US\" \/>\n<meta property=\"og:type\" content=\"article\" \/>\n<meta property=\"og:title\" content=\"Brasil lan\u00e7ar\u00e1 miss\u00e3o \u00e0 Lua at\u00e9 2020 para estudar vida no espa\u00e7o - CNPEM\" \/>\n<meta property=\"og:description\" content=\"Folha de S.Paulo em 29\/11\/2016 LINK:\u00a0https:\/\/www1.folha.uol.com.br\/ciencia\/2016\/11\/1836371-brasil-lancara-missao-a-lua-em-2020-para-realizacao-de-pesquisa-de-ponta.shtml Um time de cientistas de institui\u00e7\u00f5es de ponta do Brasil, com parceria da iniciativa privada, pretende lan\u00e7ar at\u00e9 2020 a primeira miss\u00e3o do pa\u00eds&hellip;\" \/>\n<meta property=\"og:url\" content=\"https:\/\/cnpem.br\/brasil-lancara-missao-a-lua-ate-2020-para-estudar-vida-no-espaco\/\" \/>\n<meta property=\"og:site_name\" content=\"CNPEM\" \/>\n<meta property=\"article:published_time\" content=\"2016-11-30T18:43:08+00:00\" \/>\n<meta property=\"article:modified_time\" content=\"2026-03-02T19:06:14+00:00\" \/>\n<meta name=\"author\" content=\"Gustavo Moreno\" \/>\n<meta name=\"twitter:card\" content=\"summary_large_image\" \/>\n<meta name=\"twitter:label1\" content=\"Written by\" \/>\n\t<meta name=\"twitter:data1\" content=\"Gustavo Moreno\" \/>\n\t<meta name=\"twitter:label2\" content=\"Est. reading time\" \/>\n\t<meta name=\"twitter:data2\" content=\"6 minutes\" \/>\n<script type=\"application\/ld+json\" class=\"yoast-schema-graph\">{\"@context\":\"https:\\\/\\\/schema.org\",\"@graph\":[{\"@type\":\"Article\",\"@id\":\"https:\\\/\\\/cnpem.br\\\/brasil-lancara-missao-a-lua-ate-2020-para-estudar-vida-no-espaco\\\/#article\",\"isPartOf\":{\"@id\":\"https:\\\/\\\/cnpem.br\\\/brasil-lancara-missao-a-lua-ate-2020-para-estudar-vida-no-espaco\\\/\"},\"author\":{\"name\":\"Gustavo Moreno\",\"@id\":\"https:\\\/\\\/cnpem.br\\\/#\\\/schema\\\/person\\\/142f9b4066e599dd651a3b9600c2c0ca\"},\"headline\":\"Brasil lan\u00e7ar\u00e1 miss\u00e3o \u00e0 Lua at\u00e9 2020 para estudar vida no espa\u00e7o\",\"datePublished\":\"2016-11-30T18:43:08+00:00\",\"dateModified\":\"2026-03-02T19:06:14+00:00\",\"mainEntityOfPage\":{\"@id\":\"https:\\\/\\\/cnpem.br\\\/brasil-lancara-missao-a-lua-ate-2020-para-estudar-vida-no-espaco\\\/\"},\"wordCount\":1269,\"articleSection\":[\"CNPEM na M\u00eddia\",\"LNLS na M\u00eddia\"],\"inLanguage\":\"en-US\"},{\"@type\":\"WebPage\",\"@id\":\"https:\\\/\\\/cnpem.br\\\/brasil-lancara-missao-a-lua-ate-2020-para-estudar-vida-no-espaco\\\/\",\"url\":\"https:\\\/\\\/cnpem.br\\\/brasil-lancara-missao-a-lua-ate-2020-para-estudar-vida-no-espaco\\\/\",\"name\":\"Brasil lan\u00e7ar\u00e1 miss\u00e3o \u00e0 Lua at\u00e9 2020 para estudar vida no espa\u00e7o - CNPEM\",\"isPartOf\":{\"@id\":\"https:\\\/\\\/cnpem.br\\\/#website\"},\"datePublished\":\"2016-11-30T18:43:08+00:00\",\"dateModified\":\"2026-03-02T19:06:14+00:00\",\"author\":{\"@id\":\"https:\\\/\\\/cnpem.br\\\/#\\\/schema\\\/person\\\/142f9b4066e599dd651a3b9600c2c0ca\"},\"breadcrumb\":{\"@id\":\"https:\\\/\\\/cnpem.br\\\/brasil-lancara-missao-a-lua-ate-2020-para-estudar-vida-no-espaco\\\/#breadcrumb\"},\"inLanguage\":\"en-US\",\"potentialAction\":[{\"@type\":\"ReadAction\",\"target\":[\"https:\\\/\\\/cnpem.br\\\/brasil-lancara-missao-a-lua-ate-2020-para-estudar-vida-no-espaco\\\/\"]}]},{\"@type\":\"BreadcrumbList\",\"@id\":\"https:\\\/\\\/cnpem.br\\\/brasil-lancara-missao-a-lua-ate-2020-para-estudar-vida-no-espaco\\\/#breadcrumb\",\"itemListElement\":[{\"@type\":\"ListItem\",\"position\":1,\"name\":\"In\u00edcio\",\"item\":\"https:\\\/\\\/cnpem.br\\\/en\\\/\"},{\"@type\":\"ListItem\",\"position\":2,\"name\":\"Brasil lan\u00e7ar\u00e1 miss\u00e3o \u00e0 Lua at\u00e9 2020 para estudar vida no espa\u00e7o\"}]},{\"@type\":\"WebSite\",\"@id\":\"https:\\\/\\\/cnpem.br\\\/#website\",\"url\":\"https:\\\/\\\/cnpem.br\\\/\",\"name\":\"Centro Nacional de Pesquisa em Energia e Materiais\",\"description\":\"Centro Nacional de Pesquisa em Energia e Materiais\",\"alternateName\":\"CNPEM\",\"potentialAction\":[{\"@type\":\"SearchAction\",\"target\":{\"@type\":\"EntryPoint\",\"urlTemplate\":\"https:\\\/\\\/cnpem.br\\\/?s={search_term_string}\"},\"query-input\":{\"@type\":\"PropertyValueSpecification\",\"valueRequired\":true,\"valueName\":\"search_term_string\"}}],\"inLanguage\":\"en-US\"},{\"@type\":\"Person\",\"@id\":\"https:\\\/\\\/cnpem.br\\\/#\\\/schema\\\/person\\\/142f9b4066e599dd651a3b9600c2c0ca\",\"name\":\"Gustavo Moreno\",\"url\":\"\"}]}<\/script>\n<!-- \/ Yoast SEO plugin. -->","yoast_head_json":{"title":"Brasil lan\u00e7ar\u00e1 miss\u00e3o \u00e0 Lua at\u00e9 2020 para estudar vida no espa\u00e7o - CNPEM","robots":{"index":"index","follow":"follow","max-snippet":"max-snippet:-1","max-image-preview":"max-image-preview:large","max-video-preview":"max-video-preview:-1"},"canonical":"https:\/\/cnpem.br\/brasil-lancara-missao-a-lua-ate-2020-para-estudar-vida-no-espaco\/","og_locale":"en_US","og_type":"article","og_title":"Brasil lan\u00e7ar\u00e1 miss\u00e3o \u00e0 Lua at\u00e9 2020 para estudar vida no espa\u00e7o - CNPEM","og_description":"Folha de S.Paulo em 29\/11\/2016 LINK:\u00a0https:\/\/www1.folha.uol.com.br\/ciencia\/2016\/11\/1836371-brasil-lancara-missao-a-lua-em-2020-para-realizacao-de-pesquisa-de-ponta.shtml Um time de cientistas de institui\u00e7\u00f5es de ponta do Brasil, com parceria da iniciativa privada, pretende lan\u00e7ar at\u00e9 2020 a primeira miss\u00e3o do pa\u00eds&hellip;","og_url":"https:\/\/cnpem.br\/brasil-lancara-missao-a-lua-ate-2020-para-estudar-vida-no-espaco\/","og_site_name":"CNPEM","article_published_time":"2016-11-30T18:43:08+00:00","article_modified_time":"2026-03-02T19:06:14+00:00","author":"Gustavo Moreno","twitter_card":"summary_large_image","twitter_misc":{"Written by":"Gustavo Moreno","Est. reading time":"6 minutes"},"schema":{"@context":"https:\/\/schema.org","@graph":[{"@type":"Article","@id":"https:\/\/cnpem.br\/brasil-lancara-missao-a-lua-ate-2020-para-estudar-vida-no-espaco\/#article","isPartOf":{"@id":"https:\/\/cnpem.br\/brasil-lancara-missao-a-lua-ate-2020-para-estudar-vida-no-espaco\/"},"author":{"name":"Gustavo Moreno","@id":"https:\/\/cnpem.br\/#\/schema\/person\/142f9b4066e599dd651a3b9600c2c0ca"},"headline":"Brasil lan\u00e7ar\u00e1 miss\u00e3o \u00e0 Lua at\u00e9 2020 para estudar vida no espa\u00e7o","datePublished":"2016-11-30T18:43:08+00:00","dateModified":"2026-03-02T19:06:14+00:00","mainEntityOfPage":{"@id":"https:\/\/cnpem.br\/brasil-lancara-missao-a-lua-ate-2020-para-estudar-vida-no-espaco\/"},"wordCount":1269,"articleSection":["CNPEM na M\u00eddia","LNLS na M\u00eddia"],"inLanguage":"en-US"},{"@type":"WebPage","@id":"https:\/\/cnpem.br\/brasil-lancara-missao-a-lua-ate-2020-para-estudar-vida-no-espaco\/","url":"https:\/\/cnpem.br\/brasil-lancara-missao-a-lua-ate-2020-para-estudar-vida-no-espaco\/","name":"Brasil lan\u00e7ar\u00e1 miss\u00e3o \u00e0 Lua at\u00e9 2020 para estudar vida no espa\u00e7o - CNPEM","isPartOf":{"@id":"https:\/\/cnpem.br\/#website"},"datePublished":"2016-11-30T18:43:08+00:00","dateModified":"2026-03-02T19:06:14+00:00","author":{"@id":"https:\/\/cnpem.br\/#\/schema\/person\/142f9b4066e599dd651a3b9600c2c0ca"},"breadcrumb":{"@id":"https:\/\/cnpem.br\/brasil-lancara-missao-a-lua-ate-2020-para-estudar-vida-no-espaco\/#breadcrumb"},"inLanguage":"en-US","potentialAction":[{"@type":"ReadAction","target":["https:\/\/cnpem.br\/brasil-lancara-missao-a-lua-ate-2020-para-estudar-vida-no-espaco\/"]}]},{"@type":"BreadcrumbList","@id":"https:\/\/cnpem.br\/brasil-lancara-missao-a-lua-ate-2020-para-estudar-vida-no-espaco\/#breadcrumb","itemListElement":[{"@type":"ListItem","position":1,"name":"In\u00edcio","item":"https:\/\/cnpem.br\/en\/"},{"@type":"ListItem","position":2,"name":"Brasil lan\u00e7ar\u00e1 miss\u00e3o \u00e0 Lua at\u00e9 2020 para estudar vida no espa\u00e7o"}]},{"@type":"WebSite","@id":"https:\/\/cnpem.br\/#website","url":"https:\/\/cnpem.br\/","name":"Centro Nacional de Pesquisa em Energia e Materiais","description":"Centro Nacional de Pesquisa em Energia e Materiais","alternateName":"CNPEM","potentialAction":[{"@type":"SearchAction","target":{"@type":"EntryPoint","urlTemplate":"https:\/\/cnpem.br\/?s={search_term_string}"},"query-input":{"@type":"PropertyValueSpecification","valueRequired":true,"valueName":"search_term_string"}}],"inLanguage":"en-US"},{"@type":"Person","@id":"https:\/\/cnpem.br\/#\/schema\/person\/142f9b4066e599dd651a3b9600c2c0ca","name":"Gustavo Moreno","url":""}]}},"jetpack_featured_media_url":"","jetpack_sharing_enabled":true,"jetpack_shortlink":"https:\/\/wp.me\/per0Mi-3YW","_links":{"self":[{"href":"https:\/\/cnpem.br\/en\/wp-json\/wp\/v2\/posts\/15310","targetHints":{"allow":["GET"]}}],"collection":[{"href":"https:\/\/cnpem.br\/en\/wp-json\/wp\/v2\/posts"}],"about":[{"href":"https:\/\/cnpem.br\/en\/wp-json\/wp\/v2\/types\/post"}],"author":[{"embeddable":true,"href":"https:\/\/cnpem.br\/en\/wp-json\/wp\/v2\/users\/3"}],"replies":[{"embeddable":true,"href":"https:\/\/cnpem.br\/en\/wp-json\/wp\/v2\/comments?post=15310"}],"version-history":[{"count":0,"href":"https:\/\/cnpem.br\/en\/wp-json\/wp\/v2\/posts\/15310\/revisions"}],"wp:attachment":[{"href":"https:\/\/cnpem.br\/en\/wp-json\/wp\/v2\/media?parent=15310"}],"wp:term":[{"taxonomy":"category","embeddable":true,"href":"https:\/\/cnpem.br\/en\/wp-json\/wp\/v2\/categories?post=15310"},{"taxonomy":"post_tag","embeddable":true,"href":"https:\/\/cnpem.br\/en\/wp-json\/wp\/v2\/tags?post=15310"}],"curies":[{"name":"wp","href":"https:\/\/api.w.org\/{rel}","templated":true}]}}