{"id":15297,"date":"2016-11-30T12:21:20","date_gmt":"2016-11-30T12:21:20","guid":{"rendered":"https:\/\/cnpem.staging.wpengine.com\/?p=15297"},"modified":"2026-03-12T11:36:34","modified_gmt":"2026-03-12T14:36:34","slug":"programa-bolsas-de-verao-do-cnpem-bate-recorde-de-inscricoes-de-estudantes-da-america-latina","status":"publish","type":"post","link":"https:\/\/cnpem.br\/en\/programa-bolsas-de-verao-do-cnpem-bate-recorde-de-inscricoes-de-estudantes-da-america-latina\/","title":{"rendered":"Programa Bolsas de Ver\u00e3o do CNPEM bate recorde de inscri\u00e7\u00f5es de estudantes da Am\u00e9rica Latina"},"content":{"rendered":"<p><em>UFVJM em 25\/11\/2016<\/em><\/p>\n<p><strong>LINK: \u00a0<\/strong><a href=\"https:\/\/www.ufvjm.edu.br\/dri\/noticias\/2197-2016-11-24-10-54-26.html\">https:\/\/www.ufvjm.edu.br\/dri\/noticias\/2197-2016-11-24-10-54-26.html<\/a><\/p>\n<p>O 26\u00ba Programa Bolsas de Ver\u00e3o, realizado pelo Centro Nacional de Pesquisa em Energia e Materiais (CNPEM), recebeu 832 inscri\u00e7\u00f5es de estudantes de gradua\u00e7\u00e3o universit\u00e1ria, matriculados em cursos de \u00e1reas das Ci\u00eancias da Vida e Ci\u00eancias Exatas de institui\u00e7\u00f5es de ensino localizadas em pa\u00edses da Am\u00e9rica Latina e Caribe. Foram 295, originadas de pa\u00edses como Argentina, Costa Rica, M\u00e9xico, Peru, Guatemala e Col\u00f4mbia. Do Brasil as candidaturas s\u00e3o oriundas de 22 estados mais o Distrito Federal. S\u00e3o 537 estudantes que almejam a chance de participar do Programa, que ser\u00e1 realizado em janeiro e fevereiro de 2017.<\/p>\n<p>Consulte a <a href=\"https:\/\/cnpem.staging.wpengine.com\/programa-bolsas-de-verao-bate-recorde-de-inscricoes\/\" target=\"_blank\" rel=\"noopener\">not\u00edcia completa no site do CNPEM<\/a> e conhe\u00e7a mais sobre os cursos de ver\u00e3o, que s\u00e3o oferecidos desde 1992, para desenvolvimento de tecnologias nas \u00e1reas de energia e materiais.<\/p>\n","protected":false},"excerpt":{"rendered":"<p>UFVJM em 25\/11\/2016 LINK: \u00a0https:\/\/www.ufvjm.edu.br\/dri\/noticias\/2197-2016-11-24-10-54-26.html O 26\u00ba Programa Bolsas de Ver\u00e3o, realizado pelo Centro Nacional de Pesquisa em Energia e Materiais (CNPEM), recebeu 832 inscri\u00e7\u00f5es de estudantes de gradua\u00e7\u00e3o universit\u00e1ria,&hellip;<\/p>\n","protected":false},"author":3,"featured_media":0,"comment_status":"closed","ping_status":"closed","sticky":false,"template":"","format":"standard","meta":{"_acf_changed":false,"_jetpack_newsletter_access":"","_jetpack_dont_email_post_to_subs":false,"_jetpack_newsletter_tier_id":0,"_jetpack_memberships_contains_paywalled_content":false,"_jetpack_memberships_contains_paid_content":false,"footnotes":"","_links_to":"","_links_to_target":""},"categories":[1163,4],"tags":[],"class_list":["post-15297","post","type-post","status-publish","format-standard","hentry","category-clipping-cnpem","category-oportunidades","category-1163","category-4","description-off"],"acf":[],"yoast_head":"<!-- This site is optimized with the Yoast SEO plugin v27.4 - https:\/\/yoast.com\/product\/yoast-seo-wordpress\/ -->\n<title>Programa Bolsas de Ver\u00e3o do CNPEM bate recorde de inscri\u00e7\u00f5es de estudantes da Am\u00e9rica Latina - CNPEM<\/title>\n<meta name=\"robots\" content=\"index, follow, max-snippet:-1, max-image-preview:large, max-video-preview:-1\" \/>\n<link rel=\"canonical\" href=\"https:\/\/cnpem.br\/programa-bolsas-de-verao-do-cnpem-bate-recorde-de-inscricoes-de-estudantes-da-america-latina\/\" \/>\n<meta property=\"og:locale\" content=\"en_US\" \/>\n<meta property=\"og:type\" content=\"article\" \/>\n<meta property=\"og:title\" content=\"Programa Bolsas de Ver\u00e3o do CNPEM bate recorde de inscri\u00e7\u00f5es de estudantes da Am\u00e9rica Latina - CNPEM\" \/>\n<meta property=\"og:description\" content=\"UFVJM em 25\/11\/2016 LINK: \u00a0https:\/\/www.ufvjm.edu.br\/dri\/noticias\/2197-2016-11-24-10-54-26.html O 26\u00ba Programa Bolsas de Ver\u00e3o, realizado pelo Centro Nacional de Pesquisa em Energia e Materiais (CNPEM), recebeu 832 inscri\u00e7\u00f5es de estudantes de gradua\u00e7\u00e3o universit\u00e1ria,&hellip;\" \/>\n<meta property=\"og:url\" content=\"https:\/\/cnpem.br\/programa-bolsas-de-verao-do-cnpem-bate-recorde-de-inscricoes-de-estudantes-da-america-latina\/\" \/>\n<meta property=\"og:site_name\" content=\"CNPEM\" \/>\n<meta property=\"article:published_time\" content=\"2016-11-30T12:21:20+00:00\" \/>\n<meta property=\"article:modified_time\" content=\"2026-03-12T14:36:34+00:00\" \/>\n<meta name=\"author\" content=\"Gustavo Moreno\" \/>\n<meta name=\"twitter:card\" content=\"summary_large_image\" \/>\n<meta name=\"twitter:label1\" content=\"Written by\" \/>\n\t<meta name=\"twitter:data1\" content=\"Gustavo Moreno\" \/>\n\t<meta name=\"twitter:label2\" content=\"Est. reading time\" \/>\n\t<meta name=\"twitter:data2\" content=\"1 minute\" \/>\n<script type=\"application\/ld+json\" class=\"yoast-schema-graph\">{\"@context\":\"https:\\\/\\\/schema.org\",\"@graph\":[{\"@type\":\"Article\",\"@id\":\"https:\\\/\\\/cnpem.br\\\/programa-bolsas-de-verao-do-cnpem-bate-recorde-de-inscricoes-de-estudantes-da-america-latina\\\/#article\",\"isPartOf\":{\"@id\":\"https:\\\/\\\/cnpem.br\\\/programa-bolsas-de-verao-do-cnpem-bate-recorde-de-inscricoes-de-estudantes-da-america-latina\\\/\"},\"author\":{\"name\":\"Gustavo Moreno\",\"@id\":\"https:\\\/\\\/cnpem.br\\\/#\\\/schema\\\/person\\\/142f9b4066e599dd651a3b9600c2c0ca\"},\"headline\":\"Programa Bolsas de Ver\u00e3o do CNPEM bate recorde de inscri\u00e7\u00f5es de estudantes da Am\u00e9rica Latina\",\"datePublished\":\"2016-11-30T12:21:20+00:00\",\"dateModified\":\"2026-03-12T14:36:34+00:00\",\"mainEntityOfPage\":{\"@id\":\"https:\\\/\\\/cnpem.br\\\/programa-bolsas-de-verao-do-cnpem-bate-recorde-de-inscricoes-de-estudantes-da-america-latina\\\/\"},\"wordCount\":173,\"articleSection\":[\"CNPEM na M\u00eddia\",\"Oportunidades\"],\"inLanguage\":\"en-US\"},{\"@type\":\"WebPage\",\"@id\":\"https:\\\/\\\/cnpem.br\\\/programa-bolsas-de-verao-do-cnpem-bate-recorde-de-inscricoes-de-estudantes-da-america-latina\\\/\",\"url\":\"https:\\\/\\\/cnpem.br\\\/programa-bolsas-de-verao-do-cnpem-bate-recorde-de-inscricoes-de-estudantes-da-america-latina\\\/\",\"name\":\"Programa Bolsas de Ver\u00e3o do CNPEM bate recorde de inscri\u00e7\u00f5es de estudantes da Am\u00e9rica Latina - CNPEM\",\"isPartOf\":{\"@id\":\"https:\\\/\\\/cnpem.br\\\/#website\"},\"datePublished\":\"2016-11-30T12:21:20+00:00\",\"dateModified\":\"2026-03-12T14:36:34+00:00\",\"author\":{\"@id\":\"https:\\\/\\\/cnpem.br\\\/#\\\/schema\\\/person\\\/142f9b4066e599dd651a3b9600c2c0ca\"},\"breadcrumb\":{\"@id\":\"https:\\\/\\\/cnpem.br\\\/programa-bolsas-de-verao-do-cnpem-bate-recorde-de-inscricoes-de-estudantes-da-america-latina\\\/#breadcrumb\"},\"inLanguage\":\"en-US\",\"potentialAction\":[{\"@type\":\"ReadAction\",\"target\":[\"https:\\\/\\\/cnpem.br\\\/programa-bolsas-de-verao-do-cnpem-bate-recorde-de-inscricoes-de-estudantes-da-america-latina\\\/\"]}]},{\"@type\":\"BreadcrumbList\",\"@id\":\"https:\\\/\\\/cnpem.br\\\/programa-bolsas-de-verao-do-cnpem-bate-recorde-de-inscricoes-de-estudantes-da-america-latina\\\/#breadcrumb\",\"itemListElement\":[{\"@type\":\"ListItem\",\"position\":1,\"name\":\"In\u00edcio\",\"item\":\"https:\\\/\\\/cnpem.br\\\/en\\\/\"},{\"@type\":\"ListItem\",\"position\":2,\"name\":\"Programa Bolsas de Ver\u00e3o do CNPEM bate recorde de inscri\u00e7\u00f5es de estudantes da Am\u00e9rica Latina\"}]},{\"@type\":\"WebSite\",\"@id\":\"https:\\\/\\\/cnpem.br\\\/#website\",\"url\":\"https:\\\/\\\/cnpem.br\\\/\",\"name\":\"Centro Nacional de Pesquisa em Energia e Materiais\",\"description\":\"Centro Nacional de Pesquisa em Energia e Materiais\",\"alternateName\":\"CNPEM\",\"potentialAction\":[{\"@type\":\"SearchAction\",\"target\":{\"@type\":\"EntryPoint\",\"urlTemplate\":\"https:\\\/\\\/cnpem.br\\\/?s={search_term_string}\"},\"query-input\":{\"@type\":\"PropertyValueSpecification\",\"valueRequired\":true,\"valueName\":\"search_term_string\"}}],\"inLanguage\":\"en-US\"},{\"@type\":\"Person\",\"@id\":\"https:\\\/\\\/cnpem.br\\\/#\\\/schema\\\/person\\\/142f9b4066e599dd651a3b9600c2c0ca\",\"name\":\"Gustavo Moreno\",\"url\":\"\"}]}<\/script>\n<!-- \/ Yoast SEO plugin. -->","yoast_head_json":{"title":"Programa Bolsas de Ver\u00e3o do CNPEM bate recorde de inscri\u00e7\u00f5es de estudantes da Am\u00e9rica Latina - CNPEM","robots":{"index":"index","follow":"follow","max-snippet":"max-snippet:-1","max-image-preview":"max-image-preview:large","max-video-preview":"max-video-preview:-1"},"canonical":"https:\/\/cnpem.br\/programa-bolsas-de-verao-do-cnpem-bate-recorde-de-inscricoes-de-estudantes-da-america-latina\/","og_locale":"en_US","og_type":"article","og_title":"Programa Bolsas de Ver\u00e3o do CNPEM bate recorde de inscri\u00e7\u00f5es de estudantes da Am\u00e9rica Latina - CNPEM","og_description":"UFVJM em 25\/11\/2016 LINK: \u00a0https:\/\/www.ufvjm.edu.br\/dri\/noticias\/2197-2016-11-24-10-54-26.html O 26\u00ba Programa Bolsas de Ver\u00e3o, realizado pelo Centro Nacional de Pesquisa em Energia e Materiais (CNPEM), recebeu 832 inscri\u00e7\u00f5es de estudantes de gradua\u00e7\u00e3o universit\u00e1ria,&hellip;","og_url":"https:\/\/cnpem.br\/programa-bolsas-de-verao-do-cnpem-bate-recorde-de-inscricoes-de-estudantes-da-america-latina\/","og_site_name":"CNPEM","article_published_time":"2016-11-30T12:21:20+00:00","article_modified_time":"2026-03-12T14:36:34+00:00","author":"Gustavo Moreno","twitter_card":"summary_large_image","twitter_misc":{"Written by":"Gustavo Moreno","Est. reading time":"1 minute"},"schema":{"@context":"https:\/\/schema.org","@graph":[{"@type":"Article","@id":"https:\/\/cnpem.br\/programa-bolsas-de-verao-do-cnpem-bate-recorde-de-inscricoes-de-estudantes-da-america-latina\/#article","isPartOf":{"@id":"https:\/\/cnpem.br\/programa-bolsas-de-verao-do-cnpem-bate-recorde-de-inscricoes-de-estudantes-da-america-latina\/"},"author":{"name":"Gustavo Moreno","@id":"https:\/\/cnpem.br\/#\/schema\/person\/142f9b4066e599dd651a3b9600c2c0ca"},"headline":"Programa Bolsas de Ver\u00e3o do CNPEM bate recorde de inscri\u00e7\u00f5es de estudantes da Am\u00e9rica Latina","datePublished":"2016-11-30T12:21:20+00:00","dateModified":"2026-03-12T14:36:34+00:00","mainEntityOfPage":{"@id":"https:\/\/cnpem.br\/programa-bolsas-de-verao-do-cnpem-bate-recorde-de-inscricoes-de-estudantes-da-america-latina\/"},"wordCount":173,"articleSection":["CNPEM na M\u00eddia","Oportunidades"],"inLanguage":"en-US"},{"@type":"WebPage","@id":"https:\/\/cnpem.br\/programa-bolsas-de-verao-do-cnpem-bate-recorde-de-inscricoes-de-estudantes-da-america-latina\/","url":"https:\/\/cnpem.br\/programa-bolsas-de-verao-do-cnpem-bate-recorde-de-inscricoes-de-estudantes-da-america-latina\/","name":"Programa Bolsas de Ver\u00e3o do CNPEM bate recorde de inscri\u00e7\u00f5es de estudantes da Am\u00e9rica Latina - CNPEM","isPartOf":{"@id":"https:\/\/cnpem.br\/#website"},"datePublished":"2016-11-30T12:21:20+00:00","dateModified":"2026-03-12T14:36:34+00:00","author":{"@id":"https:\/\/cnpem.br\/#\/schema\/person\/142f9b4066e599dd651a3b9600c2c0ca"},"breadcrumb":{"@id":"https:\/\/cnpem.br\/programa-bolsas-de-verao-do-cnpem-bate-recorde-de-inscricoes-de-estudantes-da-america-latina\/#breadcrumb"},"inLanguage":"en-US","potentialAction":[{"@type":"ReadAction","target":["https:\/\/cnpem.br\/programa-bolsas-de-verao-do-cnpem-bate-recorde-de-inscricoes-de-estudantes-da-america-latina\/"]}]},{"@type":"BreadcrumbList","@id":"https:\/\/cnpem.br\/programa-bolsas-de-verao-do-cnpem-bate-recorde-de-inscricoes-de-estudantes-da-america-latina\/#breadcrumb","itemListElement":[{"@type":"ListItem","position":1,"name":"In\u00edcio","item":"https:\/\/cnpem.br\/en\/"},{"@type":"ListItem","position":2,"name":"Programa Bolsas de Ver\u00e3o do CNPEM bate recorde de inscri\u00e7\u00f5es de estudantes da Am\u00e9rica Latina"}]},{"@type":"WebSite","@id":"https:\/\/cnpem.br\/#website","url":"https:\/\/cnpem.br\/","name":"Centro Nacional de Pesquisa em Energia e Materiais","description":"Centro Nacional de Pesquisa em Energia e Materiais","alternateName":"CNPEM","potentialAction":[{"@type":"SearchAction","target":{"@type":"EntryPoint","urlTemplate":"https:\/\/cnpem.br\/?s={search_term_string}"},"query-input":{"@type":"PropertyValueSpecification","valueRequired":true,"valueName":"search_term_string"}}],"inLanguage":"en-US"},{"@type":"Person","@id":"https:\/\/cnpem.br\/#\/schema\/person\/142f9b4066e599dd651a3b9600c2c0ca","name":"Gustavo Moreno","url":""}]}},"jetpack_featured_media_url":"","jetpack_sharing_enabled":true,"jetpack_shortlink":"https:\/\/wp.me\/per0Mi-3YJ","_links":{"self":[{"href":"https:\/\/cnpem.br\/en\/wp-json\/wp\/v2\/posts\/15297","targetHints":{"allow":["GET"]}}],"collection":[{"href":"https:\/\/cnpem.br\/en\/wp-json\/wp\/v2\/posts"}],"about":[{"href":"https:\/\/cnpem.br\/en\/wp-json\/wp\/v2\/types\/post"}],"author":[{"embeddable":true,"href":"https:\/\/cnpem.br\/en\/wp-json\/wp\/v2\/users\/3"}],"replies":[{"embeddable":true,"href":"https:\/\/cnpem.br\/en\/wp-json\/wp\/v2\/comments?post=15297"}],"version-history":[{"count":0,"href":"https:\/\/cnpem.br\/en\/wp-json\/wp\/v2\/posts\/15297\/revisions"}],"wp:attachment":[{"href":"https:\/\/cnpem.br\/en\/wp-json\/wp\/v2\/media?parent=15297"}],"wp:term":[{"taxonomy":"category","embeddable":true,"href":"https:\/\/cnpem.br\/en\/wp-json\/wp\/v2\/categories?post=15297"},{"taxonomy":"post_tag","embeddable":true,"href":"https:\/\/cnpem.br\/en\/wp-json\/wp\/v2\/tags?post=15297"}],"curies":[{"name":"wp","href":"https:\/\/api.w.org\/{rel}","templated":true}]}}