{"id":15056,"date":"2016-10-06T15:11:41","date_gmt":"2016-10-06T15:11:41","guid":{"rendered":"https:\/\/cnpem.staging.wpengine.com\/?p=15056"},"modified":"2022-01-21T15:53:03","modified_gmt":"2022-01-21T18:53:03","slug":"nobel-da-quimica-vai-para-as-menores-maquinas-do-mundo","status":"publish","type":"post","link":"https:\/\/cnpem.br\/en\/nobel-da-quimica-vai-para-as-menores-maquinas-do-mundo\/","title":{"rendered":"Nobel da Qu\u00edmica vai para as menores m\u00e1quinas do mundo"},"content":{"rendered":"<p style=\"text-align: justify;\"><a href=\"https:\/\/ciencia.estadao.com.br\/noticias\/geral,nobel-da-quimica-vai-para-as-menores-maquinas-do-mundo,10000080278\" target=\"_blank\" rel=\"noopener\">O Estado de S. Paulo<\/a>, 05\/08\/2016<\/p>\n<p style=\"text-align: justify;\"><em>Tr\u00eas cientistas da Fran\u00e7a, da Esc\u00f3cia e da Holanda, foram laureados por produzir m\u00e1quinas moleculares como min\u00fasculos elevadores e motores em escala nanom\u00e9trica, mil vezes menores que a espessura de um fio de cabelo<\/em><\/p>\n<p style=\"text-align: justify;\">O Pr\u00eamio Nobel da Qu\u00edmica de 2016 foi concedido nesta quarta-feira, 5, aos pesquisadores Jean-Pierre Sauvage, da Fran\u00e7a, Sir James Fraser Stoddart, da Esc\u00f3cia e Bernard Feringa, da Holanda, por seus trabalhos no design e s\u00edntese de m\u00e1quinas moleculares.<\/p>\n<p style=\"text-align: justify;\">Os cientistas desenvolveram mol\u00e9culas com movimentos control\u00e1veis, que podem realizar tarefas quando recebem energia. As m\u00e1quinas moleculares, que incluem min\u00fasculos elevadores e motores, t\u00eam escala nanom\u00e9trica, ou seja, s\u00e3o mais de mil vezes menores que a espessura de um fio de cabelo.<\/p>\n<p style=\"text-align: justify;\">O an\u00fancio foi feito nesta quarta-feira, 4, pela organiza\u00e7\u00e3o que concede o pr\u00eamio, o Instituto Karolinska, na Su\u00e9cia. &#8220;O desenvolvimento da computa\u00e7\u00e3o demonstra como a miniaturiza\u00e7\u00e3o da tecnologia pode levar a uma revolu\u00e7\u00e3o. Os laureados com o Nobel de Qu\u00edmica de 2016 miniaturizaram m\u00e1quinas e levaram a qu\u00edmica a uma nova dimens\u00e3o&#8221;, declarou o comit\u00ea do Nobel, em um comunicado.<\/p>\n<p style=\"text-align: justify;\">&#8220;As m\u00e1quinas moleculares provavelmente ser\u00e3o usadas no desenvolvimento de coisas como novos materiais, sensores e sistemas de armazenamento de energia&#8221;, disse a academia sueca.<\/p>\n<div class=\"mm_conteudo foto loaded\" style=\"text-align: justify;\" data-config=\"{&quot;tipo&quot;:&quot;FOTO&quot;,&quot;id&quot;:&quot;642014&quot;,&quot;provider&quot;:&quot;AGILE&quot;}\">\n<div class=\"imagem-noticia modulo-noticia\">\n<figure class=\"foto-noticia\"><figcaption>Foto: Instituto Karolinska<\/figcaption><img data-recalc-dims=\"1\" decoding=\"async\" src=\"https:\/\/i0.wp.com\/img.estadao.com.br\/resources\/jpg\/2\/6\/1475662439562.jpg?w=1200&#038;ssl=1\" alt=\"Nobel\" \/><\/p>\n<p class=\"desc\">O Pr\u00eamio Nobel da Qu\u00edmica de 2016 foi concedido nesta quarta-feira aos pesquisadores Jean-Pierre Sauvage, da Fran\u00e7a, Sir James Fraser Stoddart, da Esc\u00f3cia e Bernard Feringa, da Holanda, por seus trabalhos no design e s\u00edntese de m\u00e1quinas moleculares.<\/p>\n<\/figure>\n<\/div>\n<\/div>\n<p style=\"text-align: justify;\">Sauvage, nascido em 1944, atua na Universidade de Estrasburgo, na Fran\u00e7a, e \u00e9 diretor em\u00e9rito de pesquisa do Centro Nacional de Pesquisa Cient\u00edfica (CNRS, na sigla em franc\u00eas) no mesmo pa\u00eds. Stoddart, nascido em 1942, leciona qu\u00edmica na Universidade Northwestern, em Illinois (Estados Unidos). Feringa, nascido em 1951, \u00e9 professor de qu\u00edmica org\u00e2nica na Universidade de Groningen, na Holanda.<\/p>\n<p style=\"text-align: justify;\">O primeiro passo para as m\u00e1quinas moleculares foi dado em 1983, por Sauvage, que conseguiu ligar mol\u00e9culas em forma de an\u00e9is para formar uma corrente. O segundo passo foi dado em 1991, por Stoddart, que conseguiu fazer com que uma mol\u00e9cula se movimentasse controladamente ao longo de um eixo. Em 1999, Feringa foi a primeira pessoa a desenvolver um motor molecular.<\/p>\n<p style=\"text-align: justify;\"><strong>Primeira &#8220;pe\u00e7a&#8221;. <\/strong>A corrente formada por mol\u00e9culas em forma de an\u00e9is, criada por Sauvage, foi batizada de catenano. Normalmente, as mol\u00e9culas s\u00e3o unidas por fortes liga\u00e7\u00f5es covalentes nas quais os \u00e1tomos de cada uma delas compartilham el\u00e9trons entre si. Mas, na corrente de Sauvage, as mol\u00e9culas ficam livres, ligadas apenas mecanicamente.<\/p>\n<p style=\"text-align: justify;\">Para realizar o feito, o franc\u00eas usou o conhecimento de sua \u00e1rea de pesquisa, a fotoqu\u00edmica, que permite aos cientistas desenvolver complexos moleculares capazes de capturar energia do sol para ativar rea\u00e7\u00f5es qu\u00edmicas.<\/p>\n<p style=\"text-align: justify;\">Em um desses complexos fotoqu\u00edmicos, ele percebeu que duas mol\u00e9culas ficavam entrela\u00e7adas em torno de um \u00edon de cobre. O cientista usou o \u00edon de cobre para manter juntas uma mol\u00e9cula em forma de anel e outra semicircular.<\/p>\n<p style=\"text-align: justify;\">Em uma segunda etapa, ligou uma terceira mol\u00e9cula semicircular ao conjunto e conseguiu produzir dois an\u00e9is entrela\u00e7ados, sem liga\u00e7\u00e3o qu\u00edmica entre si, permitindo a constru\u00e7\u00e3o da catenano. Era o primeiro passo para a cria\u00e7\u00e3o das m\u00e1quinas moleculares.<\/p>\n<p style=\"text-align: justify;\">Para que uma m\u00e1quina seja capaz de realizar uma tarefa, ela deve ser composta de partes que possam se mover em rela\u00e7\u00e3o \u00e0s outras. Os dois an\u00e9is entrela\u00e7ados preenchiam exatamente essa exig\u00eancia.<\/p>\n<p style=\"text-align: justify;\"><strong>Controle dos movimentos. <\/strong>Com base nos estudos de Sauvage, Stoddart desenvolveu a primeira m\u00e1quina molecular de fato. Ele conseguiu enfiar uma mol\u00e9cula em forma de anel em um eixo molecular ao longo do qual ela se move controladamente.<\/p>\n<p style=\"text-align: justify;\">O eixo do min\u00fasculo dispositivo tem dois trechos com maior concentra\u00e7\u00e3o de el\u00e9trons. Quando se adiciona calor ao sistema, o anel salta alternadamente entre as \u00e1reas do eixo mais ricas em el\u00e9trons, permitindo o controle do movimento. O mecanismo foi batizado de rotaxano.<\/p>\n<p style=\"text-align: justify;\">O grupo de pesquisa de Stoddart combinou v\u00e1rias rotaxanas, produzindo mecanismos cada vez mais complexos. Em 2004, eles criaram um nano-elevador que sobe 0,7 nan\u00f4metros. Em 2005, a equipe de Sauvage usou o rotaxano de Stoddart para criar um &#8220;m\u00fasculo&#8221; artificial: os rotaxanos dobram uma fin\u00edssima l\u00e2mina de ouro, fazendo o sistema esticar e contrair.<\/p>\n<p style=\"text-align: justify;\">Fraser e Stoddart tamb\u00e9m desenvolveram um chip de computador com mem\u00f3ria de 20 kB, baseado em rotaxanos. Um chip convencional de computador, embora muito pequeno, \u00e9 gigantesco em compara\u00e7\u00e3o ao chip molecular. Os cientistas acreditam que esse tipo de chip poder\u00e1 revolucionar a tecnologia computacional.<\/p>\n<p style=\"text-align: justify;\">Depois da cria\u00e7\u00e3o desses pequenos mecanismos em escala nanom\u00e9trica, Feringa conseguiu produzir um motor molecular que transforma energia ultravioleta em energia mec\u00e2nica, girando sempre na mesma dire\u00e7\u00e3o.<\/p>\n<p style=\"text-align: justify;\">Mais tarde, ele demonstrou as possibilidades da descoberta usando o motor molecular para girar um cilindro de vidro 10 mil vezes maior que o motor. Feringa tamb\u00e9m criou, em 2011, um &#8220;nanocarro&#8221;: um chassi molecular unia quatro motores que funcionam como quatro rodas, fazendo o &#8220;ve\u00edculo&#8221; se mover.<\/p>\n<p style=\"text-align: justify;\"><strong>Caixa de ferramentas. <\/strong>De acordo com o comit\u00ea do Nobel, os trabalhos de Sauvage, Stoddart e Feringa no desenvolvimento de m\u00e1quinas moleculares &#8220;resultou em uma caixa de ferramentas de estruturas qu\u00edmicas que tem sido usada por cientistas de todo o mundo para construir mecanismos cada vez mais avan\u00e7ados.&#8221;<\/p>\n<p style=\"text-align: justify;\">Um exemplo desses mecanismos \u00e9 um rob\u00f4 molecular que consegue agarrar e conectar amino\u00e1cidos, criado em 2013 com base em rotaxanos.<\/p>\n<p style=\"text-align: justify;\">Outros pesquisadores conectaram motores moleculares a longas cadeias de pol\u00edmeros, resultando em uma teia intrincada. Quando os motores moleculares s\u00e3o expostos \u00e0 luz, eles &#8220;enrolam&#8221; os pol\u00edmeros em um confuso amontoado, fazendo com que a energia da luz fique armazenada nas mol\u00e9culas. Se os cientistas descobrirem uma t\u00e9cnica para recuperar essa energia, um novo tipo de bateria poderia ser desenvolvido.<\/p>\n<p style=\"text-align: justify;\">Em termos de desenvolvimento, o motor molecular est\u00e1 agora no mesmo est\u00e1gio do motor el\u00e9trico em 1830, quando os cientistas exibiam orgulhosamente em seus laborat\u00f3rios manivelas e rodas que giravam. Eles ainda n\u00e3o tinham, no entanto, nenhuma ideia de que sua descoberta levaria aos trens el\u00e9tricos, m\u00e1quinas de lavar roupa, ventiladores, processadores de alimentos e outros eletrodom\u00e9sticos.<\/p>\n<p style=\"text-align: justify;\"><strong>Infinitas perspectivas. <\/strong>De acordo com o diretor do Laborat\u00f3rio Nacional de Nanotecnologia (LNNano), em Campinas, Marcelo Knobel, o Pr\u00eamio Nobel de Qu\u00edmica ficou em boas m\u00e3os. &#8220;Foi muito merecido. Os estudos desses pesquisadores abrem infinitas perspectivas para a ci\u00eancia e a tecnologia. \u00c0s vezes temos at\u00e9 dificuldade para imaginar quantas aplica\u00e7\u00f5es poder\u00e3o surgir&#8221;, disse Knobel ao Estado.<\/p>\n<p style=\"text-align: justify;\">Segundo ele, as perspectivas abertas pelo trabalho dos tr\u00eas pesquisadores est\u00e3o ainda em est\u00e1gio preliminar, mas sua grande contribui\u00e7\u00e3o \u00e9 aquilo que os cientistas chamam de &#8220;prova de conceito&#8221;.<\/p>\n<p style=\"text-align: justify;\">&#8220;Esses pesquisadores mostraram que \u00e9 poss\u00edvel criar nano-m\u00e1quinas e nano-motores. E que \u00e9 poss\u00edvel reproduzir coisas que existem no mundo macrosc\u00f3pico em escala nanom\u00e9trica, por meio da manipula\u00e7\u00e3o de mol\u00e9culas e \u00e1tomos de maneira que era impens\u00e1vel tempos atr\u00e1s. Ainda vamos desenvolver aplica\u00e7\u00f5es espec\u00edficas, mas agora j\u00e1 sabemos que podemos controlar dispositivos nessa escala&#8221;, afirmou.<\/p>\n<p style=\"text-align: justify;\"><strong>Computa\u00e7\u00e3o molecular.<\/strong> Especialista em nanoci\u00eancia, o qu\u00edmico Henrique Toma, do Instituto de Qu\u00edmica da Universidade de S\u00e3o Paulo (USP) afirma que o ponto mais importante do trabalho dos tr\u00eas cientistas laureados pelo Nobel \u00e9 o fato de abrir portas para a eletr\u00f4nica molecular.<\/p>\n<p style=\"text-align: justify;\">&#8220;Hoje, toda nossa eletr\u00f4nica \u00e9 feita com chips de sil\u00edcio. Cada vez que o chip memoriza o &#8216;um&#8217; ou o &#8216;zero&#8217;, ele movimenta um bilh\u00e3o de \u00e1tomos. A eletr\u00f4nica molecular far\u00e1 isso com uma d\u00fazia de \u00e1tomos. Essa nova eletr\u00f4nica ser\u00e1 sucessora da atual e dever\u00e1 ser mais parecida com a eletr\u00f4nica neuronal, isto \u00e9, com o funcionamento dos nossos c\u00e9rebros&#8221;, explicou Toma.<\/p>\n<p style=\"text-align: justify;\">Toma explica que a nanoci\u00eancia procura fazer com que o ca\u00f3tico universo das intera\u00e7\u00f5es qu\u00edmicas e at\u00f4micas seja organizado, dispondo as mol\u00e9culas alinhadas de uma maneira estrat\u00e9gica para que possam atuar como uma propriedade espec\u00edfica, criando mol\u00e9culas inteligentes capazes de realizar tarefas espec\u00edficas como fazem as mol\u00e9culas dos organismos vivos &#8211; que s\u00e3o &#8220;nano-m\u00e1quinas&#8221; biol\u00f3gicas.<\/p>\n<p style=\"text-align: justify;\">&#8220;No nosso organismo e de todos os seres vivos, \u00e9 isso que acontece: os neur\u00f4nios, por exemplo, s\u00e3o nano-m\u00e1quinas. N\u00e3o h\u00e1 uma intera\u00e7\u00e3o aleat\u00f3ria entre as mol\u00e9culas no organismo. As biomol\u00e9culas s\u00e3o inteligentes e t\u00eam a capacidade de reconhecer substratos e agir sobre eles. O objetivo dos nanocientistas \u00e9 fazer uma qu\u00edmica inteligente, com mol\u00e9culas inteligentes&#8221;, explicou.<\/p>\n<p style=\"text-align: justify;\">Toma afirma que o aspecto mais interessante do trabalho dos tr\u00eas cientistas laureados \u00e9 que abriu novas perspectivas nesse caminho &#8211; com suas nano-engrenagens, nano-motores, catenanos e rotaxanos. &#8220;O mais interessante \u00e9 que eles mostraram uma capacidade absolutamente fant\u00e1stica de produzir objetos nessa escala, abrindo portas para uma qu\u00edmica mais evolu\u00edda&#8221;, disse.<\/p>\n<p style=\"text-align: justify;\"><strong>Outros pr\u00eamios. <\/strong>O pr\u00eamio de Qu\u00edmica \u00e9 o terceiro da temporada do Nobel 2016 e o \u00faltimo dos pr\u00eamios dedicados \u00e0 ci\u00eancia. Nesta ter\u00e7a, foram divulgados os vencedores do pr\u00eamio de F\u00edsica, concedido aos brit\u00e2nicos David Thouless, Duncan Haldane e Michael Kosterlitz por suas descobertas te\u00f3ricas sobre estados ex\u00f3ticos da mat\u00e9ria, que abrem caminho para o desenvolvimento de novos materiais com propriedades incomuns.<\/p>\n<p style=\"text-align: justify;\">Na segunda-feira, o pr\u00eamio de Fisiologia ou Medicina foi concedido ao bi\u00f3logo japon\u00eas Yoshinori Ohsumi, por suas descobertas sobre os mecanismos de autofagia, que \u00e9 o processo de reciclagem de componentes das c\u00e9lulas. O pr\u00eamio Nobel da Paz ser\u00e1 anunciado na sexta-feira, 7 e o das Ci\u00eancias Econ\u00f4micas na segunda-feira, 10. A data para o Pr\u00eamio Nobel da Literatura ainda n\u00e3o foi divulgada.<\/p>\n","protected":false},"excerpt":{"rendered":"<p>O Estado de S. Paulo, 05\/08\/2016 Tr\u00eas cientistas da Fran\u00e7a, da Esc\u00f3cia e da Holanda, foram laureados por produzir m\u00e1quinas moleculares como min\u00fasculos elevadores e motores em escala nanom\u00e9trica, mil&hellip;<\/p>\n","protected":false},"author":17,"featured_media":0,"comment_status":"closed","ping_status":"closed","sticky":false,"template":"","format":"standard","meta":{"_acf_changed":false,"_jetpack_newsletter_access":"","_jetpack_dont_email_post_to_subs":false,"_jetpack_newsletter_tier_id":0,"_jetpack_memberships_contains_paywalled_content":false,"_jetpack_memberships_contains_paid_content":false,"footnotes":"","_links_to":"","_links_to_target":""},"categories":[1163,44],"tags":[],"class_list":["post-15056","post","type-post","status-publish","format-standard","hentry","category-clipping-cnpem","category-clipping-lnnano","category-1163","category-44","description-off"],"acf":[],"yoast_head":"<!-- This site is optimized with the Yoast SEO plugin v27.5 - https:\/\/yoast.com\/product\/yoast-seo-wordpress\/ -->\n<title>Nobel da Qu\u00edmica vai para as menores m\u00e1quinas do mundo - CNPEM<\/title>\n<meta name=\"robots\" content=\"index, follow, max-snippet:-1, max-image-preview:large, max-video-preview:-1\" \/>\n<link rel=\"canonical\" href=\"https:\/\/cnpem.br\/nobel-da-quimica-vai-para-as-menores-maquinas-do-mundo\/\" \/>\n<meta property=\"og:locale\" content=\"en_US\" \/>\n<meta property=\"og:type\" content=\"article\" \/>\n<meta property=\"og:title\" content=\"Nobel da Qu\u00edmica vai para as menores m\u00e1quinas do mundo - CNPEM\" \/>\n<meta property=\"og:description\" content=\"O Estado de S. Paulo, 05\/08\/2016 Tr\u00eas cientistas da Fran\u00e7a, da Esc\u00f3cia e da Holanda, foram laureados por produzir m\u00e1quinas moleculares como min\u00fasculos elevadores e motores em escala nanom\u00e9trica, mil&hellip;\" \/>\n<meta property=\"og:url\" content=\"https:\/\/cnpem.br\/nobel-da-quimica-vai-para-as-menores-maquinas-do-mundo\/\" \/>\n<meta property=\"og:site_name\" content=\"CNPEM\" \/>\n<meta property=\"article:published_time\" content=\"2016-10-06T15:11:41+00:00\" \/>\n<meta property=\"article:modified_time\" content=\"2022-01-21T18:53:03+00:00\" \/>\n<meta property=\"og:image\" content=\"https:\/\/img.estadao.com.br\/resources\/jpg\/2\/6\/1475662439562.jpg\" \/>\n<meta name=\"author\" content=\"Erik Medina\" \/>\n<meta name=\"twitter:card\" content=\"summary_large_image\" \/>\n<meta name=\"twitter:label1\" content=\"Written by\" \/>\n\t<meta name=\"twitter:data1\" content=\"Erik Medina\" \/>\n\t<meta name=\"twitter:label2\" content=\"Est. reading time\" \/>\n\t<meta name=\"twitter:data2\" content=\"8 minutes\" \/>\n<script type=\"application\/ld+json\" class=\"yoast-schema-graph\">{\"@context\":\"https:\\\/\\\/schema.org\",\"@graph\":[{\"@type\":\"Article\",\"@id\":\"https:\\\/\\\/cnpem.br\\\/nobel-da-quimica-vai-para-as-menores-maquinas-do-mundo\\\/#article\",\"isPartOf\":{\"@id\":\"https:\\\/\\\/cnpem.br\\\/nobel-da-quimica-vai-para-as-menores-maquinas-do-mundo\\\/\"},\"author\":{\"name\":\"Erik Medina\",\"@id\":\"https:\\\/\\\/cnpem.br\\\/#\\\/schema\\\/person\\\/b957a8048be4b70d687484cae6b978ef\"},\"headline\":\"Nobel da Qu\u00edmica vai para as menores m\u00e1quinas do mundo\",\"datePublished\":\"2016-10-06T15:11:41+00:00\",\"dateModified\":\"2022-01-21T18:53:03+00:00\",\"mainEntityOfPage\":{\"@id\":\"https:\\\/\\\/cnpem.br\\\/nobel-da-quimica-vai-para-as-menores-maquinas-do-mundo\\\/\"},\"wordCount\":1710,\"image\":{\"@id\":\"https:\\\/\\\/cnpem.br\\\/nobel-da-quimica-vai-para-as-menores-maquinas-do-mundo\\\/#primaryimage\"},\"thumbnailUrl\":\"https:\\\/\\\/img.estadao.com.br\\\/resources\\\/jpg\\\/2\\\/6\\\/1475662439562.jpg\",\"articleSection\":[\"CNPEM na M\u00eddia\",\"LNNano na M\u00eddia\"],\"inLanguage\":\"en-US\"},{\"@type\":\"WebPage\",\"@id\":\"https:\\\/\\\/cnpem.br\\\/nobel-da-quimica-vai-para-as-menores-maquinas-do-mundo\\\/\",\"url\":\"https:\\\/\\\/cnpem.br\\\/nobel-da-quimica-vai-para-as-menores-maquinas-do-mundo\\\/\",\"name\":\"Nobel da Qu\u00edmica vai para as menores m\u00e1quinas do mundo - CNPEM\",\"isPartOf\":{\"@id\":\"https:\\\/\\\/cnpem.br\\\/#website\"},\"primaryImageOfPage\":{\"@id\":\"https:\\\/\\\/cnpem.br\\\/nobel-da-quimica-vai-para-as-menores-maquinas-do-mundo\\\/#primaryimage\"},\"image\":{\"@id\":\"https:\\\/\\\/cnpem.br\\\/nobel-da-quimica-vai-para-as-menores-maquinas-do-mundo\\\/#primaryimage\"},\"thumbnailUrl\":\"https:\\\/\\\/img.estadao.com.br\\\/resources\\\/jpg\\\/2\\\/6\\\/1475662439562.jpg\",\"datePublished\":\"2016-10-06T15:11:41+00:00\",\"dateModified\":\"2022-01-21T18:53:03+00:00\",\"author\":{\"@id\":\"https:\\\/\\\/cnpem.br\\\/#\\\/schema\\\/person\\\/b957a8048be4b70d687484cae6b978ef\"},\"breadcrumb\":{\"@id\":\"https:\\\/\\\/cnpem.br\\\/nobel-da-quimica-vai-para-as-menores-maquinas-do-mundo\\\/#breadcrumb\"},\"inLanguage\":\"en-US\",\"potentialAction\":[{\"@type\":\"ReadAction\",\"target\":[\"https:\\\/\\\/cnpem.br\\\/nobel-da-quimica-vai-para-as-menores-maquinas-do-mundo\\\/\"]}]},{\"@type\":\"ImageObject\",\"inLanguage\":\"en-US\",\"@id\":\"https:\\\/\\\/cnpem.br\\\/nobel-da-quimica-vai-para-as-menores-maquinas-do-mundo\\\/#primaryimage\",\"url\":\"https:\\\/\\\/img.estadao.com.br\\\/resources\\\/jpg\\\/2\\\/6\\\/1475662439562.jpg\",\"contentUrl\":\"https:\\\/\\\/img.estadao.com.br\\\/resources\\\/jpg\\\/2\\\/6\\\/1475662439562.jpg\"},{\"@type\":\"BreadcrumbList\",\"@id\":\"https:\\\/\\\/cnpem.br\\\/nobel-da-quimica-vai-para-as-menores-maquinas-do-mundo\\\/#breadcrumb\",\"itemListElement\":[{\"@type\":\"ListItem\",\"position\":1,\"name\":\"In\u00edcio\",\"item\":\"https:\\\/\\\/cnpem.br\\\/en\\\/\"},{\"@type\":\"ListItem\",\"position\":2,\"name\":\"Nobel da Qu\u00edmica vai para as menores m\u00e1quinas do mundo\"}]},{\"@type\":\"WebSite\",\"@id\":\"https:\\\/\\\/cnpem.br\\\/#website\",\"url\":\"https:\\\/\\\/cnpem.br\\\/\",\"name\":\"Centro Nacional de Pesquisa em Energia e Materiais\",\"description\":\"Centro Nacional de Pesquisa em Energia e Materiais\",\"alternateName\":\"CNPEM\",\"potentialAction\":[{\"@type\":\"SearchAction\",\"target\":{\"@type\":\"EntryPoint\",\"urlTemplate\":\"https:\\\/\\\/cnpem.br\\\/?s={search_term_string}\"},\"query-input\":{\"@type\":\"PropertyValueSpecification\",\"valueRequired\":true,\"valueName\":\"search_term_string\"}}],\"inLanguage\":\"en-US\"},{\"@type\":\"Person\",\"@id\":\"https:\\\/\\\/cnpem.br\\\/#\\\/schema\\\/person\\\/b957a8048be4b70d687484cae6b978ef\",\"name\":\"Erik Medina\",\"url\":\"\"}]}<\/script>\n<!-- \/ Yoast SEO plugin. -->","yoast_head_json":{"title":"Nobel da Qu\u00edmica vai para as menores m\u00e1quinas do mundo - CNPEM","robots":{"index":"index","follow":"follow","max-snippet":"max-snippet:-1","max-image-preview":"max-image-preview:large","max-video-preview":"max-video-preview:-1"},"canonical":"https:\/\/cnpem.br\/nobel-da-quimica-vai-para-as-menores-maquinas-do-mundo\/","og_locale":"en_US","og_type":"article","og_title":"Nobel da Qu\u00edmica vai para as menores m\u00e1quinas do mundo - CNPEM","og_description":"O Estado de S. Paulo, 05\/08\/2016 Tr\u00eas cientistas da Fran\u00e7a, da Esc\u00f3cia e da Holanda, foram laureados por produzir m\u00e1quinas moleculares como min\u00fasculos elevadores e motores em escala nanom\u00e9trica, mil&hellip;","og_url":"https:\/\/cnpem.br\/nobel-da-quimica-vai-para-as-menores-maquinas-do-mundo\/","og_site_name":"CNPEM","article_published_time":"2016-10-06T15:11:41+00:00","article_modified_time":"2022-01-21T18:53:03+00:00","og_image":[{"url":"https:\/\/img.estadao.com.br\/resources\/jpg\/2\/6\/1475662439562.jpg","type":"","width":"","height":""}],"author":"Erik Medina","twitter_card":"summary_large_image","twitter_misc":{"Written by":"Erik Medina","Est. reading time":"8 minutes"},"schema":{"@context":"https:\/\/schema.org","@graph":[{"@type":"Article","@id":"https:\/\/cnpem.br\/nobel-da-quimica-vai-para-as-menores-maquinas-do-mundo\/#article","isPartOf":{"@id":"https:\/\/cnpem.br\/nobel-da-quimica-vai-para-as-menores-maquinas-do-mundo\/"},"author":{"name":"Erik Medina","@id":"https:\/\/cnpem.br\/#\/schema\/person\/b957a8048be4b70d687484cae6b978ef"},"headline":"Nobel da Qu\u00edmica vai para as menores m\u00e1quinas do mundo","datePublished":"2016-10-06T15:11:41+00:00","dateModified":"2022-01-21T18:53:03+00:00","mainEntityOfPage":{"@id":"https:\/\/cnpem.br\/nobel-da-quimica-vai-para-as-menores-maquinas-do-mundo\/"},"wordCount":1710,"image":{"@id":"https:\/\/cnpem.br\/nobel-da-quimica-vai-para-as-menores-maquinas-do-mundo\/#primaryimage"},"thumbnailUrl":"https:\/\/img.estadao.com.br\/resources\/jpg\/2\/6\/1475662439562.jpg","articleSection":["CNPEM na M\u00eddia","LNNano na M\u00eddia"],"inLanguage":"en-US"},{"@type":"WebPage","@id":"https:\/\/cnpem.br\/nobel-da-quimica-vai-para-as-menores-maquinas-do-mundo\/","url":"https:\/\/cnpem.br\/nobel-da-quimica-vai-para-as-menores-maquinas-do-mundo\/","name":"Nobel da Qu\u00edmica vai para as menores m\u00e1quinas do mundo - CNPEM","isPartOf":{"@id":"https:\/\/cnpem.br\/#website"},"primaryImageOfPage":{"@id":"https:\/\/cnpem.br\/nobel-da-quimica-vai-para-as-menores-maquinas-do-mundo\/#primaryimage"},"image":{"@id":"https:\/\/cnpem.br\/nobel-da-quimica-vai-para-as-menores-maquinas-do-mundo\/#primaryimage"},"thumbnailUrl":"https:\/\/img.estadao.com.br\/resources\/jpg\/2\/6\/1475662439562.jpg","datePublished":"2016-10-06T15:11:41+00:00","dateModified":"2022-01-21T18:53:03+00:00","author":{"@id":"https:\/\/cnpem.br\/#\/schema\/person\/b957a8048be4b70d687484cae6b978ef"},"breadcrumb":{"@id":"https:\/\/cnpem.br\/nobel-da-quimica-vai-para-as-menores-maquinas-do-mundo\/#breadcrumb"},"inLanguage":"en-US","potentialAction":[{"@type":"ReadAction","target":["https:\/\/cnpem.br\/nobel-da-quimica-vai-para-as-menores-maquinas-do-mundo\/"]}]},{"@type":"ImageObject","inLanguage":"en-US","@id":"https:\/\/cnpem.br\/nobel-da-quimica-vai-para-as-menores-maquinas-do-mundo\/#primaryimage","url":"https:\/\/img.estadao.com.br\/resources\/jpg\/2\/6\/1475662439562.jpg","contentUrl":"https:\/\/img.estadao.com.br\/resources\/jpg\/2\/6\/1475662439562.jpg"},{"@type":"BreadcrumbList","@id":"https:\/\/cnpem.br\/nobel-da-quimica-vai-para-as-menores-maquinas-do-mundo\/#breadcrumb","itemListElement":[{"@type":"ListItem","position":1,"name":"In\u00edcio","item":"https:\/\/cnpem.br\/en\/"},{"@type":"ListItem","position":2,"name":"Nobel da Qu\u00edmica vai para as menores m\u00e1quinas do mundo"}]},{"@type":"WebSite","@id":"https:\/\/cnpem.br\/#website","url":"https:\/\/cnpem.br\/","name":"Centro Nacional de Pesquisa em Energia e Materiais","description":"Centro Nacional de Pesquisa em Energia e Materiais","alternateName":"CNPEM","potentialAction":[{"@type":"SearchAction","target":{"@type":"EntryPoint","urlTemplate":"https:\/\/cnpem.br\/?s={search_term_string}"},"query-input":{"@type":"PropertyValueSpecification","valueRequired":true,"valueName":"search_term_string"}}],"inLanguage":"en-US"},{"@type":"Person","@id":"https:\/\/cnpem.br\/#\/schema\/person\/b957a8048be4b70d687484cae6b978ef","name":"Erik Medina","url":""}]}},"jetpack_featured_media_url":"","jetpack_sharing_enabled":true,"jetpack_shortlink":"https:\/\/wp.me\/per0Mi-3UQ","_links":{"self":[{"href":"https:\/\/cnpem.br\/en\/wp-json\/wp\/v2\/posts\/15056","targetHints":{"allow":["GET"]}}],"collection":[{"href":"https:\/\/cnpem.br\/en\/wp-json\/wp\/v2\/posts"}],"about":[{"href":"https:\/\/cnpem.br\/en\/wp-json\/wp\/v2\/types\/post"}],"author":[{"embeddable":true,"href":"https:\/\/cnpem.br\/en\/wp-json\/wp\/v2\/users\/17"}],"replies":[{"embeddable":true,"href":"https:\/\/cnpem.br\/en\/wp-json\/wp\/v2\/comments?post=15056"}],"version-history":[{"count":0,"href":"https:\/\/cnpem.br\/en\/wp-json\/wp\/v2\/posts\/15056\/revisions"}],"wp:attachment":[{"href":"https:\/\/cnpem.br\/en\/wp-json\/wp\/v2\/media?parent=15056"}],"wp:term":[{"taxonomy":"category","embeddable":true,"href":"https:\/\/cnpem.br\/en\/wp-json\/wp\/v2\/categories?post=15056"},{"taxonomy":"post_tag","embeddable":true,"href":"https:\/\/cnpem.br\/en\/wp-json\/wp\/v2\/tags?post=15056"}],"curies":[{"name":"wp","href":"https:\/\/api.w.org\/{rel}","templated":true}]}}