{"id":14673,"date":"2016-07-28T18:45:24","date_gmt":"2016-07-28T18:45:24","guid":{"rendered":"https:\/\/cnpem.staging.wpengine.com\/?p=14673"},"modified":"2022-01-21T15:56:05","modified_gmt":"2022-01-21T18:56:05","slug":"emendas-e-obras-justificam-convenios-afirmam-ministerios","status":"publish","type":"post","link":"https:\/\/cnpem.br\/en\/emendas-e-obras-justificam-convenios-afirmam-ministerios\/","title":{"rendered":"Emendas e obras justificam conv\u00eanios, afirmam minist\u00e9rios"},"content":{"rendered":"<p><a href=\"https:\/\/politica.estadao.com.br\/noticias\/geral,emendas-e-obras-justificam-convenios-afirmam-ministerios,10000064768\">Estad\u00e3o<\/a>, em 24\/07\/16<\/p>\n<p>&nbsp;<\/p>\n<p><em>Or\u00e7amento impositivo e concentra\u00e7\u00e3o de atividades em alguns Estados motivariam mais recursos, dizem pastas<\/em><\/p>\n<p>&nbsp;<\/p>\n<p>BRAS\u00cdLIA &#8211;\u00a0O ministro-chefe da Secretaria de Governo, Geddel Vieira Lima, rejeita qualquer rela\u00e7\u00e3o dos conv\u00eanios com as elei\u00e7\u00f5es municipais ou o processo de impeachment e diz que o principal motivo s\u00e3o as emendas parlamentares, cujas regras mais recentes determinam que parte delas tenham execu\u00e7\u00e3o obrigat\u00f3ria. \u201cA rela\u00e7\u00e3o das libera\u00e7\u00f5es \u00e9 com as emendas impositivas aprovadas pelo Congresso.\u201d<\/p>\n<p>O chamado Or\u00e7amento impositivo, na pr\u00e1tica, impede que o governo congele o desembolso de emendas, mas h\u00e1 brechas que permitem que o governo n\u00e3o seja obrigado a executar as demandas parlamentares.<\/p>\n<p>A justificativa do Turismo \u00e9 semelhante \u00e0 do governo. A pasta afirmou que seu Or\u00e7amento \u201c\u00e9 formado majoritariamente por emendas parlamentares\u201d. Sobre a concentra\u00e7\u00e3o da libera\u00e7\u00e3o em Santa Catarina, disse que 70% dos recursos para o Estado v\u00eam de emendas e que \u201cEstados que entendem o turismo como um setor estrat\u00e9gico para o desenvolvimento econ\u00f4mico priorizam a pasta no encaminhamento e esfor\u00e7o de libera\u00e7\u00e3o de recursos\u201d. Tamb\u00e9m afirma que n\u00e3o h\u00e1 nenhum representante do Estado em cargo chave no minist\u00e9rio no per\u00edodo do levantamento.<\/p>\n<p>Em nota, a assessoria de Kassab informou que \u201co fato de o Estado de S\u00e3o Paulo receber o maior porcentual em rela\u00e7\u00e3o ao total dos recursos se deve apenas e t\u00e3o somente ao fato de possuir a maior capacidade instalada \u2013 24% do total de institutos do Minist\u00e9rio \u2013, perdendo apenas para o Rio de Janeiro, que tem 33% das unidades do Brasil\u201d. Al\u00e9m disso, diz que \u201co Estado concentra a maioria dos centros de pesquisa e universidades e dos trabalhos cient\u00edficos como os esfor\u00e7os contra o zika e as doen\u00e7as transmitidas pelo Aedes\u201d. Afirma ainda que \u201cem S\u00e3o Paulo est\u00e1 localizado o maior investimento do setor, o programa S\u00edrius, um acelerador de part\u00edculas de \u00faltima gera\u00e7\u00e3o, usado na an\u00e1lise estrutural dos mais diversos materiais, or\u00e7ado em R$ 1,75 bilh\u00e3o, cuja previs\u00e3o \u00e9 ser conclu\u00eddo em 2018\u201d.<\/p>\n<p>O Minist\u00e9rio do Esporte declarou que a pasta realiza conv\u00eanios com todos os Estados . Transportes, por meio de nota, informou que grande parte da execu\u00e7\u00e3o or\u00e7ament\u00e1ria \u00e9 via conv\u00eanios com Estados e munic\u00edpios e que a libera\u00e7\u00e3o de verbas para Alagoas obedeceu a datas estabelecidas antes da posse do ministro.<\/p>\n<p>O Minist\u00e9rio da Integra\u00e7\u00e3o Nacional declarou que o governo da presidente afastada Dilma Rousseff contingenciou muitos recursos da principal obra da pasta, a transposi\u00e7\u00e3o do Rio S\u00e3o Francisco, e das obras associadas. Com a posse de Temer, estabeleceu-se como prioridade a entrega dos canais at\u00e9 dezembro, o que elevou os repasses.<\/p>\n<p>A Codevasf informou que os valores liberados entre maio e julho s\u00e3o referentes a emendas apresentadas em 2015, avaliadas na gest\u00e3o anterior. O Minist\u00e9rio do Desenvolvimento Social n\u00e3o se manifestou.<\/p>\n","protected":false},"excerpt":{"rendered":"<p>Estad\u00e3o, em 24\/07\/16 &nbsp; Or\u00e7amento impositivo e concentra\u00e7\u00e3o de atividades em alguns Estados motivariam mais recursos, dizem pastas &nbsp; BRAS\u00cdLIA &#8211;\u00a0O ministro-chefe da Secretaria de Governo, Geddel Vieira Lima, rejeita&hellip;<\/p>\n","protected":false},"author":7,"featured_media":0,"comment_status":"closed","ping_status":"closed","sticky":false,"template":"","format":"standard","meta":{"_acf_changed":false,"_jetpack_newsletter_access":"","_jetpack_dont_email_post_to_subs":false,"_jetpack_newsletter_tier_id":0,"_jetpack_memberships_contains_paywalled_content":false,"_jetpack_memberships_contains_paid_content":false,"footnotes":"","_links_to":"","_links_to_target":""},"categories":[1163,12],"tags":[],"class_list":["post-14673","post","type-post","status-publish","format-standard","hentry","category-clipping-cnpem","category-clipping-lnls","category-1163","category-12","description-off"],"acf":[],"yoast_head":"<!-- This site is optimized with the Yoast SEO plugin v27.5 - https:\/\/yoast.com\/product\/yoast-seo-wordpress\/ -->\n<title>Emendas e obras justificam conv\u00eanios, afirmam minist\u00e9rios - CNPEM<\/title>\n<meta name=\"robots\" content=\"index, follow, max-snippet:-1, max-image-preview:large, max-video-preview:-1\" \/>\n<link rel=\"canonical\" href=\"https:\/\/cnpem.br\/emendas-e-obras-justificam-convenios-afirmam-ministerios\/\" \/>\n<meta property=\"og:locale\" content=\"en_US\" \/>\n<meta property=\"og:type\" content=\"article\" \/>\n<meta property=\"og:title\" content=\"Emendas e obras justificam conv\u00eanios, afirmam minist\u00e9rios - CNPEM\" \/>\n<meta property=\"og:description\" content=\"Estad\u00e3o, em 24\/07\/16 &nbsp; Or\u00e7amento impositivo e concentra\u00e7\u00e3o de atividades em alguns Estados motivariam mais recursos, dizem pastas &nbsp; BRAS\u00cdLIA &#8211;\u00a0O ministro-chefe da Secretaria de Governo, Geddel Vieira Lima, rejeita&hellip;\" \/>\n<meta property=\"og:url\" content=\"https:\/\/cnpem.br\/emendas-e-obras-justificam-convenios-afirmam-ministerios\/\" \/>\n<meta property=\"og:site_name\" content=\"CNPEM\" \/>\n<meta property=\"article:published_time\" content=\"2016-07-28T18:45:24+00:00\" \/>\n<meta property=\"article:modified_time\" content=\"2022-01-21T18:56:05+00:00\" \/>\n<meta name=\"author\" content=\"Luciana Noronha\" \/>\n<meta name=\"twitter:card\" content=\"summary_large_image\" \/>\n<meta name=\"twitter:label1\" content=\"Written by\" \/>\n\t<meta name=\"twitter:data1\" content=\"Luciana Noronha\" \/>\n\t<meta name=\"twitter:label2\" content=\"Est. reading time\" \/>\n\t<meta name=\"twitter:data2\" content=\"3 minutes\" \/>\n<script type=\"application\/ld+json\" class=\"yoast-schema-graph\">{\"@context\":\"https:\\\/\\\/schema.org\",\"@graph\":[{\"@type\":\"Article\",\"@id\":\"https:\\\/\\\/cnpem.br\\\/emendas-e-obras-justificam-convenios-afirmam-ministerios\\\/#article\",\"isPartOf\":{\"@id\":\"https:\\\/\\\/cnpem.br\\\/emendas-e-obras-justificam-convenios-afirmam-ministerios\\\/\"},\"author\":{\"name\":\"Luciana Noronha\",\"@id\":\"https:\\\/\\\/cnpem.br\\\/#\\\/schema\\\/person\\\/da551aa39e5c2a2730be15ec32e96c5a\"},\"headline\":\"Emendas e obras justificam conv\u00eanios, afirmam minist\u00e9rios\",\"datePublished\":\"2016-07-28T18:45:24+00:00\",\"dateModified\":\"2022-01-21T18:56:05+00:00\",\"mainEntityOfPage\":{\"@id\":\"https:\\\/\\\/cnpem.br\\\/emendas-e-obras-justificam-convenios-afirmam-ministerios\\\/\"},\"wordCount\":514,\"articleSection\":[\"CNPEM na M\u00eddia\",\"LNLS na M\u00eddia\"],\"inLanguage\":\"en-US\"},{\"@type\":\"WebPage\",\"@id\":\"https:\\\/\\\/cnpem.br\\\/emendas-e-obras-justificam-convenios-afirmam-ministerios\\\/\",\"url\":\"https:\\\/\\\/cnpem.br\\\/emendas-e-obras-justificam-convenios-afirmam-ministerios\\\/\",\"name\":\"Emendas e obras justificam conv\u00eanios, afirmam minist\u00e9rios - CNPEM\",\"isPartOf\":{\"@id\":\"https:\\\/\\\/cnpem.br\\\/#website\"},\"datePublished\":\"2016-07-28T18:45:24+00:00\",\"dateModified\":\"2022-01-21T18:56:05+00:00\",\"author\":{\"@id\":\"https:\\\/\\\/cnpem.br\\\/#\\\/schema\\\/person\\\/da551aa39e5c2a2730be15ec32e96c5a\"},\"breadcrumb\":{\"@id\":\"https:\\\/\\\/cnpem.br\\\/emendas-e-obras-justificam-convenios-afirmam-ministerios\\\/#breadcrumb\"},\"inLanguage\":\"en-US\",\"potentialAction\":[{\"@type\":\"ReadAction\",\"target\":[\"https:\\\/\\\/cnpem.br\\\/emendas-e-obras-justificam-convenios-afirmam-ministerios\\\/\"]}]},{\"@type\":\"BreadcrumbList\",\"@id\":\"https:\\\/\\\/cnpem.br\\\/emendas-e-obras-justificam-convenios-afirmam-ministerios\\\/#breadcrumb\",\"itemListElement\":[{\"@type\":\"ListItem\",\"position\":1,\"name\":\"In\u00edcio\",\"item\":\"https:\\\/\\\/cnpem.br\\\/en\\\/\"},{\"@type\":\"ListItem\",\"position\":2,\"name\":\"Emendas e obras justificam conv\u00eanios, afirmam minist\u00e9rios\"}]},{\"@type\":\"WebSite\",\"@id\":\"https:\\\/\\\/cnpem.br\\\/#website\",\"url\":\"https:\\\/\\\/cnpem.br\\\/\",\"name\":\"Centro Nacional de Pesquisa em Energia e Materiais\",\"description\":\"Centro Nacional de Pesquisa em Energia e Materiais\",\"alternateName\":\"CNPEM\",\"potentialAction\":[{\"@type\":\"SearchAction\",\"target\":{\"@type\":\"EntryPoint\",\"urlTemplate\":\"https:\\\/\\\/cnpem.br\\\/?s={search_term_string}\"},\"query-input\":{\"@type\":\"PropertyValueSpecification\",\"valueRequired\":true,\"valueName\":\"search_term_string\"}}],\"inLanguage\":\"en-US\"},{\"@type\":\"Person\",\"@id\":\"https:\\\/\\\/cnpem.br\\\/#\\\/schema\\\/person\\\/da551aa39e5c2a2730be15ec32e96c5a\",\"name\":\"Luciana Noronha\",\"url\":\"\"}]}<\/script>\n<!-- \/ Yoast SEO plugin. -->","yoast_head_json":{"title":"Emendas e obras justificam conv\u00eanios, afirmam minist\u00e9rios - CNPEM","robots":{"index":"index","follow":"follow","max-snippet":"max-snippet:-1","max-image-preview":"max-image-preview:large","max-video-preview":"max-video-preview:-1"},"canonical":"https:\/\/cnpem.br\/emendas-e-obras-justificam-convenios-afirmam-ministerios\/","og_locale":"en_US","og_type":"article","og_title":"Emendas e obras justificam conv\u00eanios, afirmam minist\u00e9rios - CNPEM","og_description":"Estad\u00e3o, em 24\/07\/16 &nbsp; Or\u00e7amento impositivo e concentra\u00e7\u00e3o de atividades em alguns Estados motivariam mais recursos, dizem pastas &nbsp; BRAS\u00cdLIA &#8211;\u00a0O ministro-chefe da Secretaria de Governo, Geddel Vieira Lima, rejeita&hellip;","og_url":"https:\/\/cnpem.br\/emendas-e-obras-justificam-convenios-afirmam-ministerios\/","og_site_name":"CNPEM","article_published_time":"2016-07-28T18:45:24+00:00","article_modified_time":"2022-01-21T18:56:05+00:00","author":"Luciana Noronha","twitter_card":"summary_large_image","twitter_misc":{"Written by":"Luciana Noronha","Est. reading time":"3 minutes"},"schema":{"@context":"https:\/\/schema.org","@graph":[{"@type":"Article","@id":"https:\/\/cnpem.br\/emendas-e-obras-justificam-convenios-afirmam-ministerios\/#article","isPartOf":{"@id":"https:\/\/cnpem.br\/emendas-e-obras-justificam-convenios-afirmam-ministerios\/"},"author":{"name":"Luciana Noronha","@id":"https:\/\/cnpem.br\/#\/schema\/person\/da551aa39e5c2a2730be15ec32e96c5a"},"headline":"Emendas e obras justificam conv\u00eanios, afirmam minist\u00e9rios","datePublished":"2016-07-28T18:45:24+00:00","dateModified":"2022-01-21T18:56:05+00:00","mainEntityOfPage":{"@id":"https:\/\/cnpem.br\/emendas-e-obras-justificam-convenios-afirmam-ministerios\/"},"wordCount":514,"articleSection":["CNPEM na M\u00eddia","LNLS na M\u00eddia"],"inLanguage":"en-US"},{"@type":"WebPage","@id":"https:\/\/cnpem.br\/emendas-e-obras-justificam-convenios-afirmam-ministerios\/","url":"https:\/\/cnpem.br\/emendas-e-obras-justificam-convenios-afirmam-ministerios\/","name":"Emendas e obras justificam conv\u00eanios, afirmam minist\u00e9rios - CNPEM","isPartOf":{"@id":"https:\/\/cnpem.br\/#website"},"datePublished":"2016-07-28T18:45:24+00:00","dateModified":"2022-01-21T18:56:05+00:00","author":{"@id":"https:\/\/cnpem.br\/#\/schema\/person\/da551aa39e5c2a2730be15ec32e96c5a"},"breadcrumb":{"@id":"https:\/\/cnpem.br\/emendas-e-obras-justificam-convenios-afirmam-ministerios\/#breadcrumb"},"inLanguage":"en-US","potentialAction":[{"@type":"ReadAction","target":["https:\/\/cnpem.br\/emendas-e-obras-justificam-convenios-afirmam-ministerios\/"]}]},{"@type":"BreadcrumbList","@id":"https:\/\/cnpem.br\/emendas-e-obras-justificam-convenios-afirmam-ministerios\/#breadcrumb","itemListElement":[{"@type":"ListItem","position":1,"name":"In\u00edcio","item":"https:\/\/cnpem.br\/en\/"},{"@type":"ListItem","position":2,"name":"Emendas e obras justificam conv\u00eanios, afirmam minist\u00e9rios"}]},{"@type":"WebSite","@id":"https:\/\/cnpem.br\/#website","url":"https:\/\/cnpem.br\/","name":"Centro Nacional de Pesquisa em Energia e Materiais","description":"Centro Nacional de Pesquisa em Energia e Materiais","alternateName":"CNPEM","potentialAction":[{"@type":"SearchAction","target":{"@type":"EntryPoint","urlTemplate":"https:\/\/cnpem.br\/?s={search_term_string}"},"query-input":{"@type":"PropertyValueSpecification","valueRequired":true,"valueName":"search_term_string"}}],"inLanguage":"en-US"},{"@type":"Person","@id":"https:\/\/cnpem.br\/#\/schema\/person\/da551aa39e5c2a2730be15ec32e96c5a","name":"Luciana Noronha","url":""}]}},"jetpack_featured_media_url":"","jetpack_sharing_enabled":true,"jetpack_shortlink":"https:\/\/wp.me\/per0Mi-3OF","_links":{"self":[{"href":"https:\/\/cnpem.br\/en\/wp-json\/wp\/v2\/posts\/14673","targetHints":{"allow":["GET"]}}],"collection":[{"href":"https:\/\/cnpem.br\/en\/wp-json\/wp\/v2\/posts"}],"about":[{"href":"https:\/\/cnpem.br\/en\/wp-json\/wp\/v2\/types\/post"}],"author":[{"embeddable":true,"href":"https:\/\/cnpem.br\/en\/wp-json\/wp\/v2\/users\/7"}],"replies":[{"embeddable":true,"href":"https:\/\/cnpem.br\/en\/wp-json\/wp\/v2\/comments?post=14673"}],"version-history":[{"count":0,"href":"https:\/\/cnpem.br\/en\/wp-json\/wp\/v2\/posts\/14673\/revisions"}],"wp:attachment":[{"href":"https:\/\/cnpem.br\/en\/wp-json\/wp\/v2\/media?parent=14673"}],"wp:term":[{"taxonomy":"category","embeddable":true,"href":"https:\/\/cnpem.br\/en\/wp-json\/wp\/v2\/categories?post=14673"},{"taxonomy":"post_tag","embeddable":true,"href":"https:\/\/cnpem.br\/en\/wp-json\/wp\/v2\/tags?post=14673"}],"curies":[{"name":"wp","href":"https:\/\/api.w.org\/{rel}","templated":true}]}}