{"id":14520,"date":"2016-07-13T17:06:28","date_gmt":"2016-07-13T17:06:28","guid":{"rendered":"https:\/\/cnpem.staging.wpengine.com\/?p=14520"},"modified":"2022-11-10T16:03:12","modified_gmt":"2022-11-10T19:03:12","slug":"etanol-de-segunda-geracao-e-o-futuro-da-energia-renovavel-afirmam-pesquisadores","status":"publish","type":"post","link":"https:\/\/cnpem.br\/en\/etanol-de-segunda-geracao-e-o-futuro-da-energia-renovavel-afirmam-pesquisadores\/","title":{"rendered":"Etanol de segunda gera\u00e7\u00e3o \u00e9 o futuro da energia renov\u00e1vel, afirmam pesquisadores"},"content":{"rendered":"<p><a href=\"https:\/\/www.canaonline.com.br\/conteudo\/etanol-de-segunda-geracao-e-o-futuro-da-energia-renovavel-afirmam-pesquisadores.html#.V4Z0xMcSBpq\">Cana Online<\/a> em julho\/2016<\/p>\n<p>&#8220;A gente deveria manter o petr\u00f3leo no ch\u00e3o. N\u00e3o deveria tir\u00e1-lo de onde ainda est\u00e1&#8221;, disse engenheiro da Unicamp.<\/p>\n<p><a href=\"https:\/\/i0.wp.com\/cnpem.staging.wpengine.com\/wp-content\/uploads\/2016\/07\/m2_princ_clip_20160712085944aq3VqF3xQO.jpg?ssl=1\"><img data-recalc-dims=\"1\" loading=\"lazy\" decoding=\"async\" class=\"alignleft size-full wp-image-14521\" src=\"https:\/\/i0.wp.com\/cnpem.staging.wpengine.com\/wp-content\/uploads\/2016\/07\/m2_princ_clip_20160712085944aq3VqF3xQO.jpg?resize=238%2C133&#038;ssl=1\" alt=\"m2_princ_clip_20160712085944aq3VqF3xQO\" width=\"238\" height=\"133\" \/><\/a><\/p>\n<p>O etanol produzido a partir da biomassa, chamado de segunda gera\u00e7\u00e3o, \u00e9 o futuro, afirmou nesta quinta-feira (7) o engenheiro agr\u00f4nomo Gon\u00e7alo Pereira, da Universidade Estadual de Campinas (Unicamp), durante a 68\u00aa Reuni\u00e3o Anual da Sociedade Brasileira para o Progresso da Ci\u00eancia (SBPC), em Porto Seguro (BA). &#8220;Se a gente consegue consolidar essas tecnologias, teremos possibilidade de n\u00e3o s\u00f3 mitigar, mas de reduzir a quantidade de di\u00f3xido de carbono emitido a um n\u00edvel aceit\u00e1vel. Isso \u00e9 engenharia clim\u00e1tica&#8221;, explicou. &#8220;O fato \u00e9 que a gente deveria realmente manter o petr\u00f3leo no ch\u00e3o. N\u00e3o deveria tir\u00e1-lo de onde ainda est\u00e1.&#8221;<\/p>\n<p>O pesquisador participou de uma mesa-redonda promovida pela SBPC para discutir os caminhos da biologia sint\u00e9tica e da qu\u00edmica de renov\u00e1veis. No debate, a engenheira de alimentos Jaciane Ienczak, do Laborat\u00f3rio Nacional de Ci\u00eancia e Tecnologia do Bioetanol (CTBE), unidade do Centro Nacional de Pesquisa em Energia e Materiais (CNPEM), organiza\u00e7\u00e3o social supervisionada pelo Minist\u00e9rio da Ci\u00eancia, Tecnologia, Inova\u00e7\u00f5es e Comunica\u00e7\u00f5es (MCTIC), defendeu que as fontes renov\u00e1veis s\u00e3o o caminho para reduzir os impactos dos produtos f\u00f3sseis.<\/p>\n<p>&#8220;Uma alternativa para a gente converter esses problemas, tentando salvar o nosso planeta de um futuro desastroso, seria buscar fontes renov\u00e1veis de carbono, como arroz, beterraba, milho, soja, trigo, res\u00edduos da agroind\u00fastria processadora de alimentos e, obviamente, a grande estrela, que \u00e9 a cana-de-a\u00e7\u00facar, por ser a mat\u00e9ria-prima renov\u00e1vel que possui a maior efici\u00eancia energ\u00e9tica, isso se compararmos a energia dispon\u00edvel em si \u00e0 energia que ela necessita consumir durante o processo.&#8221;<\/p>\n<p>Jaciane ressaltou o desafio de produzir qu\u00edmicos renov\u00e1veis para atender necessidades de bens de consumo utilizados no dia a dia, de &#8220;alimenta\u00e7\u00e3o a vestimentas, passando por combust\u00edveis e energia el\u00e9trica&#8221;, hoje dependentes de intermedi\u00e1rios petroqu\u00edmicos.<br \/>\n&#8220;N\u00f3s precisamos partir de mat\u00e9rias-primas como a cana-de-a\u00e7\u00facar, foco do trabalho do CTBE, associadas a micro-organismos que possam transform\u00e1-las em insumos para a produ\u00e7\u00e3o.&#8221;<\/p>\n<p>J\u00e1 o biom\u00e9dico Iuri Gouv\u00eaa ressaltou como a &#8220;grande inova\u00e7\u00e3o&#8221; dos \u00faltimos cinco anos o pl\u00e1stico verde, derivado do etanol de cana-de-a\u00e7\u00facar. Segundo ele, o material possui as mesmas propriedades do polietileno de origem f\u00f3ssil. &#8220;Mas enquanto o pl\u00e1stico convencional tem, na sua concep\u00e7\u00e3o, desde a extra\u00e7\u00e3o do nafta at\u00e9 a porta da f\u00e1brica, uma adi\u00e7\u00e3o de basicamente duas toneladas de carbono na atmosfera por tonelada de pol\u00edmero, o pl\u00e1stico verde captura duas toneladas de carbono por tonelada de pol\u00edmero produzido. Isso sem falar das vantagens sustent\u00e1veis, dentro do conceito de reciclabilidade.&#8221;<\/p>\n","protected":false},"excerpt":{"rendered":"<p>Cana Online em julho\/2016 &#8220;A gente deveria manter o petr\u00f3leo no ch\u00e3o. N\u00e3o deveria tir\u00e1-lo de onde ainda est\u00e1&#8221;, disse engenheiro da Unicamp. O etanol produzido a partir da biomassa,&hellip;<\/p>\n","protected":false},"author":17,"featured_media":0,"comment_status":"closed","ping_status":"closed","sticky":false,"template":"","format":"standard","meta":{"_acf_changed":false,"_jetpack_newsletter_access":"","_jetpack_dont_email_post_to_subs":false,"_jetpack_newsletter_tier_id":0,"_jetpack_memberships_contains_paywalled_content":false,"_jetpack_memberships_contains_paid_content":false,"footnotes":"","_links_to":"","_links_to_target":""},"categories":[1163,1224],"tags":[],"class_list":["post-14520","post","type-post","status-publish","format-standard","hentry","category-clipping-cnpem","category-clipping-lnbr","category-1163","category-1224","description-off"],"acf":[],"yoast_head":"<!-- This site is optimized with the Yoast SEO plugin v27.5 - https:\/\/yoast.com\/product\/yoast-seo-wordpress\/ -->\n<title>Etanol de segunda gera\u00e7\u00e3o \u00e9 o futuro da energia renov\u00e1vel, afirmam pesquisadores - CNPEM<\/title>\n<meta name=\"robots\" content=\"index, follow, max-snippet:-1, max-image-preview:large, max-video-preview:-1\" \/>\n<link rel=\"canonical\" href=\"https:\/\/cnpem.br\/etanol-de-segunda-geracao-e-o-futuro-da-energia-renovavel-afirmam-pesquisadores\/\" \/>\n<meta property=\"og:locale\" content=\"en_US\" \/>\n<meta property=\"og:type\" content=\"article\" \/>\n<meta property=\"og:title\" content=\"Etanol de segunda gera\u00e7\u00e3o \u00e9 o futuro da energia renov\u00e1vel, afirmam pesquisadores - CNPEM\" \/>\n<meta property=\"og:description\" content=\"Cana Online em julho\/2016 &#8220;A gente deveria manter o petr\u00f3leo no ch\u00e3o. N\u00e3o deveria tir\u00e1-lo de onde ainda est\u00e1&#8221;, disse engenheiro da Unicamp. O etanol produzido a partir da biomassa,&hellip;\" \/>\n<meta property=\"og:url\" content=\"https:\/\/cnpem.br\/etanol-de-segunda-geracao-e-o-futuro-da-energia-renovavel-afirmam-pesquisadores\/\" \/>\n<meta property=\"og:site_name\" content=\"CNPEM\" \/>\n<meta property=\"article:published_time\" content=\"2016-07-13T17:06:28+00:00\" \/>\n<meta property=\"article:modified_time\" content=\"2022-11-10T19:03:12+00:00\" \/>\n<meta property=\"og:image\" content=\"https:\/\/cnpem.staging.wpengine.com\/wp-content\/uploads\/2016\/07\/m2_princ_clip_20160712085944aq3VqF3xQO.jpg\" \/>\n<meta name=\"author\" content=\"Erik Medina\" \/>\n<meta name=\"twitter:card\" content=\"summary_large_image\" \/>\n<meta name=\"twitter:label1\" content=\"Written by\" \/>\n\t<meta name=\"twitter:data1\" content=\"Erik Medina\" \/>\n\t<meta name=\"twitter:label2\" content=\"Est. reading time\" \/>\n\t<meta name=\"twitter:data2\" content=\"2 minutes\" \/>\n<script type=\"application\/ld+json\" class=\"yoast-schema-graph\">{\"@context\":\"https:\\\/\\\/schema.org\",\"@graph\":[{\"@type\":\"Article\",\"@id\":\"https:\\\/\\\/cnpem.br\\\/etanol-de-segunda-geracao-e-o-futuro-da-energia-renovavel-afirmam-pesquisadores\\\/#article\",\"isPartOf\":{\"@id\":\"https:\\\/\\\/cnpem.br\\\/etanol-de-segunda-geracao-e-o-futuro-da-energia-renovavel-afirmam-pesquisadores\\\/\"},\"author\":{\"name\":\"Erik Medina\",\"@id\":\"https:\\\/\\\/cnpem.br\\\/#\\\/schema\\\/person\\\/b957a8048be4b70d687484cae6b978ef\"},\"headline\":\"Etanol de segunda gera\u00e7\u00e3o \u00e9 o futuro da energia renov\u00e1vel, afirmam pesquisadores\",\"datePublished\":\"2016-07-13T17:06:28+00:00\",\"dateModified\":\"2022-11-10T19:03:12+00:00\",\"mainEntityOfPage\":{\"@id\":\"https:\\\/\\\/cnpem.br\\\/etanol-de-segunda-geracao-e-o-futuro-da-energia-renovavel-afirmam-pesquisadores\\\/\"},\"wordCount\":495,\"image\":{\"@id\":\"https:\\\/\\\/cnpem.br\\\/etanol-de-segunda-geracao-e-o-futuro-da-energia-renovavel-afirmam-pesquisadores\\\/#primaryimage\"},\"thumbnailUrl\":\"https:\\\/\\\/cnpem.staging.wpengine.com\\\/wp-content\\\/uploads\\\/2016\\\/07\\\/m2_princ_clip_20160712085944aq3VqF3xQO.jpg\",\"articleSection\":[\"CNPEM na M\u00eddia\",\"LNBR na M\u00eddia\"],\"inLanguage\":\"en-US\"},{\"@type\":\"WebPage\",\"@id\":\"https:\\\/\\\/cnpem.br\\\/etanol-de-segunda-geracao-e-o-futuro-da-energia-renovavel-afirmam-pesquisadores\\\/\",\"url\":\"https:\\\/\\\/cnpem.br\\\/etanol-de-segunda-geracao-e-o-futuro-da-energia-renovavel-afirmam-pesquisadores\\\/\",\"name\":\"Etanol de segunda gera\u00e7\u00e3o \u00e9 o futuro da energia renov\u00e1vel, afirmam pesquisadores - CNPEM\",\"isPartOf\":{\"@id\":\"https:\\\/\\\/cnpem.br\\\/#website\"},\"primaryImageOfPage\":{\"@id\":\"https:\\\/\\\/cnpem.br\\\/etanol-de-segunda-geracao-e-o-futuro-da-energia-renovavel-afirmam-pesquisadores\\\/#primaryimage\"},\"image\":{\"@id\":\"https:\\\/\\\/cnpem.br\\\/etanol-de-segunda-geracao-e-o-futuro-da-energia-renovavel-afirmam-pesquisadores\\\/#primaryimage\"},\"thumbnailUrl\":\"https:\\\/\\\/cnpem.staging.wpengine.com\\\/wp-content\\\/uploads\\\/2016\\\/07\\\/m2_princ_clip_20160712085944aq3VqF3xQO.jpg\",\"datePublished\":\"2016-07-13T17:06:28+00:00\",\"dateModified\":\"2022-11-10T19:03:12+00:00\",\"author\":{\"@id\":\"https:\\\/\\\/cnpem.br\\\/#\\\/schema\\\/person\\\/b957a8048be4b70d687484cae6b978ef\"},\"breadcrumb\":{\"@id\":\"https:\\\/\\\/cnpem.br\\\/etanol-de-segunda-geracao-e-o-futuro-da-energia-renovavel-afirmam-pesquisadores\\\/#breadcrumb\"},\"inLanguage\":\"en-US\",\"potentialAction\":[{\"@type\":\"ReadAction\",\"target\":[\"https:\\\/\\\/cnpem.br\\\/etanol-de-segunda-geracao-e-o-futuro-da-energia-renovavel-afirmam-pesquisadores\\\/\"]}]},{\"@type\":\"ImageObject\",\"inLanguage\":\"en-US\",\"@id\":\"https:\\\/\\\/cnpem.br\\\/etanol-de-segunda-geracao-e-o-futuro-da-energia-renovavel-afirmam-pesquisadores\\\/#primaryimage\",\"url\":\"https:\\\/\\\/cnpem.staging.wpengine.com\\\/wp-content\\\/uploads\\\/2016\\\/07\\\/m2_princ_clip_20160712085944aq3VqF3xQO.jpg\",\"contentUrl\":\"https:\\\/\\\/cnpem.staging.wpengine.com\\\/wp-content\\\/uploads\\\/2016\\\/07\\\/m2_princ_clip_20160712085944aq3VqF3xQO.jpg\"},{\"@type\":\"BreadcrumbList\",\"@id\":\"https:\\\/\\\/cnpem.br\\\/etanol-de-segunda-geracao-e-o-futuro-da-energia-renovavel-afirmam-pesquisadores\\\/#breadcrumb\",\"itemListElement\":[{\"@type\":\"ListItem\",\"position\":1,\"name\":\"In\u00edcio\",\"item\":\"https:\\\/\\\/cnpem.br\\\/en\\\/\"},{\"@type\":\"ListItem\",\"position\":2,\"name\":\"Etanol de segunda gera\u00e7\u00e3o \u00e9 o futuro da energia renov\u00e1vel, afirmam pesquisadores\"}]},{\"@type\":\"WebSite\",\"@id\":\"https:\\\/\\\/cnpem.br\\\/#website\",\"url\":\"https:\\\/\\\/cnpem.br\\\/\",\"name\":\"Centro Nacional de Pesquisa em Energia e Materiais\",\"description\":\"Centro Nacional de Pesquisa em Energia e Materiais\",\"alternateName\":\"CNPEM\",\"potentialAction\":[{\"@type\":\"SearchAction\",\"target\":{\"@type\":\"EntryPoint\",\"urlTemplate\":\"https:\\\/\\\/cnpem.br\\\/?s={search_term_string}\"},\"query-input\":{\"@type\":\"PropertyValueSpecification\",\"valueRequired\":true,\"valueName\":\"search_term_string\"}}],\"inLanguage\":\"en-US\"},{\"@type\":\"Person\",\"@id\":\"https:\\\/\\\/cnpem.br\\\/#\\\/schema\\\/person\\\/b957a8048be4b70d687484cae6b978ef\",\"name\":\"Erik Medina\",\"url\":\"\"}]}<\/script>\n<!-- \/ Yoast SEO plugin. -->","yoast_head_json":{"title":"Etanol de segunda gera\u00e7\u00e3o \u00e9 o futuro da energia renov\u00e1vel, afirmam pesquisadores - CNPEM","robots":{"index":"index","follow":"follow","max-snippet":"max-snippet:-1","max-image-preview":"max-image-preview:large","max-video-preview":"max-video-preview:-1"},"canonical":"https:\/\/cnpem.br\/etanol-de-segunda-geracao-e-o-futuro-da-energia-renovavel-afirmam-pesquisadores\/","og_locale":"en_US","og_type":"article","og_title":"Etanol de segunda gera\u00e7\u00e3o \u00e9 o futuro da energia renov\u00e1vel, afirmam pesquisadores - CNPEM","og_description":"Cana Online em julho\/2016 &#8220;A gente deveria manter o petr\u00f3leo no ch\u00e3o. N\u00e3o deveria tir\u00e1-lo de onde ainda est\u00e1&#8221;, disse engenheiro da Unicamp. O etanol produzido a partir da biomassa,&hellip;","og_url":"https:\/\/cnpem.br\/etanol-de-segunda-geracao-e-o-futuro-da-energia-renovavel-afirmam-pesquisadores\/","og_site_name":"CNPEM","article_published_time":"2016-07-13T17:06:28+00:00","article_modified_time":"2022-11-10T19:03:12+00:00","og_image":[{"url":"https:\/\/cnpem.staging.wpengine.com\/wp-content\/uploads\/2016\/07\/m2_princ_clip_20160712085944aq3VqF3xQO.jpg","type":"","width":"","height":""}],"author":"Erik Medina","twitter_card":"summary_large_image","twitter_misc":{"Written by":"Erik Medina","Est. reading time":"2 minutes"},"schema":{"@context":"https:\/\/schema.org","@graph":[{"@type":"Article","@id":"https:\/\/cnpem.br\/etanol-de-segunda-geracao-e-o-futuro-da-energia-renovavel-afirmam-pesquisadores\/#article","isPartOf":{"@id":"https:\/\/cnpem.br\/etanol-de-segunda-geracao-e-o-futuro-da-energia-renovavel-afirmam-pesquisadores\/"},"author":{"name":"Erik Medina","@id":"https:\/\/cnpem.br\/#\/schema\/person\/b957a8048be4b70d687484cae6b978ef"},"headline":"Etanol de segunda gera\u00e7\u00e3o \u00e9 o futuro da energia renov\u00e1vel, afirmam pesquisadores","datePublished":"2016-07-13T17:06:28+00:00","dateModified":"2022-11-10T19:03:12+00:00","mainEntityOfPage":{"@id":"https:\/\/cnpem.br\/etanol-de-segunda-geracao-e-o-futuro-da-energia-renovavel-afirmam-pesquisadores\/"},"wordCount":495,"image":{"@id":"https:\/\/cnpem.br\/etanol-de-segunda-geracao-e-o-futuro-da-energia-renovavel-afirmam-pesquisadores\/#primaryimage"},"thumbnailUrl":"https:\/\/cnpem.staging.wpengine.com\/wp-content\/uploads\/2016\/07\/m2_princ_clip_20160712085944aq3VqF3xQO.jpg","articleSection":["CNPEM na M\u00eddia","LNBR na M\u00eddia"],"inLanguage":"en-US"},{"@type":"WebPage","@id":"https:\/\/cnpem.br\/etanol-de-segunda-geracao-e-o-futuro-da-energia-renovavel-afirmam-pesquisadores\/","url":"https:\/\/cnpem.br\/etanol-de-segunda-geracao-e-o-futuro-da-energia-renovavel-afirmam-pesquisadores\/","name":"Etanol de segunda gera\u00e7\u00e3o \u00e9 o futuro da energia renov\u00e1vel, afirmam pesquisadores - CNPEM","isPartOf":{"@id":"https:\/\/cnpem.br\/#website"},"primaryImageOfPage":{"@id":"https:\/\/cnpem.br\/etanol-de-segunda-geracao-e-o-futuro-da-energia-renovavel-afirmam-pesquisadores\/#primaryimage"},"image":{"@id":"https:\/\/cnpem.br\/etanol-de-segunda-geracao-e-o-futuro-da-energia-renovavel-afirmam-pesquisadores\/#primaryimage"},"thumbnailUrl":"https:\/\/cnpem.staging.wpengine.com\/wp-content\/uploads\/2016\/07\/m2_princ_clip_20160712085944aq3VqF3xQO.jpg","datePublished":"2016-07-13T17:06:28+00:00","dateModified":"2022-11-10T19:03:12+00:00","author":{"@id":"https:\/\/cnpem.br\/#\/schema\/person\/b957a8048be4b70d687484cae6b978ef"},"breadcrumb":{"@id":"https:\/\/cnpem.br\/etanol-de-segunda-geracao-e-o-futuro-da-energia-renovavel-afirmam-pesquisadores\/#breadcrumb"},"inLanguage":"en-US","potentialAction":[{"@type":"ReadAction","target":["https:\/\/cnpem.br\/etanol-de-segunda-geracao-e-o-futuro-da-energia-renovavel-afirmam-pesquisadores\/"]}]},{"@type":"ImageObject","inLanguage":"en-US","@id":"https:\/\/cnpem.br\/etanol-de-segunda-geracao-e-o-futuro-da-energia-renovavel-afirmam-pesquisadores\/#primaryimage","url":"https:\/\/cnpem.staging.wpengine.com\/wp-content\/uploads\/2016\/07\/m2_princ_clip_20160712085944aq3VqF3xQO.jpg","contentUrl":"https:\/\/cnpem.staging.wpengine.com\/wp-content\/uploads\/2016\/07\/m2_princ_clip_20160712085944aq3VqF3xQO.jpg"},{"@type":"BreadcrumbList","@id":"https:\/\/cnpem.br\/etanol-de-segunda-geracao-e-o-futuro-da-energia-renovavel-afirmam-pesquisadores\/#breadcrumb","itemListElement":[{"@type":"ListItem","position":1,"name":"In\u00edcio","item":"https:\/\/cnpem.br\/en\/"},{"@type":"ListItem","position":2,"name":"Etanol de segunda gera\u00e7\u00e3o \u00e9 o futuro da energia renov\u00e1vel, afirmam pesquisadores"}]},{"@type":"WebSite","@id":"https:\/\/cnpem.br\/#website","url":"https:\/\/cnpem.br\/","name":"Centro Nacional de Pesquisa em Energia e Materiais","description":"Centro Nacional de Pesquisa em Energia e Materiais","alternateName":"CNPEM","potentialAction":[{"@type":"SearchAction","target":{"@type":"EntryPoint","urlTemplate":"https:\/\/cnpem.br\/?s={search_term_string}"},"query-input":{"@type":"PropertyValueSpecification","valueRequired":true,"valueName":"search_term_string"}}],"inLanguage":"en-US"},{"@type":"Person","@id":"https:\/\/cnpem.br\/#\/schema\/person\/b957a8048be4b70d687484cae6b978ef","name":"Erik Medina","url":""}]}},"jetpack_featured_media_url":"","jetpack_sharing_enabled":true,"jetpack_shortlink":"https:\/\/wp.me\/per0Mi-3Mc","_links":{"self":[{"href":"https:\/\/cnpem.br\/en\/wp-json\/wp\/v2\/posts\/14520","targetHints":{"allow":["GET"]}}],"collection":[{"href":"https:\/\/cnpem.br\/en\/wp-json\/wp\/v2\/posts"}],"about":[{"href":"https:\/\/cnpem.br\/en\/wp-json\/wp\/v2\/types\/post"}],"author":[{"embeddable":true,"href":"https:\/\/cnpem.br\/en\/wp-json\/wp\/v2\/users\/17"}],"replies":[{"embeddable":true,"href":"https:\/\/cnpem.br\/en\/wp-json\/wp\/v2\/comments?post=14520"}],"version-history":[{"count":0,"href":"https:\/\/cnpem.br\/en\/wp-json\/wp\/v2\/posts\/14520\/revisions"}],"wp:attachment":[{"href":"https:\/\/cnpem.br\/en\/wp-json\/wp\/v2\/media?parent=14520"}],"wp:term":[{"taxonomy":"category","embeddable":true,"href":"https:\/\/cnpem.br\/en\/wp-json\/wp\/v2\/categories?post=14520"},{"taxonomy":"post_tag","embeddable":true,"href":"https:\/\/cnpem.br\/en\/wp-json\/wp\/v2\/tags?post=14520"}],"curies":[{"name":"wp","href":"https:\/\/api.w.org\/{rel}","templated":true}]}}