{"id":14517,"date":"2016-07-13T17:01:16","date_gmt":"2016-07-13T17:01:16","guid":{"rendered":"https:\/\/cnpem.staging.wpengine.com\/?p=14517"},"modified":"2022-11-10T16:03:12","modified_gmt":"2022-11-10T19:03:12","slug":"cientistas-defendem-fontes-renovaveis-de-energia-para-reduzir-emissoes-e-impactos","status":"publish","type":"post","link":"https:\/\/cnpem.br\/en\/cientistas-defendem-fontes-renovaveis-de-energia-para-reduzir-emissoes-e-impactos\/","title":{"rendered":"Cientistas defendem fontes renov\u00e1veis de energia para reduzir emiss\u00f5es e impactos"},"content":{"rendered":"<p><a href=\"https:\/\/www.mcti.gov.br\/noticia\/-\/asset_publisher\/epbV0pr6eIS0\/content\/cientistas-defendem-fontes-renovaveis-de-energia-para-reduzir-emissoes-e-impactos;jsessionid=2D2E768F9F7DCB7FE1D7A06A794E04E2\">MCTI<\/a> em julho\/2016<\/p>\n<p>Pesquisadores da Unicamp e do Laborat\u00f3rio Nacional de Ci\u00eancia e Tecnologia do Bioetanol, ligado ao MCTIC, discutiram o futuro das energias renov\u00e1veis durante a 68\u00aa Reuni\u00e3o Anual da SBPC, em Porto Seguro (BA).<\/p>\n<div id=\"attachment_14518\" style=\"width: 310px\" class=\"wp-caption alignleft\"><a href=\"https:\/\/i0.wp.com\/cnpem.staging.wpengine.com\/wp-content\/uploads\/2016\/07\/08.07-Pesquisador-da-Unicamp-afirma-que-etanol-de-segunda-gera%C3%A7%C3%A3o-%C3%A9-o-futuro.jpg?ssl=1\"><img data-recalc-dims=\"1\" loading=\"lazy\" decoding=\"async\" aria-describedby=\"caption-attachment-14518\" class=\"size-medium wp-image-14518\" src=\"https:\/\/i0.wp.com\/cnpem.staging.wpengine.com\/wp-content\/uploads\/2016\/07\/08.07-Pesquisador-da-Unicamp-afirma-que-etanol-de-segunda-gera%C3%A7%C3%A3o-%C3%A9-o-futuro-300x200.jpg?resize=300%2C200&#038;ssl=1\" alt=\"O engenheiro agr\u00f4nomo Gon\u00e7alo Pereira, da Universidade Estadual de Campinas (Unicamp), em palestra na 68\u00aa Reuni\u00e3o Anual da Sociedade Brasileira para o Progresso da Ci\u00eancia (SBPC), em Porto Seguro (BA). Cr\u00e9dito: Ascom\/MCTIC\" width=\"300\" height=\"200\" srcset=\"https:\/\/i0.wp.com\/cnpem.br\/wp-content\/uploads\/2016\/07\/08.07-Pesquisador-da-Unicamp-afirma-que-etanol-de-segunda-gera%C3%A7%C3%A3o-%C3%A9-o-futuro.jpg?resize=300%2C200&amp;ssl=1 300w, https:\/\/i0.wp.com\/cnpem.br\/wp-content\/uploads\/2016\/07\/08.07-Pesquisador-da-Unicamp-afirma-que-etanol-de-segunda-gera%C3%A7%C3%A3o-%C3%A9-o-futuro.jpg?resize=600%2C401&amp;ssl=1 600w, https:\/\/i0.wp.com\/cnpem.br\/wp-content\/uploads\/2016\/07\/08.07-Pesquisador-da-Unicamp-afirma-que-etanol-de-segunda-gera%C3%A7%C3%A3o-%C3%A9-o-futuro.jpg?resize=768%2C513&amp;ssl=1 768w, https:\/\/i0.wp.com\/cnpem.br\/wp-content\/uploads\/2016\/07\/08.07-Pesquisador-da-Unicamp-afirma-que-etanol-de-segunda-gera%C3%A7%C3%A3o-%C3%A9-o-futuro.jpg?resize=1030%2C688&amp;ssl=1 1030w, https:\/\/i0.wp.com\/cnpem.br\/wp-content\/uploads\/2016\/07\/08.07-Pesquisador-da-Unicamp-afirma-que-etanol-de-segunda-gera%C3%A7%C3%A3o-%C3%A9-o-futuro.jpg?resize=705%2C471&amp;ssl=1 705w, https:\/\/i0.wp.com\/cnpem.br\/wp-content\/uploads\/2016\/07\/08.07-Pesquisador-da-Unicamp-afirma-que-etanol-de-segunda-gera%C3%A7%C3%A3o-%C3%A9-o-futuro.jpg?w=1200&amp;ssl=1 1200w\" sizes=\"auto, (max-width: 300px) 100vw, 300px\" \/><\/a><p id=\"caption-attachment-14518\" class=\"wp-caption-text\">O engenheiro agr\u00f4nomo Gon\u00e7alo Pereira, da Universidade Estadual de Campinas (Unicamp), em palestra na 68\u00aa Reuni\u00e3o Anual da Sociedade Brasileira para o Progresso da Ci\u00eancia (SBPC), em Porto Seguro (BA).<br \/>Cr\u00e9dito: Ascom\/MCTIC<\/p><\/div>\n<p>O etanol produzido a partir da biomassa, chamado de segunda gera\u00e7\u00e3o, \u00e9 o futuro, afirmou nesta quinta-feira (7) o engenheiro agr\u00f4nomo Gon\u00e7alo Pereira, da Universidade Estadual de Campinas (Unicamp), durante a 68\u00aa Reuni\u00e3o Anual da Sociedade Brasileira para o Progresso da Ci\u00eancia (SBPC), em Porto Seguro (BA). &#8220;Se a gente consegue consolidar essas tecnologias, teremos possibilidade de n\u00e3o s\u00f3 mitigar, mas de reduzir a quantidade de di\u00f3xido de carbono emitido a um n\u00edvel aceit\u00e1vel. Isso \u00e9 engenharia clim\u00e1tica&#8221;, explicou. &#8220;O fato \u00e9 que a gente deveria realmente manter o petr\u00f3leo no ch\u00e3o. N\u00e3o deveria tir\u00e1-lo de onde ainda est\u00e1.&#8221;<\/p>\n<p>O pesquisador participou de uma mesa-redonda promovida pela SBPC para discutir os caminhos da biologia sint\u00e9tica e da qu\u00edmica de renov\u00e1veis. No debate, a engenheira de alimentos Jaciane Ienczak, do Laborat\u00f3rio Nacional de Ci\u00eancia e Tecnologia do Bioetanol (CTBE), unidade do Centro Nacional de Pesquisa em Energia e Materiais (CNPEM), organiza\u00e7\u00e3o social supervisionada pelo Minist\u00e9rio da Ci\u00eancia, Tecnologia, Inova\u00e7\u00f5es e Comunica\u00e7\u00f5es (MCTIC), defendeu que as fontes renov\u00e1veis s\u00e3o o caminho para reduzir os impactos dos produtos f\u00f3sseis.<\/p>\n<p>&#8220;Uma alternativa para a gente converter esses problemas, tentando salvar o nosso planeta de um futuro desastroso, seria buscar fontes renov\u00e1veis de carbono, como arroz, beterraba, milho, soja, trigo, res\u00edduos da agroind\u00fastria processadora de alimentos e, obviamente, a grande estrela, que \u00e9 a cana-de-a\u00e7\u00facar, por ser a mat\u00e9ria-prima renov\u00e1vel que possui a maior efici\u00eancia energ\u00e9tica, isso se compararmos a energia dispon\u00edvel em si \u00e0 energia que ela necessita consumir durante o processo.&#8221;<\/p>\n<p>Jaciane ressaltou o desafio de produzir qu\u00edmicos renov\u00e1veis para atender necessidades de bens de consumo utilizados no dia a dia, de &#8220;alimenta\u00e7\u00e3o a vestimentas, passando por combust\u00edveis e energia el\u00e9trica&#8221;, hoje dependentes de intermedi\u00e1rios petroqu\u00edmicos. &#8220;N\u00f3s precisamos partir de mat\u00e9rias-primas como a cana-de-a\u00e7\u00facar, foco do trabalho do CTBE, associadas a micro-organismos que possam transform\u00e1-las em insumos para a produ\u00e7\u00e3o.&#8221;<\/p>\n<p>J\u00e1 o biom\u00e9dico Iuri Gouv\u00eaa ressaltou como a &#8220;grande inova\u00e7\u00e3o&#8221; dos \u00faltimos cinco anos o pl\u00e1stico verde, derivado do etanol de cana-de-a\u00e7\u00facar. Segundo ele, o material possui as mesmas propriedades do polietileno de origem f\u00f3ssil. &#8220;Mas enquanto o pl\u00e1stico convencional tem, na sua concep\u00e7\u00e3o, desde a extra\u00e7\u00e3o do nafta at\u00e9 a porta da f\u00e1brica, uma adi\u00e7\u00e3o de basicamente duas toneladas de carbono na atmosfera por tonelada de pol\u00edmero, o pl\u00e1stico verde captura duas toneladas de carbono por tonelada de pol\u00edmero produzido. Isso sem falar das vantagens sustent\u00e1veis, dentro do conceito de reciclabilidade.&#8221;<\/p>\n<p>&nbsp;<\/p>\n<p>Fonte: MCTI<\/p>\n","protected":false},"excerpt":{"rendered":"<p>MCTI em julho\/2016 Pesquisadores da Unicamp e do Laborat\u00f3rio Nacional de Ci\u00eancia e Tecnologia do Bioetanol, ligado ao MCTIC, discutiram o futuro das energias renov\u00e1veis durante a 68\u00aa Reuni\u00e3o Anual&hellip;<\/p>\n","protected":false},"author":17,"featured_media":0,"comment_status":"closed","ping_status":"closed","sticky":false,"template":"","format":"standard","meta":{"_acf_changed":false,"_jetpack_newsletter_access":"","_jetpack_dont_email_post_to_subs":false,"_jetpack_newsletter_tier_id":0,"_jetpack_memberships_contains_paywalled_content":false,"_jetpack_memberships_contains_paid_content":false,"footnotes":"","_links_to":"","_links_to_target":""},"categories":[1163,1224],"tags":[],"class_list":["post-14517","post","type-post","status-publish","format-standard","hentry","category-clipping-cnpem","category-clipping-lnbr","category-1163","category-1224","description-off"],"acf":[],"yoast_head":"<!-- This site is optimized with the Yoast SEO plugin v27.4 - https:\/\/yoast.com\/product\/yoast-seo-wordpress\/ -->\n<title>Cientistas defendem fontes renov\u00e1veis de energia para reduzir emiss\u00f5es e impactos - CNPEM<\/title>\n<meta name=\"robots\" content=\"index, follow, max-snippet:-1, max-image-preview:large, max-video-preview:-1\" \/>\n<link rel=\"canonical\" href=\"https:\/\/cnpem.br\/cientistas-defendem-fontes-renovaveis-de-energia-para-reduzir-emissoes-e-impactos\/\" \/>\n<meta property=\"og:locale\" content=\"en_US\" \/>\n<meta property=\"og:type\" content=\"article\" \/>\n<meta property=\"og:title\" content=\"Cientistas defendem fontes renov\u00e1veis de energia para reduzir emiss\u00f5es e impactos - CNPEM\" \/>\n<meta property=\"og:description\" content=\"MCTI em julho\/2016 Pesquisadores da Unicamp e do Laborat\u00f3rio Nacional de Ci\u00eancia e Tecnologia do Bioetanol, ligado ao MCTIC, discutiram o futuro das energias renov\u00e1veis durante a 68\u00aa Reuni\u00e3o Anual&hellip;\" \/>\n<meta property=\"og:url\" content=\"https:\/\/cnpem.br\/cientistas-defendem-fontes-renovaveis-de-energia-para-reduzir-emissoes-e-impactos\/\" \/>\n<meta property=\"og:site_name\" content=\"CNPEM\" \/>\n<meta property=\"article:published_time\" content=\"2016-07-13T17:01:16+00:00\" \/>\n<meta property=\"article:modified_time\" content=\"2022-11-10T19:03:12+00:00\" \/>\n<meta name=\"author\" content=\"Erik Medina\" \/>\n<meta name=\"twitter:card\" content=\"summary_large_image\" \/>\n<meta name=\"twitter:label1\" content=\"Written by\" \/>\n\t<meta name=\"twitter:data1\" content=\"Erik Medina\" \/>\n\t<meta name=\"twitter:label2\" content=\"Est. reading time\" \/>\n\t<meta name=\"twitter:data2\" content=\"3 minutes\" \/>\n<script type=\"application\/ld+json\" class=\"yoast-schema-graph\">{\"@context\":\"https:\\\/\\\/schema.org\",\"@graph\":[{\"@type\":\"Article\",\"@id\":\"https:\\\/\\\/cnpem.br\\\/cientistas-defendem-fontes-renovaveis-de-energia-para-reduzir-emissoes-e-impactos\\\/#article\",\"isPartOf\":{\"@id\":\"https:\\\/\\\/cnpem.br\\\/cientistas-defendem-fontes-renovaveis-de-energia-para-reduzir-emissoes-e-impactos\\\/\"},\"author\":{\"name\":\"Erik Medina\",\"@id\":\"https:\\\/\\\/cnpem.br\\\/#\\\/schema\\\/person\\\/b957a8048be4b70d687484cae6b978ef\"},\"headline\":\"Cientistas defendem fontes renov\u00e1veis de energia para reduzir emiss\u00f5es e impactos\",\"datePublished\":\"2016-07-13T17:01:16+00:00\",\"dateModified\":\"2022-11-10T19:03:12+00:00\",\"mainEntityOfPage\":{\"@id\":\"https:\\\/\\\/cnpem.br\\\/cientistas-defendem-fontes-renovaveis-de-energia-para-reduzir-emissoes-e-impactos\\\/\"},\"wordCount\":554,\"articleSection\":[\"CNPEM na M\u00eddia\",\"LNBR na M\u00eddia\"],\"inLanguage\":\"en-US\"},{\"@type\":\"WebPage\",\"@id\":\"https:\\\/\\\/cnpem.br\\\/cientistas-defendem-fontes-renovaveis-de-energia-para-reduzir-emissoes-e-impactos\\\/\",\"url\":\"https:\\\/\\\/cnpem.br\\\/cientistas-defendem-fontes-renovaveis-de-energia-para-reduzir-emissoes-e-impactos\\\/\",\"name\":\"Cientistas defendem fontes renov\u00e1veis de energia para reduzir emiss\u00f5es e impactos - CNPEM\",\"isPartOf\":{\"@id\":\"https:\\\/\\\/cnpem.br\\\/#website\"},\"datePublished\":\"2016-07-13T17:01:16+00:00\",\"dateModified\":\"2022-11-10T19:03:12+00:00\",\"author\":{\"@id\":\"https:\\\/\\\/cnpem.br\\\/#\\\/schema\\\/person\\\/b957a8048be4b70d687484cae6b978ef\"},\"breadcrumb\":{\"@id\":\"https:\\\/\\\/cnpem.br\\\/cientistas-defendem-fontes-renovaveis-de-energia-para-reduzir-emissoes-e-impactos\\\/#breadcrumb\"},\"inLanguage\":\"en-US\",\"potentialAction\":[{\"@type\":\"ReadAction\",\"target\":[\"https:\\\/\\\/cnpem.br\\\/cientistas-defendem-fontes-renovaveis-de-energia-para-reduzir-emissoes-e-impactos\\\/\"]}]},{\"@type\":\"BreadcrumbList\",\"@id\":\"https:\\\/\\\/cnpem.br\\\/cientistas-defendem-fontes-renovaveis-de-energia-para-reduzir-emissoes-e-impactos\\\/#breadcrumb\",\"itemListElement\":[{\"@type\":\"ListItem\",\"position\":1,\"name\":\"In\u00edcio\",\"item\":\"https:\\\/\\\/cnpem.br\\\/en\\\/\"},{\"@type\":\"ListItem\",\"position\":2,\"name\":\"Cientistas defendem fontes renov\u00e1veis de energia para reduzir emiss\u00f5es e impactos\"}]},{\"@type\":\"WebSite\",\"@id\":\"https:\\\/\\\/cnpem.br\\\/#website\",\"url\":\"https:\\\/\\\/cnpem.br\\\/\",\"name\":\"Centro Nacional de Pesquisa em Energia e Materiais\",\"description\":\"Centro Nacional de Pesquisa em Energia e Materiais\",\"alternateName\":\"CNPEM\",\"potentialAction\":[{\"@type\":\"SearchAction\",\"target\":{\"@type\":\"EntryPoint\",\"urlTemplate\":\"https:\\\/\\\/cnpem.br\\\/?s={search_term_string}\"},\"query-input\":{\"@type\":\"PropertyValueSpecification\",\"valueRequired\":true,\"valueName\":\"search_term_string\"}}],\"inLanguage\":\"en-US\"},{\"@type\":\"Person\",\"@id\":\"https:\\\/\\\/cnpem.br\\\/#\\\/schema\\\/person\\\/b957a8048be4b70d687484cae6b978ef\",\"name\":\"Erik Medina\",\"url\":\"\"}]}<\/script>\n<!-- \/ Yoast SEO plugin. -->","yoast_head_json":{"title":"Cientistas defendem fontes renov\u00e1veis de energia para reduzir emiss\u00f5es e impactos - CNPEM","robots":{"index":"index","follow":"follow","max-snippet":"max-snippet:-1","max-image-preview":"max-image-preview:large","max-video-preview":"max-video-preview:-1"},"canonical":"https:\/\/cnpem.br\/cientistas-defendem-fontes-renovaveis-de-energia-para-reduzir-emissoes-e-impactos\/","og_locale":"en_US","og_type":"article","og_title":"Cientistas defendem fontes renov\u00e1veis de energia para reduzir emiss\u00f5es e impactos - CNPEM","og_description":"MCTI em julho\/2016 Pesquisadores da Unicamp e do Laborat\u00f3rio Nacional de Ci\u00eancia e Tecnologia do Bioetanol, ligado ao MCTIC, discutiram o futuro das energias renov\u00e1veis durante a 68\u00aa Reuni\u00e3o Anual&hellip;","og_url":"https:\/\/cnpem.br\/cientistas-defendem-fontes-renovaveis-de-energia-para-reduzir-emissoes-e-impactos\/","og_site_name":"CNPEM","article_published_time":"2016-07-13T17:01:16+00:00","article_modified_time":"2022-11-10T19:03:12+00:00","author":"Erik Medina","twitter_card":"summary_large_image","twitter_misc":{"Written by":"Erik Medina","Est. reading time":"3 minutes"},"schema":{"@context":"https:\/\/schema.org","@graph":[{"@type":"Article","@id":"https:\/\/cnpem.br\/cientistas-defendem-fontes-renovaveis-de-energia-para-reduzir-emissoes-e-impactos\/#article","isPartOf":{"@id":"https:\/\/cnpem.br\/cientistas-defendem-fontes-renovaveis-de-energia-para-reduzir-emissoes-e-impactos\/"},"author":{"name":"Erik Medina","@id":"https:\/\/cnpem.br\/#\/schema\/person\/b957a8048be4b70d687484cae6b978ef"},"headline":"Cientistas defendem fontes renov\u00e1veis de energia para reduzir emiss\u00f5es e impactos","datePublished":"2016-07-13T17:01:16+00:00","dateModified":"2022-11-10T19:03:12+00:00","mainEntityOfPage":{"@id":"https:\/\/cnpem.br\/cientistas-defendem-fontes-renovaveis-de-energia-para-reduzir-emissoes-e-impactos\/"},"wordCount":554,"articleSection":["CNPEM na M\u00eddia","LNBR na M\u00eddia"],"inLanguage":"en-US"},{"@type":"WebPage","@id":"https:\/\/cnpem.br\/cientistas-defendem-fontes-renovaveis-de-energia-para-reduzir-emissoes-e-impactos\/","url":"https:\/\/cnpem.br\/cientistas-defendem-fontes-renovaveis-de-energia-para-reduzir-emissoes-e-impactos\/","name":"Cientistas defendem fontes renov\u00e1veis de energia para reduzir emiss\u00f5es e impactos - CNPEM","isPartOf":{"@id":"https:\/\/cnpem.br\/#website"},"datePublished":"2016-07-13T17:01:16+00:00","dateModified":"2022-11-10T19:03:12+00:00","author":{"@id":"https:\/\/cnpem.br\/#\/schema\/person\/b957a8048be4b70d687484cae6b978ef"},"breadcrumb":{"@id":"https:\/\/cnpem.br\/cientistas-defendem-fontes-renovaveis-de-energia-para-reduzir-emissoes-e-impactos\/#breadcrumb"},"inLanguage":"en-US","potentialAction":[{"@type":"ReadAction","target":["https:\/\/cnpem.br\/cientistas-defendem-fontes-renovaveis-de-energia-para-reduzir-emissoes-e-impactos\/"]}]},{"@type":"BreadcrumbList","@id":"https:\/\/cnpem.br\/cientistas-defendem-fontes-renovaveis-de-energia-para-reduzir-emissoes-e-impactos\/#breadcrumb","itemListElement":[{"@type":"ListItem","position":1,"name":"In\u00edcio","item":"https:\/\/cnpem.br\/en\/"},{"@type":"ListItem","position":2,"name":"Cientistas defendem fontes renov\u00e1veis de energia para reduzir emiss\u00f5es e impactos"}]},{"@type":"WebSite","@id":"https:\/\/cnpem.br\/#website","url":"https:\/\/cnpem.br\/","name":"Centro Nacional de Pesquisa em Energia e Materiais","description":"Centro Nacional de Pesquisa em Energia e Materiais","alternateName":"CNPEM","potentialAction":[{"@type":"SearchAction","target":{"@type":"EntryPoint","urlTemplate":"https:\/\/cnpem.br\/?s={search_term_string}"},"query-input":{"@type":"PropertyValueSpecification","valueRequired":true,"valueName":"search_term_string"}}],"inLanguage":"en-US"},{"@type":"Person","@id":"https:\/\/cnpem.br\/#\/schema\/person\/b957a8048be4b70d687484cae6b978ef","name":"Erik Medina","url":""}]}},"jetpack_featured_media_url":"","jetpack_sharing_enabled":true,"jetpack_shortlink":"https:\/\/wp.me\/per0Mi-3M9","_links":{"self":[{"href":"https:\/\/cnpem.br\/en\/wp-json\/wp\/v2\/posts\/14517","targetHints":{"allow":["GET"]}}],"collection":[{"href":"https:\/\/cnpem.br\/en\/wp-json\/wp\/v2\/posts"}],"about":[{"href":"https:\/\/cnpem.br\/en\/wp-json\/wp\/v2\/types\/post"}],"author":[{"embeddable":true,"href":"https:\/\/cnpem.br\/en\/wp-json\/wp\/v2\/users\/17"}],"replies":[{"embeddable":true,"href":"https:\/\/cnpem.br\/en\/wp-json\/wp\/v2\/comments?post=14517"}],"version-history":[{"count":0,"href":"https:\/\/cnpem.br\/en\/wp-json\/wp\/v2\/posts\/14517\/revisions"}],"wp:attachment":[{"href":"https:\/\/cnpem.br\/en\/wp-json\/wp\/v2\/media?parent=14517"}],"wp:term":[{"taxonomy":"category","embeddable":true,"href":"https:\/\/cnpem.br\/en\/wp-json\/wp\/v2\/categories?post=14517"},{"taxonomy":"post_tag","embeddable":true,"href":"https:\/\/cnpem.br\/en\/wp-json\/wp\/v2\/tags?post=14517"}],"curies":[{"name":"wp","href":"https:\/\/api.w.org\/{rel}","templated":true}]}}