{"id":14172,"date":"2016-06-01T18:48:30","date_gmt":"2016-06-01T18:48:30","guid":{"rendered":"https:\/\/cnpem.staging.wpengine.com\/?p=14172"},"modified":"2022-11-10T16:03:13","modified_gmt":"2022-11-10T19:03:13","slug":"comunidade-cientifica-ganha-mais-um-reforco-no-brasil-na-area-da-quimica","status":"publish","type":"post","link":"https:\/\/cnpem.br\/en\/comunidade-cientifica-ganha-mais-um-reforco-no-brasil-na-area-da-quimica\/","title":{"rendered":"Comunidade cient\u00edfica ganha mais um refor\u00e7o no Brasil na \u00e1rea da qu\u00edmica"},"content":{"rendered":"<p>Jornal Agora em 30\/maio<\/p>\n<p>No m\u00eas de junho, o Brasil ser\u00e1 sede de temas relevantes na \u00e1rea de qu\u00edmica durante a primeira reuni\u00e3o da\u00a0<em>American Chemical Society<\/em>(ACS) no Pa\u00eds. Em janeiro deste ano, come\u00e7ou a funcionar no Brasil uma divis\u00e3o da Sociedade visando estreitar as rela\u00e7\u00f5es entre as comunidades cient\u00edficas da \u00e1rea da qu\u00edmica brasileira e americana, criando mais oportunidades para colabora\u00e7\u00f5es e trabalho de equipe entre grupos de pesquisa dos dois pa\u00edses.<\/p>\n<p>Essa discuss\u00e3o ser\u00e1 feita por meio de reuni\u00f5es anuais itinerantes, sendo a pr\u00f3xima na sede da Embrapa, Bras\u00edlia\/DF, Empresa Brasileira de Pesquisa Agropecu\u00e1ria, vinculada ao Minist\u00e9rio da Agricultura, Pecu\u00e1ria e Abastecimento. A reuni\u00e3o ser\u00e1 dia 03 de junho e paralelamente ocorrer\u00e1 o lan\u00e7amento oficial da ACS\u00a0<em>Brazil Chapter.<\/em><\/p>\n<p>A ACS \u00e9 a maior sociedade qu\u00edmica internacional e tem uma forte colabora\u00e7\u00e3o com pa\u00edses do mundo todo. De acordo com o pesquisador da Embrapa Agroenergia e membro fundador da ACS\u00a0<em>Brazil Chapter<\/em>, S\u00edlvio Vaz J\u00fanior, devido ao seu destaque pol\u00edtico e econ\u00f4mico na Am\u00e9rica do Sul, o Brasil desperta aten\u00e7\u00e3o das sociedades cient\u00edficas internacionais. Al\u00e9m do que, estamos crescendo a cada dia em termos de aumento e impacto da nossa produ\u00e7\u00e3o cient\u00edfica mundial.<\/p>\n<p>\u201cTer um pesquisador da Embrapa na diretoria do\u00a0<em>Brazil Chapter<\/em>\u00a0reflete a excelente inser\u00e7\u00e3o internacional da institui\u00e7\u00e3o. \u00c9 natural a aproxima\u00e7\u00e3o da\u00a0<em>ACS<\/em>\u00a0com a Embrapa, dada a liga\u00e7\u00e3o hist\u00f3rica da qu\u00edmica com o desenvolvimento da agricultura, especialmente no Brasil\u201d, ressalta Silvio. Cabe destacar que a\u00a0<em>ACS<\/em>, entre os seus mais de 40 peri\u00f3dicos cient\u00edficos, publica um de alto impacto voltado para a qu\u00edmica na agricultura, que \u00e9 o\u00a0<a href=\"https:\/\/pubs.acs.org\/journal\/jafcau\"><em>Journal of Agricultural and Food Chemistry<\/em><\/a>\u00a0(<a href=\"https:\/\/pubs.acs.org\/journal\/jafcau\">https:\/\/pubs.acs.org\/journal\/jafcau<\/a>).<\/p>\n<p>\u201cCom a ACS\u00a0<em>Brazil Chapter<\/em>\u00a0espera-se aumentar a coopera\u00e7\u00e3o cient\u00edfica, criando mais oportunidades para colabora\u00e7\u00f5es e trabalhos entre grupos de pesquisa de americanos e brasileiros\u201d, explicou o pesquisador da Embrapa. Outro objetivo da entidade \u00e9 a educa\u00e7\u00e3o da nova gera\u00e7\u00e3o de qu\u00edmicos, al\u00e9m de discutir o papel da ci\u00eancia e da qu\u00edmica no desenvolvimento de uma sociedade saud\u00e1vel, sustent\u00e1vel e pr\u00f3spera.<\/p>\n<p><strong>Programa\u00e7\u00e3o\u00a0<\/strong><\/p>\n<p>Durante a programa\u00e7\u00e3o ser\u00e3o tratados temas como o uso da cana-de-a\u00e7\u00facar nas biorrefinarias, pelo pesquisador do CTBE Antonio Bonomi; as potencialidades da qu\u00edmica para a biomassa brasileira, pelo pesquisador Ant\u00f4nio Oilveira da CGEE; ind\u00fastria qu\u00edmica brasileira, pelo presidente da Associa\u00e7\u00e3o Brasileira da Ind\u00fastria Qu\u00edmica \u2013 ABIQUIM, Fernando Fernandez, a Embrapa e a sua relev\u00e2ncia para a pesquisa agr\u00edcola. Tamb\u00e9m ser\u00e1 tema na reuni\u00e3o a qu\u00edmica verde e suas aplica\u00e7\u00f5es. No que diz respeito \u00e0 qu\u00edmica verde, com destaque para o uso da biomassa pela qu\u00edmica, a\u00a0<em>ACS\u00a0<\/em>criou o\u00a0<em>ACS Green Chemistry Intitute<\/em>(<a href=\"https:\/\/www.acs.org\/content\/acs\/en\/greenchemistry.html\">https:\/\/www.acs.org\/content\/acs\/en\/greenchemistry.html<\/a>) o qual organiza encontros de pesquisa e inova\u00e7\u00e3o, educa\u00e7\u00e3o, ind\u00fastria e neg\u00f3cios, propiciando um avan\u00e7o do conhecimento sobre o que \u00e9 a qu\u00edmica verde a as suas aplica\u00e7\u00f5es. Cabe ressaltar que a qu\u00edmica verde tamb\u00e9m ser\u00e1 um tema a ser tratado na reuni\u00e3o que ocorrer\u00e1 na Embrapa.<\/p>\n<p>A presidente do cap\u00edtulo brasileiro da ACS e professora da Unicamp, C\u00e1tia Ornelas ir\u00e1 finalizar a reuni\u00e3o. \u201cComo futuros passos espera-se uma inser\u00e7\u00e3o do Brazil Chapter na agenda cient\u00edfica brasileira e uma maior divulga\u00e7\u00e3o da American Chemical Society junto a estudantes e profissionais no Brasil\u201d, ressaltou a C\u00e1tia Ornelas.<\/p>\n<p>O evento \u00e9 aberto ao p\u00fablico e vai acontecer de 9h \u00e0s 13h30, no audit\u00f3rio Biomas, na sede da Embrapa, localizada no Parque Esta\u00e7\u00e3o Biol\u00f3gica, Av. W3 Norte (final), Bras\u00edlia\/DF. Mais informa\u00e7\u00f5es podem ser obtidas no email\u00a0<a href=\"mailto:agroenergia.eventos@embrapa.br\">agroenergia.eventos@embrapa.br<\/a><\/p>\n","protected":false},"excerpt":{"rendered":"<p>Jornal Agora em 30\/maio No m\u00eas de junho, o Brasil ser\u00e1 sede de temas relevantes na \u00e1rea de qu\u00edmica durante a primeira reuni\u00e3o da\u00a0American Chemical Society(ACS) no Pa\u00eds. Em janeiro&hellip;<\/p>\n","protected":false},"author":17,"featured_media":0,"comment_status":"closed","ping_status":"closed","sticky":false,"template":"","format":"standard","meta":{"_acf_changed":false,"_jetpack_newsletter_access":"","_jetpack_dont_email_post_to_subs":false,"_jetpack_newsletter_tier_id":0,"_jetpack_memberships_contains_paywalled_content":false,"_jetpack_memberships_contains_paid_content":false,"footnotes":"","_links_to":"","_links_to_target":""},"categories":[1163,1224],"tags":[],"class_list":["post-14172","post","type-post","status-publish","format-standard","hentry","category-clipping-cnpem","category-clipping-lnbr","category-1163","category-1224","description-off"],"acf":[],"yoast_head":"<!-- This site is optimized with the Yoast SEO plugin v27.5 - https:\/\/yoast.com\/product\/yoast-seo-wordpress\/ -->\n<title>Comunidade cient\u00edfica ganha mais um refor\u00e7o no Brasil na \u00e1rea da qu\u00edmica - CNPEM<\/title>\n<meta name=\"robots\" content=\"index, follow, max-snippet:-1, max-image-preview:large, max-video-preview:-1\" \/>\n<link rel=\"canonical\" href=\"https:\/\/cnpem.br\/comunidade-cientifica-ganha-mais-um-reforco-no-brasil-na-area-da-quimica\/\" \/>\n<meta property=\"og:locale\" content=\"en_US\" \/>\n<meta property=\"og:type\" content=\"article\" \/>\n<meta property=\"og:title\" content=\"Comunidade cient\u00edfica ganha mais um refor\u00e7o no Brasil na \u00e1rea da qu\u00edmica - CNPEM\" \/>\n<meta property=\"og:description\" content=\"Jornal Agora em 30\/maio No m\u00eas de junho, o Brasil ser\u00e1 sede de temas relevantes na \u00e1rea de qu\u00edmica durante a primeira reuni\u00e3o da\u00a0American Chemical Society(ACS) no Pa\u00eds. Em janeiro&hellip;\" \/>\n<meta property=\"og:url\" content=\"https:\/\/cnpem.br\/comunidade-cientifica-ganha-mais-um-reforco-no-brasil-na-area-da-quimica\/\" \/>\n<meta property=\"og:site_name\" content=\"CNPEM\" \/>\n<meta property=\"article:published_time\" content=\"2016-06-01T18:48:30+00:00\" \/>\n<meta property=\"article:modified_time\" content=\"2022-11-10T19:03:13+00:00\" \/>\n<meta name=\"author\" content=\"Erik Medina\" \/>\n<meta name=\"twitter:card\" content=\"summary_large_image\" \/>\n<meta name=\"twitter:label1\" content=\"Written by\" \/>\n\t<meta name=\"twitter:data1\" content=\"Erik Medina\" \/>\n\t<meta name=\"twitter:label2\" content=\"Est. reading time\" \/>\n\t<meta name=\"twitter:data2\" content=\"3 minutes\" \/>\n<script type=\"application\/ld+json\" class=\"yoast-schema-graph\">{\"@context\":\"https:\\\/\\\/schema.org\",\"@graph\":[{\"@type\":\"Article\",\"@id\":\"https:\\\/\\\/cnpem.br\\\/comunidade-cientifica-ganha-mais-um-reforco-no-brasil-na-area-da-quimica\\\/#article\",\"isPartOf\":{\"@id\":\"https:\\\/\\\/cnpem.br\\\/comunidade-cientifica-ganha-mais-um-reforco-no-brasil-na-area-da-quimica\\\/\"},\"author\":{\"name\":\"Erik Medina\",\"@id\":\"https:\\\/\\\/cnpem.br\\\/#\\\/schema\\\/person\\\/b957a8048be4b70d687484cae6b978ef\"},\"headline\":\"Comunidade cient\u00edfica ganha mais um refor\u00e7o no Brasil na \u00e1rea da qu\u00edmica\",\"datePublished\":\"2016-06-01T18:48:30+00:00\",\"dateModified\":\"2022-11-10T19:03:13+00:00\",\"mainEntityOfPage\":{\"@id\":\"https:\\\/\\\/cnpem.br\\\/comunidade-cientifica-ganha-mais-um-reforco-no-brasil-na-area-da-quimica\\\/\"},\"wordCount\":681,\"articleSection\":[\"CNPEM na M\u00eddia\",\"LNBR na M\u00eddia\"],\"inLanguage\":\"en-US\"},{\"@type\":\"WebPage\",\"@id\":\"https:\\\/\\\/cnpem.br\\\/comunidade-cientifica-ganha-mais-um-reforco-no-brasil-na-area-da-quimica\\\/\",\"url\":\"https:\\\/\\\/cnpem.br\\\/comunidade-cientifica-ganha-mais-um-reforco-no-brasil-na-area-da-quimica\\\/\",\"name\":\"Comunidade cient\u00edfica ganha mais um refor\u00e7o no Brasil na \u00e1rea da qu\u00edmica - CNPEM\",\"isPartOf\":{\"@id\":\"https:\\\/\\\/cnpem.br\\\/#website\"},\"datePublished\":\"2016-06-01T18:48:30+00:00\",\"dateModified\":\"2022-11-10T19:03:13+00:00\",\"author\":{\"@id\":\"https:\\\/\\\/cnpem.br\\\/#\\\/schema\\\/person\\\/b957a8048be4b70d687484cae6b978ef\"},\"breadcrumb\":{\"@id\":\"https:\\\/\\\/cnpem.br\\\/comunidade-cientifica-ganha-mais-um-reforco-no-brasil-na-area-da-quimica\\\/#breadcrumb\"},\"inLanguage\":\"en-US\",\"potentialAction\":[{\"@type\":\"ReadAction\",\"target\":[\"https:\\\/\\\/cnpem.br\\\/comunidade-cientifica-ganha-mais-um-reforco-no-brasil-na-area-da-quimica\\\/\"]}]},{\"@type\":\"BreadcrumbList\",\"@id\":\"https:\\\/\\\/cnpem.br\\\/comunidade-cientifica-ganha-mais-um-reforco-no-brasil-na-area-da-quimica\\\/#breadcrumb\",\"itemListElement\":[{\"@type\":\"ListItem\",\"position\":1,\"name\":\"In\u00edcio\",\"item\":\"https:\\\/\\\/cnpem.br\\\/en\\\/\"},{\"@type\":\"ListItem\",\"position\":2,\"name\":\"Comunidade cient\u00edfica ganha mais um refor\u00e7o no Brasil na \u00e1rea da qu\u00edmica\"}]},{\"@type\":\"WebSite\",\"@id\":\"https:\\\/\\\/cnpem.br\\\/#website\",\"url\":\"https:\\\/\\\/cnpem.br\\\/\",\"name\":\"Centro Nacional de Pesquisa em Energia e Materiais\",\"description\":\"Centro Nacional de Pesquisa em Energia e Materiais\",\"alternateName\":\"CNPEM\",\"potentialAction\":[{\"@type\":\"SearchAction\",\"target\":{\"@type\":\"EntryPoint\",\"urlTemplate\":\"https:\\\/\\\/cnpem.br\\\/?s={search_term_string}\"},\"query-input\":{\"@type\":\"PropertyValueSpecification\",\"valueRequired\":true,\"valueName\":\"search_term_string\"}}],\"inLanguage\":\"en-US\"},{\"@type\":\"Person\",\"@id\":\"https:\\\/\\\/cnpem.br\\\/#\\\/schema\\\/person\\\/b957a8048be4b70d687484cae6b978ef\",\"name\":\"Erik Medina\",\"url\":\"\"}]}<\/script>\n<!-- \/ Yoast SEO plugin. -->","yoast_head_json":{"title":"Comunidade cient\u00edfica ganha mais um refor\u00e7o no Brasil na \u00e1rea da qu\u00edmica - CNPEM","robots":{"index":"index","follow":"follow","max-snippet":"max-snippet:-1","max-image-preview":"max-image-preview:large","max-video-preview":"max-video-preview:-1"},"canonical":"https:\/\/cnpem.br\/comunidade-cientifica-ganha-mais-um-reforco-no-brasil-na-area-da-quimica\/","og_locale":"en_US","og_type":"article","og_title":"Comunidade cient\u00edfica ganha mais um refor\u00e7o no Brasil na \u00e1rea da qu\u00edmica - CNPEM","og_description":"Jornal Agora em 30\/maio No m\u00eas de junho, o Brasil ser\u00e1 sede de temas relevantes na \u00e1rea de qu\u00edmica durante a primeira reuni\u00e3o da\u00a0American Chemical Society(ACS) no Pa\u00eds. Em janeiro&hellip;","og_url":"https:\/\/cnpem.br\/comunidade-cientifica-ganha-mais-um-reforco-no-brasil-na-area-da-quimica\/","og_site_name":"CNPEM","article_published_time":"2016-06-01T18:48:30+00:00","article_modified_time":"2022-11-10T19:03:13+00:00","author":"Erik Medina","twitter_card":"summary_large_image","twitter_misc":{"Written by":"Erik Medina","Est. reading time":"3 minutes"},"schema":{"@context":"https:\/\/schema.org","@graph":[{"@type":"Article","@id":"https:\/\/cnpem.br\/comunidade-cientifica-ganha-mais-um-reforco-no-brasil-na-area-da-quimica\/#article","isPartOf":{"@id":"https:\/\/cnpem.br\/comunidade-cientifica-ganha-mais-um-reforco-no-brasil-na-area-da-quimica\/"},"author":{"name":"Erik Medina","@id":"https:\/\/cnpem.br\/#\/schema\/person\/b957a8048be4b70d687484cae6b978ef"},"headline":"Comunidade cient\u00edfica ganha mais um refor\u00e7o no Brasil na \u00e1rea da qu\u00edmica","datePublished":"2016-06-01T18:48:30+00:00","dateModified":"2022-11-10T19:03:13+00:00","mainEntityOfPage":{"@id":"https:\/\/cnpem.br\/comunidade-cientifica-ganha-mais-um-reforco-no-brasil-na-area-da-quimica\/"},"wordCount":681,"articleSection":["CNPEM na M\u00eddia","LNBR na M\u00eddia"],"inLanguage":"en-US"},{"@type":"WebPage","@id":"https:\/\/cnpem.br\/comunidade-cientifica-ganha-mais-um-reforco-no-brasil-na-area-da-quimica\/","url":"https:\/\/cnpem.br\/comunidade-cientifica-ganha-mais-um-reforco-no-brasil-na-area-da-quimica\/","name":"Comunidade cient\u00edfica ganha mais um refor\u00e7o no Brasil na \u00e1rea da qu\u00edmica - CNPEM","isPartOf":{"@id":"https:\/\/cnpem.br\/#website"},"datePublished":"2016-06-01T18:48:30+00:00","dateModified":"2022-11-10T19:03:13+00:00","author":{"@id":"https:\/\/cnpem.br\/#\/schema\/person\/b957a8048be4b70d687484cae6b978ef"},"breadcrumb":{"@id":"https:\/\/cnpem.br\/comunidade-cientifica-ganha-mais-um-reforco-no-brasil-na-area-da-quimica\/#breadcrumb"},"inLanguage":"en-US","potentialAction":[{"@type":"ReadAction","target":["https:\/\/cnpem.br\/comunidade-cientifica-ganha-mais-um-reforco-no-brasil-na-area-da-quimica\/"]}]},{"@type":"BreadcrumbList","@id":"https:\/\/cnpem.br\/comunidade-cientifica-ganha-mais-um-reforco-no-brasil-na-area-da-quimica\/#breadcrumb","itemListElement":[{"@type":"ListItem","position":1,"name":"In\u00edcio","item":"https:\/\/cnpem.br\/en\/"},{"@type":"ListItem","position":2,"name":"Comunidade cient\u00edfica ganha mais um refor\u00e7o no Brasil na \u00e1rea da qu\u00edmica"}]},{"@type":"WebSite","@id":"https:\/\/cnpem.br\/#website","url":"https:\/\/cnpem.br\/","name":"Centro Nacional de Pesquisa em Energia e Materiais","description":"Centro Nacional de Pesquisa em Energia e Materiais","alternateName":"CNPEM","potentialAction":[{"@type":"SearchAction","target":{"@type":"EntryPoint","urlTemplate":"https:\/\/cnpem.br\/?s={search_term_string}"},"query-input":{"@type":"PropertyValueSpecification","valueRequired":true,"valueName":"search_term_string"}}],"inLanguage":"en-US"},{"@type":"Person","@id":"https:\/\/cnpem.br\/#\/schema\/person\/b957a8048be4b70d687484cae6b978ef","name":"Erik Medina","url":""}]}},"jetpack_featured_media_url":"","jetpack_sharing_enabled":true,"jetpack_shortlink":"https:\/\/wp.me\/per0Mi-3GA","_links":{"self":[{"href":"https:\/\/cnpem.br\/en\/wp-json\/wp\/v2\/posts\/14172","targetHints":{"allow":["GET"]}}],"collection":[{"href":"https:\/\/cnpem.br\/en\/wp-json\/wp\/v2\/posts"}],"about":[{"href":"https:\/\/cnpem.br\/en\/wp-json\/wp\/v2\/types\/post"}],"author":[{"embeddable":true,"href":"https:\/\/cnpem.br\/en\/wp-json\/wp\/v2\/users\/17"}],"replies":[{"embeddable":true,"href":"https:\/\/cnpem.br\/en\/wp-json\/wp\/v2\/comments?post=14172"}],"version-history":[{"count":0,"href":"https:\/\/cnpem.br\/en\/wp-json\/wp\/v2\/posts\/14172\/revisions"}],"wp:attachment":[{"href":"https:\/\/cnpem.br\/en\/wp-json\/wp\/v2\/media?parent=14172"}],"wp:term":[{"taxonomy":"category","embeddable":true,"href":"https:\/\/cnpem.br\/en\/wp-json\/wp\/v2\/categories?post=14172"},{"taxonomy":"post_tag","embeddable":true,"href":"https:\/\/cnpem.br\/en\/wp-json\/wp\/v2\/tags?post=14172"}],"curies":[{"name":"wp","href":"https:\/\/api.w.org\/{rel}","templated":true}]}}