{"id":13923,"date":"2016-04-27T13:30:24","date_gmt":"2016-04-27T13:30:24","guid":{"rendered":"https:\/\/cnpem.staging.wpengine.com\/?p=13923"},"modified":"2022-01-21T16:05:39","modified_gmt":"2022-01-21T19:05:39","slug":"no-ceara-grupo-acha-fossil-inedito-de-peixe-com-coracao-fossilizado-em-3d","status":"publish","type":"post","link":"https:\/\/cnpem.br\/en\/no-ceara-grupo-acha-fossil-inedito-de-peixe-com-coracao-fossilizado-em-3d\/","title":{"rendered":"No Cear\u00e1, grupo acha f\u00f3ssil in\u00e9dito de peixe com cora\u00e7\u00e3o fossilizado em 3D"},"content":{"rendered":"<p><a href=\"https:\/\/g1.globo.com\/ceara\/bom-dia-ce\/videos\/v\/no-ceara-grupo-acha-fossil-inedito-de-peixe-com-coracao-fossilizado-em-3d\/4971731\/\" target=\"_blank\" rel=\"noopener\">Bom Dia CE<\/a>, 20\/04\/2016<\/p>\n<p><em>A descoberta foi anunciada nesta quarta-feira (20) na revista eLife.\u00a0Peixe tem cerca de 113 a 119 milh\u00f5es de anos de idade.<\/em><\/p>\n<p><a href=\"https:\/\/g1.globo.com\/ceara\/bom-dia-ce\/videos\/v\/no-ceara-grupo-acha-fossil-inedito-de-peixe-com-coracao-fossilizado-em-3d\/4971731\/\" rel=\"attachment wp-att-13924\"><img data-recalc-dims=\"1\" loading=\"lazy\" decoding=\"async\" class=\"aligncenter wp-image-13924 size-full\" src=\"https:\/\/i0.wp.com\/cnpem.staging.wpengine.com\/wp-content\/uploads\/2016\/04\/Verde_Mares.png?resize=676%2C382&#038;ssl=1\" alt=\"Verde_Mares\" width=\"676\" height=\"382\" srcset=\"https:\/\/i0.wp.com\/cnpem.br\/wp-content\/uploads\/2016\/04\/Verde_Mares.png?w=676&amp;ssl=1 676w, https:\/\/i0.wp.com\/cnpem.br\/wp-content\/uploads\/2016\/04\/Verde_Mares.png?resize=600%2C339&amp;ssl=1 600w, https:\/\/i0.wp.com\/cnpem.br\/wp-content\/uploads\/2016\/04\/Verde_Mares.png?resize=300%2C170&amp;ssl=1 300w\" sizes=\"auto, (max-width: 676px) 100vw, 676px\" \/><\/a><\/p>\n<p style=\"text-align: center;\"><em>Clique na imagem para assistir o v\u00eddeo desta mat\u00e9ria<\/em><\/p>\n<p>Um cora\u00e7\u00e3o fossilizado de um peixe com 100 milh\u00f5es de anos foi achado na Chapada do Araripe, na cidade do Crato, interior do Cear\u00e1. A descoberta foi\u00a0\u00a0anunciada nesta quarta-feira (20) na revista eLife.<\/p>\n<p>De acordo com a revista, a imagem digitalizada da descoberta mostra o cora\u00e7\u00e3o fossilizado em tr\u00eas dimens\u00f5es perfeitamente preservado do peixe com cerca de 113 a 119 milh\u00f5es de anos de idade, encontrado no Brasil, chamado Rhacolepis.<\/p>\n<p>De acordo com a eLife \u00e9 a primeira vez na hist\u00f3ria que se tem certeza da descoberta de um cora\u00e7\u00e3o fossilizado de um vertebrado. Segundo a publica\u00e7\u00e3o, a descoberta demonstra o potencial para mais descobertas desta natureza, permitindo que mais discuss\u00e3o sobre a anatomia comparada dos \u00f3rg\u00e3os moles em organismos extintos e como eles evolu\u00edram ao longo do tempo.<\/p>\n<p>Para Jos\u00e9 Xavier Neto, do Laborat\u00f3rio Nacional de Bioci\u00eancias Brasileira, encontrar um cora\u00e7\u00e3o fossilizado completo em um peixe quase 120 milh\u00f5es de anos \u00e9 considerado um &#8220;grande avan\u00e7o&#8221; para os estudos na \u00e1rea no Brasil. Tamb\u00e9m participaram da equipe que descobriu o f\u00f3ssil Lara Maldanis da Universidade de Campinas, Vincent Fernandez da Facilidade Europeia S\u00edncrotron Radia\u00e7\u00e3o e colegas do Brasil e da Su\u00e9cia.<\/p>\n<p>&#8220;Pela primeira vez, n\u00f3s realmente temos um ponto de dados para estudar a anatomia em detalhe de um cora\u00e7\u00e3o fossilizada em um grupo extinto de peixes da Chapada do Araripe&#8221;, declarou o pesquisador Jos\u00e9 Xavier.<\/p>\n<p><em><strong>Repercuss\u00e3o<\/strong><\/em>:\u00a0<a href=\"https:\/\/g1.globo.com\/ceara\/noticia\/2016\/04\/no-ceara-grupo-acha-fossil-inedito-de-peixe-com-coracao-fossilizado-em-3d.html\">G1<\/a><\/p>\n","protected":false},"excerpt":{"rendered":"<p>Bom Dia CE, 20\/04\/2016 A descoberta foi anunciada nesta quarta-feira (20) na revista eLife.\u00a0Peixe tem cerca de 113 a 119 milh\u00f5es de anos de idade. Clique na imagem para assistir&hellip;<\/p>\n","protected":false},"author":9,"featured_media":0,"comment_status":"closed","ping_status":"closed","sticky":false,"template":"","format":"standard","meta":{"_acf_changed":false,"_jetpack_newsletter_access":"","_jetpack_dont_email_post_to_subs":false,"_jetpack_newsletter_tier_id":0,"_jetpack_memberships_contains_paywalled_content":false,"_jetpack_memberships_contains_paid_content":false,"footnotes":"","_links_to":"","_links_to_target":""},"categories":[1163,179],"tags":[],"class_list":["post-13923","post","type-post","status-publish","format-standard","hentry","category-clipping-cnpem","category-clipping-lnbio","category-1163","category-179","description-off"],"acf":[],"yoast_head":"<!-- This site is optimized with the Yoast SEO plugin v27.4 - https:\/\/yoast.com\/product\/yoast-seo-wordpress\/ -->\n<title>No Cear\u00e1, grupo acha f\u00f3ssil in\u00e9dito de peixe com cora\u00e7\u00e3o fossilizado em 3D - CNPEM<\/title>\n<meta name=\"robots\" content=\"index, follow, max-snippet:-1, max-image-preview:large, max-video-preview:-1\" \/>\n<link rel=\"canonical\" href=\"https:\/\/cnpem.br\/no-ceara-grupo-acha-fossil-inedito-de-peixe-com-coracao-fossilizado-em-3d\/\" \/>\n<meta property=\"og:locale\" content=\"en_US\" \/>\n<meta property=\"og:type\" content=\"article\" \/>\n<meta property=\"og:title\" content=\"No Cear\u00e1, grupo acha f\u00f3ssil in\u00e9dito de peixe com cora\u00e7\u00e3o fossilizado em 3D - CNPEM\" \/>\n<meta property=\"og:description\" content=\"Bom Dia CE, 20\/04\/2016 A descoberta foi anunciada nesta quarta-feira (20) na revista eLife.\u00a0Peixe tem cerca de 113 a 119 milh\u00f5es de anos de idade. Clique na imagem para assistir&hellip;\" \/>\n<meta property=\"og:url\" content=\"https:\/\/cnpem.br\/no-ceara-grupo-acha-fossil-inedito-de-peixe-com-coracao-fossilizado-em-3d\/\" \/>\n<meta property=\"og:site_name\" content=\"CNPEM\" \/>\n<meta property=\"article:published_time\" content=\"2016-04-27T13:30:24+00:00\" \/>\n<meta property=\"article:modified_time\" content=\"2022-01-21T19:05:39+00:00\" \/>\n<meta property=\"og:image\" content=\"https:\/\/cnpem.staging.wpengine.com\/wp-content\/uploads\/2016\/04\/Verde_Mares.png\" \/>\n<meta name=\"author\" content=\"livia goncalves\" \/>\n<meta name=\"twitter:card\" content=\"summary_large_image\" \/>\n<meta name=\"twitter:label1\" content=\"Written by\" \/>\n\t<meta name=\"twitter:data1\" content=\"livia goncalves\" \/>\n\t<meta name=\"twitter:label2\" content=\"Est. reading time\" \/>\n\t<meta name=\"twitter:data2\" content=\"1 minute\" \/>\n<script type=\"application\/ld+json\" class=\"yoast-schema-graph\">{\"@context\":\"https:\\\/\\\/schema.org\",\"@graph\":[{\"@type\":\"Article\",\"@id\":\"https:\\\/\\\/cnpem.br\\\/no-ceara-grupo-acha-fossil-inedito-de-peixe-com-coracao-fossilizado-em-3d\\\/#article\",\"isPartOf\":{\"@id\":\"https:\\\/\\\/cnpem.br\\\/no-ceara-grupo-acha-fossil-inedito-de-peixe-com-coracao-fossilizado-em-3d\\\/\"},\"author\":{\"name\":\"livia goncalves\",\"@id\":\"https:\\\/\\\/cnpem.br\\\/#\\\/schema\\\/person\\\/5bc6aa346db3eace1e3d5d061a71fb8d\"},\"headline\":\"No Cear\u00e1, grupo acha f\u00f3ssil in\u00e9dito de peixe com cora\u00e7\u00e3o fossilizado em 3D\",\"datePublished\":\"2016-04-27T13:30:24+00:00\",\"dateModified\":\"2022-01-21T19:05:39+00:00\",\"mainEntityOfPage\":{\"@id\":\"https:\\\/\\\/cnpem.br\\\/no-ceara-grupo-acha-fossil-inedito-de-peixe-com-coracao-fossilizado-em-3d\\\/\"},\"wordCount\":298,\"image\":{\"@id\":\"https:\\\/\\\/cnpem.br\\\/no-ceara-grupo-acha-fossil-inedito-de-peixe-com-coracao-fossilizado-em-3d\\\/#primaryimage\"},\"thumbnailUrl\":\"https:\\\/\\\/cnpem.staging.wpengine.com\\\/wp-content\\\/uploads\\\/2016\\\/04\\\/Verde_Mares.png\",\"articleSection\":[\"CNPEM na M\u00eddia\",\"LNBio na M\u00eddia\"],\"inLanguage\":\"en-US\"},{\"@type\":\"WebPage\",\"@id\":\"https:\\\/\\\/cnpem.br\\\/no-ceara-grupo-acha-fossil-inedito-de-peixe-com-coracao-fossilizado-em-3d\\\/\",\"url\":\"https:\\\/\\\/cnpem.br\\\/no-ceara-grupo-acha-fossil-inedito-de-peixe-com-coracao-fossilizado-em-3d\\\/\",\"name\":\"No Cear\u00e1, grupo acha f\u00f3ssil in\u00e9dito de peixe com cora\u00e7\u00e3o fossilizado em 3D - CNPEM\",\"isPartOf\":{\"@id\":\"https:\\\/\\\/cnpem.br\\\/#website\"},\"primaryImageOfPage\":{\"@id\":\"https:\\\/\\\/cnpem.br\\\/no-ceara-grupo-acha-fossil-inedito-de-peixe-com-coracao-fossilizado-em-3d\\\/#primaryimage\"},\"image\":{\"@id\":\"https:\\\/\\\/cnpem.br\\\/no-ceara-grupo-acha-fossil-inedito-de-peixe-com-coracao-fossilizado-em-3d\\\/#primaryimage\"},\"thumbnailUrl\":\"https:\\\/\\\/cnpem.staging.wpengine.com\\\/wp-content\\\/uploads\\\/2016\\\/04\\\/Verde_Mares.png\",\"datePublished\":\"2016-04-27T13:30:24+00:00\",\"dateModified\":\"2022-01-21T19:05:39+00:00\",\"author\":{\"@id\":\"https:\\\/\\\/cnpem.br\\\/#\\\/schema\\\/person\\\/5bc6aa346db3eace1e3d5d061a71fb8d\"},\"breadcrumb\":{\"@id\":\"https:\\\/\\\/cnpem.br\\\/no-ceara-grupo-acha-fossil-inedito-de-peixe-com-coracao-fossilizado-em-3d\\\/#breadcrumb\"},\"inLanguage\":\"en-US\",\"potentialAction\":[{\"@type\":\"ReadAction\",\"target\":[\"https:\\\/\\\/cnpem.br\\\/no-ceara-grupo-acha-fossil-inedito-de-peixe-com-coracao-fossilizado-em-3d\\\/\"]}]},{\"@type\":\"ImageObject\",\"inLanguage\":\"en-US\",\"@id\":\"https:\\\/\\\/cnpem.br\\\/no-ceara-grupo-acha-fossil-inedito-de-peixe-com-coracao-fossilizado-em-3d\\\/#primaryimage\",\"url\":\"https:\\\/\\\/cnpem.staging.wpengine.com\\\/wp-content\\\/uploads\\\/2016\\\/04\\\/Verde_Mares.png\",\"contentUrl\":\"https:\\\/\\\/cnpem.staging.wpengine.com\\\/wp-content\\\/uploads\\\/2016\\\/04\\\/Verde_Mares.png\"},{\"@type\":\"BreadcrumbList\",\"@id\":\"https:\\\/\\\/cnpem.br\\\/no-ceara-grupo-acha-fossil-inedito-de-peixe-com-coracao-fossilizado-em-3d\\\/#breadcrumb\",\"itemListElement\":[{\"@type\":\"ListItem\",\"position\":1,\"name\":\"In\u00edcio\",\"item\":\"https:\\\/\\\/cnpem.br\\\/en\\\/\"},{\"@type\":\"ListItem\",\"position\":2,\"name\":\"No Cear\u00e1, grupo acha f\u00f3ssil in\u00e9dito de peixe com cora\u00e7\u00e3o fossilizado em 3D\"}]},{\"@type\":\"WebSite\",\"@id\":\"https:\\\/\\\/cnpem.br\\\/#website\",\"url\":\"https:\\\/\\\/cnpem.br\\\/\",\"name\":\"Centro Nacional de Pesquisa em Energia e Materiais\",\"description\":\"Centro Nacional de Pesquisa em Energia e Materiais\",\"alternateName\":\"CNPEM\",\"potentialAction\":[{\"@type\":\"SearchAction\",\"target\":{\"@type\":\"EntryPoint\",\"urlTemplate\":\"https:\\\/\\\/cnpem.br\\\/?s={search_term_string}\"},\"query-input\":{\"@type\":\"PropertyValueSpecification\",\"valueRequired\":true,\"valueName\":\"search_term_string\"}}],\"inLanguage\":\"en-US\"},{\"@type\":\"Person\",\"@id\":\"https:\\\/\\\/cnpem.br\\\/#\\\/schema\\\/person\\\/5bc6aa346db3eace1e3d5d061a71fb8d\",\"name\":\"livia goncalves\",\"url\":\"\"}]}<\/script>\n<!-- \/ Yoast SEO plugin. -->","yoast_head_json":{"title":"No Cear\u00e1, grupo acha f\u00f3ssil in\u00e9dito de peixe com cora\u00e7\u00e3o fossilizado em 3D - CNPEM","robots":{"index":"index","follow":"follow","max-snippet":"max-snippet:-1","max-image-preview":"max-image-preview:large","max-video-preview":"max-video-preview:-1"},"canonical":"https:\/\/cnpem.br\/no-ceara-grupo-acha-fossil-inedito-de-peixe-com-coracao-fossilizado-em-3d\/","og_locale":"en_US","og_type":"article","og_title":"No Cear\u00e1, grupo acha f\u00f3ssil in\u00e9dito de peixe com cora\u00e7\u00e3o fossilizado em 3D - CNPEM","og_description":"Bom Dia CE, 20\/04\/2016 A descoberta foi anunciada nesta quarta-feira (20) na revista eLife.\u00a0Peixe tem cerca de 113 a 119 milh\u00f5es de anos de idade. Clique na imagem para assistir&hellip;","og_url":"https:\/\/cnpem.br\/no-ceara-grupo-acha-fossil-inedito-de-peixe-com-coracao-fossilizado-em-3d\/","og_site_name":"CNPEM","article_published_time":"2016-04-27T13:30:24+00:00","article_modified_time":"2022-01-21T19:05:39+00:00","og_image":[{"url":"https:\/\/cnpem.staging.wpengine.com\/wp-content\/uploads\/2016\/04\/Verde_Mares.png","type":"","width":"","height":""}],"author":"livia goncalves","twitter_card":"summary_large_image","twitter_misc":{"Written by":"livia goncalves","Est. reading time":"1 minute"},"schema":{"@context":"https:\/\/schema.org","@graph":[{"@type":"Article","@id":"https:\/\/cnpem.br\/no-ceara-grupo-acha-fossil-inedito-de-peixe-com-coracao-fossilizado-em-3d\/#article","isPartOf":{"@id":"https:\/\/cnpem.br\/no-ceara-grupo-acha-fossil-inedito-de-peixe-com-coracao-fossilizado-em-3d\/"},"author":{"name":"livia goncalves","@id":"https:\/\/cnpem.br\/#\/schema\/person\/5bc6aa346db3eace1e3d5d061a71fb8d"},"headline":"No Cear\u00e1, grupo acha f\u00f3ssil in\u00e9dito de peixe com cora\u00e7\u00e3o fossilizado em 3D","datePublished":"2016-04-27T13:30:24+00:00","dateModified":"2022-01-21T19:05:39+00:00","mainEntityOfPage":{"@id":"https:\/\/cnpem.br\/no-ceara-grupo-acha-fossil-inedito-de-peixe-com-coracao-fossilizado-em-3d\/"},"wordCount":298,"image":{"@id":"https:\/\/cnpem.br\/no-ceara-grupo-acha-fossil-inedito-de-peixe-com-coracao-fossilizado-em-3d\/#primaryimage"},"thumbnailUrl":"https:\/\/cnpem.staging.wpengine.com\/wp-content\/uploads\/2016\/04\/Verde_Mares.png","articleSection":["CNPEM na M\u00eddia","LNBio na M\u00eddia"],"inLanguage":"en-US"},{"@type":"WebPage","@id":"https:\/\/cnpem.br\/no-ceara-grupo-acha-fossil-inedito-de-peixe-com-coracao-fossilizado-em-3d\/","url":"https:\/\/cnpem.br\/no-ceara-grupo-acha-fossil-inedito-de-peixe-com-coracao-fossilizado-em-3d\/","name":"No Cear\u00e1, grupo acha f\u00f3ssil in\u00e9dito de peixe com cora\u00e7\u00e3o fossilizado em 3D - CNPEM","isPartOf":{"@id":"https:\/\/cnpem.br\/#website"},"primaryImageOfPage":{"@id":"https:\/\/cnpem.br\/no-ceara-grupo-acha-fossil-inedito-de-peixe-com-coracao-fossilizado-em-3d\/#primaryimage"},"image":{"@id":"https:\/\/cnpem.br\/no-ceara-grupo-acha-fossil-inedito-de-peixe-com-coracao-fossilizado-em-3d\/#primaryimage"},"thumbnailUrl":"https:\/\/cnpem.staging.wpengine.com\/wp-content\/uploads\/2016\/04\/Verde_Mares.png","datePublished":"2016-04-27T13:30:24+00:00","dateModified":"2022-01-21T19:05:39+00:00","author":{"@id":"https:\/\/cnpem.br\/#\/schema\/person\/5bc6aa346db3eace1e3d5d061a71fb8d"},"breadcrumb":{"@id":"https:\/\/cnpem.br\/no-ceara-grupo-acha-fossil-inedito-de-peixe-com-coracao-fossilizado-em-3d\/#breadcrumb"},"inLanguage":"en-US","potentialAction":[{"@type":"ReadAction","target":["https:\/\/cnpem.br\/no-ceara-grupo-acha-fossil-inedito-de-peixe-com-coracao-fossilizado-em-3d\/"]}]},{"@type":"ImageObject","inLanguage":"en-US","@id":"https:\/\/cnpem.br\/no-ceara-grupo-acha-fossil-inedito-de-peixe-com-coracao-fossilizado-em-3d\/#primaryimage","url":"https:\/\/cnpem.staging.wpengine.com\/wp-content\/uploads\/2016\/04\/Verde_Mares.png","contentUrl":"https:\/\/cnpem.staging.wpengine.com\/wp-content\/uploads\/2016\/04\/Verde_Mares.png"},{"@type":"BreadcrumbList","@id":"https:\/\/cnpem.br\/no-ceara-grupo-acha-fossil-inedito-de-peixe-com-coracao-fossilizado-em-3d\/#breadcrumb","itemListElement":[{"@type":"ListItem","position":1,"name":"In\u00edcio","item":"https:\/\/cnpem.br\/en\/"},{"@type":"ListItem","position":2,"name":"No Cear\u00e1, grupo acha f\u00f3ssil in\u00e9dito de peixe com cora\u00e7\u00e3o fossilizado em 3D"}]},{"@type":"WebSite","@id":"https:\/\/cnpem.br\/#website","url":"https:\/\/cnpem.br\/","name":"Centro Nacional de Pesquisa em Energia e Materiais","description":"Centro Nacional de Pesquisa em Energia e Materiais","alternateName":"CNPEM","potentialAction":[{"@type":"SearchAction","target":{"@type":"EntryPoint","urlTemplate":"https:\/\/cnpem.br\/?s={search_term_string}"},"query-input":{"@type":"PropertyValueSpecification","valueRequired":true,"valueName":"search_term_string"}}],"inLanguage":"en-US"},{"@type":"Person","@id":"https:\/\/cnpem.br\/#\/schema\/person\/5bc6aa346db3eace1e3d5d061a71fb8d","name":"livia goncalves","url":""}]}},"jetpack_featured_media_url":"","jetpack_sharing_enabled":true,"jetpack_shortlink":"https:\/\/wp.me\/per0Mi-3Cz","_links":{"self":[{"href":"https:\/\/cnpem.br\/en\/wp-json\/wp\/v2\/posts\/13923","targetHints":{"allow":["GET"]}}],"collection":[{"href":"https:\/\/cnpem.br\/en\/wp-json\/wp\/v2\/posts"}],"about":[{"href":"https:\/\/cnpem.br\/en\/wp-json\/wp\/v2\/types\/post"}],"author":[{"embeddable":true,"href":"https:\/\/cnpem.br\/en\/wp-json\/wp\/v2\/users\/9"}],"replies":[{"embeddable":true,"href":"https:\/\/cnpem.br\/en\/wp-json\/wp\/v2\/comments?post=13923"}],"version-history":[{"count":0,"href":"https:\/\/cnpem.br\/en\/wp-json\/wp\/v2\/posts\/13923\/revisions"}],"wp:attachment":[{"href":"https:\/\/cnpem.br\/en\/wp-json\/wp\/v2\/media?parent=13923"}],"wp:term":[{"taxonomy":"category","embeddable":true,"href":"https:\/\/cnpem.br\/en\/wp-json\/wp\/v2\/categories?post=13923"},{"taxonomy":"post_tag","embeddable":true,"href":"https:\/\/cnpem.br\/en\/wp-json\/wp\/v2\/tags?post=13923"}],"curies":[{"name":"wp","href":"https:\/\/api.w.org\/{rel}","templated":true}]}}