{"id":13383,"date":"2016-01-21T15:49:39","date_gmt":"2016-01-21T15:49:39","guid":{"rendered":"https:\/\/cnpem.staging.wpengine.com\/?p=13383"},"modified":"2022-11-10T16:03:14","modified_gmt":"2022-11-10T19:03:14","slug":"chuva-causa-aumento-de-cana-bisada-na-safra-20162017-explica-diretor-da-rpa-consultoria","status":"publish","type":"post","link":"https:\/\/cnpem.br\/en\/chuva-causa-aumento-de-cana-bisada-na-safra-20162017-explica-diretor-da-rpa-consultoria\/","title":{"rendered":"Chuva causa aumento de cana bisada na safra 2016\/2017, explica Diretor da RPA Consultoria"},"content":{"rendered":"<p>UDOP em 18\/01\/16<\/p>\n<p><a href=\"https:\/\/i0.wp.com\/cnpem.staging.wpengine.com\/wp-content\/uploads\/2016\/01\/Screen-Shot-2016-01-21-at-1.48.31-PM.png?ssl=1\"><img data-recalc-dims=\"1\" loading=\"lazy\" decoding=\"async\" class=\"alignleft size-medium wp-image-13384\" src=\"https:\/\/i0.wp.com\/cnpem.staging.wpengine.com\/wp-content\/uploads\/2016\/01\/Screen-Shot-2016-01-21-at-1.48.31-PM-300x225.png?resize=300%2C225&#038;ssl=1\" alt=\"Screen Shot 2016-01-21 at 1.48.31 PM\" width=\"300\" height=\"225\" srcset=\"https:\/\/i0.wp.com\/cnpem.br\/wp-content\/uploads\/2016\/01\/Screen-Shot-2016-01-21-at-1.48.31-PM.png?resize=300%2C225&amp;ssl=1 300w, https:\/\/i0.wp.com\/cnpem.br\/wp-content\/uploads\/2016\/01\/Screen-Shot-2016-01-21-at-1.48.31-PM.png?w=502&amp;ssl=1 502w, https:\/\/i0.wp.com\/cnpem.br\/wp-content\/uploads\/2016\/01\/Screen-Shot-2016-01-21-at-1.48.31-PM.png?resize=450%2C337&amp;ssl=1 450w\" sizes=\"auto, (max-width: 300px) 100vw, 300px\" \/><\/a>Nesta segunda-feira (18), o Laborat\u00f3rio Nacional de Ci\u00eancia e Tecnologia &#8211; CTBE &#8211; e a Faculdade de Engenharia Agr\u00edcola (Feagri) da Unicamp divulgaram o Boletim de Monitoramento da Cultura da Cana-de-A\u00e7\u00facar no Estado de S\u00e3o Paulo referente ao m\u00eas de janeiro de 2016. O boletim traz a entrevista do engenheiro agr\u00edcola Ricardo Pinto, diretor da RPA Consultoria, sobre\u00a0<b>cana<\/b>\u00a0bisada para a safra 2016\/2017.<br \/>\nEle estima que entre 7 e 8% da\u00a0<b>cana<\/b>processada at\u00e9 31\/12\/2015, no Centro-Sul, deva ter ficado em p\u00e9, o que significa entre 41,6 e 47,5 milh\u00f5es de toneladas de\u00a0<b>cana<\/b>. Sendo o Paran\u00e1, Mato Grosso do Sul, S\u00e3o Paulo e Minas Gerais os estados que mais sofreram com o El Ni\u00f1o.<\/p>\n<p>A\u00a0<b>cana<\/b>\u00a0bisada costuma ser colhida no in\u00edcio da safra seguinte, quando ganha peso (ap\u00f3s passar pelo ver\u00e3o chuvoso), mas incorpora brotos chup\u00f5es ao lado de\u00a0<b>cana<\/b>\u00a0isoporizada, o que tamb\u00e9m dificulta sua colheita&#8221;. O Engenheiro disse ainda na entrevista ao CTBE que se o volume \u00e9 grande, a\u00a0<b>cana<\/b>\u00a0bisada sendo colhida primeiro empurra as demais\u00a0<b>canas<\/b>, fazendo-as serem colhidas com mais meses e, dependendo do planejamento de colheita da usina, possibilitando melhor ATR destas\u00a0<b>canas<\/b>.<\/p>\n<p>Confira o boletim do CTBE e da Unicamp na \u00edntegra\u00a0<b><a href=\"https:\/\/www.udop.com.br\/download\/noticias\/2016\/18_01_16_boletim_ctbe.pdf\" target=\"_blank\" rel=\"noopener\">clicando aqui<\/a><\/b>.<\/p>\n<p>&nbsp;<\/p>\n<p>Repercuss\u00e3o:\u00a0<a href=\"https:\/\/www.canaonline.com.br\/conteudo\/chuva-causa-aumento-de-cana-bisada-na-safra20162017-explica-diretor-da-rpa-consultoria.html#.VqDf6jZR2JU\">CanaOnline<\/a>; <a href=\"https:\/\/www.biocana.com.br\/index.php\/noticia\/visualizar\/chuva-causa-aumento-de-cana-bisada-na-safra-20162017-explica-diretor-da-rpa-consultoria-\">Biocana<\/a><\/p>\n","protected":false},"excerpt":{"rendered":"<p>UDOP em 18\/01\/16 Nesta segunda-feira (18), o Laborat\u00f3rio Nacional de Ci\u00eancia e Tecnologia &#8211; CTBE &#8211; e a Faculdade de Engenharia Agr\u00edcola (Feagri) da Unicamp divulgaram o Boletim de Monitoramento&hellip;<\/p>\n","protected":false},"author":17,"featured_media":0,"comment_status":"closed","ping_status":"closed","sticky":false,"template":"","format":"standard","meta":{"_acf_changed":false,"_jetpack_newsletter_access":"","_jetpack_dont_email_post_to_subs":false,"_jetpack_newsletter_tier_id":0,"_jetpack_memberships_contains_paywalled_content":false,"_jetpack_memberships_contains_paid_content":false,"footnotes":"","_links_to":"","_links_to_target":""},"categories":[1163,1224],"tags":[],"class_list":["post-13383","post","type-post","status-publish","format-standard","hentry","category-clipping-cnpem","category-clipping-lnbr","category-1163","category-1224","description-off"],"acf":[],"yoast_head":"<!-- This site is optimized with the Yoast SEO plugin v27.5 - https:\/\/yoast.com\/product\/yoast-seo-wordpress\/ -->\n<title>Chuva causa aumento de cana bisada na safra 2016\/2017, explica Diretor da RPA Consultoria - CNPEM<\/title>\n<meta name=\"robots\" content=\"index, follow, max-snippet:-1, max-image-preview:large, max-video-preview:-1\" \/>\n<link rel=\"canonical\" href=\"https:\/\/cnpem.br\/chuva-causa-aumento-de-cana-bisada-na-safra-20162017-explica-diretor-da-rpa-consultoria\/\" \/>\n<meta property=\"og:locale\" content=\"en_US\" \/>\n<meta property=\"og:type\" content=\"article\" \/>\n<meta property=\"og:title\" content=\"Chuva causa aumento de cana bisada na safra 2016\/2017, explica Diretor da RPA Consultoria - CNPEM\" \/>\n<meta property=\"og:description\" content=\"UDOP em 18\/01\/16 Nesta segunda-feira (18), o Laborat\u00f3rio Nacional de Ci\u00eancia e Tecnologia &#8211; CTBE &#8211; e a Faculdade de Engenharia Agr\u00edcola (Feagri) da Unicamp divulgaram o Boletim de Monitoramento&hellip;\" \/>\n<meta property=\"og:url\" content=\"https:\/\/cnpem.br\/chuva-causa-aumento-de-cana-bisada-na-safra-20162017-explica-diretor-da-rpa-consultoria\/\" \/>\n<meta property=\"og:site_name\" content=\"CNPEM\" \/>\n<meta property=\"article:published_time\" content=\"2016-01-21T15:49:39+00:00\" \/>\n<meta property=\"article:modified_time\" content=\"2022-11-10T19:03:14+00:00\" \/>\n<meta property=\"og:image\" content=\"https:\/\/cnpem.staging.wpengine.com\/wp-content\/uploads\/2016\/01\/Screen-Shot-2016-01-21-at-1.48.31-PM-300x225.png\" \/>\n<meta name=\"author\" content=\"Erik Medina\" \/>\n<meta name=\"twitter:card\" content=\"summary_large_image\" \/>\n<meta name=\"twitter:label1\" content=\"Written by\" \/>\n\t<meta name=\"twitter:data1\" content=\"Erik Medina\" \/>\n\t<meta name=\"twitter:label2\" content=\"Est. reading time\" \/>\n\t<meta name=\"twitter:data2\" content=\"1 minute\" \/>\n<script type=\"application\/ld+json\" class=\"yoast-schema-graph\">{\"@context\":\"https:\\\/\\\/schema.org\",\"@graph\":[{\"@type\":\"Article\",\"@id\":\"https:\\\/\\\/cnpem.br\\\/chuva-causa-aumento-de-cana-bisada-na-safra-20162017-explica-diretor-da-rpa-consultoria\\\/#article\",\"isPartOf\":{\"@id\":\"https:\\\/\\\/cnpem.br\\\/chuva-causa-aumento-de-cana-bisada-na-safra-20162017-explica-diretor-da-rpa-consultoria\\\/\"},\"author\":{\"name\":\"Erik Medina\",\"@id\":\"https:\\\/\\\/cnpem.br\\\/#\\\/schema\\\/person\\\/b957a8048be4b70d687484cae6b978ef\"},\"headline\":\"Chuva causa aumento de cana bisada na safra 2016\\\/2017, explica Diretor da RPA Consultoria\",\"datePublished\":\"2016-01-21T15:49:39+00:00\",\"dateModified\":\"2022-11-10T19:03:14+00:00\",\"mainEntityOfPage\":{\"@id\":\"https:\\\/\\\/cnpem.br\\\/chuva-causa-aumento-de-cana-bisada-na-safra-20162017-explica-diretor-da-rpa-consultoria\\\/\"},\"wordCount\":230,\"image\":{\"@id\":\"https:\\\/\\\/cnpem.br\\\/chuva-causa-aumento-de-cana-bisada-na-safra-20162017-explica-diretor-da-rpa-consultoria\\\/#primaryimage\"},\"thumbnailUrl\":\"https:\\\/\\\/cnpem.staging.wpengine.com\\\/wp-content\\\/uploads\\\/2016\\\/01\\\/Screen-Shot-2016-01-21-at-1.48.31-PM-300x225.png\",\"articleSection\":[\"CNPEM na M\u00eddia\",\"LNBR na M\u00eddia\"],\"inLanguage\":\"en-US\"},{\"@type\":\"WebPage\",\"@id\":\"https:\\\/\\\/cnpem.br\\\/chuva-causa-aumento-de-cana-bisada-na-safra-20162017-explica-diretor-da-rpa-consultoria\\\/\",\"url\":\"https:\\\/\\\/cnpem.br\\\/chuva-causa-aumento-de-cana-bisada-na-safra-20162017-explica-diretor-da-rpa-consultoria\\\/\",\"name\":\"Chuva causa aumento de cana bisada na safra 2016\\\/2017, explica Diretor da RPA Consultoria - CNPEM\",\"isPartOf\":{\"@id\":\"https:\\\/\\\/cnpem.br\\\/#website\"},\"primaryImageOfPage\":{\"@id\":\"https:\\\/\\\/cnpem.br\\\/chuva-causa-aumento-de-cana-bisada-na-safra-20162017-explica-diretor-da-rpa-consultoria\\\/#primaryimage\"},\"image\":{\"@id\":\"https:\\\/\\\/cnpem.br\\\/chuva-causa-aumento-de-cana-bisada-na-safra-20162017-explica-diretor-da-rpa-consultoria\\\/#primaryimage\"},\"thumbnailUrl\":\"https:\\\/\\\/cnpem.staging.wpengine.com\\\/wp-content\\\/uploads\\\/2016\\\/01\\\/Screen-Shot-2016-01-21-at-1.48.31-PM-300x225.png\",\"datePublished\":\"2016-01-21T15:49:39+00:00\",\"dateModified\":\"2022-11-10T19:03:14+00:00\",\"author\":{\"@id\":\"https:\\\/\\\/cnpem.br\\\/#\\\/schema\\\/person\\\/b957a8048be4b70d687484cae6b978ef\"},\"breadcrumb\":{\"@id\":\"https:\\\/\\\/cnpem.br\\\/chuva-causa-aumento-de-cana-bisada-na-safra-20162017-explica-diretor-da-rpa-consultoria\\\/#breadcrumb\"},\"inLanguage\":\"en-US\",\"potentialAction\":[{\"@type\":\"ReadAction\",\"target\":[\"https:\\\/\\\/cnpem.br\\\/chuva-causa-aumento-de-cana-bisada-na-safra-20162017-explica-diretor-da-rpa-consultoria\\\/\"]}]},{\"@type\":\"ImageObject\",\"inLanguage\":\"en-US\",\"@id\":\"https:\\\/\\\/cnpem.br\\\/chuva-causa-aumento-de-cana-bisada-na-safra-20162017-explica-diretor-da-rpa-consultoria\\\/#primaryimage\",\"url\":\"https:\\\/\\\/cnpem.staging.wpengine.com\\\/wp-content\\\/uploads\\\/2016\\\/01\\\/Screen-Shot-2016-01-21-at-1.48.31-PM-300x225.png\",\"contentUrl\":\"https:\\\/\\\/cnpem.staging.wpengine.com\\\/wp-content\\\/uploads\\\/2016\\\/01\\\/Screen-Shot-2016-01-21-at-1.48.31-PM-300x225.png\"},{\"@type\":\"BreadcrumbList\",\"@id\":\"https:\\\/\\\/cnpem.br\\\/chuva-causa-aumento-de-cana-bisada-na-safra-20162017-explica-diretor-da-rpa-consultoria\\\/#breadcrumb\",\"itemListElement\":[{\"@type\":\"ListItem\",\"position\":1,\"name\":\"In\u00edcio\",\"item\":\"https:\\\/\\\/cnpem.br\\\/en\\\/\"},{\"@type\":\"ListItem\",\"position\":2,\"name\":\"Chuva causa aumento de cana bisada na safra 2016\\\/2017, explica Diretor da RPA Consultoria\"}]},{\"@type\":\"WebSite\",\"@id\":\"https:\\\/\\\/cnpem.br\\\/#website\",\"url\":\"https:\\\/\\\/cnpem.br\\\/\",\"name\":\"Centro Nacional de Pesquisa em Energia e Materiais\",\"description\":\"Centro Nacional de Pesquisa em Energia e Materiais\",\"alternateName\":\"CNPEM\",\"potentialAction\":[{\"@type\":\"SearchAction\",\"target\":{\"@type\":\"EntryPoint\",\"urlTemplate\":\"https:\\\/\\\/cnpem.br\\\/?s={search_term_string}\"},\"query-input\":{\"@type\":\"PropertyValueSpecification\",\"valueRequired\":true,\"valueName\":\"search_term_string\"}}],\"inLanguage\":\"en-US\"},{\"@type\":\"Person\",\"@id\":\"https:\\\/\\\/cnpem.br\\\/#\\\/schema\\\/person\\\/b957a8048be4b70d687484cae6b978ef\",\"name\":\"Erik Medina\",\"url\":\"\"}]}<\/script>\n<!-- \/ Yoast SEO plugin. -->","yoast_head_json":{"title":"Chuva causa aumento de cana bisada na safra 2016\/2017, explica Diretor da RPA Consultoria - CNPEM","robots":{"index":"index","follow":"follow","max-snippet":"max-snippet:-1","max-image-preview":"max-image-preview:large","max-video-preview":"max-video-preview:-1"},"canonical":"https:\/\/cnpem.br\/chuva-causa-aumento-de-cana-bisada-na-safra-20162017-explica-diretor-da-rpa-consultoria\/","og_locale":"en_US","og_type":"article","og_title":"Chuva causa aumento de cana bisada na safra 2016\/2017, explica Diretor da RPA Consultoria - CNPEM","og_description":"UDOP em 18\/01\/16 Nesta segunda-feira (18), o Laborat\u00f3rio Nacional de Ci\u00eancia e Tecnologia &#8211; CTBE &#8211; e a Faculdade de Engenharia Agr\u00edcola (Feagri) da Unicamp divulgaram o Boletim de Monitoramento&hellip;","og_url":"https:\/\/cnpem.br\/chuva-causa-aumento-de-cana-bisada-na-safra-20162017-explica-diretor-da-rpa-consultoria\/","og_site_name":"CNPEM","article_published_time":"2016-01-21T15:49:39+00:00","article_modified_time":"2022-11-10T19:03:14+00:00","og_image":[{"url":"https:\/\/cnpem.staging.wpengine.com\/wp-content\/uploads\/2016\/01\/Screen-Shot-2016-01-21-at-1.48.31-PM-300x225.png","type":"","width":"","height":""}],"author":"Erik Medina","twitter_card":"summary_large_image","twitter_misc":{"Written by":"Erik Medina","Est. reading time":"1 minute"},"schema":{"@context":"https:\/\/schema.org","@graph":[{"@type":"Article","@id":"https:\/\/cnpem.br\/chuva-causa-aumento-de-cana-bisada-na-safra-20162017-explica-diretor-da-rpa-consultoria\/#article","isPartOf":{"@id":"https:\/\/cnpem.br\/chuva-causa-aumento-de-cana-bisada-na-safra-20162017-explica-diretor-da-rpa-consultoria\/"},"author":{"name":"Erik Medina","@id":"https:\/\/cnpem.br\/#\/schema\/person\/b957a8048be4b70d687484cae6b978ef"},"headline":"Chuva causa aumento de cana bisada na safra 2016\/2017, explica Diretor da RPA Consultoria","datePublished":"2016-01-21T15:49:39+00:00","dateModified":"2022-11-10T19:03:14+00:00","mainEntityOfPage":{"@id":"https:\/\/cnpem.br\/chuva-causa-aumento-de-cana-bisada-na-safra-20162017-explica-diretor-da-rpa-consultoria\/"},"wordCount":230,"image":{"@id":"https:\/\/cnpem.br\/chuva-causa-aumento-de-cana-bisada-na-safra-20162017-explica-diretor-da-rpa-consultoria\/#primaryimage"},"thumbnailUrl":"https:\/\/cnpem.staging.wpengine.com\/wp-content\/uploads\/2016\/01\/Screen-Shot-2016-01-21-at-1.48.31-PM-300x225.png","articleSection":["CNPEM na M\u00eddia","LNBR na M\u00eddia"],"inLanguage":"en-US"},{"@type":"WebPage","@id":"https:\/\/cnpem.br\/chuva-causa-aumento-de-cana-bisada-na-safra-20162017-explica-diretor-da-rpa-consultoria\/","url":"https:\/\/cnpem.br\/chuva-causa-aumento-de-cana-bisada-na-safra-20162017-explica-diretor-da-rpa-consultoria\/","name":"Chuva causa aumento de cana bisada na safra 2016\/2017, explica Diretor da RPA Consultoria - CNPEM","isPartOf":{"@id":"https:\/\/cnpem.br\/#website"},"primaryImageOfPage":{"@id":"https:\/\/cnpem.br\/chuva-causa-aumento-de-cana-bisada-na-safra-20162017-explica-diretor-da-rpa-consultoria\/#primaryimage"},"image":{"@id":"https:\/\/cnpem.br\/chuva-causa-aumento-de-cana-bisada-na-safra-20162017-explica-diretor-da-rpa-consultoria\/#primaryimage"},"thumbnailUrl":"https:\/\/cnpem.staging.wpengine.com\/wp-content\/uploads\/2016\/01\/Screen-Shot-2016-01-21-at-1.48.31-PM-300x225.png","datePublished":"2016-01-21T15:49:39+00:00","dateModified":"2022-11-10T19:03:14+00:00","author":{"@id":"https:\/\/cnpem.br\/#\/schema\/person\/b957a8048be4b70d687484cae6b978ef"},"breadcrumb":{"@id":"https:\/\/cnpem.br\/chuva-causa-aumento-de-cana-bisada-na-safra-20162017-explica-diretor-da-rpa-consultoria\/#breadcrumb"},"inLanguage":"en-US","potentialAction":[{"@type":"ReadAction","target":["https:\/\/cnpem.br\/chuva-causa-aumento-de-cana-bisada-na-safra-20162017-explica-diretor-da-rpa-consultoria\/"]}]},{"@type":"ImageObject","inLanguage":"en-US","@id":"https:\/\/cnpem.br\/chuva-causa-aumento-de-cana-bisada-na-safra-20162017-explica-diretor-da-rpa-consultoria\/#primaryimage","url":"https:\/\/cnpem.staging.wpengine.com\/wp-content\/uploads\/2016\/01\/Screen-Shot-2016-01-21-at-1.48.31-PM-300x225.png","contentUrl":"https:\/\/cnpem.staging.wpengine.com\/wp-content\/uploads\/2016\/01\/Screen-Shot-2016-01-21-at-1.48.31-PM-300x225.png"},{"@type":"BreadcrumbList","@id":"https:\/\/cnpem.br\/chuva-causa-aumento-de-cana-bisada-na-safra-20162017-explica-diretor-da-rpa-consultoria\/#breadcrumb","itemListElement":[{"@type":"ListItem","position":1,"name":"In\u00edcio","item":"https:\/\/cnpem.br\/en\/"},{"@type":"ListItem","position":2,"name":"Chuva causa aumento de cana bisada na safra 2016\/2017, explica Diretor da RPA Consultoria"}]},{"@type":"WebSite","@id":"https:\/\/cnpem.br\/#website","url":"https:\/\/cnpem.br\/","name":"Centro Nacional de Pesquisa em Energia e Materiais","description":"Centro Nacional de Pesquisa em Energia e Materiais","alternateName":"CNPEM","potentialAction":[{"@type":"SearchAction","target":{"@type":"EntryPoint","urlTemplate":"https:\/\/cnpem.br\/?s={search_term_string}"},"query-input":{"@type":"PropertyValueSpecification","valueRequired":true,"valueName":"search_term_string"}}],"inLanguage":"en-US"},{"@type":"Person","@id":"https:\/\/cnpem.br\/#\/schema\/person\/b957a8048be4b70d687484cae6b978ef","name":"Erik Medina","url":""}]}},"jetpack_featured_media_url":"","jetpack_sharing_enabled":true,"jetpack_shortlink":"https:\/\/wp.me\/per0Mi-3tR","_links":{"self":[{"href":"https:\/\/cnpem.br\/en\/wp-json\/wp\/v2\/posts\/13383","targetHints":{"allow":["GET"]}}],"collection":[{"href":"https:\/\/cnpem.br\/en\/wp-json\/wp\/v2\/posts"}],"about":[{"href":"https:\/\/cnpem.br\/en\/wp-json\/wp\/v2\/types\/post"}],"author":[{"embeddable":true,"href":"https:\/\/cnpem.br\/en\/wp-json\/wp\/v2\/users\/17"}],"replies":[{"embeddable":true,"href":"https:\/\/cnpem.br\/en\/wp-json\/wp\/v2\/comments?post=13383"}],"version-history":[{"count":0,"href":"https:\/\/cnpem.br\/en\/wp-json\/wp\/v2\/posts\/13383\/revisions"}],"wp:attachment":[{"href":"https:\/\/cnpem.br\/en\/wp-json\/wp\/v2\/media?parent=13383"}],"wp:term":[{"taxonomy":"category","embeddable":true,"href":"https:\/\/cnpem.br\/en\/wp-json\/wp\/v2\/categories?post=13383"},{"taxonomy":"post_tag","embeddable":true,"href":"https:\/\/cnpem.br\/en\/wp-json\/wp\/v2\/tags?post=13383"}],"curies":[{"name":"wp","href":"https:\/\/api.w.org\/{rel}","templated":true}]}}