{"id":13153,"date":"2015-12-02T15:54:41","date_gmt":"2015-12-02T15:54:41","guid":{"rendered":"https:\/\/cnpem.staging.wpengine.com\/?p=13153"},"modified":"2022-01-21T16:41:06","modified_gmt":"2022-01-21T19:41:06","slug":"novo-acelerador-de-particulas-brasileiro-comeca-a-virar-concreto","status":"publish","type":"post","link":"https:\/\/cnpem.br\/en\/novo-acelerador-de-particulas-brasileiro-comeca-a-virar-concreto\/","title":{"rendered":"Novo acelerador de part\u00edculas brasileiro come\u00e7a a virar concreto"},"content":{"rendered":"<p>Estad\u00e3o Online\u00a0 em 02\/12\/15<\/p>\n<p>Imagens in\u00e9ditas mostram evolu\u00e7\u00e3o das obras do projeto Sirius, no Laborat\u00f3rio Nacional de Luz S\u00edncrotron, em Campinas, de R$ 1,7 bilh\u00e3o.<\/p>\n<p><iframe loading=\"lazy\" src=\"https:\/\/www.youtube.com\/embed\/ODMgKqksbgo\" width=\"560\" height=\"315\" frameborder=\"0\" allowfullscreen=\"allowfullscreen\"><\/iframe><br \/>\nO projeto de constru\u00e7\u00e3o do novo acelerador de part\u00edculas brasileiro est\u00e1 se tornando cada vez mais concreto, apesar da crise or\u00e7ament\u00e1ria que assombra a ci\u00eancia nacional. \u00c9 o que mostram imagens a\u00e9reas in\u00e9ditas do canteiro de obras do Sirius, a nova m\u00e1quina do Laborat\u00f3rio Nacional de Luz S\u00edncrotron (LNLS), que est\u00e1 sendo constru\u00edda em Campinas.<\/p>\n<p>Cerca de 15% da parte civil da obra j\u00e1 est\u00e1 de p\u00e9 e cerca de 80% dos equipamentos que v\u00e3o compor o acelerador j\u00e1 foram prototipados. A meta \u00e9 estar com tudo pronto em 2017, para come\u00e7ar a testar o acelerador em 2018 e coloc\u00e1-lo \u00e0 disposi\u00e7\u00e3o da comunidade cient\u00edfica em 2019.<\/p>\n<p>Projeto mais caro e estruturalmente ambicioso da hist\u00f3ria da ci\u00eancia brasileira, com custo estimado de R$ 1,7 bilh\u00e3o (<em>pela cota\u00e7\u00e3o atual do d\u00f3lar<\/em>), o Sirius foi projetado para ser uma das fontes mais modernas de luz s\u00edncrotron do mundo \u2014 melhor do que qualquer m\u00e1quina desse tipo em opera\u00e7\u00e3o no exterior e muito superior a m\u00e1quina atual do LNLS, inaugurada em 1997.<br \/>\n<a href=\"https:\/\/i0.wp.com\/cnpem.staging.wpengine.com\/wp-content\/uploads\/2015\/12\/acelarador_ok.jpg?ssl=1\"><img data-recalc-dims=\"1\" loading=\"lazy\" decoding=\"async\" class=\"alignleft wp-image-13156 size-medium\" src=\"https:\/\/i0.wp.com\/cnpem.staging.wpengine.com\/wp-content\/uploads\/2015\/12\/acelarador_ok-249x300.jpg?resize=249%2C300&#038;ssl=1\" alt=\"acelarador_ok\" width=\"249\" height=\"300\" srcset=\"https:\/\/i0.wp.com\/cnpem.br\/wp-content\/uploads\/2015\/12\/acelarador_ok.jpg?resize=249%2C300&amp;ssl=1 249w, https:\/\/i0.wp.com\/cnpem.br\/wp-content\/uploads\/2015\/12\/acelarador_ok.jpg?resize=600%2C723&amp;ssl=1 600w, https:\/\/i0.wp.com\/cnpem.br\/wp-content\/uploads\/2015\/12\/acelarador_ok.jpg?resize=585%2C705&amp;ssl=1 585w, https:\/\/i0.wp.com\/cnpem.br\/wp-content\/uploads\/2015\/12\/acelarador_ok.jpg?w=853&amp;ssl=1 853w\" sizes=\"auto, (max-width: 249px) 100vw, 249px\" \/><\/a><\/p>\n<p>&nbsp;<\/p>\n<p>O que essas m\u00e1quinas fazem \u00e9 acelerar el\u00e9trons a uma velocidade muito pr\u00f3xima da luz (99,999999%), com o intuito de gerar uma luz extremamente brilhante e com uma grande amplitude de comprimentos de onda, variando\u00a0desde o infravermelho at\u00e9 os raios X. Com essa luz (chamada de luz s\u00edncrotron) \u00e9 poss\u00edvel enxergar objetos em escala microm\u00e9trica e\u00a0at\u00e9 nanom\u00e9trica. Pode-se pensar nesses aceleradores como enormes microsc\u00f3pios, que os cientistas usam para entender a estrutura at\u00f4mica de materiais e tirar proveito desse conhecimento para o desenvolvimento de novas tecnologias \u2014 que podem variar desde drogas mais eficientes contra o c\u00e2ncer at\u00e9 baterias mais duradouras para celulares, ou at\u00e9 para investigar f\u00f3sseis de dinossauros.<\/p>\n<p><em>Para mais detalhes cient\u00edficos, veja a reportagem especial:\u00a0<strong><a href=\"https:\/\/ciencia.estadao.com.br\/blogs\/herton-escobar\/sirius-o-maior-projeto-da-ciencia-brasileira-parte-1-de-2\/\">Sirius, o maior projeto da ci\u00eancia brasileira<\/a><\/strong><\/em><\/p>\n<p>H\u00e1 cerca de 45 fontes de luz s\u00edncrotron em opera\u00e7\u00e3o no mundo, mas o Sirius ter\u00e1 um diferencial importante: ele ser\u00e1 uma de apenas tr\u00eas m\u00e1quinas classificadas como de \u201c4a gera\u00e7\u00e3o\u201d, com emit\u00e2ncia abaixo de 0,3 nan\u00f4metro-radiano (emit\u00e2ncia \u00e9 a caracter\u00edstica pela qual se mede a qualidade da luz s\u00edncrotron \u2014 quanto menor a emit\u00e2ncia, maior o brilho e melhor a luz). Com isso ser\u00e1 poss\u00edvel, por exemplo, enxergar organelas celulares em tr\u00eas dimens\u00f5es, algo que n\u00e3o \u00e9 poss\u00edvel (ou muito dif\u00edcil de ser feito) com os s\u00edncrotron atuais.<\/p>\n<p>As \u00fanicas outras fontes\u00a0de 4a gera\u00e7\u00e3o projetadas no mundo, por enquanto,\u00a0s\u00e3o o s\u00edncrotron MAX 4, na Su\u00e9cia, previsto para entrar em opera\u00e7\u00e3o no ano que vem, e o s\u00edncrotron ESRF 2, na Fran\u00e7a, previsto para 2020.<\/p>\n<p>Se o cronograma for cumprido e o Sirius for inaugurado em 2019, portanto, ele ser\u00e1 uma das \u00fanicas m\u00e1quinas de \u00faltima gera\u00e7\u00e3o dispon\u00edveis no mundo por v\u00e1rios anos. Um diferencial que dever\u00e1 atrair muitos pesquisadores estrangeiros para o Brasil, segundo o franc\u00eas Yves Petroff, um dos maiores especialistas em luz s\u00edncrotron do mundo, que j\u00e1 foi diretor cient\u00edfico do LNLS e acompanha de perto o projeto brasileiro.<\/p>\n<p><a href=\"https:\/\/i0.wp.com\/cnpem.staging.wpengine.com\/wp-content\/uploads\/2015\/12\/Sirius_GoogleEarth.jpg?ssl=1\"><img data-recalc-dims=\"1\" loading=\"lazy\" decoding=\"async\" class=\"size-medium wp-image-13154 alignleft\" src=\"https:\/\/i0.wp.com\/cnpem.staging.wpengine.com\/wp-content\/uploads\/2015\/12\/Sirius_GoogleEarth-300x200.jpg?resize=300%2C200&#038;ssl=1\" alt=\"Sirius_GoogleEarth\" width=\"300\" height=\"200\" srcset=\"https:\/\/i0.wp.com\/cnpem.br\/wp-content\/uploads\/2015\/12\/Sirius_GoogleEarth.jpg?resize=300%2C200&amp;ssl=1 300w, https:\/\/i0.wp.com\/cnpem.br\/wp-content\/uploads\/2015\/12\/Sirius_GoogleEarth.jpg?resize=600%2C400&amp;ssl=1 600w, https:\/\/i0.wp.com\/cnpem.br\/wp-content\/uploads\/2015\/12\/Sirius_GoogleEarth.jpg?resize=1030%2C686&amp;ssl=1 1030w, https:\/\/i0.wp.com\/cnpem.br\/wp-content\/uploads\/2015\/12\/Sirius_GoogleEarth.jpg?resize=705%2C470&amp;ssl=1 705w, https:\/\/i0.wp.com\/cnpem.br\/wp-content\/uploads\/2015\/12\/Sirius_GoogleEarth.jpg?w=1040&amp;ssl=1 1040w\" sizes=\"auto, (max-width: 300px) 100vw, 300px\" \/><\/a><\/p>\n<p>&nbsp;<\/p>\n<p>\u201cO Sirius j\u00e1 atraiu muitos bons cientistas do exterior, que est\u00e3o trabalhando no desenvolvimento das futuras linhas de luz (<i>as esta\u00e7\u00f5es de pesquisa que s\u00e3o posicionadas ao longo do anel, com equipamentos customizados para cada tipo de estudo<\/i>)\u201d, ressaltou Petroff, em entrevista por email ao\u00a0<b>Estado<\/b>. \u201cE se o Sirius for conclu\u00eddo a tempo, muitos outros vir\u00e3o.\u201d<\/p>\n<p>\u201cEstamos sendo verdadeiramente pioneiros na gera\u00e7\u00e3o de luz s\u00edncrotron\u201d, diz o diretor do LNLS, Antonio Jos\u00e9 Roque da Silva. \u201c\u00c9 um pioneirismo raro na ci\u00eancia brasileira, especialmente se tratando de um projeto de grande escala\u201d, completa ele, destacando que o projeto foi 100% desenvolvido no Brasil.<\/p>\n<p><strong>RECURSOS<\/strong><\/p>\n<p>O LNLS faz parte do Centro Nacional de Pesquisa em Energia e Materiais (CNPEM), e o projeto Sirius \u00e9 financiado pelo Minist\u00e9rio da Ci\u00eancia, Tecnologia e Inova\u00e7\u00e3o (MCTI).<\/p>\n<p>At\u00e9 o ano passado, o custo total do projeto era estimado em R$ 1,3 bilh\u00e3o. Com a alta do d\u00f3lar em 2015, por\u00e9m, essa estimativa subiu para R$ 1,7 bilh\u00e3o. Cerca de 35% do projeto \u00e9 \u201cdolarizado\u201d, explica Silva. \u201cNosso or\u00e7amento muda semana a semana.\u201d<\/p>\n<p>O contrato do CNPEM com o MCTI prev\u00ea o repasse de R$ 240 milh\u00f5es para o projeto em 2015, dos quais foram entregues apenas R$ 40 milh\u00f5es at\u00e9 agora. Apesar disso, Silva diz que n\u00e3o h\u00e1 atrasos nas obras \u2014 por enquanto. \u201cMas h\u00e1 uma preocupa\u00e7\u00e3o de que os repasses se mantenham, visto que o projeto est\u00e1 entrando numa fase de maiores gastos\u201d, ressaltou. \u201cDo ponto de vista or\u00e7ament\u00e1rio estamos bem. O minist\u00e9rio tem apoiado o projeto como priorit\u00e1rio\u00a0dentro das suas possibilidades. O desafio \u00e9 manter o fluxo de caixa, para n\u00e3o perdermos o ritmo.\u201d<\/p>\n<p>H\u00e1 uma expectativa de que em 2016 o Sirius passe a fazer parte do Programa de Acelera\u00e7\u00e3o do Crescimento (PAC) do governo federal, conforme proposto pelo ex-ministro Aldo Rebelo, o que daria um peso pol\u00edtico maior ao projeto \u2014 mas ainda assim n\u00e3o ser\u00e1\u00a0uma garantia absoluta de financiamento.<\/p>\n<p><strong>COMPETITIVIDADE<\/strong><\/p>\n<p>O Sirius come\u00e7ou a ser projetado em 2009, e o projeto foi inicialmente or\u00e7ado em R$ 650 milh\u00f5es, para uma m\u00e1quina de 3a gera\u00e7\u00e3o. Em meados de 2012, por\u00e9m o projeto passou pela revis\u00e3o de um comit\u00ea internacional de especialistas, que sugeriu fazer um upgrade da m\u00e1quina para 4a gera\u00e7\u00e3o \u2014 utilizando uma combina\u00e7\u00e3o inovadora\u00a0de \u00edm\u00e3s ao longo do anel para aumentar significativamente o brilho da luz, sem precisar aumentar o tamanho do acelerador. \u00a0Com isso,\u00a0o custo dobrou para R$ 1,3 bilh\u00e3o, principalmente por conta de adapta\u00e7\u00f5es na estrutura f\u00edsica do pr\u00e9dio.<\/p>\n<p>\u201c\u00c9 importante salientar que a mudan\u00e7a de 3a\u00a0para 4a gera\u00e7\u00e3o foi principalmente motivada pela necessidade de garantir\u00a0que o investimento feito no projeto iria manter o equipamento, e portanto\u00a0o Brasil, competitivo pelas pr\u00f3ximas d\u00e9cadas\u201d, destaca Silva. \u201cComo a Su\u00e9cia estava iniciando a\u00a0constru\u00e7\u00e3o do MAX 4, o projeto deveria caminhar para\u00a0garantir a competitividade do pa\u00eds. Isso hoje permite que sejamos l\u00edderes\u00a0e tenhamos impacto em internacionaliza\u00e7\u00e3o, atratividade, qualidade da\u00a0ci\u00eancia e tecnologia que poder\u00e3o sair do Sirius.\u201d<\/p>\n<p><strong>Repercuss\u00e3o:\u00a0<\/strong><a href=\"https:\/\/correio.rac.com.br\/_conteudo\/2015\/12\/campinas_e_rmc\/402264-obra-do-novo-acelerador-de-particulas-toma-forma.html\" target=\"_blank\" rel=\"noopener\">Correio Popular<\/a><\/p>\n","protected":false},"excerpt":{"rendered":"<p>Estad\u00e3o Online\u00a0 em 02\/12\/15 Imagens in\u00e9ditas mostram evolu\u00e7\u00e3o das obras do projeto Sirius, no Laborat\u00f3rio Nacional de Luz S\u00edncrotron, em Campinas, de R$ 1,7 bilh\u00e3o. O projeto de constru\u00e7\u00e3o do&hellip;<\/p>\n","protected":false},"author":17,"featured_media":0,"comment_status":"closed","ping_status":"closed","sticky":false,"template":"","format":"standard","meta":{"_acf_changed":false,"_jetpack_newsletter_access":"","_jetpack_dont_email_post_to_subs":false,"_jetpack_newsletter_tier_id":0,"_jetpack_memberships_contains_paywalled_content":false,"_jetpack_memberships_contains_paid_content":false,"footnotes":"","_links_to":"","_links_to_target":""},"categories":[1163,12],"tags":[],"class_list":["post-13153","post","type-post","status-publish","format-standard","hentry","category-clipping-cnpem","category-clipping-lnls","category-1163","category-12","description-off"],"acf":[],"yoast_head":"<!-- This site is optimized with the Yoast SEO plugin v27.5 - https:\/\/yoast.com\/product\/yoast-seo-wordpress\/ -->\n<title>Novo acelerador de part\u00edculas brasileiro come\u00e7a a virar concreto - CNPEM<\/title>\n<meta name=\"robots\" content=\"index, follow, max-snippet:-1, max-image-preview:large, max-video-preview:-1\" \/>\n<link rel=\"canonical\" href=\"https:\/\/cnpem.br\/novo-acelerador-de-particulas-brasileiro-comeca-a-virar-concreto\/\" \/>\n<meta property=\"og:locale\" content=\"en_US\" \/>\n<meta property=\"og:type\" content=\"article\" \/>\n<meta property=\"og:title\" content=\"Novo acelerador de part\u00edculas brasileiro come\u00e7a a virar concreto - CNPEM\" \/>\n<meta property=\"og:description\" content=\"Estad\u00e3o Online\u00a0 em 02\/12\/15 Imagens in\u00e9ditas mostram evolu\u00e7\u00e3o das obras do projeto Sirius, no Laborat\u00f3rio Nacional de Luz S\u00edncrotron, em Campinas, de R$ 1,7 bilh\u00e3o. O projeto de constru\u00e7\u00e3o do&hellip;\" \/>\n<meta property=\"og:url\" content=\"https:\/\/cnpem.br\/novo-acelerador-de-particulas-brasileiro-comeca-a-virar-concreto\/\" \/>\n<meta property=\"og:site_name\" content=\"CNPEM\" \/>\n<meta property=\"article:published_time\" content=\"2015-12-02T15:54:41+00:00\" \/>\n<meta property=\"article:modified_time\" content=\"2022-01-21T19:41:06+00:00\" \/>\n<meta property=\"og:image\" content=\"https:\/\/cnpem.staging.wpengine.com\/wp-content\/uploads\/2015\/12\/acelarador_ok-249x300.jpg\" \/>\n<meta name=\"author\" content=\"Erik Medina\" \/>\n<meta name=\"twitter:card\" content=\"summary_large_image\" \/>\n<meta name=\"twitter:label1\" content=\"Written by\" \/>\n\t<meta name=\"twitter:data1\" content=\"Erik Medina\" \/>\n\t<meta name=\"twitter:label2\" content=\"Est. reading time\" \/>\n\t<meta name=\"twitter:data2\" content=\"6 minutes\" \/>\n<script type=\"application\/ld+json\" class=\"yoast-schema-graph\">{\"@context\":\"https:\\\/\\\/schema.org\",\"@graph\":[{\"@type\":\"Article\",\"@id\":\"https:\\\/\\\/cnpem.br\\\/novo-acelerador-de-particulas-brasileiro-comeca-a-virar-concreto\\\/#article\",\"isPartOf\":{\"@id\":\"https:\\\/\\\/cnpem.br\\\/novo-acelerador-de-particulas-brasileiro-comeca-a-virar-concreto\\\/\"},\"author\":{\"name\":\"Erik Medina\",\"@id\":\"https:\\\/\\\/cnpem.br\\\/#\\\/schema\\\/person\\\/b957a8048be4b70d687484cae6b978ef\"},\"headline\":\"Novo acelerador de part\u00edculas brasileiro come\u00e7a a virar concreto\",\"datePublished\":\"2015-12-02T15:54:41+00:00\",\"dateModified\":\"2022-01-21T19:41:06+00:00\",\"mainEntityOfPage\":{\"@id\":\"https:\\\/\\\/cnpem.br\\\/novo-acelerador-de-particulas-brasileiro-comeca-a-virar-concreto\\\/\"},\"wordCount\":1111,\"image\":{\"@id\":\"https:\\\/\\\/cnpem.br\\\/novo-acelerador-de-particulas-brasileiro-comeca-a-virar-concreto\\\/#primaryimage\"},\"thumbnailUrl\":\"https:\\\/\\\/cnpem.staging.wpengine.com\\\/wp-content\\\/uploads\\\/2015\\\/12\\\/acelarador_ok-249x300.jpg\",\"articleSection\":[\"CNPEM na M\u00eddia\",\"LNLS na M\u00eddia\"],\"inLanguage\":\"en-US\"},{\"@type\":\"WebPage\",\"@id\":\"https:\\\/\\\/cnpem.br\\\/novo-acelerador-de-particulas-brasileiro-comeca-a-virar-concreto\\\/\",\"url\":\"https:\\\/\\\/cnpem.br\\\/novo-acelerador-de-particulas-brasileiro-comeca-a-virar-concreto\\\/\",\"name\":\"Novo acelerador de part\u00edculas brasileiro come\u00e7a a virar concreto - CNPEM\",\"isPartOf\":{\"@id\":\"https:\\\/\\\/cnpem.br\\\/#website\"},\"primaryImageOfPage\":{\"@id\":\"https:\\\/\\\/cnpem.br\\\/novo-acelerador-de-particulas-brasileiro-comeca-a-virar-concreto\\\/#primaryimage\"},\"image\":{\"@id\":\"https:\\\/\\\/cnpem.br\\\/novo-acelerador-de-particulas-brasileiro-comeca-a-virar-concreto\\\/#primaryimage\"},\"thumbnailUrl\":\"https:\\\/\\\/cnpem.staging.wpengine.com\\\/wp-content\\\/uploads\\\/2015\\\/12\\\/acelarador_ok-249x300.jpg\",\"datePublished\":\"2015-12-02T15:54:41+00:00\",\"dateModified\":\"2022-01-21T19:41:06+00:00\",\"author\":{\"@id\":\"https:\\\/\\\/cnpem.br\\\/#\\\/schema\\\/person\\\/b957a8048be4b70d687484cae6b978ef\"},\"breadcrumb\":{\"@id\":\"https:\\\/\\\/cnpem.br\\\/novo-acelerador-de-particulas-brasileiro-comeca-a-virar-concreto\\\/#breadcrumb\"},\"inLanguage\":\"en-US\",\"potentialAction\":[{\"@type\":\"ReadAction\",\"target\":[\"https:\\\/\\\/cnpem.br\\\/novo-acelerador-de-particulas-brasileiro-comeca-a-virar-concreto\\\/\"]}]},{\"@type\":\"ImageObject\",\"inLanguage\":\"en-US\",\"@id\":\"https:\\\/\\\/cnpem.br\\\/novo-acelerador-de-particulas-brasileiro-comeca-a-virar-concreto\\\/#primaryimage\",\"url\":\"https:\\\/\\\/cnpem.staging.wpengine.com\\\/wp-content\\\/uploads\\\/2015\\\/12\\\/acelarador_ok-249x300.jpg\",\"contentUrl\":\"https:\\\/\\\/cnpem.staging.wpengine.com\\\/wp-content\\\/uploads\\\/2015\\\/12\\\/acelarador_ok-249x300.jpg\"},{\"@type\":\"BreadcrumbList\",\"@id\":\"https:\\\/\\\/cnpem.br\\\/novo-acelerador-de-particulas-brasileiro-comeca-a-virar-concreto\\\/#breadcrumb\",\"itemListElement\":[{\"@type\":\"ListItem\",\"position\":1,\"name\":\"In\u00edcio\",\"item\":\"https:\\\/\\\/cnpem.br\\\/en\\\/\"},{\"@type\":\"ListItem\",\"position\":2,\"name\":\"Novo acelerador de part\u00edculas brasileiro come\u00e7a a virar concreto\"}]},{\"@type\":\"WebSite\",\"@id\":\"https:\\\/\\\/cnpem.br\\\/#website\",\"url\":\"https:\\\/\\\/cnpem.br\\\/\",\"name\":\"Centro Nacional de Pesquisa em Energia e Materiais\",\"description\":\"Centro Nacional de Pesquisa em Energia e Materiais\",\"alternateName\":\"CNPEM\",\"potentialAction\":[{\"@type\":\"SearchAction\",\"target\":{\"@type\":\"EntryPoint\",\"urlTemplate\":\"https:\\\/\\\/cnpem.br\\\/?s={search_term_string}\"},\"query-input\":{\"@type\":\"PropertyValueSpecification\",\"valueRequired\":true,\"valueName\":\"search_term_string\"}}],\"inLanguage\":\"en-US\"},{\"@type\":\"Person\",\"@id\":\"https:\\\/\\\/cnpem.br\\\/#\\\/schema\\\/person\\\/b957a8048be4b70d687484cae6b978ef\",\"name\":\"Erik Medina\",\"url\":\"\"}]}<\/script>\n<!-- \/ Yoast SEO plugin. -->","yoast_head_json":{"title":"Novo acelerador de part\u00edculas brasileiro come\u00e7a a virar concreto - CNPEM","robots":{"index":"index","follow":"follow","max-snippet":"max-snippet:-1","max-image-preview":"max-image-preview:large","max-video-preview":"max-video-preview:-1"},"canonical":"https:\/\/cnpem.br\/novo-acelerador-de-particulas-brasileiro-comeca-a-virar-concreto\/","og_locale":"en_US","og_type":"article","og_title":"Novo acelerador de part\u00edculas brasileiro come\u00e7a a virar concreto - CNPEM","og_description":"Estad\u00e3o Online\u00a0 em 02\/12\/15 Imagens in\u00e9ditas mostram evolu\u00e7\u00e3o das obras do projeto Sirius, no Laborat\u00f3rio Nacional de Luz S\u00edncrotron, em Campinas, de R$ 1,7 bilh\u00e3o. O projeto de constru\u00e7\u00e3o do&hellip;","og_url":"https:\/\/cnpem.br\/novo-acelerador-de-particulas-brasileiro-comeca-a-virar-concreto\/","og_site_name":"CNPEM","article_published_time":"2015-12-02T15:54:41+00:00","article_modified_time":"2022-01-21T19:41:06+00:00","og_image":[{"url":"https:\/\/cnpem.staging.wpengine.com\/wp-content\/uploads\/2015\/12\/acelarador_ok-249x300.jpg","type":"","width":"","height":""}],"author":"Erik Medina","twitter_card":"summary_large_image","twitter_misc":{"Written by":"Erik Medina","Est. reading time":"6 minutes"},"schema":{"@context":"https:\/\/schema.org","@graph":[{"@type":"Article","@id":"https:\/\/cnpem.br\/novo-acelerador-de-particulas-brasileiro-comeca-a-virar-concreto\/#article","isPartOf":{"@id":"https:\/\/cnpem.br\/novo-acelerador-de-particulas-brasileiro-comeca-a-virar-concreto\/"},"author":{"name":"Erik Medina","@id":"https:\/\/cnpem.br\/#\/schema\/person\/b957a8048be4b70d687484cae6b978ef"},"headline":"Novo acelerador de part\u00edculas brasileiro come\u00e7a a virar concreto","datePublished":"2015-12-02T15:54:41+00:00","dateModified":"2022-01-21T19:41:06+00:00","mainEntityOfPage":{"@id":"https:\/\/cnpem.br\/novo-acelerador-de-particulas-brasileiro-comeca-a-virar-concreto\/"},"wordCount":1111,"image":{"@id":"https:\/\/cnpem.br\/novo-acelerador-de-particulas-brasileiro-comeca-a-virar-concreto\/#primaryimage"},"thumbnailUrl":"https:\/\/cnpem.staging.wpengine.com\/wp-content\/uploads\/2015\/12\/acelarador_ok-249x300.jpg","articleSection":["CNPEM na M\u00eddia","LNLS na M\u00eddia"],"inLanguage":"en-US"},{"@type":"WebPage","@id":"https:\/\/cnpem.br\/novo-acelerador-de-particulas-brasileiro-comeca-a-virar-concreto\/","url":"https:\/\/cnpem.br\/novo-acelerador-de-particulas-brasileiro-comeca-a-virar-concreto\/","name":"Novo acelerador de part\u00edculas brasileiro come\u00e7a a virar concreto - CNPEM","isPartOf":{"@id":"https:\/\/cnpem.br\/#website"},"primaryImageOfPage":{"@id":"https:\/\/cnpem.br\/novo-acelerador-de-particulas-brasileiro-comeca-a-virar-concreto\/#primaryimage"},"image":{"@id":"https:\/\/cnpem.br\/novo-acelerador-de-particulas-brasileiro-comeca-a-virar-concreto\/#primaryimage"},"thumbnailUrl":"https:\/\/cnpem.staging.wpengine.com\/wp-content\/uploads\/2015\/12\/acelarador_ok-249x300.jpg","datePublished":"2015-12-02T15:54:41+00:00","dateModified":"2022-01-21T19:41:06+00:00","author":{"@id":"https:\/\/cnpem.br\/#\/schema\/person\/b957a8048be4b70d687484cae6b978ef"},"breadcrumb":{"@id":"https:\/\/cnpem.br\/novo-acelerador-de-particulas-brasileiro-comeca-a-virar-concreto\/#breadcrumb"},"inLanguage":"en-US","potentialAction":[{"@type":"ReadAction","target":["https:\/\/cnpem.br\/novo-acelerador-de-particulas-brasileiro-comeca-a-virar-concreto\/"]}]},{"@type":"ImageObject","inLanguage":"en-US","@id":"https:\/\/cnpem.br\/novo-acelerador-de-particulas-brasileiro-comeca-a-virar-concreto\/#primaryimage","url":"https:\/\/cnpem.staging.wpengine.com\/wp-content\/uploads\/2015\/12\/acelarador_ok-249x300.jpg","contentUrl":"https:\/\/cnpem.staging.wpengine.com\/wp-content\/uploads\/2015\/12\/acelarador_ok-249x300.jpg"},{"@type":"BreadcrumbList","@id":"https:\/\/cnpem.br\/novo-acelerador-de-particulas-brasileiro-comeca-a-virar-concreto\/#breadcrumb","itemListElement":[{"@type":"ListItem","position":1,"name":"In\u00edcio","item":"https:\/\/cnpem.br\/en\/"},{"@type":"ListItem","position":2,"name":"Novo acelerador de part\u00edculas brasileiro come\u00e7a a virar concreto"}]},{"@type":"WebSite","@id":"https:\/\/cnpem.br\/#website","url":"https:\/\/cnpem.br\/","name":"Centro Nacional de Pesquisa em Energia e Materiais","description":"Centro Nacional de Pesquisa em Energia e Materiais","alternateName":"CNPEM","potentialAction":[{"@type":"SearchAction","target":{"@type":"EntryPoint","urlTemplate":"https:\/\/cnpem.br\/?s={search_term_string}"},"query-input":{"@type":"PropertyValueSpecification","valueRequired":true,"valueName":"search_term_string"}}],"inLanguage":"en-US"},{"@type":"Person","@id":"https:\/\/cnpem.br\/#\/schema\/person\/b957a8048be4b70d687484cae6b978ef","name":"Erik Medina","url":""}]}},"jetpack_featured_media_url":"","jetpack_sharing_enabled":true,"jetpack_shortlink":"https:\/\/wp.me\/per0Mi-3q9","_links":{"self":[{"href":"https:\/\/cnpem.br\/en\/wp-json\/wp\/v2\/posts\/13153","targetHints":{"allow":["GET"]}}],"collection":[{"href":"https:\/\/cnpem.br\/en\/wp-json\/wp\/v2\/posts"}],"about":[{"href":"https:\/\/cnpem.br\/en\/wp-json\/wp\/v2\/types\/post"}],"author":[{"embeddable":true,"href":"https:\/\/cnpem.br\/en\/wp-json\/wp\/v2\/users\/17"}],"replies":[{"embeddable":true,"href":"https:\/\/cnpem.br\/en\/wp-json\/wp\/v2\/comments?post=13153"}],"version-history":[{"count":0,"href":"https:\/\/cnpem.br\/en\/wp-json\/wp\/v2\/posts\/13153\/revisions"}],"wp:attachment":[{"href":"https:\/\/cnpem.br\/en\/wp-json\/wp\/v2\/media?parent=13153"}],"wp:term":[{"taxonomy":"category","embeddable":true,"href":"https:\/\/cnpem.br\/en\/wp-json\/wp\/v2\/categories?post=13153"},{"taxonomy":"post_tag","embeddable":true,"href":"https:\/\/cnpem.br\/en\/wp-json\/wp\/v2\/tags?post=13153"}],"curies":[{"name":"wp","href":"https:\/\/api.w.org\/{rel}","templated":true}]}}