{"id":12764,"date":"2015-09-10T20:33:33","date_gmt":"2015-09-10T20:33:33","guid":{"rendered":"https:\/\/cnpem.staging.wpengine.com\/?p=12764"},"modified":"2022-11-10T16:03:21","modified_gmt":"2022-11-10T19:03:21","slug":"semente-de-cana-e-maquinas-autonomas-sao-o-futuro-da-mecanizacao-do-setor","status":"publish","type":"post","link":"https:\/\/cnpem.br\/en\/semente-de-cana-e-maquinas-autonomas-sao-o-futuro-da-mecanizacao-do-setor\/","title":{"rendered":"Semente de cana e m\u00e1quinas aut\u00f4nomas s\u00e3o o futuro da mecaniza\u00e7\u00e3o do setor"},"content":{"rendered":"<p><a href=\"https:\/\/www.udop.com.br\/index.php?item=noticias&amp;cod=1129139\">Udop<\/a> em 09\/09\/2015<\/p>\n<p>Plantar\u00a0<b>cana<\/b>\u00a0como se planta um gr\u00e3o, usando uma semente. \u00c9 poss\u00edvel? Vi\u00e1vel? Essas s\u00e3o s\u00f3 algumas perguntas dos produtores at\u00e9 porque o tema \u00e9 novo e chama a aten\u00e7\u00e3o do setor bioenerg\u00e9tico. Tamb\u00e9m n\u00e3o \u00e9 para menos, a Syngenta e o CTC j\u00e1 come\u00e7aram os estudos da semente de\u00a0<b>cana<\/b>\u00a0e acreditam que ela \u00e9 a aposta para o futuro do setor.<\/p>\n<p>O assunto faz parte do \u00faltimo epis\u00f3dio da s\u00e9rie de reportagens especiais da\u00a0<b>TV\u00a0<b>UDOP<\/b><\/b>: &#8220;Era da mecaniza\u00e7\u00e3o da\u00a0<b>cana<\/b>: desafios e oportunidades&#8221;, que foi ao ar nesta quarta-feira (9) (<b><a href=\"https:\/\/www.udop.com.br\/tv\/index.php?nome_flv=24_2843_re&amp;codigo=2889&amp;id_canal=1\" target=\"_blank\" rel=\"noopener\">veja aqui<\/a><\/b>). A equipe da\u00a0<b>TV\u00a0<b>UDOP<\/b><\/b>\u00a0acompanhou o an\u00fancio das pesquisas sobre essa tecnologia feita pela\u00a0<b><a href=\"https:\/\/www.syngenta.com\/country\/br\/pt\/Pages\/home.aspx\" target=\"blank\" rel=\"noopener\">Syngenta<\/a><\/b>\u00a0em julho do ano passado e, durante a produ\u00e7\u00e3o da webs\u00e9rie, discutiu com os entrevistados o que mais vir\u00e1 pela frente no quesito tecnologia. A resposta un\u00e2nime foi a semente de\u00a0<b>cana<\/b>!<\/p>\n<p>Essa semente deve agilizar o plantio, facilitar o armazenamento e ainda uma maior taxa de multiplica\u00e7\u00e3o. Na \u00e9poca, o Diretor Global de Cana-de-A\u00e7\u00facar da empresa, Daniel Bachner disse que &#8220;as vantagens v\u00e3o ser brutais em termos de redu\u00e7\u00e3o de custos, diminui\u00e7\u00e3o do custo por tonelada para o produtor, equipamentos mais leves, diminuir o n\u00famero de opera\u00e7\u00f5es, ent\u00e3o, os benef\u00edcios ser\u00e3o muito grandes&#8221;.<\/p>\n<p>O Centro de Tecnologia Canavieira (<b><a href=\"https:\/\/www.ctcanavieira.com.br\/\" target=\"blank\" rel=\"noopener\">CTC<\/a><\/b>), de Piracicaba\/SP, tamb\u00e9m est\u00e1 investindo nessa inova\u00e7\u00e3o. &#8220;O futuro \u00e9 realmente a semente de\u00a0<b>cana<\/b>\u00a0e o CTC est\u00e1 desenvolvendo. S\u00e3o projetos, estudos, em que a gente tem o firme prop\u00f3sito de virar esse jogo do ponto de vista de plantio de\u00a0<b>cana<\/b>. Mas deve levar alguns anos ainda&#8221;, afirmou o Gerente de Assist\u00eancia T\u00e9cnica, Jorge Donzelli.<\/p>\n<p>O \u00faltimo epis\u00f3dio trata ainda sobre o futuro da mecaniza\u00e7\u00e3o, como o uso de m\u00e1quinas aut\u00f4nomas, sem operador, e como o protagonismo do Brasil deve dar sustenta\u00e7\u00e3o ao desenvolvimento de novas tecnologias que vir\u00e3o.<\/p>\n<p><b>Conhe\u00e7a a webs\u00e9rie<\/b><\/p>\n<p>A webs\u00e9rie da\u00a0<b>TV\u00a0<b>UDOP<\/b><\/b>: &#8220;Era da mecaniza\u00e7\u00e3o da\u00a0<b>cana<\/b>: desafios e oportunidades&#8221; foi dividida em quatro epis\u00f3dios, que foram veiculados no portal da UDO e tamb\u00e9m na p\u00e1gina da entidade no YouTube:\u00a0<b><a href=\"https:\/\/www.youtube.com\/playlist?list=PLAB8gsrAz-D2Bl8M38Kn3-QganPIxISmc\" target=\"_blank\" rel=\"noopener\">www.youtube.com\/tvudop<\/a><\/b>. As reportagens mostram os impactos positivos e negativos da introdu\u00e7\u00e3o das m\u00e1quinas nos\u00a0<b>canaviais<\/b>, considerada uma verdadeira revolu\u00e7\u00e3o no campo.<\/p>\n<p>A primeira reportagem mostrou a mudan\u00e7a socioambiental causada pela mecaniza\u00e7\u00e3o. Para ver o 1\u00ba epis\u00f3dio,\u00a0<b><a href=\"https:\/\/www.udop.com.br\/tv\/index.php?nome_flv=24_2835_re&amp;codigo=2881&amp;pg=&amp;id_canal=1&amp;campo_busca=\" target=\"_blank\" rel=\"noopener\">clique aqui<\/a><\/b>. O 2\u00ba destacou o que as empresas e os produtores t\u00eam feito em busca de recuperar a produtividade dos\u00a0<b>canaviais<\/b>. Voc\u00ea pode assistir\u00a0<b><a href=\"https:\/\/www.udop.com.br\/tv\/index.php?nome_flv=24_2839_re&amp;codigo=2885&amp;pg=&amp;id_canal=1&amp;campo_busca=\" target=\"_blank\" rel=\"noopener\">clicando aqui<\/a><\/b>. O 3\u00ba epis\u00f3dio abordou o uso dos drones para monitorar as \u00e1reas de plantio de\u00a0<b>cana<\/b>\u00a0e o desenvolvimento de um novo sistema de plantio pelo CTBE,\u00a0<b><a href=\"https:\/\/www.udop.com.br\/tv\/index.php?nome_flv=24_2840_re&amp;codigo=2886&amp;pg=&amp;id_canal=1&amp;campo_busca=\" target=\"_blank\" rel=\"noopener\">veja aqui<\/a><\/b>. Para ver a \u00faltima reportagem especial da s\u00e9rie,\u00a0<b><a href=\"https:\/\/www.youtube.com\/watch?v=TdA9hOq4yaY\" target=\"_blank\" rel=\"noopener\">clique aqui<\/a><\/b>.<\/p>\n","protected":false},"excerpt":{"rendered":"<p>Udop em 09\/09\/2015 Plantar\u00a0cana\u00a0como se planta um gr\u00e3o, usando uma semente. \u00c9 poss\u00edvel? Vi\u00e1vel? Essas s\u00e3o s\u00f3 algumas perguntas dos produtores at\u00e9 porque o tema \u00e9 novo e chama a&hellip;<\/p>\n","protected":false},"author":17,"featured_media":0,"comment_status":"closed","ping_status":"open","sticky":false,"template":"","format":"standard","meta":{"_acf_changed":false,"_jetpack_newsletter_access":"","_jetpack_dont_email_post_to_subs":false,"_jetpack_newsletter_tier_id":0,"_jetpack_memberships_contains_paywalled_content":false,"_jetpack_memberships_contains_paid_content":false,"footnotes":"","_links_to":"","_links_to_target":""},"categories":[1163,1224],"tags":[],"class_list":["post-12764","post","type-post","status-publish","format-standard","hentry","category-clipping-cnpem","category-clipping-lnbr","category-1163","category-1224","description-off"],"acf":[],"yoast_head":"<!-- This site is optimized with the Yoast SEO plugin v27.5 - https:\/\/yoast.com\/product\/yoast-seo-wordpress\/ -->\n<title>Semente de cana e m\u00e1quinas aut\u00f4nomas s\u00e3o o futuro da mecaniza\u00e7\u00e3o do setor - CNPEM<\/title>\n<meta name=\"robots\" content=\"index, follow, max-snippet:-1, max-image-preview:large, max-video-preview:-1\" \/>\n<link rel=\"canonical\" href=\"https:\/\/cnpem.br\/semente-de-cana-e-maquinas-autonomas-sao-o-futuro-da-mecanizacao-do-setor\/\" \/>\n<meta property=\"og:locale\" content=\"en_US\" \/>\n<meta property=\"og:type\" content=\"article\" \/>\n<meta property=\"og:title\" content=\"Semente de cana e m\u00e1quinas aut\u00f4nomas s\u00e3o o futuro da mecaniza\u00e7\u00e3o do setor - CNPEM\" \/>\n<meta property=\"og:description\" content=\"Udop em 09\/09\/2015 Plantar\u00a0cana\u00a0como se planta um gr\u00e3o, usando uma semente. \u00c9 poss\u00edvel? Vi\u00e1vel? Essas s\u00e3o s\u00f3 algumas perguntas dos produtores at\u00e9 porque o tema \u00e9 novo e chama a&hellip;\" \/>\n<meta property=\"og:url\" content=\"https:\/\/cnpem.br\/semente-de-cana-e-maquinas-autonomas-sao-o-futuro-da-mecanizacao-do-setor\/\" \/>\n<meta property=\"og:site_name\" content=\"CNPEM\" \/>\n<meta property=\"article:published_time\" content=\"2015-09-10T20:33:33+00:00\" \/>\n<meta property=\"article:modified_time\" content=\"2022-11-10T19:03:21+00:00\" \/>\n<meta name=\"author\" content=\"Erik Medina\" \/>\n<meta name=\"twitter:card\" content=\"summary_large_image\" \/>\n<meta name=\"twitter:label1\" content=\"Written by\" \/>\n\t<meta name=\"twitter:data1\" content=\"Erik Medina\" \/>\n\t<meta name=\"twitter:label2\" content=\"Est. reading time\" \/>\n\t<meta name=\"twitter:data2\" content=\"2 minutes\" \/>\n<script type=\"application\/ld+json\" class=\"yoast-schema-graph\">{\"@context\":\"https:\\\/\\\/schema.org\",\"@graph\":[{\"@type\":\"Article\",\"@id\":\"https:\\\/\\\/cnpem.br\\\/semente-de-cana-e-maquinas-autonomas-sao-o-futuro-da-mecanizacao-do-setor\\\/#article\",\"isPartOf\":{\"@id\":\"https:\\\/\\\/cnpem.br\\\/semente-de-cana-e-maquinas-autonomas-sao-o-futuro-da-mecanizacao-do-setor\\\/\"},\"author\":{\"name\":\"Erik Medina\",\"@id\":\"https:\\\/\\\/cnpem.br\\\/#\\\/schema\\\/person\\\/b957a8048be4b70d687484cae6b978ef\"},\"headline\":\"Semente de cana e m\u00e1quinas aut\u00f4nomas s\u00e3o o futuro da mecaniza\u00e7\u00e3o do setor\",\"datePublished\":\"2015-09-10T20:33:33+00:00\",\"dateModified\":\"2022-11-10T19:03:21+00:00\",\"mainEntityOfPage\":{\"@id\":\"https:\\\/\\\/cnpem.br\\\/semente-de-cana-e-maquinas-autonomas-sao-o-futuro-da-mecanizacao-do-setor\\\/\"},\"wordCount\":508,\"articleSection\":[\"CNPEM na M\u00eddia\",\"LNBR na M\u00eddia\"],\"inLanguage\":\"en-US\"},{\"@type\":\"WebPage\",\"@id\":\"https:\\\/\\\/cnpem.br\\\/semente-de-cana-e-maquinas-autonomas-sao-o-futuro-da-mecanizacao-do-setor\\\/\",\"url\":\"https:\\\/\\\/cnpem.br\\\/semente-de-cana-e-maquinas-autonomas-sao-o-futuro-da-mecanizacao-do-setor\\\/\",\"name\":\"Semente de cana e m\u00e1quinas aut\u00f4nomas s\u00e3o o futuro da mecaniza\u00e7\u00e3o do setor - CNPEM\",\"isPartOf\":{\"@id\":\"https:\\\/\\\/cnpem.br\\\/#website\"},\"datePublished\":\"2015-09-10T20:33:33+00:00\",\"dateModified\":\"2022-11-10T19:03:21+00:00\",\"author\":{\"@id\":\"https:\\\/\\\/cnpem.br\\\/#\\\/schema\\\/person\\\/b957a8048be4b70d687484cae6b978ef\"},\"breadcrumb\":{\"@id\":\"https:\\\/\\\/cnpem.br\\\/semente-de-cana-e-maquinas-autonomas-sao-o-futuro-da-mecanizacao-do-setor\\\/#breadcrumb\"},\"inLanguage\":\"en-US\",\"potentialAction\":[{\"@type\":\"ReadAction\",\"target\":[\"https:\\\/\\\/cnpem.br\\\/semente-de-cana-e-maquinas-autonomas-sao-o-futuro-da-mecanizacao-do-setor\\\/\"]}]},{\"@type\":\"BreadcrumbList\",\"@id\":\"https:\\\/\\\/cnpem.br\\\/semente-de-cana-e-maquinas-autonomas-sao-o-futuro-da-mecanizacao-do-setor\\\/#breadcrumb\",\"itemListElement\":[{\"@type\":\"ListItem\",\"position\":1,\"name\":\"In\u00edcio\",\"item\":\"https:\\\/\\\/cnpem.br\\\/en\\\/\"},{\"@type\":\"ListItem\",\"position\":2,\"name\":\"Semente de cana e m\u00e1quinas aut\u00f4nomas s\u00e3o o futuro da mecaniza\u00e7\u00e3o do setor\"}]},{\"@type\":\"WebSite\",\"@id\":\"https:\\\/\\\/cnpem.br\\\/#website\",\"url\":\"https:\\\/\\\/cnpem.br\\\/\",\"name\":\"Centro Nacional de Pesquisa em Energia e Materiais\",\"description\":\"Centro Nacional de Pesquisa em Energia e Materiais\",\"alternateName\":\"CNPEM\",\"potentialAction\":[{\"@type\":\"SearchAction\",\"target\":{\"@type\":\"EntryPoint\",\"urlTemplate\":\"https:\\\/\\\/cnpem.br\\\/?s={search_term_string}\"},\"query-input\":{\"@type\":\"PropertyValueSpecification\",\"valueRequired\":true,\"valueName\":\"search_term_string\"}}],\"inLanguage\":\"en-US\"},{\"@type\":\"Person\",\"@id\":\"https:\\\/\\\/cnpem.br\\\/#\\\/schema\\\/person\\\/b957a8048be4b70d687484cae6b978ef\",\"name\":\"Erik Medina\",\"url\":\"\"}]}<\/script>\n<!-- \/ Yoast SEO plugin. -->","yoast_head_json":{"title":"Semente de cana e m\u00e1quinas aut\u00f4nomas s\u00e3o o futuro da mecaniza\u00e7\u00e3o do setor - CNPEM","robots":{"index":"index","follow":"follow","max-snippet":"max-snippet:-1","max-image-preview":"max-image-preview:large","max-video-preview":"max-video-preview:-1"},"canonical":"https:\/\/cnpem.br\/semente-de-cana-e-maquinas-autonomas-sao-o-futuro-da-mecanizacao-do-setor\/","og_locale":"en_US","og_type":"article","og_title":"Semente de cana e m\u00e1quinas aut\u00f4nomas s\u00e3o o futuro da mecaniza\u00e7\u00e3o do setor - CNPEM","og_description":"Udop em 09\/09\/2015 Plantar\u00a0cana\u00a0como se planta um gr\u00e3o, usando uma semente. \u00c9 poss\u00edvel? Vi\u00e1vel? Essas s\u00e3o s\u00f3 algumas perguntas dos produtores at\u00e9 porque o tema \u00e9 novo e chama a&hellip;","og_url":"https:\/\/cnpem.br\/semente-de-cana-e-maquinas-autonomas-sao-o-futuro-da-mecanizacao-do-setor\/","og_site_name":"CNPEM","article_published_time":"2015-09-10T20:33:33+00:00","article_modified_time":"2022-11-10T19:03:21+00:00","author":"Erik Medina","twitter_card":"summary_large_image","twitter_misc":{"Written by":"Erik Medina","Est. reading time":"2 minutes"},"schema":{"@context":"https:\/\/schema.org","@graph":[{"@type":"Article","@id":"https:\/\/cnpem.br\/semente-de-cana-e-maquinas-autonomas-sao-o-futuro-da-mecanizacao-do-setor\/#article","isPartOf":{"@id":"https:\/\/cnpem.br\/semente-de-cana-e-maquinas-autonomas-sao-o-futuro-da-mecanizacao-do-setor\/"},"author":{"name":"Erik Medina","@id":"https:\/\/cnpem.br\/#\/schema\/person\/b957a8048be4b70d687484cae6b978ef"},"headline":"Semente de cana e m\u00e1quinas aut\u00f4nomas s\u00e3o o futuro da mecaniza\u00e7\u00e3o do setor","datePublished":"2015-09-10T20:33:33+00:00","dateModified":"2022-11-10T19:03:21+00:00","mainEntityOfPage":{"@id":"https:\/\/cnpem.br\/semente-de-cana-e-maquinas-autonomas-sao-o-futuro-da-mecanizacao-do-setor\/"},"wordCount":508,"articleSection":["CNPEM na M\u00eddia","LNBR na M\u00eddia"],"inLanguage":"en-US"},{"@type":"WebPage","@id":"https:\/\/cnpem.br\/semente-de-cana-e-maquinas-autonomas-sao-o-futuro-da-mecanizacao-do-setor\/","url":"https:\/\/cnpem.br\/semente-de-cana-e-maquinas-autonomas-sao-o-futuro-da-mecanizacao-do-setor\/","name":"Semente de cana e m\u00e1quinas aut\u00f4nomas s\u00e3o o futuro da mecaniza\u00e7\u00e3o do setor - CNPEM","isPartOf":{"@id":"https:\/\/cnpem.br\/#website"},"datePublished":"2015-09-10T20:33:33+00:00","dateModified":"2022-11-10T19:03:21+00:00","author":{"@id":"https:\/\/cnpem.br\/#\/schema\/person\/b957a8048be4b70d687484cae6b978ef"},"breadcrumb":{"@id":"https:\/\/cnpem.br\/semente-de-cana-e-maquinas-autonomas-sao-o-futuro-da-mecanizacao-do-setor\/#breadcrumb"},"inLanguage":"en-US","potentialAction":[{"@type":"ReadAction","target":["https:\/\/cnpem.br\/semente-de-cana-e-maquinas-autonomas-sao-o-futuro-da-mecanizacao-do-setor\/"]}]},{"@type":"BreadcrumbList","@id":"https:\/\/cnpem.br\/semente-de-cana-e-maquinas-autonomas-sao-o-futuro-da-mecanizacao-do-setor\/#breadcrumb","itemListElement":[{"@type":"ListItem","position":1,"name":"In\u00edcio","item":"https:\/\/cnpem.br\/en\/"},{"@type":"ListItem","position":2,"name":"Semente de cana e m\u00e1quinas aut\u00f4nomas s\u00e3o o futuro da mecaniza\u00e7\u00e3o do setor"}]},{"@type":"WebSite","@id":"https:\/\/cnpem.br\/#website","url":"https:\/\/cnpem.br\/","name":"Centro Nacional de Pesquisa em Energia e Materiais","description":"Centro Nacional de Pesquisa em Energia e Materiais","alternateName":"CNPEM","potentialAction":[{"@type":"SearchAction","target":{"@type":"EntryPoint","urlTemplate":"https:\/\/cnpem.br\/?s={search_term_string}"},"query-input":{"@type":"PropertyValueSpecification","valueRequired":true,"valueName":"search_term_string"}}],"inLanguage":"en-US"},{"@type":"Person","@id":"https:\/\/cnpem.br\/#\/schema\/person\/b957a8048be4b70d687484cae6b978ef","name":"Erik Medina","url":""}]}},"jetpack_featured_media_url":"","jetpack_sharing_enabled":true,"jetpack_shortlink":"https:\/\/wp.me\/per0Mi-3jS","_links":{"self":[{"href":"https:\/\/cnpem.br\/en\/wp-json\/wp\/v2\/posts\/12764","targetHints":{"allow":["GET"]}}],"collection":[{"href":"https:\/\/cnpem.br\/en\/wp-json\/wp\/v2\/posts"}],"about":[{"href":"https:\/\/cnpem.br\/en\/wp-json\/wp\/v2\/types\/post"}],"author":[{"embeddable":true,"href":"https:\/\/cnpem.br\/en\/wp-json\/wp\/v2\/users\/17"}],"replies":[{"embeddable":true,"href":"https:\/\/cnpem.br\/en\/wp-json\/wp\/v2\/comments?post=12764"}],"version-history":[{"count":0,"href":"https:\/\/cnpem.br\/en\/wp-json\/wp\/v2\/posts\/12764\/revisions"}],"wp:attachment":[{"href":"https:\/\/cnpem.br\/en\/wp-json\/wp\/v2\/media?parent=12764"}],"wp:term":[{"taxonomy":"category","embeddable":true,"href":"https:\/\/cnpem.br\/en\/wp-json\/wp\/v2\/categories?post=12764"},{"taxonomy":"post_tag","embeddable":true,"href":"https:\/\/cnpem.br\/en\/wp-json\/wp\/v2\/tags?post=12764"}],"curies":[{"name":"wp","href":"https:\/\/api.w.org\/{rel}","templated":true}]}}