{"id":12728,"date":"2015-09-03T21:21:01","date_gmt":"2015-09-03T21:21:01","guid":{"rendered":"https:\/\/cnpem.staging.wpengine.com\/?p=12728"},"modified":"2026-03-02T16:06:52","modified_gmt":"2026-03-02T19:06:52","slug":"ministro-destaca-pioneirismo-de-alagoas-no-aproveitamento-da-cana","status":"publish","type":"post","link":"https:\/\/cnpem.br\/en\/ministro-destaca-pioneirismo-de-alagoas-no-aproveitamento-da-cana\/","title":{"rendered":"Ministro destaca pioneirismo de Alagoas no aproveitamento da cana"},"content":{"rendered":"<p><em>MCTI em 27\/08\/2015<\/em><\/p>\n<p>LINK:\u00a0<a href=\"https:\/\/www.mcti.gov.br\/noticia\/-\/asset_publisher\/epbV0pr6eIS0\/content\/ministro-destaca-pioneirismo-de-alagoas-no-aproveitamento-da-cana;jsessionid=B2735246D712E2F9CBB71BE0DEEE8CDB\" target=\"_blank\" rel=\"noopener\">https:\/\/www.mcti.gov.br\/noticia\/-\/asset_publisher\/epbV0pr6eIS0\/content\/ministro-destaca-pioneirismo-de-alagoas-no-aproveitamento-da-cana;jsessionid=B2735246D712E2F9CBB71BE0DEEE8CDB<\/a><\/p>\n<div class=\"noticia-chamada\">Aldo Rebelo conheceu f\u00e1brica e centro de pesquisa da empresa GranBio.<\/div>\n<div class=\"dados-noticias\"><\/div>\n<div class=\"dados-noticias\">\n<p>O ministro da Ci\u00eancia, Tecnologia e Inova\u00e7\u00e3o, Aldo Rebelo, visitou, nesta\u00a0quinta-feira (27), duas unidades da empresa GranBio no interior de Alagoas: a f\u00e1brica de etanol celul\u00f3sico Bioflex , em S\u00e3o Miguel dos Campos, e a Esta\u00e7\u00e3o Experimental do grupo em Barra de S\u00e3o Miguel. A companhia brasileira de biotecnologia industrial cria solu\u00e7\u00f5es para transformar biomassa em produtos renov\u00e1veis, como biocombust\u00edveis e bioqu\u00edmicos.<\/p>\n<p>&#8220;Deve-se registrar que a presen\u00e7a dessa empresa e desse centro de pesquisa aqui n\u00e3o \u00e9 fruto apenas de uma escolha pol\u00edtica ou um empenho do governo e dos empreendedores alagoanos. Isso tudo conta, mas o que mais pesa \u00e9 a tradi\u00e7\u00e3o de Alagoas nessa \u00e1rea&#8221;, declarou Aldo, ao final da visita. &#8220;O Estado conheceu v\u00e1rias transi\u00e7\u00f5es tecnol\u00f3gicas, desde a \u00e9poca em que o primeiro engenho foi instalado na regi\u00e3o at\u00e9 essa planta, que \u00e9 o estado da arte da tecnologia do mundo na \u00e1rea da cana e dos seus derivados.&#8221;<\/p>\n<p>Como exemplo do pioneirismo alagoano, o ministro lembrou que a primeira produ\u00e7\u00e3o comercial de \u00e1lcool combust\u00edvel no Brasil ocorreu na Usina Serra Grande, em S\u00e3o Jos\u00e9 da Laje, em 1927. &#8220;Ent\u00e3o, essa biografia assegura e justifica que Alagoas acolha essa iniciativa e se torne uma refer\u00eancia na produ\u00e7\u00e3o de energia a partir de biomassa. Esse tipo de empreendimento tem todas as condi\u00e7\u00f5es de dar ao Brasil a lideran\u00e7a inconteste na \u00e1rea&#8221;, disse.<\/p>\n<p>Aldo acertou com o secret\u00e1rio de Pol\u00edticas e Programas de Pesquisa e Desenvolvimento do MCTI, Jailson de Andrade, tamb\u00e9m presente, a ideia de realizar um semin\u00e1rio nacional com especialistas em energia de biomassa. &#8220;A\u00a0inten\u00e7\u00e3o \u00e9 discutir sua viabilidade cient\u00edfica, tecnol\u00f3gica, comercial e econ\u00f4mica,\u00a0o que pode gerar de renda, emprego e divisas para o Pa\u00eds, e porque o Brasil tem as aptid\u00f5es e as caracter\u00edsticas para liderar esse movimento&#8221;, adiantou.<\/p>\n<p>Criada em junho de 2011, a GranBio j\u00e1 recebeu R$ 345 milh\u00f5es de cr\u00e9dito e R$ 10 milh\u00f5es de subven\u00e7\u00e3o da Financiadora de Estudos e Projetos (Finep\/MCTI). A companhia mant\u00e9m, ainda, parceria com o Laborat\u00f3rio Nacional de Ci\u00eancia e Tecnologia do Bioetanol (CTBE), em Campinas (SP).<\/p>\n<p><strong>Potencial<\/strong><\/p>\n<p>Na opini\u00e3o do vice-presidente de Opera\u00e7\u00f5es da GranBio, Manoel Carna\u00faba, a trajet\u00f3ria da empresa indica &#8220;uma grande oportunidade para o Brasil neste momento de rearranjo&#8221; fiscal. &#8220;Eu vejo na biotecnologia o potencial agr\u00edcola que esse Pa\u00eds tem e a cultura j\u00e1 desenvolvida na agroind\u00fastria do a\u00e7\u00facar&#8221;, apontou. &#8220;A simbiose desses dois segmentos poder\u00e1 contribuir muito para que a gente mude a hist\u00f3ria nacional, dando um salto decisivo nas quest\u00f5es da agenda clim\u00e1tica, da gera\u00e7\u00e3o de emprego e de uma economia limpa e sustent\u00e1vel.&#8221;<\/p>\n<p>Para o cientista-chefe da empresa, Gon\u00e7alo Pereira, o Brasil tem chance de liderar uma revolu\u00e7\u00e3o, &#8220;talvez pela primeira vez na hist\u00f3ria&#8221; em uma \u00e1rea de tecnologia de ponta. &#8220;Em vez do petr\u00f3leo, o a\u00e7\u00facar; e no lugar de grandes plantas petroqu\u00edmicas, fermenta\u00e7\u00e3o e purifica\u00e7\u00e3o&#8221;, ponderou.<\/p>\n<p>J\u00e1 o vice-presidente de Novos Neg\u00f3cios da GranBio, Alan Hiltner, comentou que nenhuma na\u00e7\u00e3o do mundo conseguiria fazer frente ao Brasil em pre\u00e7o. &#8220;\u00c9 como se a gente fosse uma Ar\u00e1bia Saudita da biomassa. A mat\u00e9ria-prima seca vale US$ 100 por tonelada nos Estados Unidos e a gente \u00e9 capaz de produzir a mesma quantidade por US$ 35. Nosso custo representa um\u00a0ter\u00e7o&#8221;, comparou. &#8220;Ent\u00e3o, este Pa\u00eds tem tudo para sediar a ind\u00fastria de biotecnologia industrial, com uma vantagem competitiva muito grande em rela\u00e7\u00e3o a todos os demais.&#8221;<\/p>\n<p><strong>Impactos<\/strong><\/p>\n<p>A unidade industrial Bioflex 1 \u00e9 a primeira planta em escala comercial de etanol de\u00a0segunda\u00a0gera\u00e7\u00e3o instalada no Brasil, em funcionamento desde setembro de 2014. A produ\u00e7\u00e3o utiliza palha e baga\u00e7o de cana-de-a\u00e7\u00facar, res\u00edduos at\u00e9 ent\u00e3o descartados ou queimados nos canaviais. Segundo Carna\u00faba, a f\u00e1brica pode produzir at\u00e9 82 milh\u00f5es de litros do biocombust\u00edvel por temporada.<\/p>\n<p>O prefeito de S\u00e3o Miguel dos Campos, George Clemente, definiu a chegada da Bioflex 1 como um &#8220;divisor de \u00e1guas&#8221; para o munic\u00edpio, pela gera\u00e7\u00e3o de emprego e renda e pelo trabalho social que a companhia promove na regi\u00e3o. &#8220;J\u00e1 tivemos grandes avan\u00e7os com um plano intersetorial, melhoramos o nosso Ideb [\u00cdndice de Desenvolvimento da Educa\u00e7\u00e3o B\u00e1sica] e cada vez mais estamos aperfei\u00e7oando a qualidade de vida do povo.&#8221;<\/p>\n<p>Na vis\u00e3o do secret\u00e1rio da Ci\u00eancia, da Tecnologia e da Inova\u00e7\u00e3o de Alagoas, Pablo Viana, o sucesso da experi\u00eancia local precisa se converter em uma proposta para o Pa\u00eds como um todo. &#8220;Nosso Estado tem um hist\u00f3rico no setor sucroenerg\u00e9tico, que vem de longas datas, gera\u00e7\u00e3o ap\u00f3s gera\u00e7\u00e3o, e que tem se demonstrado e continua se demonstrando um setor vi\u00e1vel&#8221;, afirmou.<\/p>\n<p>Inaugurada em maio de 2013, a Esta\u00e7\u00e3o Experimental de Barra de S\u00e3o Miguel conta com 60 hectares de \u00e1rea e estuda a cana-energia, variedade desenvolvida a partir do cruzamento gen\u00e9tico de tipos ancestrais e h\u00edbridos comerciais de cana-de-a\u00e7\u00facar, al\u00e9m de outras fontes de biomassa.<\/p>\n<p><strong>Repercuss\u00e3o: <\/strong><a href=\"https:\/\/www.vermelho.org.br\/noticia\/269617-46\" target=\"_blank\" rel=\"noopener\">Portal Vermelho<\/a><\/p>\n<\/div>\n","protected":false},"excerpt":{"rendered":"<p>MCTI em 27\/08\/2015 LINK:\u00a0https:\/\/www.mcti.gov.br\/noticia\/-\/asset_publisher\/epbV0pr6eIS0\/content\/ministro-destaca-pioneirismo-de-alagoas-no-aproveitamento-da-cana;jsessionid=B2735246D712E2F9CBB71BE0DEEE8CDB Aldo Rebelo conheceu f\u00e1brica e centro de pesquisa da empresa GranBio. O ministro da Ci\u00eancia, Tecnologia e Inova\u00e7\u00e3o, Aldo Rebelo, visitou, nesta\u00a0quinta-feira (27), duas unidades da&hellip;<\/p>\n","protected":false},"author":3,"featured_media":0,"comment_status":"closed","ping_status":"open","sticky":false,"template":"","format":"standard","meta":{"_acf_changed":false,"_jetpack_newsletter_access":"","_jetpack_dont_email_post_to_subs":false,"_jetpack_newsletter_tier_id":0,"_jetpack_memberships_contains_paywalled_content":false,"_jetpack_memberships_contains_paid_content":false,"footnotes":"","_links_to":"","_links_to_target":""},"categories":[1163,1224],"tags":[],"class_list":["post-12728","post","type-post","status-publish","format-standard","hentry","category-clipping-cnpem","category-clipping-lnbr","category-1163","category-1224","description-off"],"acf":[],"yoast_head":"<!-- This site is optimized with the Yoast SEO plugin v27.4 - https:\/\/yoast.com\/product\/yoast-seo-wordpress\/ -->\n<title>Ministro destaca pioneirismo de Alagoas no aproveitamento da cana - CNPEM<\/title>\n<meta name=\"robots\" content=\"index, follow, max-snippet:-1, max-image-preview:large, max-video-preview:-1\" \/>\n<link rel=\"canonical\" href=\"https:\/\/cnpem.br\/ministro-destaca-pioneirismo-de-alagoas-no-aproveitamento-da-cana\/\" \/>\n<meta property=\"og:locale\" content=\"en_US\" \/>\n<meta property=\"og:type\" content=\"article\" \/>\n<meta property=\"og:title\" content=\"Ministro destaca pioneirismo de Alagoas no aproveitamento da cana - CNPEM\" \/>\n<meta property=\"og:description\" content=\"MCTI em 27\/08\/2015 LINK:\u00a0https:\/\/www.mcti.gov.br\/noticia\/-\/asset_publisher\/epbV0pr6eIS0\/content\/ministro-destaca-pioneirismo-de-alagoas-no-aproveitamento-da-cana;jsessionid=B2735246D712E2F9CBB71BE0DEEE8CDB Aldo Rebelo conheceu f\u00e1brica e centro de pesquisa da empresa GranBio. O ministro da Ci\u00eancia, Tecnologia e Inova\u00e7\u00e3o, Aldo Rebelo, visitou, nesta\u00a0quinta-feira (27), duas unidades da&hellip;\" \/>\n<meta property=\"og:url\" content=\"https:\/\/cnpem.br\/ministro-destaca-pioneirismo-de-alagoas-no-aproveitamento-da-cana\/\" \/>\n<meta property=\"og:site_name\" content=\"CNPEM\" \/>\n<meta property=\"article:published_time\" content=\"2015-09-03T21:21:01+00:00\" \/>\n<meta property=\"article:modified_time\" content=\"2026-03-02T19:06:52+00:00\" \/>\n<meta name=\"author\" content=\"Gustavo Moreno\" \/>\n<meta name=\"twitter:card\" content=\"summary_large_image\" \/>\n<meta name=\"twitter:label1\" content=\"Written by\" \/>\n\t<meta name=\"twitter:data1\" content=\"Gustavo Moreno\" \/>\n\t<meta name=\"twitter:label2\" content=\"Est. reading time\" \/>\n\t<meta name=\"twitter:data2\" content=\"5 minutes\" \/>\n<script type=\"application\/ld+json\" class=\"yoast-schema-graph\">{\"@context\":\"https:\\\/\\\/schema.org\",\"@graph\":[{\"@type\":\"Article\",\"@id\":\"https:\\\/\\\/cnpem.br\\\/ministro-destaca-pioneirismo-de-alagoas-no-aproveitamento-da-cana\\\/#article\",\"isPartOf\":{\"@id\":\"https:\\\/\\\/cnpem.br\\\/ministro-destaca-pioneirismo-de-alagoas-no-aproveitamento-da-cana\\\/\"},\"author\":{\"name\":\"Gustavo Moreno\",\"@id\":\"https:\\\/\\\/cnpem.br\\\/#\\\/schema\\\/person\\\/142f9b4066e599dd651a3b9600c2c0ca\"},\"headline\":\"Ministro destaca pioneirismo de Alagoas no aproveitamento da cana\",\"datePublished\":\"2015-09-03T21:21:01+00:00\",\"dateModified\":\"2026-03-02T19:06:52+00:00\",\"mainEntityOfPage\":{\"@id\":\"https:\\\/\\\/cnpem.br\\\/ministro-destaca-pioneirismo-de-alagoas-no-aproveitamento-da-cana\\\/\"},\"wordCount\":934,\"articleSection\":[\"CNPEM na M\u00eddia\",\"LNBR na M\u00eddia\"],\"inLanguage\":\"en-US\"},{\"@type\":\"WebPage\",\"@id\":\"https:\\\/\\\/cnpem.br\\\/ministro-destaca-pioneirismo-de-alagoas-no-aproveitamento-da-cana\\\/\",\"url\":\"https:\\\/\\\/cnpem.br\\\/ministro-destaca-pioneirismo-de-alagoas-no-aproveitamento-da-cana\\\/\",\"name\":\"Ministro destaca pioneirismo de Alagoas no aproveitamento da cana - CNPEM\",\"isPartOf\":{\"@id\":\"https:\\\/\\\/cnpem.br\\\/#website\"},\"datePublished\":\"2015-09-03T21:21:01+00:00\",\"dateModified\":\"2026-03-02T19:06:52+00:00\",\"author\":{\"@id\":\"https:\\\/\\\/cnpem.br\\\/#\\\/schema\\\/person\\\/142f9b4066e599dd651a3b9600c2c0ca\"},\"breadcrumb\":{\"@id\":\"https:\\\/\\\/cnpem.br\\\/ministro-destaca-pioneirismo-de-alagoas-no-aproveitamento-da-cana\\\/#breadcrumb\"},\"inLanguage\":\"en-US\",\"potentialAction\":[{\"@type\":\"ReadAction\",\"target\":[\"https:\\\/\\\/cnpem.br\\\/ministro-destaca-pioneirismo-de-alagoas-no-aproveitamento-da-cana\\\/\"]}]},{\"@type\":\"BreadcrumbList\",\"@id\":\"https:\\\/\\\/cnpem.br\\\/ministro-destaca-pioneirismo-de-alagoas-no-aproveitamento-da-cana\\\/#breadcrumb\",\"itemListElement\":[{\"@type\":\"ListItem\",\"position\":1,\"name\":\"In\u00edcio\",\"item\":\"https:\\\/\\\/cnpem.br\\\/en\\\/\"},{\"@type\":\"ListItem\",\"position\":2,\"name\":\"Ministro destaca pioneirismo de Alagoas no aproveitamento da cana\"}]},{\"@type\":\"WebSite\",\"@id\":\"https:\\\/\\\/cnpem.br\\\/#website\",\"url\":\"https:\\\/\\\/cnpem.br\\\/\",\"name\":\"Centro Nacional de Pesquisa em Energia e Materiais\",\"description\":\"Centro Nacional de Pesquisa em Energia e Materiais\",\"alternateName\":\"CNPEM\",\"potentialAction\":[{\"@type\":\"SearchAction\",\"target\":{\"@type\":\"EntryPoint\",\"urlTemplate\":\"https:\\\/\\\/cnpem.br\\\/?s={search_term_string}\"},\"query-input\":{\"@type\":\"PropertyValueSpecification\",\"valueRequired\":true,\"valueName\":\"search_term_string\"}}],\"inLanguage\":\"en-US\"},{\"@type\":\"Person\",\"@id\":\"https:\\\/\\\/cnpem.br\\\/#\\\/schema\\\/person\\\/142f9b4066e599dd651a3b9600c2c0ca\",\"name\":\"Gustavo Moreno\",\"url\":\"\"}]}<\/script>\n<!-- \/ Yoast SEO plugin. -->","yoast_head_json":{"title":"Ministro destaca pioneirismo de Alagoas no aproveitamento da cana - CNPEM","robots":{"index":"index","follow":"follow","max-snippet":"max-snippet:-1","max-image-preview":"max-image-preview:large","max-video-preview":"max-video-preview:-1"},"canonical":"https:\/\/cnpem.br\/ministro-destaca-pioneirismo-de-alagoas-no-aproveitamento-da-cana\/","og_locale":"en_US","og_type":"article","og_title":"Ministro destaca pioneirismo de Alagoas no aproveitamento da cana - CNPEM","og_description":"MCTI em 27\/08\/2015 LINK:\u00a0https:\/\/www.mcti.gov.br\/noticia\/-\/asset_publisher\/epbV0pr6eIS0\/content\/ministro-destaca-pioneirismo-de-alagoas-no-aproveitamento-da-cana;jsessionid=B2735246D712E2F9CBB71BE0DEEE8CDB Aldo Rebelo conheceu f\u00e1brica e centro de pesquisa da empresa GranBio. O ministro da Ci\u00eancia, Tecnologia e Inova\u00e7\u00e3o, Aldo Rebelo, visitou, nesta\u00a0quinta-feira (27), duas unidades da&hellip;","og_url":"https:\/\/cnpem.br\/ministro-destaca-pioneirismo-de-alagoas-no-aproveitamento-da-cana\/","og_site_name":"CNPEM","article_published_time":"2015-09-03T21:21:01+00:00","article_modified_time":"2026-03-02T19:06:52+00:00","author":"Gustavo Moreno","twitter_card":"summary_large_image","twitter_misc":{"Written by":"Gustavo Moreno","Est. reading time":"5 minutes"},"schema":{"@context":"https:\/\/schema.org","@graph":[{"@type":"Article","@id":"https:\/\/cnpem.br\/ministro-destaca-pioneirismo-de-alagoas-no-aproveitamento-da-cana\/#article","isPartOf":{"@id":"https:\/\/cnpem.br\/ministro-destaca-pioneirismo-de-alagoas-no-aproveitamento-da-cana\/"},"author":{"name":"Gustavo Moreno","@id":"https:\/\/cnpem.br\/#\/schema\/person\/142f9b4066e599dd651a3b9600c2c0ca"},"headline":"Ministro destaca pioneirismo de Alagoas no aproveitamento da cana","datePublished":"2015-09-03T21:21:01+00:00","dateModified":"2026-03-02T19:06:52+00:00","mainEntityOfPage":{"@id":"https:\/\/cnpem.br\/ministro-destaca-pioneirismo-de-alagoas-no-aproveitamento-da-cana\/"},"wordCount":934,"articleSection":["CNPEM na M\u00eddia","LNBR na M\u00eddia"],"inLanguage":"en-US"},{"@type":"WebPage","@id":"https:\/\/cnpem.br\/ministro-destaca-pioneirismo-de-alagoas-no-aproveitamento-da-cana\/","url":"https:\/\/cnpem.br\/ministro-destaca-pioneirismo-de-alagoas-no-aproveitamento-da-cana\/","name":"Ministro destaca pioneirismo de Alagoas no aproveitamento da cana - CNPEM","isPartOf":{"@id":"https:\/\/cnpem.br\/#website"},"datePublished":"2015-09-03T21:21:01+00:00","dateModified":"2026-03-02T19:06:52+00:00","author":{"@id":"https:\/\/cnpem.br\/#\/schema\/person\/142f9b4066e599dd651a3b9600c2c0ca"},"breadcrumb":{"@id":"https:\/\/cnpem.br\/ministro-destaca-pioneirismo-de-alagoas-no-aproveitamento-da-cana\/#breadcrumb"},"inLanguage":"en-US","potentialAction":[{"@type":"ReadAction","target":["https:\/\/cnpem.br\/ministro-destaca-pioneirismo-de-alagoas-no-aproveitamento-da-cana\/"]}]},{"@type":"BreadcrumbList","@id":"https:\/\/cnpem.br\/ministro-destaca-pioneirismo-de-alagoas-no-aproveitamento-da-cana\/#breadcrumb","itemListElement":[{"@type":"ListItem","position":1,"name":"In\u00edcio","item":"https:\/\/cnpem.br\/en\/"},{"@type":"ListItem","position":2,"name":"Ministro destaca pioneirismo de Alagoas no aproveitamento da cana"}]},{"@type":"WebSite","@id":"https:\/\/cnpem.br\/#website","url":"https:\/\/cnpem.br\/","name":"Centro Nacional de Pesquisa em Energia e Materiais","description":"Centro Nacional de Pesquisa em Energia e Materiais","alternateName":"CNPEM","potentialAction":[{"@type":"SearchAction","target":{"@type":"EntryPoint","urlTemplate":"https:\/\/cnpem.br\/?s={search_term_string}"},"query-input":{"@type":"PropertyValueSpecification","valueRequired":true,"valueName":"search_term_string"}}],"inLanguage":"en-US"},{"@type":"Person","@id":"https:\/\/cnpem.br\/#\/schema\/person\/142f9b4066e599dd651a3b9600c2c0ca","name":"Gustavo Moreno","url":""}]}},"jetpack_featured_media_url":"","jetpack_sharing_enabled":true,"jetpack_shortlink":"https:\/\/wp.me\/per0Mi-3ji","_links":{"self":[{"href":"https:\/\/cnpem.br\/en\/wp-json\/wp\/v2\/posts\/12728","targetHints":{"allow":["GET"]}}],"collection":[{"href":"https:\/\/cnpem.br\/en\/wp-json\/wp\/v2\/posts"}],"about":[{"href":"https:\/\/cnpem.br\/en\/wp-json\/wp\/v2\/types\/post"}],"author":[{"embeddable":true,"href":"https:\/\/cnpem.br\/en\/wp-json\/wp\/v2\/users\/3"}],"replies":[{"embeddable":true,"href":"https:\/\/cnpem.br\/en\/wp-json\/wp\/v2\/comments?post=12728"}],"version-history":[{"count":0,"href":"https:\/\/cnpem.br\/en\/wp-json\/wp\/v2\/posts\/12728\/revisions"}],"wp:attachment":[{"href":"https:\/\/cnpem.br\/en\/wp-json\/wp\/v2\/media?parent=12728"}],"wp:term":[{"taxonomy":"category","embeddable":true,"href":"https:\/\/cnpem.br\/en\/wp-json\/wp\/v2\/categories?post=12728"},{"taxonomy":"post_tag","embeddable":true,"href":"https:\/\/cnpem.br\/en\/wp-json\/wp\/v2\/tags?post=12728"}],"curies":[{"name":"wp","href":"https:\/\/api.w.org\/{rel}","templated":true}]}}