{"id":12159,"date":"2015-06-24T17:34:07","date_gmt":"2015-06-24T17:34:07","guid":{"rendered":"https:\/\/cnpem.staging.wpengine.com\/?p=12159"},"modified":"2022-01-21T16:53:37","modified_gmt":"2022-01-21T19:53:37","slug":"mercosul-aprova-projetos-e-agrega-nova-categoria-a-premio-anual","status":"publish","type":"post","link":"https:\/\/cnpem.br\/en\/mercosul-aprova-projetos-e-agrega-nova-categoria-a-premio-anual\/","title":{"rendered":"Mercosul aprova projetos e agrega nova categoria a pr\u00eamio anual"},"content":{"rendered":"<p><a href=\"https:\/\/www.mcti.gov.br\/home?p_p_auth=1lh1hFBj&amp;p_p_id=101&amp;p_p_lifecycle=0&amp;p_p_state=maximized&amp;p_p_mode=view&amp;_101_struts_action=%2Fasset_publisher%2Fview_content&amp;_101_assetEntryId=638479&amp;_101_type=content&amp;_101_urlTitle=mercosul-aprova-projetos-e-agrega-nova-categoria-a-premio-anual&amp;redirect=http%3A%2F%2Fwww.mcti.gov.br%2Fnoticias%3Fp_p_id%3D3%26p_p_lifecycle%3D0%26p_p_state%3Dmaximized%26p_p_mode%3Dview%26_3_entryClassName%3D%26_3_assetCategoryTitles%3D%26_3_modifiedto%3D%26_3_groupId%3D0%26_3_modifiedselection%3D3%26_3_keywords%3DLNBio%26_3_documentsSearchContainerPrimaryKeys%3D15_PORTLET_10179_FIELD_142711%252C15_PORTLET_10179_FIELD_592902%252C15_PORTLET_10179_FIELD_116625%252C15_PORTLET_10179_FIELD_361351%252C15_PORTLET_10179_FIELD_443557%252C15_PORTLET_10179_FIELD_29528%252C15_PORTLET_10179_FIELD_585853%252C15_PORTLET_10179_FIELD_574544%252C15_PORTLET_10179_FIELD_568536%252C15_PORTLET_10179_FIELD_221946%252C15_PORTLET_10179_FIELD_17227%252C15_PORTLET_10179_FIELD_146252%252C15_PORTLET_10179_FIELD_627489%252C15_PORTLET_10179_FIELD_212930%252C15_PORTLET_10179_FIELD_457404%252C15_PORTLET_10179_FIELD_645161%252C15_PORTLET_10179_FIELD_29469%252C15_PORTLET_10179_FIELD_32953%252C15_PORTLET_10179_FIELD_163406%252C15_PORTLET_10179_FIELD_633043%26_3_cur%3D1%26_3_struts_action%3D%252Fsearch%252Fsearch%26_3_format%3D%26_3_assetTagNames%3D%26_3_modifiedfrom%3D%26_3_formDate%3D1435150898378%26_3_modified%3D%255B20150617100000%2BTO%2B20150624110000%255D\" target=\"_blank\" rel=\"noopener\">MCTI<\/a> em 19\/06\/2015<\/p>\n<p>&nbsp;<\/p>\n<p><em>Tecnologias da Informa\u00e7\u00e3o e Comunica\u00e7\u00e3o Biotecnologia Aeroespacial Biodiversidade Populariza\u00e7\u00e3o da C,T&amp;I e Melhoria do Ensino das Ci\u00eancias<\/em><\/p>\n<p>&nbsp;<\/p>\n<p>A 52\u00aa Reuni\u00e3o Especializada em Ci\u00eancia e Tecnologia do Mercosul (RECyT) aprovou, nesta sexta-feira (19), a proposta brasileira para uma Plataforma Regional de M\u00e9todos Alternativos ao Uso de Animais de Experimenta\u00e7\u00e3o e o acr\u00e9scimo de uma nova categoria no Pr\u00eamio Mercosul. O secret\u00e1rio de Desenvolvimento Tecnol\u00f3gico e Inova\u00e7\u00e3o do Minist\u00e9rio da Ci\u00eancia, Tecnologia e Inova\u00e7\u00e3o (MCTI), Armando Milioni, coordenou o encontro, no Conselho Nacional de Desenvolvimento Cient\u00edfico e Tecnol\u00f3gico (CNPq\/MCTI).<\/p>\n<p>Argentinos, brasileiros, paraguaios e venezuelanos decidiram atualizar o regulamento do Pr\u00eamio Mercosul de Ci\u00eancia e Tecnologia, j\u00e1 que os crit\u00e9rios de julgamento eram os mesmos desde 2003. A mudan\u00e7a mais significativa foi a inclus\u00e3o de uma categoria que permita a participa\u00e7\u00e3o de pesquisadores com mais de 35 anos, individualmente.<\/p>\n<p>&#8220;Como a categoria Jovem Pesquisador se destina a graduados de at\u00e9 35 anos, n\u00f3s temos um grande n\u00famero de candidatos nos\u00a0dez pa\u00edses membros e associados que ficam de fora do pr\u00eamio&#8221;, explicou a coordenadora de Gest\u00e3o Tecnol\u00f3gica do MCTI, Eliana Emediato. &#8220;Chegamos ao consenso de que uma nova categoria precisa ser criada, ainda sem nome definido, para pessoas a partir de 36 anos, com o mesmo valor de premia\u00e7\u00e3o de Jovem Pesquisador.&#8221;<\/p>\n<p>A pr\u00f3xima edi\u00e7\u00e3o do pr\u00eamio deve ser entregue no Uruguai, que provavelmente ocupar\u00e1 a presid\u00eancia pro-tempore do Mercosul no primeiro semestre de 2016. Emediato refor\u00e7ou que o tema, &#8220;Empreendedorismo e inova\u00e7\u00e3o&#8221;, foi aprovado na 51\u00aa RECyT, em novembro de 2014, em Buenos Aires. &#8220;Agora, vamos detalhar as linhas de pesquisa e estabelecer um cronograma de atividades.&#8221;<\/p>\n<p><a href=\"https:\/\/www.mcti.gov.br\/AppData\/Local\/Temp\/a\">Entregue na \u00faltima quarta-feira (17)<\/a>, a edi\u00e7\u00e3o 2014 teve poucos candidatos dos pa\u00edses associados ao Mercosul \u2013 Bol\u00edvia, Chile, Col\u00f4mbia, Equador e Peru \u2013, conforme apontou Emediato. A coordenadora-geral de Coopera\u00e7\u00e3o Internacional do MCTI, B\u00e1rbara Sant&#8217;Anna, disp\u00f4s-se a apoiar a divulga\u00e7\u00e3o do pr\u00eamio em redes de pesquisa da Uni\u00e3o de Na\u00e7\u00f5es Sul-Americanas (Unasul) e da Comunidade de Estados Latino-Americanos e Caribenhos (Celac).<\/p>\n<p>De acordo com Emediato, as atividades de populariza\u00e7\u00e3o da ci\u00eancia associadas ao bloco econ\u00f4mico podem ganhar contribui\u00e7\u00f5es de um festival de cinev\u00eddeo, proposto pela diretora de Rela\u00e7\u00f5es Internacionais do Minist\u00e9rio da Ci\u00eancia, Tecnologia e Inova\u00e7\u00e3o Produtiva (Mincyt), Florencia Paoloni, e um concurso de desenhos para alunos de ensino m\u00e9dio, por sugest\u00e3o da Secret\u00e1ria de Ci\u00eancia e Tecnologia pra Inclus\u00e3o Social do MCTI (Secis).<\/p>\n<p><strong>Frentes de coopera\u00e7\u00e3o<\/strong><\/p>\n<p>A RECyT aprovou a proposta brasileira de cria\u00e7\u00e3o da Plataforma Regional de M\u00e9todos Alternativos ao Uso de Animais de Experimenta\u00e7\u00e3o (PReMASul), apresentada em <a href=\"https:\/\/www.mcti.gov.br\/noticias\/-\/asset_publisher\/IqV53KMvD5rY\/content\/mercosul-apresenta-projetos-de-pesquisa-em-busca-de-financiamento\">workshop com ag\u00eancias de fomento, na quarta (17)<\/a>, tamb\u00e9m no CNPq. Inspirada na Rede Nacional de M\u00e9todos Alternativos (Renama), a iniciativa tem objetivo de capacitar profissionais, promover pesquisa e desenvolvimento em valida\u00e7\u00e3o de novos m\u00e9todos e criar compet\u00eancia laboratorial no Mercosul, a fim de prestar servi\u00e7os ao setor industrial.<\/p>\n<p>A analista V\u00e2nia Gomes, da Coordena\u00e7\u00e3o-Geral de Biotecnologia e Sa\u00fade do MCTI, informou que o Brasil se comprometeu a dar o &#8220;pontap\u00e9 inicial&#8221; do projeto, com R$ 300 mil, a serem investidos em cursos no Laborat\u00f3rio Nacional de Bioci\u00eancias (LNBio) e nos institutos nacionais de Controle de Qualidade em Sa\u00fade da Funda\u00e7\u00e3o Oswaldo Cruz (INCQS\/Fiocruz) e de Metrologia, Qualidade e Tecnologia (Inmetro), laborat\u00f3rios centrais da Renama.<\/p>\n<p>Segundo V\u00e2nia, &#8220;a proposta consiste em expandir a experi\u00eancia brasileira nessa \u00e1rea para todo o Mercosul&#8221;. O passo seguinte seria captar recursos destinados \u00e0 fase complementar do projeto, de 2017 a 2020, quando se buscaria incrementar a infraestrutura laboratorial dos pa\u00edses e fortalecer a cultura de m\u00e9todos alternativos ao uso de animais em ensino e pesquisa.<\/p>\n<p>V\u00e2nia relatou que na quinta (18), a Comiss\u00e3o Plataforma BiotecSul (CPB) discutiu a proposta argentina para a Plataforma Regional de Engenharia de Prote\u00ednas, aprovada por Brasil, Paraguai e Uruguai antes de a Venezuela aderir ao bloco. A CPB deu ao pa\u00eds um prazo de 60 dias para se manifestar acerca da participa\u00e7\u00e3o no projeto e poss\u00edveis meios de financiamento.<\/p>\n<p><strong>Sociedade da informa\u00e7\u00e3o<\/strong><\/p>\n<p>O chefe da Divis\u00e3o de Inova\u00e7\u00e3o em Software e Servi\u00e7os de Tecnologia da Informa\u00e7\u00e3o do MCTI, Jos\u00e9 Henrique Dieguez, exp\u00f4s discuss\u00f5es multilaterais sobre a Plataforma Regional de Mecatr\u00f4nica, outra proposta argentina, com a finalidade de diminuir a depend\u00eancia tecnol\u00f3gica da ind\u00fastria e dinamizar o desenvolvimento inovador do Mercosul, sob coordena\u00e7\u00e3o do Mincyt.<\/p>\n<p>Dieguez comentou que a iniciativa avan\u00e7ou desde a 51\u00aa RECyT, com mais detalhes t\u00e9cnicos e financeiros. &#8220;Os pa\u00edses foram un\u00e2nimes em defender seu interesse pelo projeto, por conta da necessidade de aumentar competividade&#8221;, contou. &#8220;E o Brasil foi enf\u00e1tico em afirmar que o projeto tem um alinhamento muito forte com uma pol\u00edtica industrial que est\u00e1 sendo constru\u00edda no \u00e2mbito do Minist\u00e9rio, relativa \u00e0 automa\u00e7\u00e3o industrial; a ideia seria convergir essas duas a\u00e7\u00f5es e chegar a um projeto mais maduro na pr\u00f3xima reuni\u00e3o, no Paraguai.&#8221;<\/p>\n<p>Ele ainda descreveu uma proposta do Instituto Nacional de Pesquisas Espaciais (Inpe\/MCTI) de ofertar sistemas gratuitos e acesso a imagens de sat\u00e9lites, em busca de identificar desmatamento. A unidade da pasta se disp\u00f4s a capacitar pessoas do Mercosul para utilizar software e transferir conhecimento relacionado a projetos de geoprocessamento para monitorar o meio ambiente.<\/p>\n","protected":false},"excerpt":{"rendered":"<p>MCTI em 19\/06\/2015 &nbsp; Tecnologias da Informa\u00e7\u00e3o e Comunica\u00e7\u00e3o Biotecnologia Aeroespacial Biodiversidade Populariza\u00e7\u00e3o da C,T&amp;I e Melhoria do Ensino das Ci\u00eancias &nbsp; A 52\u00aa Reuni\u00e3o Especializada em Ci\u00eancia e Tecnologia&hellip;<\/p>\n","protected":false},"author":17,"featured_media":0,"comment_status":"closed","ping_status":"open","sticky":false,"template":"","format":"standard","meta":{"_acf_changed":false,"_jetpack_newsletter_access":"","_jetpack_dont_email_post_to_subs":false,"_jetpack_newsletter_tier_id":0,"_jetpack_memberships_contains_paywalled_content":false,"_jetpack_memberships_contains_paid_content":false,"footnotes":"","_links_to":"","_links_to_target":""},"categories":[1163,179],"tags":[],"class_list":["post-12159","post","type-post","status-publish","format-standard","hentry","category-clipping-cnpem","category-clipping-lnbio","category-1163","category-179","description-off"],"acf":[],"yoast_head":"<!-- This site is optimized with the Yoast SEO plugin v27.4 - https:\/\/yoast.com\/product\/yoast-seo-wordpress\/ -->\n<title>Mercosul aprova projetos e agrega nova categoria a pr\u00eamio anual - CNPEM<\/title>\n<meta name=\"robots\" content=\"index, follow, max-snippet:-1, max-image-preview:large, max-video-preview:-1\" \/>\n<link rel=\"canonical\" href=\"https:\/\/cnpem.br\/mercosul-aprova-projetos-e-agrega-nova-categoria-a-premio-anual\/\" \/>\n<meta property=\"og:locale\" content=\"en_US\" \/>\n<meta property=\"og:type\" content=\"article\" \/>\n<meta property=\"og:title\" content=\"Mercosul aprova projetos e agrega nova categoria a pr\u00eamio anual - CNPEM\" \/>\n<meta property=\"og:description\" content=\"MCTI em 19\/06\/2015 &nbsp; Tecnologias da Informa\u00e7\u00e3o e Comunica\u00e7\u00e3o Biotecnologia Aeroespacial Biodiversidade Populariza\u00e7\u00e3o da C,T&amp;I e Melhoria do Ensino das Ci\u00eancias &nbsp; A 52\u00aa Reuni\u00e3o Especializada em Ci\u00eancia e Tecnologia&hellip;\" \/>\n<meta property=\"og:url\" content=\"https:\/\/cnpem.br\/mercosul-aprova-projetos-e-agrega-nova-categoria-a-premio-anual\/\" \/>\n<meta property=\"og:site_name\" content=\"CNPEM\" \/>\n<meta property=\"article:published_time\" content=\"2015-06-24T17:34:07+00:00\" \/>\n<meta property=\"article:modified_time\" content=\"2022-01-21T19:53:37+00:00\" \/>\n<meta name=\"author\" content=\"Erik Medina\" \/>\n<meta name=\"twitter:card\" content=\"summary_large_image\" \/>\n<meta name=\"twitter:label1\" content=\"Written by\" \/>\n\t<meta name=\"twitter:data1\" content=\"Erik Medina\" \/>\n\t<meta name=\"twitter:label2\" content=\"Est. reading time\" \/>\n\t<meta name=\"twitter:data2\" content=\"5 minutes\" \/>\n<script type=\"application\/ld+json\" class=\"yoast-schema-graph\">{\"@context\":\"https:\\\/\\\/schema.org\",\"@graph\":[{\"@type\":\"Article\",\"@id\":\"https:\\\/\\\/cnpem.br\\\/mercosul-aprova-projetos-e-agrega-nova-categoria-a-premio-anual\\\/#article\",\"isPartOf\":{\"@id\":\"https:\\\/\\\/cnpem.br\\\/mercosul-aprova-projetos-e-agrega-nova-categoria-a-premio-anual\\\/\"},\"author\":{\"name\":\"Erik Medina\",\"@id\":\"https:\\\/\\\/cnpem.br\\\/#\\\/schema\\\/person\\\/b957a8048be4b70d687484cae6b978ef\"},\"headline\":\"Mercosul aprova projetos e agrega nova categoria a pr\u00eamio anual\",\"datePublished\":\"2015-06-24T17:34:07+00:00\",\"dateModified\":\"2022-01-21T19:53:37+00:00\",\"mainEntityOfPage\":{\"@id\":\"https:\\\/\\\/cnpem.br\\\/mercosul-aprova-projetos-e-agrega-nova-categoria-a-premio-anual\\\/\"},\"wordCount\":956,\"articleSection\":[\"CNPEM na M\u00eddia\",\"LNBio na M\u00eddia\"],\"inLanguage\":\"en-US\"},{\"@type\":\"WebPage\",\"@id\":\"https:\\\/\\\/cnpem.br\\\/mercosul-aprova-projetos-e-agrega-nova-categoria-a-premio-anual\\\/\",\"url\":\"https:\\\/\\\/cnpem.br\\\/mercosul-aprova-projetos-e-agrega-nova-categoria-a-premio-anual\\\/\",\"name\":\"Mercosul aprova projetos e agrega nova categoria a pr\u00eamio anual - CNPEM\",\"isPartOf\":{\"@id\":\"https:\\\/\\\/cnpem.br\\\/#website\"},\"datePublished\":\"2015-06-24T17:34:07+00:00\",\"dateModified\":\"2022-01-21T19:53:37+00:00\",\"author\":{\"@id\":\"https:\\\/\\\/cnpem.br\\\/#\\\/schema\\\/person\\\/b957a8048be4b70d687484cae6b978ef\"},\"breadcrumb\":{\"@id\":\"https:\\\/\\\/cnpem.br\\\/mercosul-aprova-projetos-e-agrega-nova-categoria-a-premio-anual\\\/#breadcrumb\"},\"inLanguage\":\"en-US\",\"potentialAction\":[{\"@type\":\"ReadAction\",\"target\":[\"https:\\\/\\\/cnpem.br\\\/mercosul-aprova-projetos-e-agrega-nova-categoria-a-premio-anual\\\/\"]}]},{\"@type\":\"BreadcrumbList\",\"@id\":\"https:\\\/\\\/cnpem.br\\\/mercosul-aprova-projetos-e-agrega-nova-categoria-a-premio-anual\\\/#breadcrumb\",\"itemListElement\":[{\"@type\":\"ListItem\",\"position\":1,\"name\":\"In\u00edcio\",\"item\":\"https:\\\/\\\/cnpem.br\\\/en\\\/\"},{\"@type\":\"ListItem\",\"position\":2,\"name\":\"Mercosul aprova projetos e agrega nova categoria a pr\u00eamio anual\"}]},{\"@type\":\"WebSite\",\"@id\":\"https:\\\/\\\/cnpem.br\\\/#website\",\"url\":\"https:\\\/\\\/cnpem.br\\\/\",\"name\":\"Centro Nacional de Pesquisa em Energia e Materiais\",\"description\":\"Centro Nacional de Pesquisa em Energia e Materiais\",\"alternateName\":\"CNPEM\",\"potentialAction\":[{\"@type\":\"SearchAction\",\"target\":{\"@type\":\"EntryPoint\",\"urlTemplate\":\"https:\\\/\\\/cnpem.br\\\/?s={search_term_string}\"},\"query-input\":{\"@type\":\"PropertyValueSpecification\",\"valueRequired\":true,\"valueName\":\"search_term_string\"}}],\"inLanguage\":\"en-US\"},{\"@type\":\"Person\",\"@id\":\"https:\\\/\\\/cnpem.br\\\/#\\\/schema\\\/person\\\/b957a8048be4b70d687484cae6b978ef\",\"name\":\"Erik Medina\",\"url\":\"\"}]}<\/script>\n<!-- \/ Yoast SEO plugin. -->","yoast_head_json":{"title":"Mercosul aprova projetos e agrega nova categoria a pr\u00eamio anual - CNPEM","robots":{"index":"index","follow":"follow","max-snippet":"max-snippet:-1","max-image-preview":"max-image-preview:large","max-video-preview":"max-video-preview:-1"},"canonical":"https:\/\/cnpem.br\/mercosul-aprova-projetos-e-agrega-nova-categoria-a-premio-anual\/","og_locale":"en_US","og_type":"article","og_title":"Mercosul aprova projetos e agrega nova categoria a pr\u00eamio anual - CNPEM","og_description":"MCTI em 19\/06\/2015 &nbsp; Tecnologias da Informa\u00e7\u00e3o e Comunica\u00e7\u00e3o Biotecnologia Aeroespacial Biodiversidade Populariza\u00e7\u00e3o da C,T&amp;I e Melhoria do Ensino das Ci\u00eancias &nbsp; A 52\u00aa Reuni\u00e3o Especializada em Ci\u00eancia e Tecnologia&hellip;","og_url":"https:\/\/cnpem.br\/mercosul-aprova-projetos-e-agrega-nova-categoria-a-premio-anual\/","og_site_name":"CNPEM","article_published_time":"2015-06-24T17:34:07+00:00","article_modified_time":"2022-01-21T19:53:37+00:00","author":"Erik Medina","twitter_card":"summary_large_image","twitter_misc":{"Written by":"Erik Medina","Est. reading time":"5 minutes"},"schema":{"@context":"https:\/\/schema.org","@graph":[{"@type":"Article","@id":"https:\/\/cnpem.br\/mercosul-aprova-projetos-e-agrega-nova-categoria-a-premio-anual\/#article","isPartOf":{"@id":"https:\/\/cnpem.br\/mercosul-aprova-projetos-e-agrega-nova-categoria-a-premio-anual\/"},"author":{"name":"Erik Medina","@id":"https:\/\/cnpem.br\/#\/schema\/person\/b957a8048be4b70d687484cae6b978ef"},"headline":"Mercosul aprova projetos e agrega nova categoria a pr\u00eamio anual","datePublished":"2015-06-24T17:34:07+00:00","dateModified":"2022-01-21T19:53:37+00:00","mainEntityOfPage":{"@id":"https:\/\/cnpem.br\/mercosul-aprova-projetos-e-agrega-nova-categoria-a-premio-anual\/"},"wordCount":956,"articleSection":["CNPEM na M\u00eddia","LNBio na M\u00eddia"],"inLanguage":"en-US"},{"@type":"WebPage","@id":"https:\/\/cnpem.br\/mercosul-aprova-projetos-e-agrega-nova-categoria-a-premio-anual\/","url":"https:\/\/cnpem.br\/mercosul-aprova-projetos-e-agrega-nova-categoria-a-premio-anual\/","name":"Mercosul aprova projetos e agrega nova categoria a pr\u00eamio anual - CNPEM","isPartOf":{"@id":"https:\/\/cnpem.br\/#website"},"datePublished":"2015-06-24T17:34:07+00:00","dateModified":"2022-01-21T19:53:37+00:00","author":{"@id":"https:\/\/cnpem.br\/#\/schema\/person\/b957a8048be4b70d687484cae6b978ef"},"breadcrumb":{"@id":"https:\/\/cnpem.br\/mercosul-aprova-projetos-e-agrega-nova-categoria-a-premio-anual\/#breadcrumb"},"inLanguage":"en-US","potentialAction":[{"@type":"ReadAction","target":["https:\/\/cnpem.br\/mercosul-aprova-projetos-e-agrega-nova-categoria-a-premio-anual\/"]}]},{"@type":"BreadcrumbList","@id":"https:\/\/cnpem.br\/mercosul-aprova-projetos-e-agrega-nova-categoria-a-premio-anual\/#breadcrumb","itemListElement":[{"@type":"ListItem","position":1,"name":"In\u00edcio","item":"https:\/\/cnpem.br\/en\/"},{"@type":"ListItem","position":2,"name":"Mercosul aprova projetos e agrega nova categoria a pr\u00eamio anual"}]},{"@type":"WebSite","@id":"https:\/\/cnpem.br\/#website","url":"https:\/\/cnpem.br\/","name":"Centro Nacional de Pesquisa em Energia e Materiais","description":"Centro Nacional de Pesquisa em Energia e Materiais","alternateName":"CNPEM","potentialAction":[{"@type":"SearchAction","target":{"@type":"EntryPoint","urlTemplate":"https:\/\/cnpem.br\/?s={search_term_string}"},"query-input":{"@type":"PropertyValueSpecification","valueRequired":true,"valueName":"search_term_string"}}],"inLanguage":"en-US"},{"@type":"Person","@id":"https:\/\/cnpem.br\/#\/schema\/person\/b957a8048be4b70d687484cae6b978ef","name":"Erik Medina","url":""}]}},"jetpack_featured_media_url":"","jetpack_sharing_enabled":true,"jetpack_shortlink":"https:\/\/wp.me\/per0Mi-3a7","_links":{"self":[{"href":"https:\/\/cnpem.br\/en\/wp-json\/wp\/v2\/posts\/12159","targetHints":{"allow":["GET"]}}],"collection":[{"href":"https:\/\/cnpem.br\/en\/wp-json\/wp\/v2\/posts"}],"about":[{"href":"https:\/\/cnpem.br\/en\/wp-json\/wp\/v2\/types\/post"}],"author":[{"embeddable":true,"href":"https:\/\/cnpem.br\/en\/wp-json\/wp\/v2\/users\/17"}],"replies":[{"embeddable":true,"href":"https:\/\/cnpem.br\/en\/wp-json\/wp\/v2\/comments?post=12159"}],"version-history":[{"count":0,"href":"https:\/\/cnpem.br\/en\/wp-json\/wp\/v2\/posts\/12159\/revisions"}],"wp:attachment":[{"href":"https:\/\/cnpem.br\/en\/wp-json\/wp\/v2\/media?parent=12159"}],"wp:term":[{"taxonomy":"category","embeddable":true,"href":"https:\/\/cnpem.br\/en\/wp-json\/wp\/v2\/categories?post=12159"},{"taxonomy":"post_tag","embeddable":true,"href":"https:\/\/cnpem.br\/en\/wp-json\/wp\/v2\/tags?post=12159"}],"curies":[{"name":"wp","href":"https:\/\/api.w.org\/{rel}","templated":true}]}}