{"id":11790,"date":"2015-04-29T13:55:53","date_gmt":"2015-04-29T13:55:53","guid":{"rendered":"https:\/\/cnpem.staging.wpengine.com\/?p=11790"},"modified":"2022-01-21T16:57:11","modified_gmt":"2022-01-21T19:57:11","slug":"sintpq-discute-politicas-para-o-cnpem-com-novo-diretor","status":"publish","type":"post","link":"https:\/\/cnpem.br\/en\/sintpq-discute-politicas-para-o-cnpem-com-novo-diretor\/","title":{"rendered":"SINTPq discute pol\u00edticas para o CNPEM com novo diretor"},"content":{"rendered":"<p><a href=\"https:\/\/sintpq.org.br\/index.php\/noticias\/item\/3958-sintpq-discute-solucoes-para-o-cnpem-com-novo-diretor\" target=\"_blank\" rel=\"noopener\">SINTPq<\/a>, em 24\/04\/2015<\/p>\n<div class=\"itemFullText\">\n<p><a href=\"https:\/\/i0.wp.com\/cnpem.staging.wpengine.com\/wp-content\/uploads\/2015\/04\/Sintpq_Clipping.jpg?ssl=1\"><img data-recalc-dims=\"1\" loading=\"lazy\" decoding=\"async\" class=\" wp-image-11791 size-full aligncenter\" src=\"https:\/\/i0.wp.com\/cnpem.staging.wpengine.com\/wp-content\/uploads\/2015\/04\/Sintpq_Clipping.jpg?resize=648%2C365&#038;ssl=1\" alt=\"Sintpq_Clipping\" width=\"648\" height=\"365\" srcset=\"https:\/\/i0.wp.com\/cnpem.br\/wp-content\/uploads\/2015\/04\/Sintpq_Clipping.jpg?w=648&amp;ssl=1 648w, https:\/\/i0.wp.com\/cnpem.br\/wp-content\/uploads\/2015\/04\/Sintpq_Clipping.jpg?resize=600%2C338&amp;ssl=1 600w, https:\/\/i0.wp.com\/cnpem.br\/wp-content\/uploads\/2015\/04\/Sintpq_Clipping.jpg?resize=300%2C169&amp;ssl=1 300w\" sizes=\"auto, (max-width: 648px) 100vw, 648px\" \/><\/a><\/p>\n<p>O SINTPq se reuniu nesta \u00faltima quinta-feira, dia 23, com o novo diretor geral do CNPEM, Carlos Am\u00e9rico Pacheco, para discuss\u00e3o dos desafios da institui\u00e7\u00e3o e entraves nas rela\u00e7\u00f5es de trabalho.<\/p>\n<p>O sindicato defendeu o controle p\u00fablico social para empresas que recebem recursos p\u00fablicos, destacando a necessidade do representante dos trabalhadores do CNPEM no Conselho ser eleito por seus pares. Atualmente, o representante dos empregados \u00e9 designado pelo pr\u00f3prio Conselho que alterou seu estatuto para impedir a elei\u00e7\u00e3o.<\/p>\n<p>No encontro, o novo diretor afirmou que o Sirius mudar\u00e1 a escala do CNPEM, tornando-se uma das principais institui\u00e7\u00f5es do pa\u00eds em C&amp;T, ao lado do INPE.<\/p>\n<p><strong>Funcion\u00e1rios<\/strong><\/p>\n<p>O sindicato reafirmou sua posi\u00e7\u00e3o em n\u00e3o haver perdas salariais, que levam a desmotiva\u00e7\u00e3o e sa\u00edda de funcion\u00e1rios. Pacheco tamb\u00e9m manifestou preocupa\u00e7\u00e3o com essa situa\u00e7\u00e3o e garantiu que ao longo de sua gest\u00e3o ir\u00e1 priorizar a competitividade do Centro. \u201cNosso interesse \u00e9 manter a competitividade do CNPEM no mercado e competitividade se faz com gente boa. A gente tem que ter as melhores pessoas aqui dentro\u201d, afirmou.<\/p>\n<p>Sobre a conjuntura econ\u00f4mica, o diretor afirmou que o Governo Federal ainda n\u00e3o publicou o decreto de resolu\u00e7\u00e3o or\u00e7ament\u00e1ria e que o Centro vem trabalhando com recursos menores do que os previstos para o in\u00edcio de 2015.<\/p>\n<p><strong>Comiss\u00f5es<\/strong><\/p>\n<p>Ao longo deste ano o CNPEM dever\u00e1 receber visitas das comiss\u00f5es de ci\u00eancia e tecnologia da C\u00e2mara e do Senado. Segundo Pacheco, o objetivo \u00e9 aproximar o legislativo o trabalho realizado pelo Centro. O SINTPq se prop\u00f4s a colaborar com a vinda das comiss\u00f5es.<\/p>\n<p><strong>Infraestrutura<\/strong><\/p>\n<p>O sindicato apresentou ao diretor problemas da regi\u00e3o decorrentes da falta de infraestrutura e solicitou que a nova gest\u00e3o abra di\u00e1logo com a prefeitura e governo do Estado para investimentos locais.<\/p>\n<p><strong>Spin-off<\/strong><\/p>\n<p>O diretor afirmou ainda que existe o desejo do CNPEM trazer novas empresas para a \u00e1rea do Centro. No entanto, afirmou que essa \u00e9 uma demanda para o futuro. \u201cN\u00e3o h\u00e1 regra, mas vamos ter que fazer. Diante do contexto (econ\u00f4mico) atual vamos ter que preparar isso para o futuro. Com parte do financiamento travado esse ano precisamos nos voltar para a gest\u00e3o\u201d, explicou Pacheco.<\/p>\n<\/div>\n","protected":false},"excerpt":{"rendered":"<p>SINTPq, em 24\/04\/2015 O SINTPq se reuniu nesta \u00faltima quinta-feira, dia 23, com o novo diretor geral do CNPEM, Carlos Am\u00e9rico Pacheco, para discuss\u00e3o dos desafios da institui\u00e7\u00e3o e entraves&hellip;<\/p>\n","protected":false},"author":9,"featured_media":0,"comment_status":"closed","ping_status":"open","sticky":false,"template":"","format":"standard","meta":{"_acf_changed":false,"_jetpack_newsletter_access":"","_jetpack_dont_email_post_to_subs":false,"_jetpack_newsletter_tier_id":0,"_jetpack_memberships_contains_paywalled_content":false,"_jetpack_memberships_contains_paid_content":false,"footnotes":"","_links_to":"","_links_to_target":""},"categories":[1163],"tags":[],"class_list":["post-11790","post","type-post","status-publish","format-standard","hentry","category-clipping-cnpem","category-1163","description-off"],"acf":[],"yoast_head":"<!-- This site is optimized with the Yoast SEO plugin v27.4 - https:\/\/yoast.com\/product\/yoast-seo-wordpress\/ -->\n<title>SINTPq discute pol\u00edticas para o CNPEM com novo diretor - CNPEM<\/title>\n<meta name=\"robots\" content=\"index, follow, max-snippet:-1, max-image-preview:large, max-video-preview:-1\" \/>\n<link rel=\"canonical\" href=\"https:\/\/cnpem.br\/sintpq-discute-politicas-para-o-cnpem-com-novo-diretor\/\" \/>\n<meta property=\"og:locale\" content=\"en_US\" \/>\n<meta property=\"og:type\" content=\"article\" \/>\n<meta property=\"og:title\" content=\"SINTPq discute pol\u00edticas para o CNPEM com novo diretor - CNPEM\" \/>\n<meta property=\"og:description\" content=\"SINTPq, em 24\/04\/2015 O SINTPq se reuniu nesta \u00faltima quinta-feira, dia 23, com o novo diretor geral do CNPEM, Carlos Am\u00e9rico Pacheco, para discuss\u00e3o dos desafios da institui\u00e7\u00e3o e entraves&hellip;\" \/>\n<meta property=\"og:url\" content=\"https:\/\/cnpem.br\/sintpq-discute-politicas-para-o-cnpem-com-novo-diretor\/\" \/>\n<meta property=\"og:site_name\" content=\"CNPEM\" \/>\n<meta property=\"article:published_time\" content=\"2015-04-29T13:55:53+00:00\" \/>\n<meta property=\"article:modified_time\" content=\"2022-01-21T19:57:11+00:00\" \/>\n<meta property=\"og:image\" content=\"https:\/\/cnpem.staging.wpengine.com\/wp-content\/uploads\/2015\/04\/Sintpq_Clipping.jpg\" \/>\n<meta name=\"author\" content=\"livia goncalves\" \/>\n<meta name=\"twitter:card\" content=\"summary_large_image\" \/>\n<meta name=\"twitter:label1\" content=\"Written by\" \/>\n\t<meta name=\"twitter:data1\" content=\"livia goncalves\" \/>\n\t<meta name=\"twitter:label2\" content=\"Est. reading time\" \/>\n\t<meta name=\"twitter:data2\" content=\"2 minutes\" \/>\n<script type=\"application\/ld+json\" class=\"yoast-schema-graph\">{\"@context\":\"https:\\\/\\\/schema.org\",\"@graph\":[{\"@type\":\"Article\",\"@id\":\"https:\\\/\\\/cnpem.br\\\/sintpq-discute-politicas-para-o-cnpem-com-novo-diretor\\\/#article\",\"isPartOf\":{\"@id\":\"https:\\\/\\\/cnpem.br\\\/sintpq-discute-politicas-para-o-cnpem-com-novo-diretor\\\/\"},\"author\":{\"name\":\"livia goncalves\",\"@id\":\"https:\\\/\\\/cnpem.br\\\/#\\\/schema\\\/person\\\/5bc6aa346db3eace1e3d5d061a71fb8d\"},\"headline\":\"SINTPq discute pol\u00edticas para o CNPEM com novo diretor\",\"datePublished\":\"2015-04-29T13:55:53+00:00\",\"dateModified\":\"2022-01-21T19:57:11+00:00\",\"mainEntityOfPage\":{\"@id\":\"https:\\\/\\\/cnpem.br\\\/sintpq-discute-politicas-para-o-cnpem-com-novo-diretor\\\/\"},\"wordCount\":399,\"image\":{\"@id\":\"https:\\\/\\\/cnpem.br\\\/sintpq-discute-politicas-para-o-cnpem-com-novo-diretor\\\/#primaryimage\"},\"thumbnailUrl\":\"https:\\\/\\\/cnpem.staging.wpengine.com\\\/wp-content\\\/uploads\\\/2015\\\/04\\\/Sintpq_Clipping.jpg\",\"articleSection\":[\"CNPEM na M\u00eddia\"],\"inLanguage\":\"en-US\"},{\"@type\":\"WebPage\",\"@id\":\"https:\\\/\\\/cnpem.br\\\/sintpq-discute-politicas-para-o-cnpem-com-novo-diretor\\\/\",\"url\":\"https:\\\/\\\/cnpem.br\\\/sintpq-discute-politicas-para-o-cnpem-com-novo-diretor\\\/\",\"name\":\"SINTPq discute pol\u00edticas para o CNPEM com novo diretor - CNPEM\",\"isPartOf\":{\"@id\":\"https:\\\/\\\/cnpem.br\\\/#website\"},\"primaryImageOfPage\":{\"@id\":\"https:\\\/\\\/cnpem.br\\\/sintpq-discute-politicas-para-o-cnpem-com-novo-diretor\\\/#primaryimage\"},\"image\":{\"@id\":\"https:\\\/\\\/cnpem.br\\\/sintpq-discute-politicas-para-o-cnpem-com-novo-diretor\\\/#primaryimage\"},\"thumbnailUrl\":\"https:\\\/\\\/cnpem.staging.wpengine.com\\\/wp-content\\\/uploads\\\/2015\\\/04\\\/Sintpq_Clipping.jpg\",\"datePublished\":\"2015-04-29T13:55:53+00:00\",\"dateModified\":\"2022-01-21T19:57:11+00:00\",\"author\":{\"@id\":\"https:\\\/\\\/cnpem.br\\\/#\\\/schema\\\/person\\\/5bc6aa346db3eace1e3d5d061a71fb8d\"},\"breadcrumb\":{\"@id\":\"https:\\\/\\\/cnpem.br\\\/sintpq-discute-politicas-para-o-cnpem-com-novo-diretor\\\/#breadcrumb\"},\"inLanguage\":\"en-US\",\"potentialAction\":[{\"@type\":\"ReadAction\",\"target\":[\"https:\\\/\\\/cnpem.br\\\/sintpq-discute-politicas-para-o-cnpem-com-novo-diretor\\\/\"]}]},{\"@type\":\"ImageObject\",\"inLanguage\":\"en-US\",\"@id\":\"https:\\\/\\\/cnpem.br\\\/sintpq-discute-politicas-para-o-cnpem-com-novo-diretor\\\/#primaryimage\",\"url\":\"https:\\\/\\\/cnpem.staging.wpengine.com\\\/wp-content\\\/uploads\\\/2015\\\/04\\\/Sintpq_Clipping.jpg\",\"contentUrl\":\"https:\\\/\\\/cnpem.staging.wpengine.com\\\/wp-content\\\/uploads\\\/2015\\\/04\\\/Sintpq_Clipping.jpg\"},{\"@type\":\"BreadcrumbList\",\"@id\":\"https:\\\/\\\/cnpem.br\\\/sintpq-discute-politicas-para-o-cnpem-com-novo-diretor\\\/#breadcrumb\",\"itemListElement\":[{\"@type\":\"ListItem\",\"position\":1,\"name\":\"In\u00edcio\",\"item\":\"https:\\\/\\\/cnpem.br\\\/en\\\/\"},{\"@type\":\"ListItem\",\"position\":2,\"name\":\"SINTPq discute pol\u00edticas para o CNPEM com novo diretor\"}]},{\"@type\":\"WebSite\",\"@id\":\"https:\\\/\\\/cnpem.br\\\/#website\",\"url\":\"https:\\\/\\\/cnpem.br\\\/\",\"name\":\"Centro Nacional de Pesquisa em Energia e Materiais\",\"description\":\"Centro Nacional de Pesquisa em Energia e Materiais\",\"alternateName\":\"CNPEM\",\"potentialAction\":[{\"@type\":\"SearchAction\",\"target\":{\"@type\":\"EntryPoint\",\"urlTemplate\":\"https:\\\/\\\/cnpem.br\\\/?s={search_term_string}\"},\"query-input\":{\"@type\":\"PropertyValueSpecification\",\"valueRequired\":true,\"valueName\":\"search_term_string\"}}],\"inLanguage\":\"en-US\"},{\"@type\":\"Person\",\"@id\":\"https:\\\/\\\/cnpem.br\\\/#\\\/schema\\\/person\\\/5bc6aa346db3eace1e3d5d061a71fb8d\",\"name\":\"livia goncalves\",\"url\":\"\"}]}<\/script>\n<!-- \/ Yoast SEO plugin. -->","yoast_head_json":{"title":"SINTPq discute pol\u00edticas para o CNPEM com novo diretor - CNPEM","robots":{"index":"index","follow":"follow","max-snippet":"max-snippet:-1","max-image-preview":"max-image-preview:large","max-video-preview":"max-video-preview:-1"},"canonical":"https:\/\/cnpem.br\/sintpq-discute-politicas-para-o-cnpem-com-novo-diretor\/","og_locale":"en_US","og_type":"article","og_title":"SINTPq discute pol\u00edticas para o CNPEM com novo diretor - CNPEM","og_description":"SINTPq, em 24\/04\/2015 O SINTPq se reuniu nesta \u00faltima quinta-feira, dia 23, com o novo diretor geral do CNPEM, Carlos Am\u00e9rico Pacheco, para discuss\u00e3o dos desafios da institui\u00e7\u00e3o e entraves&hellip;","og_url":"https:\/\/cnpem.br\/sintpq-discute-politicas-para-o-cnpem-com-novo-diretor\/","og_site_name":"CNPEM","article_published_time":"2015-04-29T13:55:53+00:00","article_modified_time":"2022-01-21T19:57:11+00:00","og_image":[{"url":"https:\/\/cnpem.staging.wpengine.com\/wp-content\/uploads\/2015\/04\/Sintpq_Clipping.jpg","type":"","width":"","height":""}],"author":"livia goncalves","twitter_card":"summary_large_image","twitter_misc":{"Written by":"livia goncalves","Est. reading time":"2 minutes"},"schema":{"@context":"https:\/\/schema.org","@graph":[{"@type":"Article","@id":"https:\/\/cnpem.br\/sintpq-discute-politicas-para-o-cnpem-com-novo-diretor\/#article","isPartOf":{"@id":"https:\/\/cnpem.br\/sintpq-discute-politicas-para-o-cnpem-com-novo-diretor\/"},"author":{"name":"livia goncalves","@id":"https:\/\/cnpem.br\/#\/schema\/person\/5bc6aa346db3eace1e3d5d061a71fb8d"},"headline":"SINTPq discute pol\u00edticas para o CNPEM com novo diretor","datePublished":"2015-04-29T13:55:53+00:00","dateModified":"2022-01-21T19:57:11+00:00","mainEntityOfPage":{"@id":"https:\/\/cnpem.br\/sintpq-discute-politicas-para-o-cnpem-com-novo-diretor\/"},"wordCount":399,"image":{"@id":"https:\/\/cnpem.br\/sintpq-discute-politicas-para-o-cnpem-com-novo-diretor\/#primaryimage"},"thumbnailUrl":"https:\/\/cnpem.staging.wpengine.com\/wp-content\/uploads\/2015\/04\/Sintpq_Clipping.jpg","articleSection":["CNPEM na M\u00eddia"],"inLanguage":"en-US"},{"@type":"WebPage","@id":"https:\/\/cnpem.br\/sintpq-discute-politicas-para-o-cnpem-com-novo-diretor\/","url":"https:\/\/cnpem.br\/sintpq-discute-politicas-para-o-cnpem-com-novo-diretor\/","name":"SINTPq discute pol\u00edticas para o CNPEM com novo diretor - CNPEM","isPartOf":{"@id":"https:\/\/cnpem.br\/#website"},"primaryImageOfPage":{"@id":"https:\/\/cnpem.br\/sintpq-discute-politicas-para-o-cnpem-com-novo-diretor\/#primaryimage"},"image":{"@id":"https:\/\/cnpem.br\/sintpq-discute-politicas-para-o-cnpem-com-novo-diretor\/#primaryimage"},"thumbnailUrl":"https:\/\/cnpem.staging.wpengine.com\/wp-content\/uploads\/2015\/04\/Sintpq_Clipping.jpg","datePublished":"2015-04-29T13:55:53+00:00","dateModified":"2022-01-21T19:57:11+00:00","author":{"@id":"https:\/\/cnpem.br\/#\/schema\/person\/5bc6aa346db3eace1e3d5d061a71fb8d"},"breadcrumb":{"@id":"https:\/\/cnpem.br\/sintpq-discute-politicas-para-o-cnpem-com-novo-diretor\/#breadcrumb"},"inLanguage":"en-US","potentialAction":[{"@type":"ReadAction","target":["https:\/\/cnpem.br\/sintpq-discute-politicas-para-o-cnpem-com-novo-diretor\/"]}]},{"@type":"ImageObject","inLanguage":"en-US","@id":"https:\/\/cnpem.br\/sintpq-discute-politicas-para-o-cnpem-com-novo-diretor\/#primaryimage","url":"https:\/\/cnpem.staging.wpengine.com\/wp-content\/uploads\/2015\/04\/Sintpq_Clipping.jpg","contentUrl":"https:\/\/cnpem.staging.wpengine.com\/wp-content\/uploads\/2015\/04\/Sintpq_Clipping.jpg"},{"@type":"BreadcrumbList","@id":"https:\/\/cnpem.br\/sintpq-discute-politicas-para-o-cnpem-com-novo-diretor\/#breadcrumb","itemListElement":[{"@type":"ListItem","position":1,"name":"In\u00edcio","item":"https:\/\/cnpem.br\/en\/"},{"@type":"ListItem","position":2,"name":"SINTPq discute pol\u00edticas para o CNPEM com novo diretor"}]},{"@type":"WebSite","@id":"https:\/\/cnpem.br\/#website","url":"https:\/\/cnpem.br\/","name":"Centro Nacional de Pesquisa em Energia e Materiais","description":"Centro Nacional de Pesquisa em Energia e Materiais","alternateName":"CNPEM","potentialAction":[{"@type":"SearchAction","target":{"@type":"EntryPoint","urlTemplate":"https:\/\/cnpem.br\/?s={search_term_string}"},"query-input":{"@type":"PropertyValueSpecification","valueRequired":true,"valueName":"search_term_string"}}],"inLanguage":"en-US"},{"@type":"Person","@id":"https:\/\/cnpem.br\/#\/schema\/person\/5bc6aa346db3eace1e3d5d061a71fb8d","name":"livia goncalves","url":""}]}},"jetpack_featured_media_url":"","jetpack_sharing_enabled":true,"jetpack_shortlink":"https:\/\/wp.me\/per0Mi-34a","_links":{"self":[{"href":"https:\/\/cnpem.br\/en\/wp-json\/wp\/v2\/posts\/11790","targetHints":{"allow":["GET"]}}],"collection":[{"href":"https:\/\/cnpem.br\/en\/wp-json\/wp\/v2\/posts"}],"about":[{"href":"https:\/\/cnpem.br\/en\/wp-json\/wp\/v2\/types\/post"}],"author":[{"embeddable":true,"href":"https:\/\/cnpem.br\/en\/wp-json\/wp\/v2\/users\/9"}],"replies":[{"embeddable":true,"href":"https:\/\/cnpem.br\/en\/wp-json\/wp\/v2\/comments?post=11790"}],"version-history":[{"count":0,"href":"https:\/\/cnpem.br\/en\/wp-json\/wp\/v2\/posts\/11790\/revisions"}],"wp:attachment":[{"href":"https:\/\/cnpem.br\/en\/wp-json\/wp\/v2\/media?parent=11790"}],"wp:term":[{"taxonomy":"category","embeddable":true,"href":"https:\/\/cnpem.br\/en\/wp-json\/wp\/v2\/categories?post=11790"},{"taxonomy":"post_tag","embeddable":true,"href":"https:\/\/cnpem.br\/en\/wp-json\/wp\/v2\/tags?post=11790"}],"curies":[{"name":"wp","href":"https:\/\/api.w.org\/{rel}","templated":true}]}}