{"id":11787,"date":"2015-04-29T13:46:17","date_gmt":"2015-04-29T13:46:17","guid":{"rendered":"https:\/\/cnpem.staging.wpengine.com\/?p=11787"},"modified":"2022-01-21T16:57:11","modified_gmt":"2022-01-21T19:57:11","slug":"carlos-americo-pacheco-assume-a-diretoria-geral-do-cnpem","status":"publish","type":"post","link":"https:\/\/cnpem.br\/en\/carlos-americo-pacheco-assume-a-diretoria-geral-do-cnpem\/","title":{"rendered":"Carlos Am\u00e9rico Pacheco assume a diretoria geral do CNPEM"},"content":{"rendered":"<p><a href=\"https:\/\/agencia.fapesp.br\/carlos_americo_pacheco_assume_a_diretoria_geral_do_cnpem\/21052\/\" target=\"_blank\" rel=\"noopener\">Ag\u00eancia Fapesp<\/a>, em 27\/05\/2015<\/p>\n<div id=\"attachment_11788\" style=\"width: 310px\" class=\"wp-caption alignright\"><a href=\"https:\/\/i0.wp.com\/cnpem.staging.wpengine.com\/wp-content\/uploads\/2015\/04\/Pacheco_AgFapesp.jpg?ssl=1\"><img data-recalc-dims=\"1\" loading=\"lazy\" decoding=\"async\" aria-describedby=\"caption-attachment-11788\" class=\"wp-image-11788 size-medium\" src=\"https:\/\/i0.wp.com\/cnpem.staging.wpengine.com\/wp-content\/uploads\/2015\/04\/Pacheco_AgFapesp-300x200.jpg?resize=300%2C200&#038;ssl=1\" alt=\"Pacheco_AgFapesp\" width=\"300\" height=\"200\" srcset=\"https:\/\/i0.wp.com\/cnpem.br\/wp-content\/uploads\/2015\/04\/Pacheco_AgFapesp.jpg?resize=300%2C200&amp;ssl=1 300w, https:\/\/i0.wp.com\/cnpem.br\/wp-content\/uploads\/2015\/04\/Pacheco_AgFapesp.jpg?w=350&amp;ssl=1 350w\" sizes=\"auto, (max-width: 300px) 100vw, 300px\" \/><\/a><p id=\"caption-attachment-11788\" class=\"wp-caption-text\">Ex-reitor do ITA foi escolhido por unanimidade pelo Conselho de Administra\u00e7\u00e3o para um mandato inicial de tr\u00eas anos (foto:CNPEM)<\/p><\/div>\n<p style=\"text-align: justify;\">O Centro Nacional de Pesquisa em Energia e Materiais (CNPEM), em Campinas, realizou na quinta-feira (16) a cerim\u00f4nia de apresenta\u00e7\u00e3o de seu novo diretor-geral, Carlos Am\u00e9rico Pacheco, empossado em 30 de mar\u00e7o.<\/p>\n<p style=\"text-align: justify;\">Ex-reitor do Instituto Tecnol\u00f3gico de Aeron\u00e1utica (ITA), Pacheco foi eleito por unanimidade pelo Conselho de Administra\u00e7\u00e3o do CNPEM e deve cumprir um mandato inicial de tr\u00eas anos.<\/p>\n<p style=\"text-align: justify;\">Em seu discurso, o novo diretor reiterou o comprometimento do CNPEM e de seus Laborat\u00f3rios Nacionais com a produ\u00e7\u00e3o de novos conhecimentos, o aumento da qualidade de vida dos brasileiros e com a gera\u00e7\u00e3o de oportunidades econ\u00f4micas \u2013 na fronteira na inova\u00e7\u00e3o: \u201cDevemos servir em primeiro lugar ao pa\u00eds, aos seus desafios estrat\u00e9gicos\u201d.<\/p>\n<p style=\"text-align: justify;\">Ele tamb\u00e9m defendeu o modelo de Organiza\u00e7\u00e3o Social, destacando a import\u00e2ncia que este modelo de gest\u00e3o exerce para a produ\u00e7\u00e3o de melhores resultados. \u201cO Estado brasileiro pode executar pol\u00edticas p\u00fablicas com maior impacto e qualidade valendo-se de Organiza\u00e7\u00f5es Sociais pautadas pelo m\u00e9rito\u201d, afirmou Pacheco.<\/p>\n<p style=\"text-align: justify;\">O evento contou com a presen\u00e7a do ministro da Ci\u00eancia, Tecnologia e Inova\u00e7\u00e3o, Aldo Rebelo, que visitou as instala\u00e7\u00f5es dos quatro Laborat\u00f3rios Nacionais que integram o CNPEM.<\/p>\n","protected":false},"excerpt":{"rendered":"<p>Ag\u00eancia Fapesp, em 27\/05\/2015 O Centro Nacional de Pesquisa em Energia e Materiais (CNPEM), em Campinas, realizou na quinta-feira (16) a cerim\u00f4nia de apresenta\u00e7\u00e3o de seu novo diretor-geral, Carlos Am\u00e9rico&hellip;<\/p>\n","protected":false},"author":9,"featured_media":0,"comment_status":"closed","ping_status":"open","sticky":false,"template":"","format":"standard","meta":{"_acf_changed":false,"_jetpack_newsletter_access":"","_jetpack_dont_email_post_to_subs":false,"_jetpack_newsletter_tier_id":0,"_jetpack_memberships_contains_paywalled_content":false,"_jetpack_memberships_contains_paid_content":false,"footnotes":"","_links_to":"","_links_to_target":""},"categories":[1163],"tags":[],"class_list":["post-11787","post","type-post","status-publish","format-standard","hentry","category-clipping-cnpem","category-1163","description-off"],"acf":[],"yoast_head":"<!-- This site is optimized with the Yoast SEO plugin v27.5 - https:\/\/yoast.com\/product\/yoast-seo-wordpress\/ -->\n<title>Carlos Am\u00e9rico Pacheco assume a diretoria geral do CNPEM - CNPEM<\/title>\n<meta name=\"robots\" content=\"index, follow, max-snippet:-1, max-image-preview:large, max-video-preview:-1\" \/>\n<link rel=\"canonical\" href=\"https:\/\/cnpem.br\/carlos-americo-pacheco-assume-a-diretoria-geral-do-cnpem\/\" \/>\n<meta property=\"og:locale\" content=\"en_US\" \/>\n<meta property=\"og:type\" content=\"article\" \/>\n<meta property=\"og:title\" content=\"Carlos Am\u00e9rico Pacheco assume a diretoria geral do CNPEM - CNPEM\" \/>\n<meta property=\"og:description\" content=\"Ag\u00eancia Fapesp, em 27\/05\/2015 O Centro Nacional de Pesquisa em Energia e Materiais (CNPEM), em Campinas, realizou na quinta-feira (16) a cerim\u00f4nia de apresenta\u00e7\u00e3o de seu novo diretor-geral, Carlos Am\u00e9rico&hellip;\" \/>\n<meta property=\"og:url\" content=\"https:\/\/cnpem.br\/carlos-americo-pacheco-assume-a-diretoria-geral-do-cnpem\/\" \/>\n<meta property=\"og:site_name\" content=\"CNPEM\" \/>\n<meta property=\"article:published_time\" content=\"2015-04-29T13:46:17+00:00\" \/>\n<meta property=\"article:modified_time\" content=\"2022-01-21T19:57:11+00:00\" \/>\n<meta property=\"og:image\" content=\"https:\/\/cnpem.staging.wpengine.com\/wp-content\/uploads\/2015\/04\/Pacheco_AgFapesp-300x200.jpg\" \/>\n<meta name=\"author\" content=\"livia goncalves\" \/>\n<meta name=\"twitter:card\" content=\"summary_large_image\" \/>\n<meta name=\"twitter:label1\" content=\"Written by\" \/>\n\t<meta name=\"twitter:data1\" content=\"livia goncalves\" \/>\n\t<meta name=\"twitter:label2\" content=\"Est. reading time\" \/>\n\t<meta name=\"twitter:data2\" content=\"1 minute\" \/>\n<script type=\"application\/ld+json\" class=\"yoast-schema-graph\">{\"@context\":\"https:\\\/\\\/schema.org\",\"@graph\":[{\"@type\":\"Article\",\"@id\":\"https:\\\/\\\/cnpem.br\\\/carlos-americo-pacheco-assume-a-diretoria-geral-do-cnpem\\\/#article\",\"isPartOf\":{\"@id\":\"https:\\\/\\\/cnpem.br\\\/carlos-americo-pacheco-assume-a-diretoria-geral-do-cnpem\\\/\"},\"author\":{\"name\":\"livia goncalves\",\"@id\":\"https:\\\/\\\/cnpem.br\\\/#\\\/schema\\\/person\\\/5bc6aa346db3eace1e3d5d061a71fb8d\"},\"headline\":\"Carlos Am\u00e9rico Pacheco assume a diretoria geral do CNPEM\",\"datePublished\":\"2015-04-29T13:46:17+00:00\",\"dateModified\":\"2022-01-21T19:57:11+00:00\",\"mainEntityOfPage\":{\"@id\":\"https:\\\/\\\/cnpem.br\\\/carlos-americo-pacheco-assume-a-diretoria-geral-do-cnpem\\\/\"},\"wordCount\":252,\"image\":{\"@id\":\"https:\\\/\\\/cnpem.br\\\/carlos-americo-pacheco-assume-a-diretoria-geral-do-cnpem\\\/#primaryimage\"},\"thumbnailUrl\":\"https:\\\/\\\/cnpem.staging.wpengine.com\\\/wp-content\\\/uploads\\\/2015\\\/04\\\/Pacheco_AgFapesp-300x200.jpg\",\"articleSection\":[\"CNPEM na M\u00eddia\"],\"inLanguage\":\"en-US\"},{\"@type\":\"WebPage\",\"@id\":\"https:\\\/\\\/cnpem.br\\\/carlos-americo-pacheco-assume-a-diretoria-geral-do-cnpem\\\/\",\"url\":\"https:\\\/\\\/cnpem.br\\\/carlos-americo-pacheco-assume-a-diretoria-geral-do-cnpem\\\/\",\"name\":\"Carlos Am\u00e9rico Pacheco assume a diretoria geral do CNPEM - CNPEM\",\"isPartOf\":{\"@id\":\"https:\\\/\\\/cnpem.br\\\/#website\"},\"primaryImageOfPage\":{\"@id\":\"https:\\\/\\\/cnpem.br\\\/carlos-americo-pacheco-assume-a-diretoria-geral-do-cnpem\\\/#primaryimage\"},\"image\":{\"@id\":\"https:\\\/\\\/cnpem.br\\\/carlos-americo-pacheco-assume-a-diretoria-geral-do-cnpem\\\/#primaryimage\"},\"thumbnailUrl\":\"https:\\\/\\\/cnpem.staging.wpengine.com\\\/wp-content\\\/uploads\\\/2015\\\/04\\\/Pacheco_AgFapesp-300x200.jpg\",\"datePublished\":\"2015-04-29T13:46:17+00:00\",\"dateModified\":\"2022-01-21T19:57:11+00:00\",\"author\":{\"@id\":\"https:\\\/\\\/cnpem.br\\\/#\\\/schema\\\/person\\\/5bc6aa346db3eace1e3d5d061a71fb8d\"},\"breadcrumb\":{\"@id\":\"https:\\\/\\\/cnpem.br\\\/carlos-americo-pacheco-assume-a-diretoria-geral-do-cnpem\\\/#breadcrumb\"},\"inLanguage\":\"en-US\",\"potentialAction\":[{\"@type\":\"ReadAction\",\"target\":[\"https:\\\/\\\/cnpem.br\\\/carlos-americo-pacheco-assume-a-diretoria-geral-do-cnpem\\\/\"]}]},{\"@type\":\"ImageObject\",\"inLanguage\":\"en-US\",\"@id\":\"https:\\\/\\\/cnpem.br\\\/carlos-americo-pacheco-assume-a-diretoria-geral-do-cnpem\\\/#primaryimage\",\"url\":\"https:\\\/\\\/cnpem.staging.wpengine.com\\\/wp-content\\\/uploads\\\/2015\\\/04\\\/Pacheco_AgFapesp-300x200.jpg\",\"contentUrl\":\"https:\\\/\\\/cnpem.staging.wpengine.com\\\/wp-content\\\/uploads\\\/2015\\\/04\\\/Pacheco_AgFapesp-300x200.jpg\"},{\"@type\":\"BreadcrumbList\",\"@id\":\"https:\\\/\\\/cnpem.br\\\/carlos-americo-pacheco-assume-a-diretoria-geral-do-cnpem\\\/#breadcrumb\",\"itemListElement\":[{\"@type\":\"ListItem\",\"position\":1,\"name\":\"In\u00edcio\",\"item\":\"https:\\\/\\\/cnpem.br\\\/en\\\/\"},{\"@type\":\"ListItem\",\"position\":2,\"name\":\"Carlos Am\u00e9rico Pacheco assume a diretoria geral do CNPEM\"}]},{\"@type\":\"WebSite\",\"@id\":\"https:\\\/\\\/cnpem.br\\\/#website\",\"url\":\"https:\\\/\\\/cnpem.br\\\/\",\"name\":\"Centro Nacional de Pesquisa em Energia e Materiais\",\"description\":\"Centro Nacional de Pesquisa em Energia e Materiais\",\"alternateName\":\"CNPEM\",\"potentialAction\":[{\"@type\":\"SearchAction\",\"target\":{\"@type\":\"EntryPoint\",\"urlTemplate\":\"https:\\\/\\\/cnpem.br\\\/?s={search_term_string}\"},\"query-input\":{\"@type\":\"PropertyValueSpecification\",\"valueRequired\":true,\"valueName\":\"search_term_string\"}}],\"inLanguage\":\"en-US\"},{\"@type\":\"Person\",\"@id\":\"https:\\\/\\\/cnpem.br\\\/#\\\/schema\\\/person\\\/5bc6aa346db3eace1e3d5d061a71fb8d\",\"name\":\"livia goncalves\",\"url\":\"\"}]}<\/script>\n<!-- \/ Yoast SEO plugin. -->","yoast_head_json":{"title":"Carlos Am\u00e9rico Pacheco assume a diretoria geral do CNPEM - CNPEM","robots":{"index":"index","follow":"follow","max-snippet":"max-snippet:-1","max-image-preview":"max-image-preview:large","max-video-preview":"max-video-preview:-1"},"canonical":"https:\/\/cnpem.br\/carlos-americo-pacheco-assume-a-diretoria-geral-do-cnpem\/","og_locale":"en_US","og_type":"article","og_title":"Carlos Am\u00e9rico Pacheco assume a diretoria geral do CNPEM - CNPEM","og_description":"Ag\u00eancia Fapesp, em 27\/05\/2015 O Centro Nacional de Pesquisa em Energia e Materiais (CNPEM), em Campinas, realizou na quinta-feira (16) a cerim\u00f4nia de apresenta\u00e7\u00e3o de seu novo diretor-geral, Carlos Am\u00e9rico&hellip;","og_url":"https:\/\/cnpem.br\/carlos-americo-pacheco-assume-a-diretoria-geral-do-cnpem\/","og_site_name":"CNPEM","article_published_time":"2015-04-29T13:46:17+00:00","article_modified_time":"2022-01-21T19:57:11+00:00","og_image":[{"url":"https:\/\/cnpem.staging.wpengine.com\/wp-content\/uploads\/2015\/04\/Pacheco_AgFapesp-300x200.jpg","type":"","width":"","height":""}],"author":"livia goncalves","twitter_card":"summary_large_image","twitter_misc":{"Written by":"livia goncalves","Est. reading time":"1 minute"},"schema":{"@context":"https:\/\/schema.org","@graph":[{"@type":"Article","@id":"https:\/\/cnpem.br\/carlos-americo-pacheco-assume-a-diretoria-geral-do-cnpem\/#article","isPartOf":{"@id":"https:\/\/cnpem.br\/carlos-americo-pacheco-assume-a-diretoria-geral-do-cnpem\/"},"author":{"name":"livia goncalves","@id":"https:\/\/cnpem.br\/#\/schema\/person\/5bc6aa346db3eace1e3d5d061a71fb8d"},"headline":"Carlos Am\u00e9rico Pacheco assume a diretoria geral do CNPEM","datePublished":"2015-04-29T13:46:17+00:00","dateModified":"2022-01-21T19:57:11+00:00","mainEntityOfPage":{"@id":"https:\/\/cnpem.br\/carlos-americo-pacheco-assume-a-diretoria-geral-do-cnpem\/"},"wordCount":252,"image":{"@id":"https:\/\/cnpem.br\/carlos-americo-pacheco-assume-a-diretoria-geral-do-cnpem\/#primaryimage"},"thumbnailUrl":"https:\/\/cnpem.staging.wpengine.com\/wp-content\/uploads\/2015\/04\/Pacheco_AgFapesp-300x200.jpg","articleSection":["CNPEM na M\u00eddia"],"inLanguage":"en-US"},{"@type":"WebPage","@id":"https:\/\/cnpem.br\/carlos-americo-pacheco-assume-a-diretoria-geral-do-cnpem\/","url":"https:\/\/cnpem.br\/carlos-americo-pacheco-assume-a-diretoria-geral-do-cnpem\/","name":"Carlos Am\u00e9rico Pacheco assume a diretoria geral do CNPEM - CNPEM","isPartOf":{"@id":"https:\/\/cnpem.br\/#website"},"primaryImageOfPage":{"@id":"https:\/\/cnpem.br\/carlos-americo-pacheco-assume-a-diretoria-geral-do-cnpem\/#primaryimage"},"image":{"@id":"https:\/\/cnpem.br\/carlos-americo-pacheco-assume-a-diretoria-geral-do-cnpem\/#primaryimage"},"thumbnailUrl":"https:\/\/cnpem.staging.wpengine.com\/wp-content\/uploads\/2015\/04\/Pacheco_AgFapesp-300x200.jpg","datePublished":"2015-04-29T13:46:17+00:00","dateModified":"2022-01-21T19:57:11+00:00","author":{"@id":"https:\/\/cnpem.br\/#\/schema\/person\/5bc6aa346db3eace1e3d5d061a71fb8d"},"breadcrumb":{"@id":"https:\/\/cnpem.br\/carlos-americo-pacheco-assume-a-diretoria-geral-do-cnpem\/#breadcrumb"},"inLanguage":"en-US","potentialAction":[{"@type":"ReadAction","target":["https:\/\/cnpem.br\/carlos-americo-pacheco-assume-a-diretoria-geral-do-cnpem\/"]}]},{"@type":"ImageObject","inLanguage":"en-US","@id":"https:\/\/cnpem.br\/carlos-americo-pacheco-assume-a-diretoria-geral-do-cnpem\/#primaryimage","url":"https:\/\/cnpem.staging.wpengine.com\/wp-content\/uploads\/2015\/04\/Pacheco_AgFapesp-300x200.jpg","contentUrl":"https:\/\/cnpem.staging.wpengine.com\/wp-content\/uploads\/2015\/04\/Pacheco_AgFapesp-300x200.jpg"},{"@type":"BreadcrumbList","@id":"https:\/\/cnpem.br\/carlos-americo-pacheco-assume-a-diretoria-geral-do-cnpem\/#breadcrumb","itemListElement":[{"@type":"ListItem","position":1,"name":"In\u00edcio","item":"https:\/\/cnpem.br\/en\/"},{"@type":"ListItem","position":2,"name":"Carlos Am\u00e9rico Pacheco assume a diretoria geral do CNPEM"}]},{"@type":"WebSite","@id":"https:\/\/cnpem.br\/#website","url":"https:\/\/cnpem.br\/","name":"Centro Nacional de Pesquisa em Energia e Materiais","description":"Centro Nacional de Pesquisa em Energia e Materiais","alternateName":"CNPEM","potentialAction":[{"@type":"SearchAction","target":{"@type":"EntryPoint","urlTemplate":"https:\/\/cnpem.br\/?s={search_term_string}"},"query-input":{"@type":"PropertyValueSpecification","valueRequired":true,"valueName":"search_term_string"}}],"inLanguage":"en-US"},{"@type":"Person","@id":"https:\/\/cnpem.br\/#\/schema\/person\/5bc6aa346db3eace1e3d5d061a71fb8d","name":"livia goncalves","url":""}]}},"jetpack_featured_media_url":"","jetpack_sharing_enabled":true,"jetpack_shortlink":"https:\/\/wp.me\/per0Mi-347","_links":{"self":[{"href":"https:\/\/cnpem.br\/en\/wp-json\/wp\/v2\/posts\/11787","targetHints":{"allow":["GET"]}}],"collection":[{"href":"https:\/\/cnpem.br\/en\/wp-json\/wp\/v2\/posts"}],"about":[{"href":"https:\/\/cnpem.br\/en\/wp-json\/wp\/v2\/types\/post"}],"author":[{"embeddable":true,"href":"https:\/\/cnpem.br\/en\/wp-json\/wp\/v2\/users\/9"}],"replies":[{"embeddable":true,"href":"https:\/\/cnpem.br\/en\/wp-json\/wp\/v2\/comments?post=11787"}],"version-history":[{"count":0,"href":"https:\/\/cnpem.br\/en\/wp-json\/wp\/v2\/posts\/11787\/revisions"}],"wp:attachment":[{"href":"https:\/\/cnpem.br\/en\/wp-json\/wp\/v2\/media?parent=11787"}],"wp:term":[{"taxonomy":"category","embeddable":true,"href":"https:\/\/cnpem.br\/en\/wp-json\/wp\/v2\/categories?post=11787"},{"taxonomy":"post_tag","embeddable":true,"href":"https:\/\/cnpem.br\/en\/wp-json\/wp\/v2\/tags?post=11787"}],"curies":[{"name":"wp","href":"https:\/\/api.w.org\/{rel}","templated":true}]}}