{"id":11527,"date":"2015-03-12T20:19:16","date_gmt":"2015-03-12T20:19:16","guid":{"rendered":"https:\/\/cnpem.staging.wpengine.com\/?p=11527"},"modified":"2026-03-02T16:07:22","modified_gmt":"2026-03-02T19:07:22","slug":"novo-secretario-do-mcti-aponta-sustentabilidade-como-desafio-global","status":"publish","type":"post","link":"https:\/\/cnpem.br\/en\/novo-secretario-do-mcti-aponta-sustentabilidade-como-desafio-global\/","title":{"rendered":"Novo secret\u00e1rio do MCTI aponta sustentabilidade como desafio global"},"content":{"rendered":"<p style=\"text-align: justify;\"><em>Portal do MCTI em 03\/03\/2015<\/em><\/p>\n<div class=\"noticia-chamada\" style=\"text-align: justify;\">\u00c0 frente da Secretaria de Pol\u00edticas e Programas de Pesquisa e Desenvolvimento (Seped) do Minist\u00e9rio da Ci\u00eancia, Tecnologia e Inova\u00e7\u00e3o (MCTI) <a href=\"https:\/\/www.mcti.gov.br\/visualizar\/-\/asset_publisher\/jIPU0I5RgRmq\/content\/jailson-de-andrade-assume-a-seped-e-carlos-nobre-o-cemaden\" target=\"_blank\" rel=\"noopener\">desde 12 de fevereiro<\/a>, Jailson Bittencourt de Andrade elegeu a sustentabilidade como o maior desafio nacional e global para as atividades relacionadas \u00e0 pasta, nesta ter\u00e7a-feira (3). Ele recebeu o cargo em cerim\u00f4nia com participa\u00e7\u00e3o de seu antecessor, Carlos Nobre, e do ministro Aldo Rebelo.<\/div>\n<div class=\"conteudo-noticia\">\n<p style=\"text-align: justify;\">&#8220;No Brasil e no mundo, os grandes temas atuais envolvem a seguran\u00e7a h\u00eddrica, a seguran\u00e7a energ\u00e9tica e a seguran\u00e7a alimentar. Esses sistemas est\u00e3o completamente interligados&#8221;, defendeu o novo titular da Seped. &#8220;Sabemos que pouqu\u00edssimas formas de produ\u00e7\u00e3o de energia dispensam grande quantidade de \u00e1gua e que disponibilizar \u00e1gua em quantidade e qualidade adequada depende de muita energia. Ao mesmo tempo, energia e \u00e1gua est\u00e3o intrinsicamente relacionadas \u00e0 produ\u00e7\u00e3o de alimentos, que, al\u00e9m da irriga\u00e7\u00e3o, precisa de energia, em um primeiro momento do sol e em seguida para colher, estocar e transportar.&#8221;<\/p>\n<p style=\"text-align: justify;\">Aldo Rebelo assinou o termo de posse e ressaltou a admira\u00e7\u00e3o e o respeito que o novo secret\u00e1rio possui na comunidade cient\u00edfica. &#8220;Essa secretaria \u00e9 uma esp\u00e9cie de alma, concentra os nervos e os ossos deste minist\u00e9rio, as disciplinas que t\u00eam mais sentido de perman\u00eancia na pasta&#8221;, definiu o ministro. &#8220;E eu acho que o professor Jailson re\u00fane todas as condi\u00e7\u00f5es para desempenhar essa tarefa \u00e0 altura do que n\u00f3s todos esperamos.&#8221;<\/p>\n<p style=\"text-align: justify;\">O ministro defendeu que o Pa\u00eds evolua al\u00e9m das fronteiras agr\u00edcola e mineral. &#8220;Se quiser se manter por muito tempo entre as maiores economias do mundo, o Brasil n\u00e3o poder\u00e1 faz\u00ea-lo se n\u00e3o tiver uma presen\u00e7a correspondente \u00e0 sua grandeza econ\u00f4mica em termos de ci\u00eancia, tecnologia e inova\u00e7\u00e3o&#8221;, disse. &#8220;Eu tenho absoluta convic\u00e7\u00e3o de que, em m\u00e9dio e longo prazo, n\u00f3s n\u00e3o sustentaremos a nossa posi\u00e7\u00e3o se n\u00e3o tivermos uma presen\u00e7a forte nessas \u00e1reas.&#8221;<\/p>\n<p style=\"text-align: justify;\"><strong>Prioridades<\/strong><\/p>\n<p style=\"text-align: justify;\">Na vis\u00e3o do novo secret\u00e1rio, os maiores desafios da Seped se referem ao &#8220;planejamento de pol\u00edticas concertadas, convergentes e integradoras&#8221;. Jailson de Andrade elencou cinco iniciativas do MCTI de alta prioridade, que deseja ajudar a alavancar, pela abrang\u00eancia e pelo enfoque das iniciativas: Edital Universal, programa Institutos Nacionais de Ci\u00eancia e Tecnologia (INCTs), Proinfra, constru\u00e7\u00e3o da fonte de luz s\u00edncrotron Sirius e Reator Multiprop\u00f3sito Brasileiro (RMB).<\/p>\n<p style=\"text-align: justify;\">Para o secret\u00e1rio, por sua abrang\u00eancia tem\u00e1tica e geogr\u00e1fica, o Edital Universal alcan\u00e7a pesquisadores consolidados, individualmente. J\u00e1 os INCTs, na defini\u00e7\u00e3o dele, t\u00eam como alvo grupos de pesquisa e envolvem praticamente todas as \u00e1reas tem\u00e1ticas de ci\u00eancia no Pa\u00eds. &#8220;O programa tem 126 institutos nacionais, certamente coordenados por 126 pesquisadores de alt\u00edssimo n\u00edvel&#8221;, comentou. &#8220;E creio que, se n\u00f3s olharmos por baixo, cada um desses institutos tem pelo menos dez outros pesquisadores de muito bom padr\u00e3o. Ent\u00e3o, temos uma popula\u00e7\u00e3o de 1.200 a 2.000 pesquisadores de diferentes regi\u00f5es.&#8221;<\/p>\n<p style=\"text-align: justify;\">Jailson avaliou que o Proinfra \u2013 programa voltado a projetos de implanta\u00e7\u00e3o, moderniza\u00e7\u00e3o e recupera\u00e7\u00e3o de infraestrutura \u2013 &#8220;ajudou a mudar a face da universidade brasileira&#8221; na \u00faltima d\u00e9cada: &#8220;J\u00e1 foram investidos mais de R$ 1 bilh\u00e3o em outra ponta de hierarquia: a institui\u00e7\u00e3o universit\u00e1ria, de forma complementar ao indiv\u00edduo e ao grupo de pesquisa, alvos do Edital Universal e dos INCTs.&#8221;<\/p>\n<p style=\"text-align: justify;\">A quarta e a quinta iniciativas do MCTI destacadas pelo secret\u00e1rio dizem respeito \u00e0 constru\u00e7\u00e3o do Sirius, em Campinas (SP), e ao projeto do RMB, em Iper\u00f3 (SP). &#8220;Trata-se de estruturas que, em minha opini\u00e3o, s\u00e3o essenciais para a autonomia da atividade de ci\u00eancia e tecnologia no Pa\u00eds, estritamente necess\u00e1rias para que o Brasil venha a atuar na fronteira do conhecimento. S\u00e3o estruturas transversais, que independem da \u00e1rea do conhecimento.&#8221;<\/p>\n<p style=\"text-align: justify;\"><strong>Balan\u00e7o<\/strong><\/p>\n<p style=\"text-align: justify;\">O\u00a0ministro agradeceu a Carlos Nobre pelos servi\u00e7os prestados na Seped e lhe desejou \u00eaxito no trabalho \u00e0 frente do Centro Nacional de Monitoramento e Alertas de Desastres Naturais (Cemaden). &#8220;<a href=\"https:\/\/www.mcti.gov.br\/noticias\/-\/asset_publisher\/IqV53KMvD5rY\/content\/cemaden-inaugura-novas-instalacoes-e-celebra-posse-do-diretor\" target=\"_blank\" rel=\"noopener\">L\u00e1 em S\u00e3o Jos\u00e9 dos Campos<\/a>, no s\u00e1bado [28], n\u00f3s tivemos a oportunidade de testemunhar uma exposi\u00e7\u00e3o dos servi\u00e7os relevantes que o centro vem prestando ao Brasil, no acompanhamento e na preven\u00e7\u00e3o dos desastres naturais, geralmente ligados \u00e0 \u00e1gua, ora pela escassez, ora pelo excesso, como acontece agora no Acre&#8221;, contou Aldo.<\/p>\n<p style=\"text-align: justify;\">Nobre lembrou de grandes projetos de infraestrutura desenvolvidos em seus quatro anos no comando da Seped. O primeiro deles se relaciona a desastres naturais. &#8220;Essa proposta na verdade surgiu em dezembro de 2010, antes da grande trag\u00e9dia da Regi\u00e3o Serrana do Rio de Janeiro, e se tornou uma prioridade pol\u00edtica para o Brasil, com a cria\u00e7\u00e3o do Cemaden&#8221;, recordou. &#8220;Considero muito importante ao Pa\u00eds melhorar sua infraestrutura de resposta preventiva a desastres naturais. N\u00f3s estamos hoje em outro est\u00e1gio, mais avan\u00e7ado, que n\u00e3o se compara com a situa\u00e7\u00e3o que n\u00f3s t\u00ednhamos antes de 2011, embora ainda haja muito a fazer.&#8221;<\/p>\n<p style=\"text-align: justify;\">Outra prioridade em infraestrutura do antigo secret\u00e1rio, a cria\u00e7\u00e3o do Instituto Nacional de Pesquisas Oceanogr\u00e1ficas e Hidrovi\u00e1rias (Inpoh), atender\u00e1 &#8220;um anseio muito antigo da comunidade cient\u00edfica brasileira&#8221;. Nobre classificou a futura organiza\u00e7\u00e3o social como uma meta essencial ao Brasil, que deve complementar a compra do Navio de Pesquisa Hidroceanogr\u00e1fico Vital de Oliveira, fruto de acordo de coopera\u00e7\u00e3o com Marinha, Petrobras e Vale, em fase final de constru\u00e7\u00e3o em Cingapura.<\/p>\n<p style=\"text-align: justify;\">O terceiro projeto de infraestrutura enfatizado pela gest\u00e3o de Nobre buscou a autonomia nacional na gera\u00e7\u00e3o de cen\u00e1rios de mudan\u00e7as clim\u00e1ticas, sob lideran\u00e7a do Instituto Nacional de Pesquisas Espaciais (Inpe\/MCTI) e com participa\u00e7\u00e3o de outras 17 institui\u00e7\u00f5es. &#8220;O Brasil hoje tem um sistema de modelagem computacional, um sistema clim\u00e1tico global e \u00e9 o 11\u00ba pa\u00eds do mundo que tem autonomia em gerar cen\u00e1rios clim\u00e1ticos&#8221;, pontuou.<\/p>\n<p style=\"text-align: justify;\"><strong>Solenidade<\/strong><\/p>\n<p style=\"text-align: justify;\">Compareceram \u00e0 cerim\u00f4nia de transmiss\u00e3o de cargo os presidentes da Ag\u00eancia Espacial Brasileira (AEB\/MCTI), Jos\u00e9 Raimundo Braga Coelho, do Centro de Gest\u00e3o e Estudos Estrat\u00e9gicos (CGEE), Mariano Laplane, do Conselho Nacional de Desenvolvimento Cient\u00edfico e Tecnol\u00f3gico (CNPq\/MCTI), Hernan Chaimovich, da Coordena\u00e7\u00e3o de Aperfei\u00e7oamento de Pessoal de N\u00edvel Superior (Capes), Jorge Guimar\u00e3es, da Nuclebr\u00e1s Equipamentos Pesados S\/A (Nuclep), Jaime Cardoso, e da Sociedade Brasileira de Qu\u00edmica (SBQ), Adriano Andricopulo, o diretor-presidente da Empresa Brasileira de Pesquisa e Inova\u00e7\u00e3o Industrial (Embrapii), Jo\u00e3o Fernando Gomes de Oliveira, os diretores do Centro Brasileiro de Pesquisas F\u00edsicas (CBPF\/MCTI), Fernando L\u00e1zaro, do Laborat\u00f3rio Nacional de Nanotecnologia (LNNano), Fernando Galembeck, e do Museu Paraense Em\u00edlio Goeldi (MPEG\/MCTI), Nilson Gabas, o diretor geral da Alc\u00e2ntara Cyclone Space (ACS) pelo lado brasileiro, brigadeiro Reginaldo dos Santos, e o secret\u00e1rio de Mudan\u00e7as Clim\u00e1ticas e Qualidade Ambiental do Minist\u00e9rio do Meio Ambiente (MMA), Carlos Klink.<\/p>\n<p style=\"text-align: justify;\"><strong>Repercuss\u00e3o:<\/strong> <a href=\"https:\/\/www.nitmantiqueira.org.br\/portal\/component\/content\/article?id=600\" target=\"_blank\" rel=\"noopener\">NIT Mantiqueira<\/a><\/p>\n<\/div>\n","protected":false},"excerpt":{"rendered":"<p>Jailson de Andrade recebeu o cargo de titular da Secretaria de Pol\u00edticas e Programas de Pesquisa e Desenvolvimento em cerim\u00f4nia com a participa\u00e7\u00e3o do antecessor Carlos Nobre e do ministro Aldo Rebelo<\/p>\n","protected":false},"author":3,"featured_media":0,"comment_status":"closed","ping_status":"open","sticky":false,"template":"","format":"standard","meta":{"_acf_changed":false,"_jetpack_newsletter_access":"","_jetpack_dont_email_post_to_subs":false,"_jetpack_newsletter_tier_id":0,"_jetpack_memberships_contains_paywalled_content":false,"_jetpack_memberships_contains_paid_content":false,"footnotes":"","_links_to":"","_links_to_target":""},"categories":[1163,12,44,1164],"tags":[],"class_list":["post-11527","post","type-post","status-publish","format-standard","hentry","category-clipping-cnpem","category-clipping-lnls","category-clipping-lnnano","category-noticia-home","category-1163","category-12","category-44","category-1164","description-off"],"acf":[],"yoast_head":"<!-- This site is optimized with the Yoast SEO plugin v27.5 - https:\/\/yoast.com\/product\/yoast-seo-wordpress\/ -->\n<title>Novo secret\u00e1rio do MCTI aponta sustentabilidade como desafio global - CNPEM<\/title>\n<meta name=\"robots\" content=\"index, follow, max-snippet:-1, max-image-preview:large, max-video-preview:-1\" \/>\n<link rel=\"canonical\" href=\"https:\/\/cnpem.br\/novo-secretario-do-mcti-aponta-sustentabilidade-como-desafio-global\/\" \/>\n<meta property=\"og:locale\" content=\"en_US\" \/>\n<meta property=\"og:type\" content=\"article\" \/>\n<meta property=\"og:title\" content=\"Novo secret\u00e1rio do MCTI aponta sustentabilidade como desafio global - CNPEM\" \/>\n<meta property=\"og:description\" content=\"Jailson de Andrade recebeu o cargo de titular da Secretaria de Pol\u00edticas e Programas de Pesquisa e Desenvolvimento em cerim\u00f4nia com a participa\u00e7\u00e3o do antecessor Carlos Nobre e do ministro Aldo Rebelo\" \/>\n<meta property=\"og:url\" content=\"https:\/\/cnpem.br\/novo-secretario-do-mcti-aponta-sustentabilidade-como-desafio-global\/\" \/>\n<meta property=\"og:site_name\" content=\"CNPEM\" \/>\n<meta property=\"article:published_time\" content=\"2015-03-12T20:19:16+00:00\" \/>\n<meta property=\"article:modified_time\" content=\"2026-03-02T19:07:22+00:00\" \/>\n<meta name=\"author\" content=\"Gustavo Moreno\" \/>\n<meta name=\"twitter:card\" content=\"summary_large_image\" \/>\n<meta name=\"twitter:label1\" content=\"Written by\" \/>\n\t<meta name=\"twitter:data1\" content=\"Gustavo Moreno\" \/>\n\t<meta name=\"twitter:label2\" content=\"Est. reading time\" \/>\n\t<meta name=\"twitter:data2\" content=\"6 minutes\" \/>\n<script type=\"application\/ld+json\" class=\"yoast-schema-graph\">{\"@context\":\"https:\\\/\\\/schema.org\",\"@graph\":[{\"@type\":\"Article\",\"@id\":\"https:\\\/\\\/cnpem.br\\\/novo-secretario-do-mcti-aponta-sustentabilidade-como-desafio-global\\\/#article\",\"isPartOf\":{\"@id\":\"https:\\\/\\\/cnpem.br\\\/novo-secretario-do-mcti-aponta-sustentabilidade-como-desafio-global\\\/\"},\"author\":{\"name\":\"Gustavo Moreno\",\"@id\":\"https:\\\/\\\/cnpem.br\\\/#\\\/schema\\\/person\\\/142f9b4066e599dd651a3b9600c2c0ca\"},\"headline\":\"Novo secret\u00e1rio do MCTI aponta sustentabilidade como desafio global\",\"datePublished\":\"2015-03-12T20:19:16+00:00\",\"dateModified\":\"2026-03-02T19:07:22+00:00\",\"mainEntityOfPage\":{\"@id\":\"https:\\\/\\\/cnpem.br\\\/novo-secretario-do-mcti-aponta-sustentabilidade-como-desafio-global\\\/\"},\"wordCount\":1203,\"articleSection\":[\"CNPEM na M\u00eddia\",\"LNLS na M\u00eddia\",\"LNNano na M\u00eddia\",\"Not\u00edcia Home\"],\"inLanguage\":\"en-US\"},{\"@type\":\"WebPage\",\"@id\":\"https:\\\/\\\/cnpem.br\\\/novo-secretario-do-mcti-aponta-sustentabilidade-como-desafio-global\\\/\",\"url\":\"https:\\\/\\\/cnpem.br\\\/novo-secretario-do-mcti-aponta-sustentabilidade-como-desafio-global\\\/\",\"name\":\"Novo secret\u00e1rio do MCTI aponta sustentabilidade como desafio global - CNPEM\",\"isPartOf\":{\"@id\":\"https:\\\/\\\/cnpem.br\\\/#website\"},\"datePublished\":\"2015-03-12T20:19:16+00:00\",\"dateModified\":\"2026-03-02T19:07:22+00:00\",\"author\":{\"@id\":\"https:\\\/\\\/cnpem.br\\\/#\\\/schema\\\/person\\\/142f9b4066e599dd651a3b9600c2c0ca\"},\"breadcrumb\":{\"@id\":\"https:\\\/\\\/cnpem.br\\\/novo-secretario-do-mcti-aponta-sustentabilidade-como-desafio-global\\\/#breadcrumb\"},\"inLanguage\":\"en-US\",\"potentialAction\":[{\"@type\":\"ReadAction\",\"target\":[\"https:\\\/\\\/cnpem.br\\\/novo-secretario-do-mcti-aponta-sustentabilidade-como-desafio-global\\\/\"]}]},{\"@type\":\"BreadcrumbList\",\"@id\":\"https:\\\/\\\/cnpem.br\\\/novo-secretario-do-mcti-aponta-sustentabilidade-como-desafio-global\\\/#breadcrumb\",\"itemListElement\":[{\"@type\":\"ListItem\",\"position\":1,\"name\":\"In\u00edcio\",\"item\":\"https:\\\/\\\/cnpem.br\\\/en\\\/\"},{\"@type\":\"ListItem\",\"position\":2,\"name\":\"Novo secret\u00e1rio do MCTI aponta sustentabilidade como desafio global\"}]},{\"@type\":\"WebSite\",\"@id\":\"https:\\\/\\\/cnpem.br\\\/#website\",\"url\":\"https:\\\/\\\/cnpem.br\\\/\",\"name\":\"Centro Nacional de Pesquisa em Energia e Materiais\",\"description\":\"Centro Nacional de Pesquisa em Energia e Materiais\",\"alternateName\":\"CNPEM\",\"potentialAction\":[{\"@type\":\"SearchAction\",\"target\":{\"@type\":\"EntryPoint\",\"urlTemplate\":\"https:\\\/\\\/cnpem.br\\\/?s={search_term_string}\"},\"query-input\":{\"@type\":\"PropertyValueSpecification\",\"valueRequired\":true,\"valueName\":\"search_term_string\"}}],\"inLanguage\":\"en-US\"},{\"@type\":\"Person\",\"@id\":\"https:\\\/\\\/cnpem.br\\\/#\\\/schema\\\/person\\\/142f9b4066e599dd651a3b9600c2c0ca\",\"name\":\"Gustavo Moreno\",\"url\":\"\"}]}<\/script>\n<!-- \/ Yoast SEO plugin. -->","yoast_head_json":{"title":"Novo secret\u00e1rio do MCTI aponta sustentabilidade como desafio global - CNPEM","robots":{"index":"index","follow":"follow","max-snippet":"max-snippet:-1","max-image-preview":"max-image-preview:large","max-video-preview":"max-video-preview:-1"},"canonical":"https:\/\/cnpem.br\/novo-secretario-do-mcti-aponta-sustentabilidade-como-desafio-global\/","og_locale":"en_US","og_type":"article","og_title":"Novo secret\u00e1rio do MCTI aponta sustentabilidade como desafio global - CNPEM","og_description":"Jailson de Andrade recebeu o cargo de titular da Secretaria de Pol\u00edticas e Programas de Pesquisa e Desenvolvimento em cerim\u00f4nia com a participa\u00e7\u00e3o do antecessor Carlos Nobre e do ministro Aldo Rebelo","og_url":"https:\/\/cnpem.br\/novo-secretario-do-mcti-aponta-sustentabilidade-como-desafio-global\/","og_site_name":"CNPEM","article_published_time":"2015-03-12T20:19:16+00:00","article_modified_time":"2026-03-02T19:07:22+00:00","author":"Gustavo Moreno","twitter_card":"summary_large_image","twitter_misc":{"Written by":"Gustavo Moreno","Est. reading time":"6 minutes"},"schema":{"@context":"https:\/\/schema.org","@graph":[{"@type":"Article","@id":"https:\/\/cnpem.br\/novo-secretario-do-mcti-aponta-sustentabilidade-como-desafio-global\/#article","isPartOf":{"@id":"https:\/\/cnpem.br\/novo-secretario-do-mcti-aponta-sustentabilidade-como-desafio-global\/"},"author":{"name":"Gustavo Moreno","@id":"https:\/\/cnpem.br\/#\/schema\/person\/142f9b4066e599dd651a3b9600c2c0ca"},"headline":"Novo secret\u00e1rio do MCTI aponta sustentabilidade como desafio global","datePublished":"2015-03-12T20:19:16+00:00","dateModified":"2026-03-02T19:07:22+00:00","mainEntityOfPage":{"@id":"https:\/\/cnpem.br\/novo-secretario-do-mcti-aponta-sustentabilidade-como-desafio-global\/"},"wordCount":1203,"articleSection":["CNPEM na M\u00eddia","LNLS na M\u00eddia","LNNano na M\u00eddia","Not\u00edcia Home"],"inLanguage":"en-US"},{"@type":"WebPage","@id":"https:\/\/cnpem.br\/novo-secretario-do-mcti-aponta-sustentabilidade-como-desafio-global\/","url":"https:\/\/cnpem.br\/novo-secretario-do-mcti-aponta-sustentabilidade-como-desafio-global\/","name":"Novo secret\u00e1rio do MCTI aponta sustentabilidade como desafio global - CNPEM","isPartOf":{"@id":"https:\/\/cnpem.br\/#website"},"datePublished":"2015-03-12T20:19:16+00:00","dateModified":"2026-03-02T19:07:22+00:00","author":{"@id":"https:\/\/cnpem.br\/#\/schema\/person\/142f9b4066e599dd651a3b9600c2c0ca"},"breadcrumb":{"@id":"https:\/\/cnpem.br\/novo-secretario-do-mcti-aponta-sustentabilidade-como-desafio-global\/#breadcrumb"},"inLanguage":"en-US","potentialAction":[{"@type":"ReadAction","target":["https:\/\/cnpem.br\/novo-secretario-do-mcti-aponta-sustentabilidade-como-desafio-global\/"]}]},{"@type":"BreadcrumbList","@id":"https:\/\/cnpem.br\/novo-secretario-do-mcti-aponta-sustentabilidade-como-desafio-global\/#breadcrumb","itemListElement":[{"@type":"ListItem","position":1,"name":"In\u00edcio","item":"https:\/\/cnpem.br\/en\/"},{"@type":"ListItem","position":2,"name":"Novo secret\u00e1rio do MCTI aponta sustentabilidade como desafio global"}]},{"@type":"WebSite","@id":"https:\/\/cnpem.br\/#website","url":"https:\/\/cnpem.br\/","name":"Centro Nacional de Pesquisa em Energia e Materiais","description":"Centro Nacional de Pesquisa em Energia e Materiais","alternateName":"CNPEM","potentialAction":[{"@type":"SearchAction","target":{"@type":"EntryPoint","urlTemplate":"https:\/\/cnpem.br\/?s={search_term_string}"},"query-input":{"@type":"PropertyValueSpecification","valueRequired":true,"valueName":"search_term_string"}}],"inLanguage":"en-US"},{"@type":"Person","@id":"https:\/\/cnpem.br\/#\/schema\/person\/142f9b4066e599dd651a3b9600c2c0ca","name":"Gustavo Moreno","url":""}]}},"jetpack_featured_media_url":"","jetpack_sharing_enabled":true,"jetpack_shortlink":"https:\/\/wp.me\/per0Mi-2ZV","_links":{"self":[{"href":"https:\/\/cnpem.br\/en\/wp-json\/wp\/v2\/posts\/11527","targetHints":{"allow":["GET"]}}],"collection":[{"href":"https:\/\/cnpem.br\/en\/wp-json\/wp\/v2\/posts"}],"about":[{"href":"https:\/\/cnpem.br\/en\/wp-json\/wp\/v2\/types\/post"}],"author":[{"embeddable":true,"href":"https:\/\/cnpem.br\/en\/wp-json\/wp\/v2\/users\/3"}],"replies":[{"embeddable":true,"href":"https:\/\/cnpem.br\/en\/wp-json\/wp\/v2\/comments?post=11527"}],"version-history":[{"count":0,"href":"https:\/\/cnpem.br\/en\/wp-json\/wp\/v2\/posts\/11527\/revisions"}],"wp:attachment":[{"href":"https:\/\/cnpem.br\/en\/wp-json\/wp\/v2\/media?parent=11527"}],"wp:term":[{"taxonomy":"category","embeddable":true,"href":"https:\/\/cnpem.br\/en\/wp-json\/wp\/v2\/categories?post=11527"},{"taxonomy":"post_tag","embeddable":true,"href":"https:\/\/cnpem.br\/en\/wp-json\/wp\/v2\/tags?post=11527"}],"curies":[{"name":"wp","href":"https:\/\/api.w.org\/{rel}","templated":true}]}}